{"id":11484,"date":"2024-06-18T17:31:46","date_gmt":"2024-06-18T17:31:46","guid":{"rendered":"https:\/\/www.ativ.pt\/2024\/06\/18\/projekt-bioroznorodnosci-na-wysypisku-w-figueira-da-foz\/"},"modified":"2024-07-05T13:30:31","modified_gmt":"2024-07-05T13:30:31","slug":"projekt-bioroznorodnosci-na-wysypisku-w-figueira-da-foz","status":"publish","type":"post","link":"https:\/\/www.ativ.pt\/pl\/2024\/06\/18\/projekt-bioroznorodnosci-na-wysypisku-w-figueira-da-foz\/","title":{"rendered":"Projekt Bior\u00f3\u017cnorodno\u015bci na Wysypisku w Figueira da Foz"},"content":{"rendered":"\n<p>G\u0142\u00f3wnym celem jest rekultywacja i ochrona teren\u00f3w przekszta\u0142conych przez dzia\u0142alno\u015b\u0107 cz\u0142owieka, w ramach strategii przywracania rodzimej flory i fauny.<\/p>\n\n<p>W rekultywacji tego typu obszar\u00f3w mo\u017cna zastosowa\u0107 r\u00f3\u017cne podej\u015bcia, jednak po analizie wcze\u015bniejszych bada\u0144 zdecydowano si\u0119 na kontrol\u0119 gatunk\u00f3w inwazyjnych poprzez rekultywacj\u0119 obszaru poprzez sadzenie rodzimych gatunk\u00f3w, przywracaj\u0105c tym samym rodzim\u0105 flor\u0119.<\/p>\n\n<p>Dzia\u0142ania zosta\u0142y rozpocz\u0119te w marcu 2024 roku poprzez kontrol\u0119\/wykorzenienie inwazyjnych gatunk\u00f3w egzotycznych, na podstawie wcze\u015bniejszych bada\u0144 przeprowadzonych przez Mota-Engil ATIV.<\/p>\n\n<figure class=\"wp-block-gallery has-nested-images columns-default is-cropped wp-block-gallery-1 is-layout-flex wp-block-gallery-is-layout-flex\">\n<figure class=\"wp-block-image size-large\"><img fetchpriority=\"high\" decoding=\"async\" width=\"650\" height=\"325\" data-id=\"10903\" src=\"https:\/\/www.ativ.pt\/wp-content\/uploads\/2024\/06\/ersuc_biodiversidade_-1.jpg\" alt=\"\" class=\"wp-image-10903\" srcset=\"https:\/\/www.ativ.pt\/wp-content\/uploads\/2024\/06\/ersuc_biodiversidade_-1.jpg 650w, https:\/\/www.ativ.pt\/wp-content\/uploads\/2024\/06\/ersuc_biodiversidade_-1-300x150.jpg 300w\" sizes=\"(max-width: 650px) 100vw, 650px\" \/><figcaption class=\"wp-element-caption\">default<\/figcaption><\/figure>\n\n\n\n<figure class=\"wp-block-image size-large\"><img decoding=\"async\" width=\"650\" height=\"365\" data-id=\"10899\" src=\"https:\/\/www.ativ.pt\/wp-content\/uploads\/2024\/06\/ersuc_biodiversidade_1.jpg\" alt=\"\" class=\"wp-image-10899\" srcset=\"https:\/\/www.ativ.pt\/wp-content\/uploads\/2024\/06\/ersuc_biodiversidade_1.jpg 650w, https:\/\/www.ativ.pt\/wp-content\/uploads\/2024\/06\/ersuc_biodiversidade_1-300x168.jpg 300w\" sizes=\"(max-width: 650px) 100vw, 650px\" \/><figcaption class=\"wp-element-caption\">default<\/figcaption><\/figure>\n<\/figure>\n\n<p>W czerwcu zostanie ustanowiona linia bazowa fauny i flory na ca\u0142ym obwodzie Sk\u0142adowiska Sanitarnego w Figueira da Foz.<\/p>\n\n<p>Planowane jest r\u00f3wnie\u017c utworzenie p\u0142ytkich staw\u00f3w w celu stworzenia siedlisk dla fauny oraz suchych \u0142\u0105k (poprzez hydrozasiew) z rodzimymi gatunkami, kt\u00f3re maj\u0105 na celu stabilizacj\u0119 gleby i przywr\u00f3cenie dzikiej flory i fauny, a tym samym odbudow\u0119 ekosystemu.<\/p>\n\n<p>Projekt obejmuje r\u00f3wnie\u017c inwentaryzacj\u0119 naturalnej regeneracji i monitorowanie w celu oceny rekultywacji gleby, fauny i flory oraz ustalenia nowych dzia\u0142a\u0144, je\u015bli b\u0119d\u0105 konieczne.<\/p>\n\n<p>Mo\u017ce to r\u00f3wnie\u017c umo\u017cliwi\u0107 odzyskanie funkcjonalno\u015bci \u015brodowiskowej i ekosystem\u00f3w tego obszaru, co mo\u017ce przekszta\u0142ci\u0107 go w stref\u0119 rekreacyjn\u0105 dla mieszka\u0144c\u00f3w.<\/p>\n\n<p>Jest to kolejny ambitny projekt maj\u0105cy na celu promowanie zr\u00f3wnowa\u017conego rozwoju w aspektach \u015brodowiskowych, spo\u0142ecznych i ekonomicznych.<\/p>\n","protected":false},"excerpt":{"rendered":"<p>Mota-Engil ATIV jest odpowiedzialna za Projekt Bior\u00f3\u017cnorodno\u015bci na Sk\u0142adowisku Sanitarnym w Figueira da Foz, zintegrowanym z ERSUC, kt\u00f3re by\u0142o nieaktywne.<\/p>\n","protected":false},"author":2,"featured_media":11487,"comment_status":"open","ping_status":"open","sticky":false,"template":"","format":"standard","meta":{"_acf_changed":false,"footnotes":""},"categories":[47],"tags":[],"class_list":["post-11484","post","type-post","status-publish","format-standard","has-post-thumbnail","hentry","category-bez-kategorii"],"acf":[],"yoast_head":"<!-- This site is optimized with the Yoast SEO plugin v27.5 - https:\/\/yoast.com\/product\/yoast-seo-wordpress\/ -->\n<title>Projekt Bior\u00f3\u017cnorodno\u015bci na Wysypisku w Figueira da Foz - Mota-Engil ATIV<\/title>\n<meta name=\"robots\" content=\"index, follow, max-snippet:-1, max-image-preview:large, max-video-preview:-1\" \/>\n<link rel=\"canonical\" href=\"https:\/\/www.ativ.pt\/pl\/2024\/06\/18\/projekt-bioroznorodnosci-na-wysypisku-w-figueira-da-foz\/\" \/>\n<meta property=\"og:locale\" content=\"pl_PL\" \/>\n<meta property=\"og:type\" content=\"article\" \/>\n<meta property=\"og:title\" content=\"Projekt Bior\u00f3\u017cnorodno\u015bci na Wysypisku w Figueira da Foz - Mota-Engil ATIV\" \/>\n<meta property=\"og:description\" content=\"Mota-Engil ATIV jest odpowiedzialna za Projekt Bior\u00f3\u017cnorodno\u015bci na Sk\u0142adowisku Sanitarnym w Figueira da Foz, zintegrowanym z ERSUC, kt\u00f3re by\u0142o nieaktywne.\" \/>\n<meta property=\"og:url\" content=\"https:\/\/www.ativ.pt\/pl\/2024\/06\/18\/projekt-bioroznorodnosci-na-wysypisku-w-figueira-da-foz\/\" \/>\n<meta property=\"og:site_name\" content=\"Mota-Engil ATIV\" \/>\n<meta property=\"article:publisher\" content=\"https:\/\/www.facebook.com\/MotaEngilATIV\/\" \/>\n<meta property=\"article:published_time\" content=\"2024-06-18T17:31:46+00:00\" \/>\n<meta property=\"article:modified_time\" content=\"2024-07-05T13:30:31+00:00\" \/>\n<meta property=\"og:image\" content=\"https:\/\/www.ativ.pt\/wp-content\/uploads\/2024\/06\/ersuc_biodiversidade_destaque-2.jpg\" \/>\n\t<meta property=\"og:image:width\" content=\"1198\" \/>\n\t<meta property=\"og:image:height\" content=\"504\" \/>\n\t<meta property=\"og:image:type\" content=\"image\/jpeg\" \/>\n<meta name=\"author\" content=\"Susana Guerreiro\" \/>\n<meta name=\"twitter:card\" content=\"summary_large_image\" \/>\n<meta name=\"twitter:label1\" content=\"Napisane przez\" \/>\n\t<meta name=\"twitter:data1\" content=\"Susana Guerreiro\" \/>\n\t<meta name=\"twitter:label2\" content=\"Szacowany czas czytania\" \/>\n\t<meta name=\"twitter:data2\" content=\"1 minuta\" \/>\n<script type=\"application\/ld+json\" class=\"yoast-schema-graph\">{\"@context\":\"https:\\\/\\\/schema.org\",\"@graph\":[{\"@type\":\"Article\",\"@id\":\"https:\\\/\\\/www.ativ.pt\\\/pl\\\/2024\\\/06\\\/18\\\/projekt-bioroznorodnosci-na-wysypisku-w-figueira-da-foz\\\/#article\",\"isPartOf\":{\"@id\":\"https:\\\/\\\/www.ativ.pt\\\/pl\\\/2024\\\/06\\\/18\\\/projekt-bioroznorodnosci-na-wysypisku-w-figueira-da-foz\\\/\"},\"author\":{\"name\":\"Susana Guerreiro\",\"@id\":\"https:\\\/\\\/www.ativ.pt\\\/pl\\\/#\\\/schema\\\/person\\\/76cd49f91ef96b6902453415264f0c55\"},\"headline\":\"Projekt Bior\u00f3\u017cnorodno\u015bci na Wysypisku w Figueira da Foz\",\"datePublished\":\"2024-06-18T17:31:46+00:00\",\"dateModified\":\"2024-07-05T13:30:31+00:00\",\"mainEntityOfPage\":{\"@id\":\"https:\\\/\\\/www.ativ.pt\\\/pl\\\/2024\\\/06\\\/18\\\/projekt-bioroznorodnosci-na-wysypisku-w-figueira-da-foz\\\/\"},\"wordCount\":240,\"commentCount\":0,\"publisher\":{\"@id\":\"https:\\\/\\\/www.ativ.pt\\\/pl\\\/#organization\"},\"image\":{\"@id\":\"https:\\\/\\\/www.ativ.pt\\\/pl\\\/2024\\\/06\\\/18\\\/projekt-bioroznorodnosci-na-wysypisku-w-figueira-da-foz\\\/#primaryimage\"},\"thumbnailUrl\":\"https:\\\/\\\/www.ativ.pt\\\/wp-content\\\/uploads\\\/2024\\\/06\\\/ersuc_biodiversidade_destaque-2.jpg\",\"inLanguage\":\"pl-PL\",\"potentialAction\":[{\"@type\":\"CommentAction\",\"name\":\"Comment\",\"target\":[\"https:\\\/\\\/www.ativ.pt\\\/pl\\\/2024\\\/06\\\/18\\\/projekt-bioroznorodnosci-na-wysypisku-w-figueira-da-foz\\\/#respond\"]}]},{\"@type\":\"WebPage\",\"@id\":\"https:\\\/\\\/www.ativ.pt\\\/pl\\\/2024\\\/06\\\/18\\\/projekt-bioroznorodnosci-na-wysypisku-w-figueira-da-foz\\\/\",\"url\":\"https:\\\/\\\/www.ativ.pt\\\/pl\\\/2024\\\/06\\\/18\\\/projekt-bioroznorodnosci-na-wysypisku-w-figueira-da-foz\\\/\",\"name\":\"Projekt Bior\u00f3\u017cnorodno\u015bci na Wysypisku w Figueira da Foz - Mota-Engil ATIV\",\"isPartOf\":{\"@id\":\"https:\\\/\\\/www.ativ.pt\\\/pl\\\/#website\"},\"primaryImageOfPage\":{\"@id\":\"https:\\\/\\\/www.ativ.pt\\\/pl\\\/2024\\\/06\\\/18\\\/projekt-bioroznorodnosci-na-wysypisku-w-figueira-da-foz\\\/#primaryimage\"},\"image\":{\"@id\":\"https:\\\/\\\/www.ativ.pt\\\/pl\\\/2024\\\/06\\\/18\\\/projekt-bioroznorodnosci-na-wysypisku-w-figueira-da-foz\\\/#primaryimage\"},\"thumbnailUrl\":\"https:\\\/\\\/www.ativ.pt\\\/wp-content\\\/uploads\\\/2024\\\/06\\\/ersuc_biodiversidade_destaque-2.jpg\",\"datePublished\":\"2024-06-18T17:31:46+00:00\",\"dateModified\":\"2024-07-05T13:30:31+00:00\",\"breadcrumb\":{\"@id\":\"https:\\\/\\\/www.ativ.pt\\\/pl\\\/2024\\\/06\\\/18\\\/projekt-bioroznorodnosci-na-wysypisku-w-figueira-da-foz\\\/#breadcrumb\"},\"inLanguage\":\"pl-PL\",\"potentialAction\":[{\"@type\":\"ReadAction\",\"target\":[\"https:\\\/\\\/www.ativ.pt\\\/pl\\\/2024\\\/06\\\/18\\\/projekt-bioroznorodnosci-na-wysypisku-w-figueira-da-foz\\\/\"]}]},{\"@type\":\"ImageObject\",\"inLanguage\":\"pl-PL\",\"@id\":\"https:\\\/\\\/www.ativ.pt\\\/pl\\\/2024\\\/06\\\/18\\\/projekt-bioroznorodnosci-na-wysypisku-w-figueira-da-foz\\\/#primaryimage\",\"url\":\"https:\\\/\\\/www.ativ.pt\\\/wp-content\\\/uploads\\\/2024\\\/06\\\/ersuc_biodiversidade_destaque-2.jpg\",\"contentUrl\":\"https:\\\/\\\/www.ativ.pt\\\/wp-content\\\/uploads\\\/2024\\\/06\\\/ersuc_biodiversidade_destaque-2.jpg\",\"width\":1198,\"height\":504,\"caption\":\"default\"},{\"@type\":\"BreadcrumbList\",\"@id\":\"https:\\\/\\\/www.ativ.pt\\\/pl\\\/2024\\\/06\\\/18\\\/projekt-bioroznorodnosci-na-wysypisku-w-figueira-da-foz\\\/#breadcrumb\",\"itemListElement\":[{\"@type\":\"ListItem\",\"position\":1,\"name\":\"In\u00edcio\",\"item\":\"https:\\\/\\\/www.ativ.pt\\\/pl\\\/\"},{\"@type\":\"ListItem\",\"position\":2,\"name\":\"Projekt Bior\u00f3\u017cnorodno\u015bci na Wysypisku w Figueira da Foz\"}]},{\"@type\":\"WebSite\",\"@id\":\"https:\\\/\\\/www.ativ.pt\\\/pl\\\/#website\",\"url\":\"https:\\\/\\\/www.ativ.pt\\\/pl\\\/\",\"name\":\"Mota-Engil ATIV\",\"description\":\"Gest\u00e3o e Manuten\u00e7\u00e3o de Ativos\",\"publisher\":{\"@id\":\"https:\\\/\\\/www.ativ.pt\\\/pl\\\/#organization\"},\"potentialAction\":[{\"@type\":\"SearchAction\",\"target\":{\"@type\":\"EntryPoint\",\"urlTemplate\":\"https:\\\/\\\/www.ativ.pt\\\/pl\\\/?s={search_term_string}\"},\"query-input\":{\"@type\":\"PropertyValueSpecification\",\"valueRequired\":true,\"valueName\":\"search_term_string\"}}],\"inLanguage\":\"pl-PL\"},{\"@type\":\"Organization\",\"@id\":\"https:\\\/\\\/www.ativ.pt\\\/pl\\\/#organization\",\"name\":\"Mota-Engil ATIV\",\"url\":\"https:\\\/\\\/www.ativ.pt\\\/pl\\\/\",\"logo\":{\"@type\":\"ImageObject\",\"inLanguage\":\"pl-PL\",\"@id\":\"https:\\\/\\\/www.ativ.pt\\\/pl\\\/#\\\/schema\\\/logo\\\/image\\\/\",\"url\":\"https:\\\/\\\/www.ativ.pt\\\/wp-content\\\/uploads\\\/2022\\\/04\\\/logo-ativ-cor-1.svg\",\"contentUrl\":\"https:\\\/\\\/www.ativ.pt\\\/wp-content\\\/uploads\\\/2022\\\/04\\\/logo-ativ-cor-1.svg\",\"width\":250,\"height\":100,\"caption\":\"Mota-Engil ATIV\"},\"image\":{\"@id\":\"https:\\\/\\\/www.ativ.pt\\\/pl\\\/#\\\/schema\\\/logo\\\/image\\\/\"},\"sameAs\":[\"https:\\\/\\\/www.facebook.com\\\/MotaEngilATIV\\\/\",\"https:\\\/\\\/www.instagram.com\\\/mota_engil_ativ\\\/\",\"https:\\\/\\\/www.linkedin.com\\\/company\\\/motaengil-ativ\"]},{\"@type\":\"Person\",\"@id\":\"https:\\\/\\\/www.ativ.pt\\\/pl\\\/#\\\/schema\\\/person\\\/76cd49f91ef96b6902453415264f0c55\",\"name\":\"Susana Guerreiro\"}]}<\/script>\n<!-- \/ Yoast SEO plugin. -->","yoast_head_json":{"title":"Projekt Bior\u00f3\u017cnorodno\u015bci na Wysypisku w Figueira da Foz - Mota-Engil ATIV","robots":{"index":"index","follow":"follow","max-snippet":"max-snippet:-1","max-image-preview":"max-image-preview:large","max-video-preview":"max-video-preview:-1"},"canonical":"https:\/\/www.ativ.pt\/pl\/2024\/06\/18\/projekt-bioroznorodnosci-na-wysypisku-w-figueira-da-foz\/","og_locale":"pl_PL","og_type":"article","og_title":"Projekt Bior\u00f3\u017cnorodno\u015bci na Wysypisku w Figueira da Foz - Mota-Engil ATIV","og_description":"Mota-Engil ATIV jest odpowiedzialna za Projekt Bior\u00f3\u017cnorodno\u015bci na Sk\u0142adowisku Sanitarnym w Figueira da Foz, zintegrowanym z ERSUC, kt\u00f3re by\u0142o nieaktywne.","og_url":"https:\/\/www.ativ.pt\/pl\/2024\/06\/18\/projekt-bioroznorodnosci-na-wysypisku-w-figueira-da-foz\/","og_site_name":"Mota-Engil ATIV","article_publisher":"https:\/\/www.facebook.com\/MotaEngilATIV\/","article_published_time":"2024-06-18T17:31:46+00:00","article_modified_time":"2024-07-05T13:30:31+00:00","og_image":[{"width":1198,"height":504,"url":"https:\/\/www.ativ.pt\/wp-content\/uploads\/2024\/06\/ersuc_biodiversidade_destaque-2.jpg","type":"image\/jpeg"}],"author":"Susana Guerreiro","twitter_card":"summary_large_image","twitter_misc":{"Napisane przez":"Susana Guerreiro","Szacowany czas czytania":"1 minuta"},"schema":{"@context":"https:\/\/schema.org","@graph":[{"@type":"Article","@id":"https:\/\/www.ativ.pt\/pl\/2024\/06\/18\/projekt-bioroznorodnosci-na-wysypisku-w-figueira-da-foz\/#article","isPartOf":{"@id":"https:\/\/www.ativ.pt\/pl\/2024\/06\/18\/projekt-bioroznorodnosci-na-wysypisku-w-figueira-da-foz\/"},"author":{"name":"Susana Guerreiro","@id":"https:\/\/www.ativ.pt\/pl\/#\/schema\/person\/76cd49f91ef96b6902453415264f0c55"},"headline":"Projekt Bior\u00f3\u017cnorodno\u015bci na Wysypisku w Figueira da Foz","datePublished":"2024-06-18T17:31:46+00:00","dateModified":"2024-07-05T13:30:31+00:00","mainEntityOfPage":{"@id":"https:\/\/www.ativ.pt\/pl\/2024\/06\/18\/projekt-bioroznorodnosci-na-wysypisku-w-figueira-da-foz\/"},"wordCount":240,"commentCount":0,"publisher":{"@id":"https:\/\/www.ativ.pt\/pl\/#organization"},"image":{"@id":"https:\/\/www.ativ.pt\/pl\/2024\/06\/18\/projekt-bioroznorodnosci-na-wysypisku-w-figueira-da-foz\/#primaryimage"},"thumbnailUrl":"https:\/\/www.ativ.pt\/wp-content\/uploads\/2024\/06\/ersuc_biodiversidade_destaque-2.jpg","inLanguage":"pl-PL","potentialAction":[{"@type":"CommentAction","name":"Comment","target":["https:\/\/www.ativ.pt\/pl\/2024\/06\/18\/projekt-bioroznorodnosci-na-wysypisku-w-figueira-da-foz\/#respond"]}]},{"@type":"WebPage","@id":"https:\/\/www.ativ.pt\/pl\/2024\/06\/18\/projekt-bioroznorodnosci-na-wysypisku-w-figueira-da-foz\/","url":"https:\/\/www.ativ.pt\/pl\/2024\/06\/18\/projekt-bioroznorodnosci-na-wysypisku-w-figueira-da-foz\/","name":"Projekt Bior\u00f3\u017cnorodno\u015bci na Wysypisku w Figueira da Foz - Mota-Engil ATIV","isPartOf":{"@id":"https:\/\/www.ativ.pt\/pl\/#website"},"primaryImageOfPage":{"@id":"https:\/\/www.ativ.pt\/pl\/2024\/06\/18\/projekt-bioroznorodnosci-na-wysypisku-w-figueira-da-foz\/#primaryimage"},"image":{"@id":"https:\/\/www.ativ.pt\/pl\/2024\/06\/18\/projekt-bioroznorodnosci-na-wysypisku-w-figueira-da-foz\/#primaryimage"},"thumbnailUrl":"https:\/\/www.ativ.pt\/wp-content\/uploads\/2024\/06\/ersuc_biodiversidade_destaque-2.jpg","datePublished":"2024-06-18T17:31:46+00:00","dateModified":"2024-07-05T13:30:31+00:00","breadcrumb":{"@id":"https:\/\/www.ativ.pt\/pl\/2024\/06\/18\/projekt-bioroznorodnosci-na-wysypisku-w-figueira-da-foz\/#breadcrumb"},"inLanguage":"pl-PL","potentialAction":[{"@type":"ReadAction","target":["https:\/\/www.ativ.pt\/pl\/2024\/06\/18\/projekt-bioroznorodnosci-na-wysypisku-w-figueira-da-foz\/"]}]},{"@type":"ImageObject","inLanguage":"pl-PL","@id":"https:\/\/www.ativ.pt\/pl\/2024\/06\/18\/projekt-bioroznorodnosci-na-wysypisku-w-figueira-da-foz\/#primaryimage","url":"https:\/\/www.ativ.pt\/wp-content\/uploads\/2024\/06\/ersuc_biodiversidade_destaque-2.jpg","contentUrl":"https:\/\/www.ativ.pt\/wp-content\/uploads\/2024\/06\/ersuc_biodiversidade_destaque-2.jpg","width":1198,"height":504,"caption":"default"},{"@type":"BreadcrumbList","@id":"https:\/\/www.ativ.pt\/pl\/2024\/06\/18\/projekt-bioroznorodnosci-na-wysypisku-w-figueira-da-foz\/#breadcrumb","itemListElement":[{"@type":"ListItem","position":1,"name":"In\u00edcio","item":"https:\/\/www.ativ.pt\/pl\/"},{"@type":"ListItem","position":2,"name":"Projekt Bior\u00f3\u017cnorodno\u015bci na Wysypisku w Figueira da Foz"}]},{"@type":"WebSite","@id":"https:\/\/www.ativ.pt\/pl\/#website","url":"https:\/\/www.ativ.pt\/pl\/","name":"Mota-Engil ATIV","description":"Gest\u00e3o e Manuten\u00e7\u00e3o de Ativos","publisher":{"@id":"https:\/\/www.ativ.pt\/pl\/#organization"},"potentialAction":[{"@type":"SearchAction","target":{"@type":"EntryPoint","urlTemplate":"https:\/\/www.ativ.pt\/pl\/?s={search_term_string}"},"query-input":{"@type":"PropertyValueSpecification","valueRequired":true,"valueName":"search_term_string"}}],"inLanguage":"pl-PL"},{"@type":"Organization","@id":"https:\/\/www.ativ.pt\/pl\/#organization","name":"Mota-Engil ATIV","url":"https:\/\/www.ativ.pt\/pl\/","logo":{"@type":"ImageObject","inLanguage":"pl-PL","@id":"https:\/\/www.ativ.pt\/pl\/#\/schema\/logo\/image\/","url":"https:\/\/www.ativ.pt\/wp-content\/uploads\/2022\/04\/logo-ativ-cor-1.svg","contentUrl":"https:\/\/www.ativ.pt\/wp-content\/uploads\/2022\/04\/logo-ativ-cor-1.svg","width":250,"height":100,"caption":"Mota-Engil ATIV"},"image":{"@id":"https:\/\/www.ativ.pt\/pl\/#\/schema\/logo\/image\/"},"sameAs":["https:\/\/www.facebook.com\/MotaEngilATIV\/","https:\/\/www.instagram.com\/mota_engil_ativ\/","https:\/\/www.linkedin.com\/company\/motaengil-ativ"]},{"@type":"Person","@id":"https:\/\/www.ativ.pt\/pl\/#\/schema\/person\/76cd49f91ef96b6902453415264f0c55","name":"Susana Guerreiro"}]}},"_links":{"self":[{"href":"https:\/\/www.ativ.pt\/pl\/wp-json\/wp\/v2\/posts\/11484","targetHints":{"allow":["GET"]}}],"collection":[{"href":"https:\/\/www.ativ.pt\/pl\/wp-json\/wp\/v2\/posts"}],"about":[{"href":"https:\/\/www.ativ.pt\/pl\/wp-json\/wp\/v2\/types\/post"}],"author":[{"embeddable":true,"href":"https:\/\/www.ativ.pt\/pl\/wp-json\/wp\/v2\/users\/2"}],"replies":[{"embeddable":true,"href":"https:\/\/www.ativ.pt\/pl\/wp-json\/wp\/v2\/comments?post=11484"}],"version-history":[{"count":1,"href":"https:\/\/www.ativ.pt\/pl\/wp-json\/wp\/v2\/posts\/11484\/revisions"}],"predecessor-version":[{"id":11490,"href":"https:\/\/www.ativ.pt\/pl\/wp-json\/wp\/v2\/posts\/11484\/revisions\/11490"}],"wp:featuredmedia":[{"embeddable":true,"href":"https:\/\/www.ativ.pt\/pl\/wp-json\/wp\/v2\/media\/11487"}],"wp:attachment":[{"href":"https:\/\/www.ativ.pt\/pl\/wp-json\/wp\/v2\/media?parent=11484"}],"wp:term":[{"taxonomy":"category","embeddable":true,"href":"https:\/\/www.ativ.pt\/pl\/wp-json\/wp\/v2\/categories?post=11484"},{"taxonomy":"post_tag","embeddable":true,"href":"https:\/\/www.ativ.pt\/pl\/wp-json\/wp\/v2\/tags?post=11484"}],"curies":[{"name":"wp","href":"https:\/\/api.w.org\/{rel}","templated":true}]}}