{"id":8224,"date":"2023-03-09T12:51:59","date_gmt":"2023-03-09T12:51:59","guid":{"rendered":"https:\/\/www.ativ.pt\/2023\/03\/09\/mota-engil-ativ-une-fois-de-plus-distinguee-aux-infraspeak-awards\/"},"modified":"2023-06-26T15:35:25","modified_gmt":"2023-06-26T15:35:25","slug":"mota-engil-ativ-une-fois-de-plus-distinguee-aux-infraspeak-awards","status":"publish","type":"post","link":"https:\/\/www.ativ.pt\/fr\/2023\/03\/09\/mota-engil-ativ-une-fois-de-plus-distinguee-aux-infraspeak-awards\/","title":{"rendered":"Mota-Engil ATIV une fois de plus distingu\u00e9e aux Infraspeak Awards"},"content":{"rendered":"\n<p>Mota-Engil ATIV a \u00e9t\u00e9 distingu\u00e9e pour la deuxi\u00e8me ann\u00e9e cons\u00e9cutive par le prix Infraspeak dans la cat\u00e9gorie \u00ab Exploitation la plus efficiente &#8211; Or \u00bb, pour l\u2019ann\u00e9e 2022. Le prix a \u00e9t\u00e9 d\u00e9cern\u00e9 lors de l\u2019\u00e9v\u00e9nement IFM Summit Lisbonne, qui a r\u00e9uni plus de 350 facility managers et responsables de la maintenance de tout le pays, \u00e0 la Serre froide, \u00e0 Lisbonne.<\/p>\n\n<div class=\"wp-block-columns is-layout-flex wp-container-core-columns-is-layout-9d6595d7 wp-block-columns-is-layout-flex\">\n<div class=\"wp-block-column is-layout-flow wp-block-column-is-layout-flow\">\n<figure class=\"wp-block-image size-full\"><img fetchpriority=\"high\" decoding=\"async\" width=\"497\" height=\"281\" src=\"https:\/\/www.ativ.pt\/wp-content\/uploads\/2023\/03\/infraspeak_premio_.jpg\" alt=\"\" class=\"wp-image-7419\" srcset=\"https:\/\/www.ativ.pt\/wp-content\/uploads\/2023\/03\/infraspeak_premio_.jpg 497w, https:\/\/www.ativ.pt\/wp-content\/uploads\/2023\/03\/infraspeak_premio_-300x170.jpg 300w\" sizes=\"(max-width: 497px) 100vw, 497px\" \/><\/figure>\n<\/div>\n\n\n\n<div class=\"wp-block-column is-layout-flow wp-block-column-is-layout-flow\">\n<figure class=\"wp-block-image size-full\"><img decoding=\"async\" width=\"500\" height=\"281\" src=\"https:\/\/www.ativ.pt\/wp-content\/uploads\/2023\/03\/infraspeak_premio.jpg\" alt=\"\" class=\"wp-image-7423\" srcset=\"https:\/\/www.ativ.pt\/wp-content\/uploads\/2023\/03\/infraspeak_premio.jpg 500w, https:\/\/www.ativ.pt\/wp-content\/uploads\/2023\/03\/infraspeak_premio-300x169.jpg 300w\" sizes=\"(max-width: 500px) 100vw, 500px\" \/><\/figure>\n<\/div>\n<\/div>\n\n<p>Ces prix r\u00e9compensent les entreprises de facility management et de maintenance qui obtiennent les meilleurs r\u00e9sultats chaque ann\u00e9e, via l\u2019utilisation de la plate-forme Infraspeak.<\/p>\n\n<p>La cat\u00e9gorie principale se concentre sur l\u2019efficacit\u00e9 op\u00e9rationnelle des entreprises, mais il existe \u00e9galement des prix sp\u00e9ciaux pour les op\u00e9rations \u00ab les plus intelligentes \u00bb et \u00ab les plus int\u00e9gr\u00e9es \u00bb, les meilleurs \u00ab Champions Infraspeak \u00bb et un prix \u00ab Infraspeak Network Pioneer \u00bb pour les entreprises les plus innovantes.<\/p>\n\n<p>Pour Infraspeak, Mota-Engil ATIV a d\u00e9montr\u00e9 son engagement en faveur de l\u2019excellence dans le secteur et constitue un excellent exemple de l\u2019impact que la technologie et la collaboration peuvent avoir sur le succ\u00e8s des op\u00e9rations de maintenance et la gestion d\u2019\u00e9difices et d\u2019installations.<\/p>\n","protected":false},"excerpt":{"rendered":"<p>Ces prix r\u00e9compensent les entreprises de facility management et de maintenance qui obtiennent les meilleurs r\u00e9sultats chaque ann\u00e9e, via l\u2019utilisation de la plate-forme Infraspeak.<\/p>\n","protected":false},"author":2,"featured_media":7429,"comment_status":"open","ping_status":"open","sticky":false,"template":"","format":"standard","meta":{"_acf_changed":false,"footnotes":""},"categories":[15],"tags":[],"class_list":["post-8224","post","type-post","status-publish","format-standard","has-post-thumbnail","hentry","category-articles"],"acf":[],"yoast_head":"<!-- This site is optimized with the Yoast SEO plugin v27.5 - https:\/\/yoast.com\/product\/yoast-seo-wordpress\/ -->\n<title>Mota-Engil ATIV une fois de plus distingu\u00e9e aux Infraspeak Awards - Mota-Engil ATIV<\/title>\n<meta name=\"robots\" content=\"index, follow, max-snippet:-1, max-image-preview:large, max-video-preview:-1\" \/>\n<link rel=\"canonical\" href=\"https:\/\/www.ativ.pt\/fr\/2023\/03\/09\/mota-engil-ativ-une-fois-de-plus-distinguee-aux-infraspeak-awards\/\" \/>\n<meta property=\"og:locale\" content=\"fr_FR\" \/>\n<meta property=\"og:type\" content=\"article\" \/>\n<meta property=\"og:title\" content=\"Mota-Engil ATIV une fois de plus distingu\u00e9e aux Infraspeak Awards - Mota-Engil ATIV\" \/>\n<meta property=\"og:description\" content=\"Ces prix r\u00e9compensent les entreprises de facility management et de maintenance qui obtiennent les meilleurs r\u00e9sultats chaque ann\u00e9e, via l\u2019utilisation de la plate-forme Infraspeak.\" \/>\n<meta property=\"og:url\" content=\"https:\/\/www.ativ.pt\/fr\/2023\/03\/09\/mota-engil-ativ-une-fois-de-plus-distinguee-aux-infraspeak-awards\/\" \/>\n<meta property=\"og:site_name\" content=\"Mota-Engil ATIV\" \/>\n<meta property=\"article:publisher\" content=\"https:\/\/www.facebook.com\/MotaEngilATIV\/\" \/>\n<meta property=\"article:published_time\" content=\"2023-03-09T12:51:59+00:00\" \/>\n<meta property=\"article:modified_time\" content=\"2023-06-26T15:35:25+00:00\" \/>\n<meta property=\"og:image\" content=\"https:\/\/www.ativ.pt\/wp-content\/uploads\/2023\/03\/IMG-20230301-WA0000.jpg\" \/>\n\t<meta property=\"og:image:width\" content=\"2048\" \/>\n\t<meta property=\"og:image:height\" content=\"1152\" \/>\n\t<meta property=\"og:image:type\" content=\"image\/jpeg\" \/>\n<meta name=\"author\" content=\"Susana Guerreiro\" \/>\n<meta name=\"twitter:card\" content=\"summary_large_image\" \/>\n<meta name=\"twitter:label1\" content=\"\u00c9crit par\" \/>\n\t<meta name=\"twitter:data1\" content=\"Susana Guerreiro\" \/>\n\t<meta name=\"twitter:label2\" content=\"Dur\u00e9e de lecture estim\u00e9e\" \/>\n\t<meta name=\"twitter:data2\" content=\"1 minute\" \/>\n<script type=\"application\/ld+json\" class=\"yoast-schema-graph\">{\"@context\":\"https:\\\/\\\/schema.org\",\"@graph\":[{\"@type\":\"Article\",\"@id\":\"https:\\\/\\\/www.ativ.pt\\\/fr\\\/2023\\\/03\\\/09\\\/mota-engil-ativ-une-fois-de-plus-distinguee-aux-infraspeak-awards\\\/#article\",\"isPartOf\":{\"@id\":\"https:\\\/\\\/www.ativ.pt\\\/fr\\\/2023\\\/03\\\/09\\\/mota-engil-ativ-une-fois-de-plus-distinguee-aux-infraspeak-awards\\\/\"},\"author\":{\"name\":\"Susana Guerreiro\",\"@id\":\"https:\\\/\\\/www.ativ.pt\\\/fr\\\/#\\\/schema\\\/person\\\/76cd49f91ef96b6902453415264f0c55\"},\"headline\":\"Mota-Engil ATIV une fois de plus distingu\u00e9e aux Infraspeak Awards\",\"datePublished\":\"2023-03-09T12:51:59+00:00\",\"dateModified\":\"2023-06-26T15:35:25+00:00\",\"mainEntityOfPage\":{\"@id\":\"https:\\\/\\\/www.ativ.pt\\\/fr\\\/2023\\\/03\\\/09\\\/mota-engil-ativ-une-fois-de-plus-distinguee-aux-infraspeak-awards\\\/\"},\"wordCount\":206,\"commentCount\":0,\"publisher\":{\"@id\":\"https:\\\/\\\/www.ativ.pt\\\/fr\\\/#organization\"},\"image\":{\"@id\":\"https:\\\/\\\/www.ativ.pt\\\/fr\\\/2023\\\/03\\\/09\\\/mota-engil-ativ-une-fois-de-plus-distinguee-aux-infraspeak-awards\\\/#primaryimage\"},\"thumbnailUrl\":\"https:\\\/\\\/www.ativ.pt\\\/wp-content\\\/uploads\\\/2023\\\/03\\\/IMG-20230301-WA0000.jpg\",\"articleSection\":[\"Article\"],\"inLanguage\":\"fr-FR\",\"potentialAction\":[{\"@type\":\"CommentAction\",\"name\":\"Comment\",\"target\":[\"https:\\\/\\\/www.ativ.pt\\\/fr\\\/2023\\\/03\\\/09\\\/mota-engil-ativ-une-fois-de-plus-distinguee-aux-infraspeak-awards\\\/#respond\"]}]},{\"@type\":\"WebPage\",\"@id\":\"https:\\\/\\\/www.ativ.pt\\\/fr\\\/2023\\\/03\\\/09\\\/mota-engil-ativ-une-fois-de-plus-distinguee-aux-infraspeak-awards\\\/\",\"url\":\"https:\\\/\\\/www.ativ.pt\\\/fr\\\/2023\\\/03\\\/09\\\/mota-engil-ativ-une-fois-de-plus-distinguee-aux-infraspeak-awards\\\/\",\"name\":\"Mota-Engil ATIV une fois de plus distingu\u00e9e aux Infraspeak Awards - Mota-Engil ATIV\",\"isPartOf\":{\"@id\":\"https:\\\/\\\/www.ativ.pt\\\/fr\\\/#website\"},\"primaryImageOfPage\":{\"@id\":\"https:\\\/\\\/www.ativ.pt\\\/fr\\\/2023\\\/03\\\/09\\\/mota-engil-ativ-une-fois-de-plus-distinguee-aux-infraspeak-awards\\\/#primaryimage\"},\"image\":{\"@id\":\"https:\\\/\\\/www.ativ.pt\\\/fr\\\/2023\\\/03\\\/09\\\/mota-engil-ativ-une-fois-de-plus-distinguee-aux-infraspeak-awards\\\/#primaryimage\"},\"thumbnailUrl\":\"https:\\\/\\\/www.ativ.pt\\\/wp-content\\\/uploads\\\/2023\\\/03\\\/IMG-20230301-WA0000.jpg\",\"datePublished\":\"2023-03-09T12:51:59+00:00\",\"dateModified\":\"2023-06-26T15:35:25+00:00\",\"breadcrumb\":{\"@id\":\"https:\\\/\\\/www.ativ.pt\\\/fr\\\/2023\\\/03\\\/09\\\/mota-engil-ativ-une-fois-de-plus-distinguee-aux-infraspeak-awards\\\/#breadcrumb\"},\"inLanguage\":\"fr-FR\",\"potentialAction\":[{\"@type\":\"ReadAction\",\"target\":[\"https:\\\/\\\/www.ativ.pt\\\/fr\\\/2023\\\/03\\\/09\\\/mota-engil-ativ-une-fois-de-plus-distinguee-aux-infraspeak-awards\\\/\"]}]},{\"@type\":\"ImageObject\",\"inLanguage\":\"fr-FR\",\"@id\":\"https:\\\/\\\/www.ativ.pt\\\/fr\\\/2023\\\/03\\\/09\\\/mota-engil-ativ-une-fois-de-plus-distinguee-aux-infraspeak-awards\\\/#primaryimage\",\"url\":\"https:\\\/\\\/www.ativ.pt\\\/wp-content\\\/uploads\\\/2023\\\/03\\\/IMG-20230301-WA0000.jpg\",\"contentUrl\":\"https:\\\/\\\/www.ativ.pt\\\/wp-content\\\/uploads\\\/2023\\\/03\\\/IMG-20230301-WA0000.jpg\",\"width\":2048,\"height\":1152},{\"@type\":\"BreadcrumbList\",\"@id\":\"https:\\\/\\\/www.ativ.pt\\\/fr\\\/2023\\\/03\\\/09\\\/mota-engil-ativ-une-fois-de-plus-distinguee-aux-infraspeak-awards\\\/#breadcrumb\",\"itemListElement\":[{\"@type\":\"ListItem\",\"position\":1,\"name\":\"In\u00edcio\",\"item\":\"https:\\\/\\\/www.ativ.pt\\\/fr\\\/\"},{\"@type\":\"ListItem\",\"position\":2,\"name\":\"Mota-Engil ATIV une fois de plus distingu\u00e9e aux Infraspeak Awards\"}]},{\"@type\":\"WebSite\",\"@id\":\"https:\\\/\\\/www.ativ.pt\\\/fr\\\/#website\",\"url\":\"https:\\\/\\\/www.ativ.pt\\\/fr\\\/\",\"name\":\"Mota-Engil ATIV\",\"description\":\"Gest\u00e3o e Manuten\u00e7\u00e3o de Ativos\",\"publisher\":{\"@id\":\"https:\\\/\\\/www.ativ.pt\\\/fr\\\/#organization\"},\"potentialAction\":[{\"@type\":\"SearchAction\",\"target\":{\"@type\":\"EntryPoint\",\"urlTemplate\":\"https:\\\/\\\/www.ativ.pt\\\/fr\\\/?s={search_term_string}\"},\"query-input\":{\"@type\":\"PropertyValueSpecification\",\"valueRequired\":true,\"valueName\":\"search_term_string\"}}],\"inLanguage\":\"fr-FR\"},{\"@type\":\"Organization\",\"@id\":\"https:\\\/\\\/www.ativ.pt\\\/fr\\\/#organization\",\"name\":\"Mota-Engil ATIV\",\"url\":\"https:\\\/\\\/www.ativ.pt\\\/fr\\\/\",\"logo\":{\"@type\":\"ImageObject\",\"inLanguage\":\"fr-FR\",\"@id\":\"https:\\\/\\\/www.ativ.pt\\\/fr\\\/#\\\/schema\\\/logo\\\/image\\\/\",\"url\":\"https:\\\/\\\/www.ativ.pt\\\/wp-content\\\/uploads\\\/2022\\\/04\\\/logo-ativ-cor-1.svg\",\"contentUrl\":\"https:\\\/\\\/www.ativ.pt\\\/wp-content\\\/uploads\\\/2022\\\/04\\\/logo-ativ-cor-1.svg\",\"width\":250,\"height\":100,\"caption\":\"Mota-Engil ATIV\"},\"image\":{\"@id\":\"https:\\\/\\\/www.ativ.pt\\\/fr\\\/#\\\/schema\\\/logo\\\/image\\\/\"},\"sameAs\":[\"https:\\\/\\\/www.facebook.com\\\/MotaEngilATIV\\\/\",\"https:\\\/\\\/www.instagram.com\\\/mota_engil_ativ\\\/\",\"https:\\\/\\\/www.linkedin.com\\\/company\\\/motaengil-ativ\"]},{\"@type\":\"Person\",\"@id\":\"https:\\\/\\\/www.ativ.pt\\\/fr\\\/#\\\/schema\\\/person\\\/76cd49f91ef96b6902453415264f0c55\",\"name\":\"Susana Guerreiro\"}]}<\/script>\n<!-- \/ Yoast SEO plugin. -->","yoast_head_json":{"title":"Mota-Engil ATIV une fois de plus distingu\u00e9e aux Infraspeak Awards - Mota-Engil ATIV","robots":{"index":"index","follow":"follow","max-snippet":"max-snippet:-1","max-image-preview":"max-image-preview:large","max-video-preview":"max-video-preview:-1"},"canonical":"https:\/\/www.ativ.pt\/fr\/2023\/03\/09\/mota-engil-ativ-une-fois-de-plus-distinguee-aux-infraspeak-awards\/","og_locale":"fr_FR","og_type":"article","og_title":"Mota-Engil ATIV une fois de plus distingu\u00e9e aux Infraspeak Awards - Mota-Engil ATIV","og_description":"Ces prix r\u00e9compensent les entreprises de facility management et de maintenance qui obtiennent les meilleurs r\u00e9sultats chaque ann\u00e9e, via l\u2019utilisation de la plate-forme Infraspeak.","og_url":"https:\/\/www.ativ.pt\/fr\/2023\/03\/09\/mota-engil-ativ-une-fois-de-plus-distinguee-aux-infraspeak-awards\/","og_site_name":"Mota-Engil ATIV","article_publisher":"https:\/\/www.facebook.com\/MotaEngilATIV\/","article_published_time":"2023-03-09T12:51:59+00:00","article_modified_time":"2023-06-26T15:35:25+00:00","og_image":[{"width":2048,"height":1152,"url":"https:\/\/www.ativ.pt\/wp-content\/uploads\/2023\/03\/IMG-20230301-WA0000.jpg","type":"image\/jpeg"}],"author":"Susana Guerreiro","twitter_card":"summary_large_image","twitter_misc":{"\u00c9crit par":"Susana Guerreiro","Dur\u00e9e de lecture estim\u00e9e":"1 minute"},"schema":{"@context":"https:\/\/schema.org","@graph":[{"@type":"Article","@id":"https:\/\/www.ativ.pt\/fr\/2023\/03\/09\/mota-engil-ativ-une-fois-de-plus-distinguee-aux-infraspeak-awards\/#article","isPartOf":{"@id":"https:\/\/www.ativ.pt\/fr\/2023\/03\/09\/mota-engil-ativ-une-fois-de-plus-distinguee-aux-infraspeak-awards\/"},"author":{"name":"Susana Guerreiro","@id":"https:\/\/www.ativ.pt\/fr\/#\/schema\/person\/76cd49f91ef96b6902453415264f0c55"},"headline":"Mota-Engil ATIV une fois de plus distingu\u00e9e aux Infraspeak Awards","datePublished":"2023-03-09T12:51:59+00:00","dateModified":"2023-06-26T15:35:25+00:00","mainEntityOfPage":{"@id":"https:\/\/www.ativ.pt\/fr\/2023\/03\/09\/mota-engil-ativ-une-fois-de-plus-distinguee-aux-infraspeak-awards\/"},"wordCount":206,"commentCount":0,"publisher":{"@id":"https:\/\/www.ativ.pt\/fr\/#organization"},"image":{"@id":"https:\/\/www.ativ.pt\/fr\/2023\/03\/09\/mota-engil-ativ-une-fois-de-plus-distinguee-aux-infraspeak-awards\/#primaryimage"},"thumbnailUrl":"https:\/\/www.ativ.pt\/wp-content\/uploads\/2023\/03\/IMG-20230301-WA0000.jpg","articleSection":["Article"],"inLanguage":"fr-FR","potentialAction":[{"@type":"CommentAction","name":"Comment","target":["https:\/\/www.ativ.pt\/fr\/2023\/03\/09\/mota-engil-ativ-une-fois-de-plus-distinguee-aux-infraspeak-awards\/#respond"]}]},{"@type":"WebPage","@id":"https:\/\/www.ativ.pt\/fr\/2023\/03\/09\/mota-engil-ativ-une-fois-de-plus-distinguee-aux-infraspeak-awards\/","url":"https:\/\/www.ativ.pt\/fr\/2023\/03\/09\/mota-engil-ativ-une-fois-de-plus-distinguee-aux-infraspeak-awards\/","name":"Mota-Engil ATIV une fois de plus distingu\u00e9e aux Infraspeak Awards - Mota-Engil ATIV","isPartOf":{"@id":"https:\/\/www.ativ.pt\/fr\/#website"},"primaryImageOfPage":{"@id":"https:\/\/www.ativ.pt\/fr\/2023\/03\/09\/mota-engil-ativ-une-fois-de-plus-distinguee-aux-infraspeak-awards\/#primaryimage"},"image":{"@id":"https:\/\/www.ativ.pt\/fr\/2023\/03\/09\/mota-engil-ativ-une-fois-de-plus-distinguee-aux-infraspeak-awards\/#primaryimage"},"thumbnailUrl":"https:\/\/www.ativ.pt\/wp-content\/uploads\/2023\/03\/IMG-20230301-WA0000.jpg","datePublished":"2023-03-09T12:51:59+00:00","dateModified":"2023-06-26T15:35:25+00:00","breadcrumb":{"@id":"https:\/\/www.ativ.pt\/fr\/2023\/03\/09\/mota-engil-ativ-une-fois-de-plus-distinguee-aux-infraspeak-awards\/#breadcrumb"},"inLanguage":"fr-FR","potentialAction":[{"@type":"ReadAction","target":["https:\/\/www.ativ.pt\/fr\/2023\/03\/09\/mota-engil-ativ-une-fois-de-plus-distinguee-aux-infraspeak-awards\/"]}]},{"@type":"ImageObject","inLanguage":"fr-FR","@id":"https:\/\/www.ativ.pt\/fr\/2023\/03\/09\/mota-engil-ativ-une-fois-de-plus-distinguee-aux-infraspeak-awards\/#primaryimage","url":"https:\/\/www.ativ.pt\/wp-content\/uploads\/2023\/03\/IMG-20230301-WA0000.jpg","contentUrl":"https:\/\/www.ativ.pt\/wp-content\/uploads\/2023\/03\/IMG-20230301-WA0000.jpg","width":2048,"height":1152},{"@type":"BreadcrumbList","@id":"https:\/\/www.ativ.pt\/fr\/2023\/03\/09\/mota-engil-ativ-une-fois-de-plus-distinguee-aux-infraspeak-awards\/#breadcrumb","itemListElement":[{"@type":"ListItem","position":1,"name":"In\u00edcio","item":"https:\/\/www.ativ.pt\/fr\/"},{"@type":"ListItem","position":2,"name":"Mota-Engil ATIV une fois de plus distingu\u00e9e aux Infraspeak Awards"}]},{"@type":"WebSite","@id":"https:\/\/www.ativ.pt\/fr\/#website","url":"https:\/\/www.ativ.pt\/fr\/","name":"Mota-Engil ATIV","description":"Gest\u00e3o e Manuten\u00e7\u00e3o de Ativos","publisher":{"@id":"https:\/\/www.ativ.pt\/fr\/#organization"},"potentialAction":[{"@type":"SearchAction","target":{"@type":"EntryPoint","urlTemplate":"https:\/\/www.ativ.pt\/fr\/?s={search_term_string}"},"query-input":{"@type":"PropertyValueSpecification","valueRequired":true,"valueName":"search_term_string"}}],"inLanguage":"fr-FR"},{"@type":"Organization","@id":"https:\/\/www.ativ.pt\/fr\/#organization","name":"Mota-Engil ATIV","url":"https:\/\/www.ativ.pt\/fr\/","logo":{"@type":"ImageObject","inLanguage":"fr-FR","@id":"https:\/\/www.ativ.pt\/fr\/#\/schema\/logo\/image\/","url":"https:\/\/www.ativ.pt\/wp-content\/uploads\/2022\/04\/logo-ativ-cor-1.svg","contentUrl":"https:\/\/www.ativ.pt\/wp-content\/uploads\/2022\/04\/logo-ativ-cor-1.svg","width":250,"height":100,"caption":"Mota-Engil ATIV"},"image":{"@id":"https:\/\/www.ativ.pt\/fr\/#\/schema\/logo\/image\/"},"sameAs":["https:\/\/www.facebook.com\/MotaEngilATIV\/","https:\/\/www.instagram.com\/mota_engil_ativ\/","https:\/\/www.linkedin.com\/company\/motaengil-ativ"]},{"@type":"Person","@id":"https:\/\/www.ativ.pt\/fr\/#\/schema\/person\/76cd49f91ef96b6902453415264f0c55","name":"Susana Guerreiro"}]}},"_links":{"self":[{"href":"https:\/\/www.ativ.pt\/fr\/wp-json\/wp\/v2\/posts\/8224","targetHints":{"allow":["GET"]}}],"collection":[{"href":"https:\/\/www.ativ.pt\/fr\/wp-json\/wp\/v2\/posts"}],"about":[{"href":"https:\/\/www.ativ.pt\/fr\/wp-json\/wp\/v2\/types\/post"}],"author":[{"embeddable":true,"href":"https:\/\/www.ativ.pt\/fr\/wp-json\/wp\/v2\/users\/2"}],"replies":[{"embeddable":true,"href":"https:\/\/www.ativ.pt\/fr\/wp-json\/wp\/v2\/comments?post=8224"}],"version-history":[{"count":1,"href":"https:\/\/www.ativ.pt\/fr\/wp-json\/wp\/v2\/posts\/8224\/revisions"}],"predecessor-version":[{"id":8225,"href":"https:\/\/www.ativ.pt\/fr\/wp-json\/wp\/v2\/posts\/8224\/revisions\/8225"}],"wp:featuredmedia":[{"embeddable":true,"href":"https:\/\/www.ativ.pt\/fr\/wp-json\/wp\/v2\/media\/7429"}],"wp:attachment":[{"href":"https:\/\/www.ativ.pt\/fr\/wp-json\/wp\/v2\/media?parent=8224"}],"wp:term":[{"taxonomy":"category","embeddable":true,"href":"https:\/\/www.ativ.pt\/fr\/wp-json\/wp\/v2\/categories?post=8224"},{"taxonomy":"post_tag","embeddable":true,"href":"https:\/\/www.ativ.pt\/fr\/wp-json\/wp\/v2\/tags?post=8224"}],"curies":[{"name":"wp","href":"https:\/\/api.w.org\/{rel}","templated":true}]}}