{"id":8216,"date":"2023-03-02T15:17:21","date_gmt":"2023-03-02T15:17:21","guid":{"rendered":"https:\/\/www.ativ.pt\/2023\/03\/02\/requalification-des-berges-de-vila-franca-de-xira\/"},"modified":"2023-06-26T15:06:50","modified_gmt":"2023-06-26T15:06:50","slug":"requalification-des-berges-de-vila-franca-de-xira","status":"publish","type":"post","link":"https:\/\/www.ativ.pt\/fr\/2023\/03\/02\/requalification-des-berges-de-vila-franca-de-xira\/","title":{"rendered":"Requalification des berges de Vila Franca de Xira"},"content":{"rendered":"\n<p>Le contrat a \u00e9t\u00e9 sign\u00e9 le 23 f\u00e9vrier au D\u00e9p\u00f4t g\u00e9n\u00e9ral de mat\u00e9riel des forces a\u00e9riennes et constitue le point de d\u00e9part de la requalification et de la conservation environnementale et paysag\u00e8re d\u2019un autre tron\u00e7on de la rive entre Alverca et Sobralinho, sur environ 4,9 km et une superficie d\u2019environ 14,1 hectares.<\/p>\n\n<div class=\"wp-block-columns is-layout-flex wp-container-core-columns-is-layout-9d6595d7 wp-block-columns-is-layout-flex\">\n<div class=\"wp-block-column is-layout-flow wp-block-column-is-layout-flow\">\n<figure class=\"wp-block-image size-full\"><img fetchpriority=\"high\" decoding=\"async\" width=\"1024\" height=\"768\" src=\"https:\/\/www.ativ.pt\/wp-content\/uploads\/2023\/03\/IMG-20230224-WA0002.jpg\" alt=\"\" class=\"wp-image-7304\" srcset=\"https:\/\/www.ativ.pt\/wp-content\/uploads\/2023\/03\/IMG-20230224-WA0002.jpg 1024w, https:\/\/www.ativ.pt\/wp-content\/uploads\/2023\/03\/IMG-20230224-WA0002-300x225.jpg 300w, https:\/\/www.ativ.pt\/wp-content\/uploads\/2023\/03\/IMG-20230224-WA0002-768x576.jpg 768w\" sizes=\"(max-width: 1024px) 100vw, 1024px\" \/><\/figure>\n<\/div>\n\n\n\n<div class=\"wp-block-column is-layout-flow wp-block-column-is-layout-flow\">\n<figure class=\"wp-block-image size-full\"><img decoding=\"async\" width=\"1024\" height=\"768\" src=\"https:\/\/www.ativ.pt\/wp-content\/uploads\/2023\/03\/IMG-20230224-WA0018.jpg\" alt=\"\" class=\"wp-image-7308\" srcset=\"https:\/\/www.ativ.pt\/wp-content\/uploads\/2023\/03\/IMG-20230224-WA0018.jpg 1024w, https:\/\/www.ativ.pt\/wp-content\/uploads\/2023\/03\/IMG-20230224-WA0018-300x225.jpg 300w, https:\/\/www.ativ.pt\/wp-content\/uploads\/2023\/03\/IMG-20230224-WA0018-768x576.jpg 768w\" sizes=\"(max-width: 1024px) 100vw, 1024px\" \/><\/figure>\n<\/div>\n<\/div>\n\n<p>L\u2019objectif de ces travaux est de mettre en valeur le patrimoine naturel et paysager, de promouvoir le tourisme naturel, de construire des infrastructures d\u2019acc\u00e8s et de stimulation des activit\u00e9s sur la rivi\u00e8re, gr\u00e2ce \u00e0 une offre diversifi\u00e9e d\u2019espaces, de cr\u00e9er des zones conviviales et d\u2019observation de l\u2019avifaune et du paysage, d\u2019assurer la continuit\u00e9 du syst\u00e8me de mobilit\u00e9 douce le long de la rive et de mettre en \u0153uvre des mesures visant \u00e0 minimiser l\u2019impact de l\u2019\u00e9l\u00e9vation du niveau de la mer en raison du changement climatique.<\/p>\n\n<p>La premi\u00e8re phase comprendra les travaux de terrassement, les infrastructures, le pavage, les passerelles en bois, les plantations et les ponts mixtes.<\/p>\n\n<p>Le projet comprend \u00e9galement l\u2019installation d\u2019\u00e9quipements d\u2019\u00e9clairage LED avec une capacit\u00e9 de production d\u2019\u00e9nergie photovolta\u00efque\/\u00e9olienne, qui servira \u00e0 alimenter les luminaires int\u00e9gr\u00e9s dans ces colonnes, ainsi que le syst\u00e8me de vid\u00e9osurveillance. Soutenue par des solutions interdisciplinaires qui associent la mise en valeur du territoire, le d\u00e9veloppement durable et la qualit\u00e9 de vie des usagers des espaces qu\u2019elle con\u00e7oit, construit et entretient, Mota-Engil ATIV s\u2019engage dans un nouveau contrat stimulant.<\/p>\n","protected":false},"excerpt":{"rendered":"<p>Mota-Engil ATIV est l\u2019entreprise responsable de l\u2019ex\u00e9cution de la premi\u00e8re phase du parc en bordure de l\u2019estuaire du Tage, \u00e0 Alverca do Ribatejo\/Sobralinho.<\/p>\n","protected":false},"author":2,"featured_media":7310,"comment_status":"open","ping_status":"open","sticky":false,"template":"","format":"standard","meta":{"_acf_changed":false,"footnotes":""},"categories":[15],"tags":[],"class_list":["post-8216","post","type-post","status-publish","format-standard","has-post-thumbnail","hentry","category-articles"],"acf":[],"yoast_head":"<!-- This site is optimized with the Yoast SEO plugin v27.5 - https:\/\/yoast.com\/product\/yoast-seo-wordpress\/ -->\n<title>Requalification des berges de Vila Franca de Xira - Mota-Engil ATIV<\/title>\n<meta name=\"robots\" content=\"index, follow, max-snippet:-1, max-image-preview:large, max-video-preview:-1\" \/>\n<link rel=\"canonical\" href=\"https:\/\/www.ativ.pt\/fr\/2023\/03\/02\/requalification-des-berges-de-vila-franca-de-xira\/\" \/>\n<meta property=\"og:locale\" content=\"fr_FR\" \/>\n<meta property=\"og:type\" content=\"article\" \/>\n<meta property=\"og:title\" content=\"Requalification des berges de Vila Franca de Xira - Mota-Engil ATIV\" \/>\n<meta property=\"og:description\" content=\"Mota-Engil ATIV est l\u2019entreprise responsable de l\u2019ex\u00e9cution de la premi\u00e8re phase du parc en bordure de l\u2019estuaire du Tage, \u00e0 Alverca do Ribatejo\/Sobralinho.\" \/>\n<meta property=\"og:url\" content=\"https:\/\/www.ativ.pt\/fr\/2023\/03\/02\/requalification-des-berges-de-vila-franca-de-xira\/\" \/>\n<meta property=\"og:site_name\" content=\"Mota-Engil ATIV\" \/>\n<meta property=\"article:publisher\" content=\"https:\/\/www.facebook.com\/MotaEngilATIV\/\" \/>\n<meta property=\"article:published_time\" content=\"2023-03-02T15:17:21+00:00\" \/>\n<meta property=\"article:modified_time\" content=\"2023-06-26T15:06:50+00:00\" \/>\n<meta property=\"og:image\" content=\"https:\/\/www.ativ.pt\/wp-content\/uploads\/2023\/03\/IMG-20230224-WA0018.jpg\" \/>\n\t<meta property=\"og:image:width\" content=\"1024\" \/>\n\t<meta property=\"og:image:height\" content=\"768\" \/>\n\t<meta property=\"og:image:type\" content=\"image\/jpeg\" \/>\n<meta name=\"author\" content=\"Susana Guerreiro\" \/>\n<meta name=\"twitter:card\" content=\"summary_large_image\" \/>\n<meta name=\"twitter:label1\" content=\"\u00c9crit par\" \/>\n\t<meta name=\"twitter:data1\" content=\"Susana Guerreiro\" \/>\n\t<meta name=\"twitter:label2\" content=\"Dur\u00e9e de lecture estim\u00e9e\" \/>\n\t<meta name=\"twitter:data2\" content=\"1 minute\" \/>\n<script type=\"application\/ld+json\" class=\"yoast-schema-graph\">{\"@context\":\"https:\\\/\\\/schema.org\",\"@graph\":[{\"@type\":\"Article\",\"@id\":\"https:\\\/\\\/www.ativ.pt\\\/fr\\\/2023\\\/03\\\/02\\\/requalification-des-berges-de-vila-franca-de-xira\\\/#article\",\"isPartOf\":{\"@id\":\"https:\\\/\\\/www.ativ.pt\\\/fr\\\/2023\\\/03\\\/02\\\/requalification-des-berges-de-vila-franca-de-xira\\\/\"},\"author\":{\"name\":\"Susana Guerreiro\",\"@id\":\"https:\\\/\\\/www.ativ.pt\\\/fr\\\/#\\\/schema\\\/person\\\/76cd49f91ef96b6902453415264f0c55\"},\"headline\":\"Requalification des berges de Vila Franca de Xira\",\"datePublished\":\"2023-03-02T15:17:21+00:00\",\"dateModified\":\"2023-06-26T15:06:50+00:00\",\"mainEntityOfPage\":{\"@id\":\"https:\\\/\\\/www.ativ.pt\\\/fr\\\/2023\\\/03\\\/02\\\/requalification-des-berges-de-vila-franca-de-xira\\\/\"},\"wordCount\":274,\"commentCount\":0,\"publisher\":{\"@id\":\"https:\\\/\\\/www.ativ.pt\\\/fr\\\/#organization\"},\"image\":{\"@id\":\"https:\\\/\\\/www.ativ.pt\\\/fr\\\/2023\\\/03\\\/02\\\/requalification-des-berges-de-vila-franca-de-xira\\\/#primaryimage\"},\"thumbnailUrl\":\"https:\\\/\\\/www.ativ.pt\\\/wp-content\\\/uploads\\\/2023\\\/03\\\/IMG-20230224-WA0018.jpg\",\"articleSection\":[\"Article\"],\"inLanguage\":\"fr-FR\",\"potentialAction\":[{\"@type\":\"CommentAction\",\"name\":\"Comment\",\"target\":[\"https:\\\/\\\/www.ativ.pt\\\/fr\\\/2023\\\/03\\\/02\\\/requalification-des-berges-de-vila-franca-de-xira\\\/#respond\"]}]},{\"@type\":\"WebPage\",\"@id\":\"https:\\\/\\\/www.ativ.pt\\\/fr\\\/2023\\\/03\\\/02\\\/requalification-des-berges-de-vila-franca-de-xira\\\/\",\"url\":\"https:\\\/\\\/www.ativ.pt\\\/fr\\\/2023\\\/03\\\/02\\\/requalification-des-berges-de-vila-franca-de-xira\\\/\",\"name\":\"Requalification des berges de Vila Franca de Xira - Mota-Engil ATIV\",\"isPartOf\":{\"@id\":\"https:\\\/\\\/www.ativ.pt\\\/fr\\\/#website\"},\"primaryImageOfPage\":{\"@id\":\"https:\\\/\\\/www.ativ.pt\\\/fr\\\/2023\\\/03\\\/02\\\/requalification-des-berges-de-vila-franca-de-xira\\\/#primaryimage\"},\"image\":{\"@id\":\"https:\\\/\\\/www.ativ.pt\\\/fr\\\/2023\\\/03\\\/02\\\/requalification-des-berges-de-vila-franca-de-xira\\\/#primaryimage\"},\"thumbnailUrl\":\"https:\\\/\\\/www.ativ.pt\\\/wp-content\\\/uploads\\\/2023\\\/03\\\/IMG-20230224-WA0018.jpg\",\"datePublished\":\"2023-03-02T15:17:21+00:00\",\"dateModified\":\"2023-06-26T15:06:50+00:00\",\"breadcrumb\":{\"@id\":\"https:\\\/\\\/www.ativ.pt\\\/fr\\\/2023\\\/03\\\/02\\\/requalification-des-berges-de-vila-franca-de-xira\\\/#breadcrumb\"},\"inLanguage\":\"fr-FR\",\"potentialAction\":[{\"@type\":\"ReadAction\",\"target\":[\"https:\\\/\\\/www.ativ.pt\\\/fr\\\/2023\\\/03\\\/02\\\/requalification-des-berges-de-vila-franca-de-xira\\\/\"]}]},{\"@type\":\"ImageObject\",\"inLanguage\":\"fr-FR\",\"@id\":\"https:\\\/\\\/www.ativ.pt\\\/fr\\\/2023\\\/03\\\/02\\\/requalification-des-berges-de-vila-franca-de-xira\\\/#primaryimage\",\"url\":\"https:\\\/\\\/www.ativ.pt\\\/wp-content\\\/uploads\\\/2023\\\/03\\\/IMG-20230224-WA0018.jpg\",\"contentUrl\":\"https:\\\/\\\/www.ativ.pt\\\/wp-content\\\/uploads\\\/2023\\\/03\\\/IMG-20230224-WA0018.jpg\",\"width\":1024,\"height\":768},{\"@type\":\"BreadcrumbList\",\"@id\":\"https:\\\/\\\/www.ativ.pt\\\/fr\\\/2023\\\/03\\\/02\\\/requalification-des-berges-de-vila-franca-de-xira\\\/#breadcrumb\",\"itemListElement\":[{\"@type\":\"ListItem\",\"position\":1,\"name\":\"In\u00edcio\",\"item\":\"https:\\\/\\\/www.ativ.pt\\\/fr\\\/\"},{\"@type\":\"ListItem\",\"position\":2,\"name\":\"Requalification des berges de Vila Franca de Xira\"}]},{\"@type\":\"WebSite\",\"@id\":\"https:\\\/\\\/www.ativ.pt\\\/fr\\\/#website\",\"url\":\"https:\\\/\\\/www.ativ.pt\\\/fr\\\/\",\"name\":\"Mota-Engil ATIV\",\"description\":\"Gest\u00e3o e Manuten\u00e7\u00e3o de Ativos\",\"publisher\":{\"@id\":\"https:\\\/\\\/www.ativ.pt\\\/fr\\\/#organization\"},\"potentialAction\":[{\"@type\":\"SearchAction\",\"target\":{\"@type\":\"EntryPoint\",\"urlTemplate\":\"https:\\\/\\\/www.ativ.pt\\\/fr\\\/?s={search_term_string}\"},\"query-input\":{\"@type\":\"PropertyValueSpecification\",\"valueRequired\":true,\"valueName\":\"search_term_string\"}}],\"inLanguage\":\"fr-FR\"},{\"@type\":\"Organization\",\"@id\":\"https:\\\/\\\/www.ativ.pt\\\/fr\\\/#organization\",\"name\":\"Mota-Engil ATIV\",\"url\":\"https:\\\/\\\/www.ativ.pt\\\/fr\\\/\",\"logo\":{\"@type\":\"ImageObject\",\"inLanguage\":\"fr-FR\",\"@id\":\"https:\\\/\\\/www.ativ.pt\\\/fr\\\/#\\\/schema\\\/logo\\\/image\\\/\",\"url\":\"https:\\\/\\\/www.ativ.pt\\\/wp-content\\\/uploads\\\/2022\\\/04\\\/logo-ativ-cor-1.svg\",\"contentUrl\":\"https:\\\/\\\/www.ativ.pt\\\/wp-content\\\/uploads\\\/2022\\\/04\\\/logo-ativ-cor-1.svg\",\"width\":250,\"height\":100,\"caption\":\"Mota-Engil ATIV\"},\"image\":{\"@id\":\"https:\\\/\\\/www.ativ.pt\\\/fr\\\/#\\\/schema\\\/logo\\\/image\\\/\"},\"sameAs\":[\"https:\\\/\\\/www.facebook.com\\\/MotaEngilATIV\\\/\",\"https:\\\/\\\/www.instagram.com\\\/mota_engil_ativ\\\/\",\"https:\\\/\\\/www.linkedin.com\\\/company\\\/motaengil-ativ\"]},{\"@type\":\"Person\",\"@id\":\"https:\\\/\\\/www.ativ.pt\\\/fr\\\/#\\\/schema\\\/person\\\/76cd49f91ef96b6902453415264f0c55\",\"name\":\"Susana Guerreiro\"}]}<\/script>\n<!-- \/ Yoast SEO plugin. -->","yoast_head_json":{"title":"Requalification des berges de Vila Franca de Xira - Mota-Engil ATIV","robots":{"index":"index","follow":"follow","max-snippet":"max-snippet:-1","max-image-preview":"max-image-preview:large","max-video-preview":"max-video-preview:-1"},"canonical":"https:\/\/www.ativ.pt\/fr\/2023\/03\/02\/requalification-des-berges-de-vila-franca-de-xira\/","og_locale":"fr_FR","og_type":"article","og_title":"Requalification des berges de Vila Franca de Xira - Mota-Engil ATIV","og_description":"Mota-Engil ATIV est l\u2019entreprise responsable de l\u2019ex\u00e9cution de la premi\u00e8re phase du parc en bordure de l\u2019estuaire du Tage, \u00e0 Alverca do Ribatejo\/Sobralinho.","og_url":"https:\/\/www.ativ.pt\/fr\/2023\/03\/02\/requalification-des-berges-de-vila-franca-de-xira\/","og_site_name":"Mota-Engil ATIV","article_publisher":"https:\/\/www.facebook.com\/MotaEngilATIV\/","article_published_time":"2023-03-02T15:17:21+00:00","article_modified_time":"2023-06-26T15:06:50+00:00","og_image":[{"width":1024,"height":768,"url":"https:\/\/www.ativ.pt\/wp-content\/uploads\/2023\/03\/IMG-20230224-WA0018.jpg","type":"image\/jpeg"}],"author":"Susana Guerreiro","twitter_card":"summary_large_image","twitter_misc":{"\u00c9crit par":"Susana Guerreiro","Dur\u00e9e de lecture estim\u00e9e":"1 minute"},"schema":{"@context":"https:\/\/schema.org","@graph":[{"@type":"Article","@id":"https:\/\/www.ativ.pt\/fr\/2023\/03\/02\/requalification-des-berges-de-vila-franca-de-xira\/#article","isPartOf":{"@id":"https:\/\/www.ativ.pt\/fr\/2023\/03\/02\/requalification-des-berges-de-vila-franca-de-xira\/"},"author":{"name":"Susana Guerreiro","@id":"https:\/\/www.ativ.pt\/fr\/#\/schema\/person\/76cd49f91ef96b6902453415264f0c55"},"headline":"Requalification des berges de Vila Franca de Xira","datePublished":"2023-03-02T15:17:21+00:00","dateModified":"2023-06-26T15:06:50+00:00","mainEntityOfPage":{"@id":"https:\/\/www.ativ.pt\/fr\/2023\/03\/02\/requalification-des-berges-de-vila-franca-de-xira\/"},"wordCount":274,"commentCount":0,"publisher":{"@id":"https:\/\/www.ativ.pt\/fr\/#organization"},"image":{"@id":"https:\/\/www.ativ.pt\/fr\/2023\/03\/02\/requalification-des-berges-de-vila-franca-de-xira\/#primaryimage"},"thumbnailUrl":"https:\/\/www.ativ.pt\/wp-content\/uploads\/2023\/03\/IMG-20230224-WA0018.jpg","articleSection":["Article"],"inLanguage":"fr-FR","potentialAction":[{"@type":"CommentAction","name":"Comment","target":["https:\/\/www.ativ.pt\/fr\/2023\/03\/02\/requalification-des-berges-de-vila-franca-de-xira\/#respond"]}]},{"@type":"WebPage","@id":"https:\/\/www.ativ.pt\/fr\/2023\/03\/02\/requalification-des-berges-de-vila-franca-de-xira\/","url":"https:\/\/www.ativ.pt\/fr\/2023\/03\/02\/requalification-des-berges-de-vila-franca-de-xira\/","name":"Requalification des berges de Vila Franca de Xira - Mota-Engil ATIV","isPartOf":{"@id":"https:\/\/www.ativ.pt\/fr\/#website"},"primaryImageOfPage":{"@id":"https:\/\/www.ativ.pt\/fr\/2023\/03\/02\/requalification-des-berges-de-vila-franca-de-xira\/#primaryimage"},"image":{"@id":"https:\/\/www.ativ.pt\/fr\/2023\/03\/02\/requalification-des-berges-de-vila-franca-de-xira\/#primaryimage"},"thumbnailUrl":"https:\/\/www.ativ.pt\/wp-content\/uploads\/2023\/03\/IMG-20230224-WA0018.jpg","datePublished":"2023-03-02T15:17:21+00:00","dateModified":"2023-06-26T15:06:50+00:00","breadcrumb":{"@id":"https:\/\/www.ativ.pt\/fr\/2023\/03\/02\/requalification-des-berges-de-vila-franca-de-xira\/#breadcrumb"},"inLanguage":"fr-FR","potentialAction":[{"@type":"ReadAction","target":["https:\/\/www.ativ.pt\/fr\/2023\/03\/02\/requalification-des-berges-de-vila-franca-de-xira\/"]}]},{"@type":"ImageObject","inLanguage":"fr-FR","@id":"https:\/\/www.ativ.pt\/fr\/2023\/03\/02\/requalification-des-berges-de-vila-franca-de-xira\/#primaryimage","url":"https:\/\/www.ativ.pt\/wp-content\/uploads\/2023\/03\/IMG-20230224-WA0018.jpg","contentUrl":"https:\/\/www.ativ.pt\/wp-content\/uploads\/2023\/03\/IMG-20230224-WA0018.jpg","width":1024,"height":768},{"@type":"BreadcrumbList","@id":"https:\/\/www.ativ.pt\/fr\/2023\/03\/02\/requalification-des-berges-de-vila-franca-de-xira\/#breadcrumb","itemListElement":[{"@type":"ListItem","position":1,"name":"In\u00edcio","item":"https:\/\/www.ativ.pt\/fr\/"},{"@type":"ListItem","position":2,"name":"Requalification des berges de Vila Franca de Xira"}]},{"@type":"WebSite","@id":"https:\/\/www.ativ.pt\/fr\/#website","url":"https:\/\/www.ativ.pt\/fr\/","name":"Mota-Engil ATIV","description":"Gest\u00e3o e Manuten\u00e7\u00e3o de Ativos","publisher":{"@id":"https:\/\/www.ativ.pt\/fr\/#organization"},"potentialAction":[{"@type":"SearchAction","target":{"@type":"EntryPoint","urlTemplate":"https:\/\/www.ativ.pt\/fr\/?s={search_term_string}"},"query-input":{"@type":"PropertyValueSpecification","valueRequired":true,"valueName":"search_term_string"}}],"inLanguage":"fr-FR"},{"@type":"Organization","@id":"https:\/\/www.ativ.pt\/fr\/#organization","name":"Mota-Engil ATIV","url":"https:\/\/www.ativ.pt\/fr\/","logo":{"@type":"ImageObject","inLanguage":"fr-FR","@id":"https:\/\/www.ativ.pt\/fr\/#\/schema\/logo\/image\/","url":"https:\/\/www.ativ.pt\/wp-content\/uploads\/2022\/04\/logo-ativ-cor-1.svg","contentUrl":"https:\/\/www.ativ.pt\/wp-content\/uploads\/2022\/04\/logo-ativ-cor-1.svg","width":250,"height":100,"caption":"Mota-Engil ATIV"},"image":{"@id":"https:\/\/www.ativ.pt\/fr\/#\/schema\/logo\/image\/"},"sameAs":["https:\/\/www.facebook.com\/MotaEngilATIV\/","https:\/\/www.instagram.com\/mota_engil_ativ\/","https:\/\/www.linkedin.com\/company\/motaengil-ativ"]},{"@type":"Person","@id":"https:\/\/www.ativ.pt\/fr\/#\/schema\/person\/76cd49f91ef96b6902453415264f0c55","name":"Susana Guerreiro"}]}},"_links":{"self":[{"href":"https:\/\/www.ativ.pt\/fr\/wp-json\/wp\/v2\/posts\/8216","targetHints":{"allow":["GET"]}}],"collection":[{"href":"https:\/\/www.ativ.pt\/fr\/wp-json\/wp\/v2\/posts"}],"about":[{"href":"https:\/\/www.ativ.pt\/fr\/wp-json\/wp\/v2\/types\/post"}],"author":[{"embeddable":true,"href":"https:\/\/www.ativ.pt\/fr\/wp-json\/wp\/v2\/users\/2"}],"replies":[{"embeddable":true,"href":"https:\/\/www.ativ.pt\/fr\/wp-json\/wp\/v2\/comments?post=8216"}],"version-history":[{"count":1,"href":"https:\/\/www.ativ.pt\/fr\/wp-json\/wp\/v2\/posts\/8216\/revisions"}],"predecessor-version":[{"id":8217,"href":"https:\/\/www.ativ.pt\/fr\/wp-json\/wp\/v2\/posts\/8216\/revisions\/8217"}],"wp:featuredmedia":[{"embeddable":true,"href":"https:\/\/www.ativ.pt\/fr\/wp-json\/wp\/v2\/media\/7310"}],"wp:attachment":[{"href":"https:\/\/www.ativ.pt\/fr\/wp-json\/wp\/v2\/media?parent=8216"}],"wp:term":[{"taxonomy":"category","embeddable":true,"href":"https:\/\/www.ativ.pt\/fr\/wp-json\/wp\/v2\/categories?post=8216"},{"taxonomy":"post_tag","embeddable":true,"href":"https:\/\/www.ativ.pt\/fr\/wp-json\/wp\/v2\/tags?post=8216"}],"curies":[{"name":"wp","href":"https:\/\/api.w.org\/{rel}","templated":true}]}}