{"id":7093,"date":"2022-12-30T10:29:02","date_gmt":"2022-12-30T10:29:02","guid":{"rendered":"https:\/\/www.ativ.pt\/2022\/12\/30\/recycler-le-present-pour-un-avenir-plus-durable\/"},"modified":"2023-01-31T16:23:17","modified_gmt":"2023-01-31T16:23:17","slug":"recycler-le-present-pour-un-avenir-plus-durable","status":"publish","type":"post","link":"https:\/\/www.ativ.pt\/fr\/2022\/12\/30\/recycler-le-present-pour-un-avenir-plus-durable\/","title":{"rendered":"Recycler le pr\u00e9sent pour un avenir plus durable"},"content":{"rendered":"\n<p>Mota-Engil ATIV ayant pour objectif de valoriser les actifs en transformant la communaut\u00e9 pour un avenir plus durable, nous partageons certaines informations utiles sur la mani\u00e8re de traiter les d\u00e9chets d\u2019\u00e9quipements \u00e9lectriques et \u00e9lectroniques (DEEE) \u2013 \u00e9lectrom\u00e9nagers, ordinateurs, t\u00e9l\u00e9phones mobiles, lampes, entre autres.<\/p>\n<div class=\"wp-block-image\">\n<figure class=\"aligncenter size-full\"><img fetchpriority=\"high\" decoding=\"async\" width=\"744\" height=\"549\" src=\"https:\/\/www.ativ.pt\/wp-content\/uploads\/2022\/12\/reciclar.jpg\" alt=\"\" class=\"wp-image-6956\" srcset=\"https:\/\/www.ativ.pt\/wp-content\/uploads\/2022\/12\/reciclar.jpg 744w, https:\/\/www.ativ.pt\/wp-content\/uploads\/2022\/12\/reciclar-300x221.jpg 300w\" sizes=\"(max-width: 744px) 100vw, 744px\" \/><\/figure>\n<\/div>\n<p>Par l\u2019interm\u00e9diaire d\u2019ERP Portugal (entit\u00e9 gestionnaire de d\u00e9chets), une plateforme europ\u00e9enne d\u00e9di\u00e9e \u00e0 la gestion des DEEE, les soci\u00e9t\u00e9s peuvent demander la collecte gratuite de leurs \u00e9quipements \u00e0 toute adresse nationale (minimum 60 kg). Si vous \u00eates un consommateur final, aucune collecte n\u2019est effectu\u00e9e, mais il est possible de remettre vos DEEE via 3 canaux gratuits:<\/p>\n\n<ol class=\"wp-block-list\" type=\"a\">\n<li>Magasins d\u2019\u00e9lectrom\u00e9nagers et de piles ;<\/li>\n\n\n\n<li>Collecteurs de piles;<\/li>\n\n\n\n<li>Centres d\u2019accueil.<\/li>\n<\/ol>\n\n<p>Les d\u00e9chets sont ensuite transport\u00e9s dans des unit\u00e9s sp\u00e9cifiques de traitement pour y \u00eatre d\u00e9contamin\u00e9s, recycl\u00e9s et\/ou valoris\u00e9s.<\/p>\n\n<p>Le traitement des DEEE est un processus complexe, dans la mesure o\u00f9 ces \u00e9quipements sont compos\u00e9s de diff\u00e9rents types de mat\u00e9riaux et de substances dangereuses, qui doivent \u00eatre retir\u00e9s et trait\u00e9s de mani\u00e8re autonome, notamment les m\u00e9taux lourds tels que le mercure, le plomb, le nickel, le cadmium et le lithium.<\/p>\n\n<p>Pour plus d\u2019informations sur le recyclage des DEEE, consultez le site Internet ERP Portugal \u00e0 l\u2019adresse <a href=\"https:\/\/eureciclo.pt\/\">eureciclo.pt.<\/a><\/p>\n\n<p>Conform\u00e9ment \u00e0 l\u2019objectif de Mota-Engil ATIV (Valoriser les actifs, en transformant la communaut\u00e9 pour un avenir plus durable), le d\u00e9partement informatique a rassembl\u00e9 plusieurs DEEE r\u00e9sultant de son activit\u00e9 et a collect\u00e9 plus de 300 kg de d\u00e9chets pour le recyclage\/la valorisation par ERP Portugal.<\/p>\n\n<p>C\u2019est notre dessein et c\u2019est toujours avec une grande satisfaction que nous contribuons \u00e0 la durabilit\u00e9 de notre plan\u00e8te!<\/p>\n","protected":false},"excerpt":{"rendered":"<p>Nous partageons certaines informations utiles sur la mani\u00e8re de traiter les d\u00e9chets d\u2019\u00e9quipements \u00e9lectriques et \u00e9lectroniques (DEEE) \u2013 \u00e9lectrom\u00e9nagers, ordinateurs, t\u00e9l\u00e9phones mobiles, lampes, entre autres.<\/p>\n","protected":false},"author":2,"featured_media":6958,"comment_status":"open","ping_status":"open","sticky":false,"template":"","format":"standard","meta":{"_acf_changed":false,"footnotes":""},"categories":[15],"tags":[],"class_list":["post-7093","post","type-post","status-publish","format-standard","has-post-thumbnail","hentry","category-articles"],"acf":[],"yoast_head":"<!-- This site is optimized with the Yoast SEO plugin v27.5 - https:\/\/yoast.com\/product\/yoast-seo-wordpress\/ -->\n<title>Recycler le pr\u00e9sent pour un avenir plus durable - Mota-Engil ATIV<\/title>\n<meta name=\"robots\" content=\"index, follow, max-snippet:-1, max-image-preview:large, max-video-preview:-1\" \/>\n<link rel=\"canonical\" href=\"https:\/\/www.ativ.pt\/fr\/2022\/12\/30\/recycler-le-present-pour-un-avenir-plus-durable\/\" \/>\n<meta property=\"og:locale\" content=\"fr_FR\" \/>\n<meta property=\"og:type\" content=\"article\" \/>\n<meta property=\"og:title\" content=\"Recycler le pr\u00e9sent pour un avenir plus durable - Mota-Engil ATIV\" \/>\n<meta property=\"og:description\" content=\"Nous partageons certaines informations utiles sur la mani\u00e8re de traiter les d\u00e9chets d\u2019\u00e9quipements \u00e9lectriques et \u00e9lectroniques (DEEE) \u2013 \u00e9lectrom\u00e9nagers, ordinateurs, t\u00e9l\u00e9phones mobiles, lampes, entre autres.\" \/>\n<meta property=\"og:url\" content=\"https:\/\/www.ativ.pt\/fr\/2022\/12\/30\/recycler-le-present-pour-un-avenir-plus-durable\/\" \/>\n<meta property=\"og:site_name\" content=\"Mota-Engil ATIV\" \/>\n<meta property=\"article:publisher\" content=\"https:\/\/www.facebook.com\/MotaEngilATIV\/\" \/>\n<meta property=\"article:published_time\" content=\"2022-12-30T10:29:02+00:00\" \/>\n<meta property=\"article:modified_time\" content=\"2023-01-31T16:23:17+00:00\" \/>\n<meta property=\"og:image\" content=\"https:\/\/www.ativ.pt\/wp-content\/uploads\/2022\/12\/reciclar.jpg\" \/>\n\t<meta property=\"og:image:width\" content=\"744\" \/>\n\t<meta property=\"og:image:height\" content=\"549\" \/>\n\t<meta property=\"og:image:type\" content=\"image\/jpeg\" \/>\n<meta name=\"author\" content=\"Susana Guerreiro\" \/>\n<meta name=\"twitter:card\" content=\"summary_large_image\" \/>\n<meta name=\"twitter:label1\" content=\"\u00c9crit par\" \/>\n\t<meta name=\"twitter:data1\" content=\"Susana Guerreiro\" \/>\n\t<meta name=\"twitter:label2\" content=\"Dur\u00e9e de lecture estim\u00e9e\" \/>\n\t<meta name=\"twitter:data2\" content=\"1 minute\" \/>\n<script type=\"application\/ld+json\" class=\"yoast-schema-graph\">{\"@context\":\"https:\\\/\\\/schema.org\",\"@graph\":[{\"@type\":\"Article\",\"@id\":\"https:\\\/\\\/www.ativ.pt\\\/fr\\\/2022\\\/12\\\/30\\\/recycler-le-present-pour-un-avenir-plus-durable\\\/#article\",\"isPartOf\":{\"@id\":\"https:\\\/\\\/www.ativ.pt\\\/fr\\\/2022\\\/12\\\/30\\\/recycler-le-present-pour-un-avenir-plus-durable\\\/\"},\"author\":{\"name\":\"Susana Guerreiro\",\"@id\":\"https:\\\/\\\/www.ativ.pt\\\/fr\\\/#\\\/schema\\\/person\\\/76cd49f91ef96b6902453415264f0c55\"},\"headline\":\"Recycler le pr\u00e9sent pour un avenir plus durable\",\"datePublished\":\"2022-12-30T10:29:02+00:00\",\"dateModified\":\"2023-01-31T16:23:17+00:00\",\"mainEntityOfPage\":{\"@id\":\"https:\\\/\\\/www.ativ.pt\\\/fr\\\/2022\\\/12\\\/30\\\/recycler-le-present-pour-un-avenir-plus-durable\\\/\"},\"wordCount\":307,\"commentCount\":0,\"publisher\":{\"@id\":\"https:\\\/\\\/www.ativ.pt\\\/fr\\\/#organization\"},\"image\":{\"@id\":\"https:\\\/\\\/www.ativ.pt\\\/fr\\\/2022\\\/12\\\/30\\\/recycler-le-present-pour-un-avenir-plus-durable\\\/#primaryimage\"},\"thumbnailUrl\":\"https:\\\/\\\/www.ativ.pt\\\/wp-content\\\/uploads\\\/2022\\\/12\\\/reciclar.jpg\",\"articleSection\":[\"Article\"],\"inLanguage\":\"fr-FR\",\"potentialAction\":[{\"@type\":\"CommentAction\",\"name\":\"Comment\",\"target\":[\"https:\\\/\\\/www.ativ.pt\\\/fr\\\/2022\\\/12\\\/30\\\/recycler-le-present-pour-un-avenir-plus-durable\\\/#respond\"]}]},{\"@type\":\"WebPage\",\"@id\":\"https:\\\/\\\/www.ativ.pt\\\/fr\\\/2022\\\/12\\\/30\\\/recycler-le-present-pour-un-avenir-plus-durable\\\/\",\"url\":\"https:\\\/\\\/www.ativ.pt\\\/fr\\\/2022\\\/12\\\/30\\\/recycler-le-present-pour-un-avenir-plus-durable\\\/\",\"name\":\"Recycler le pr\u00e9sent pour un avenir plus durable - Mota-Engil ATIV\",\"isPartOf\":{\"@id\":\"https:\\\/\\\/www.ativ.pt\\\/fr\\\/#website\"},\"primaryImageOfPage\":{\"@id\":\"https:\\\/\\\/www.ativ.pt\\\/fr\\\/2022\\\/12\\\/30\\\/recycler-le-present-pour-un-avenir-plus-durable\\\/#primaryimage\"},\"image\":{\"@id\":\"https:\\\/\\\/www.ativ.pt\\\/fr\\\/2022\\\/12\\\/30\\\/recycler-le-present-pour-un-avenir-plus-durable\\\/#primaryimage\"},\"thumbnailUrl\":\"https:\\\/\\\/www.ativ.pt\\\/wp-content\\\/uploads\\\/2022\\\/12\\\/reciclar.jpg\",\"datePublished\":\"2022-12-30T10:29:02+00:00\",\"dateModified\":\"2023-01-31T16:23:17+00:00\",\"breadcrumb\":{\"@id\":\"https:\\\/\\\/www.ativ.pt\\\/fr\\\/2022\\\/12\\\/30\\\/recycler-le-present-pour-un-avenir-plus-durable\\\/#breadcrumb\"},\"inLanguage\":\"fr-FR\",\"potentialAction\":[{\"@type\":\"ReadAction\",\"target\":[\"https:\\\/\\\/www.ativ.pt\\\/fr\\\/2022\\\/12\\\/30\\\/recycler-le-present-pour-un-avenir-plus-durable\\\/\"]}]},{\"@type\":\"ImageObject\",\"inLanguage\":\"fr-FR\",\"@id\":\"https:\\\/\\\/www.ativ.pt\\\/fr\\\/2022\\\/12\\\/30\\\/recycler-le-present-pour-un-avenir-plus-durable\\\/#primaryimage\",\"url\":\"https:\\\/\\\/www.ativ.pt\\\/wp-content\\\/uploads\\\/2022\\\/12\\\/reciclar.jpg\",\"contentUrl\":\"https:\\\/\\\/www.ativ.pt\\\/wp-content\\\/uploads\\\/2022\\\/12\\\/reciclar.jpg\",\"width\":744,\"height\":549},{\"@type\":\"BreadcrumbList\",\"@id\":\"https:\\\/\\\/www.ativ.pt\\\/fr\\\/2022\\\/12\\\/30\\\/recycler-le-present-pour-un-avenir-plus-durable\\\/#breadcrumb\",\"itemListElement\":[{\"@type\":\"ListItem\",\"position\":1,\"name\":\"In\u00edcio\",\"item\":\"https:\\\/\\\/www.ativ.pt\\\/fr\\\/\"},{\"@type\":\"ListItem\",\"position\":2,\"name\":\"Recycler le pr\u00e9sent pour un avenir plus durable\"}]},{\"@type\":\"WebSite\",\"@id\":\"https:\\\/\\\/www.ativ.pt\\\/fr\\\/#website\",\"url\":\"https:\\\/\\\/www.ativ.pt\\\/fr\\\/\",\"name\":\"Mota-Engil ATIV\",\"description\":\"Gest\u00e3o e Manuten\u00e7\u00e3o de Ativos\",\"publisher\":{\"@id\":\"https:\\\/\\\/www.ativ.pt\\\/fr\\\/#organization\"},\"potentialAction\":[{\"@type\":\"SearchAction\",\"target\":{\"@type\":\"EntryPoint\",\"urlTemplate\":\"https:\\\/\\\/www.ativ.pt\\\/fr\\\/?s={search_term_string}\"},\"query-input\":{\"@type\":\"PropertyValueSpecification\",\"valueRequired\":true,\"valueName\":\"search_term_string\"}}],\"inLanguage\":\"fr-FR\"},{\"@type\":\"Organization\",\"@id\":\"https:\\\/\\\/www.ativ.pt\\\/fr\\\/#organization\",\"name\":\"Mota-Engil ATIV\",\"url\":\"https:\\\/\\\/www.ativ.pt\\\/fr\\\/\",\"logo\":{\"@type\":\"ImageObject\",\"inLanguage\":\"fr-FR\",\"@id\":\"https:\\\/\\\/www.ativ.pt\\\/fr\\\/#\\\/schema\\\/logo\\\/image\\\/\",\"url\":\"https:\\\/\\\/www.ativ.pt\\\/wp-content\\\/uploads\\\/2022\\\/04\\\/logo-ativ-cor-1.svg\",\"contentUrl\":\"https:\\\/\\\/www.ativ.pt\\\/wp-content\\\/uploads\\\/2022\\\/04\\\/logo-ativ-cor-1.svg\",\"width\":250,\"height\":100,\"caption\":\"Mota-Engil ATIV\"},\"image\":{\"@id\":\"https:\\\/\\\/www.ativ.pt\\\/fr\\\/#\\\/schema\\\/logo\\\/image\\\/\"},\"sameAs\":[\"https:\\\/\\\/www.facebook.com\\\/MotaEngilATIV\\\/\",\"https:\\\/\\\/www.instagram.com\\\/mota_engil_ativ\\\/\",\"https:\\\/\\\/www.linkedin.com\\\/company\\\/motaengil-ativ\"]},{\"@type\":\"Person\",\"@id\":\"https:\\\/\\\/www.ativ.pt\\\/fr\\\/#\\\/schema\\\/person\\\/76cd49f91ef96b6902453415264f0c55\",\"name\":\"Susana Guerreiro\"}]}<\/script>\n<!-- \/ Yoast SEO plugin. -->","yoast_head_json":{"title":"Recycler le pr\u00e9sent pour un avenir plus durable - Mota-Engil ATIV","robots":{"index":"index","follow":"follow","max-snippet":"max-snippet:-1","max-image-preview":"max-image-preview:large","max-video-preview":"max-video-preview:-1"},"canonical":"https:\/\/www.ativ.pt\/fr\/2022\/12\/30\/recycler-le-present-pour-un-avenir-plus-durable\/","og_locale":"fr_FR","og_type":"article","og_title":"Recycler le pr\u00e9sent pour un avenir plus durable - Mota-Engil ATIV","og_description":"Nous partageons certaines informations utiles sur la mani\u00e8re de traiter les d\u00e9chets d\u2019\u00e9quipements \u00e9lectriques et \u00e9lectroniques (DEEE) \u2013 \u00e9lectrom\u00e9nagers, ordinateurs, t\u00e9l\u00e9phones mobiles, lampes, entre autres.","og_url":"https:\/\/www.ativ.pt\/fr\/2022\/12\/30\/recycler-le-present-pour-un-avenir-plus-durable\/","og_site_name":"Mota-Engil ATIV","article_publisher":"https:\/\/www.facebook.com\/MotaEngilATIV\/","article_published_time":"2022-12-30T10:29:02+00:00","article_modified_time":"2023-01-31T16:23:17+00:00","og_image":[{"width":744,"height":549,"url":"https:\/\/www.ativ.pt\/wp-content\/uploads\/2022\/12\/reciclar.jpg","type":"image\/jpeg"}],"author":"Susana Guerreiro","twitter_card":"summary_large_image","twitter_misc":{"\u00c9crit par":"Susana Guerreiro","Dur\u00e9e de lecture estim\u00e9e":"1 minute"},"schema":{"@context":"https:\/\/schema.org","@graph":[{"@type":"Article","@id":"https:\/\/www.ativ.pt\/fr\/2022\/12\/30\/recycler-le-present-pour-un-avenir-plus-durable\/#article","isPartOf":{"@id":"https:\/\/www.ativ.pt\/fr\/2022\/12\/30\/recycler-le-present-pour-un-avenir-plus-durable\/"},"author":{"name":"Susana Guerreiro","@id":"https:\/\/www.ativ.pt\/fr\/#\/schema\/person\/76cd49f91ef96b6902453415264f0c55"},"headline":"Recycler le pr\u00e9sent pour un avenir plus durable","datePublished":"2022-12-30T10:29:02+00:00","dateModified":"2023-01-31T16:23:17+00:00","mainEntityOfPage":{"@id":"https:\/\/www.ativ.pt\/fr\/2022\/12\/30\/recycler-le-present-pour-un-avenir-plus-durable\/"},"wordCount":307,"commentCount":0,"publisher":{"@id":"https:\/\/www.ativ.pt\/fr\/#organization"},"image":{"@id":"https:\/\/www.ativ.pt\/fr\/2022\/12\/30\/recycler-le-present-pour-un-avenir-plus-durable\/#primaryimage"},"thumbnailUrl":"https:\/\/www.ativ.pt\/wp-content\/uploads\/2022\/12\/reciclar.jpg","articleSection":["Article"],"inLanguage":"fr-FR","potentialAction":[{"@type":"CommentAction","name":"Comment","target":["https:\/\/www.ativ.pt\/fr\/2022\/12\/30\/recycler-le-present-pour-un-avenir-plus-durable\/#respond"]}]},{"@type":"WebPage","@id":"https:\/\/www.ativ.pt\/fr\/2022\/12\/30\/recycler-le-present-pour-un-avenir-plus-durable\/","url":"https:\/\/www.ativ.pt\/fr\/2022\/12\/30\/recycler-le-present-pour-un-avenir-plus-durable\/","name":"Recycler le pr\u00e9sent pour un avenir plus durable - Mota-Engil ATIV","isPartOf":{"@id":"https:\/\/www.ativ.pt\/fr\/#website"},"primaryImageOfPage":{"@id":"https:\/\/www.ativ.pt\/fr\/2022\/12\/30\/recycler-le-present-pour-un-avenir-plus-durable\/#primaryimage"},"image":{"@id":"https:\/\/www.ativ.pt\/fr\/2022\/12\/30\/recycler-le-present-pour-un-avenir-plus-durable\/#primaryimage"},"thumbnailUrl":"https:\/\/www.ativ.pt\/wp-content\/uploads\/2022\/12\/reciclar.jpg","datePublished":"2022-12-30T10:29:02+00:00","dateModified":"2023-01-31T16:23:17+00:00","breadcrumb":{"@id":"https:\/\/www.ativ.pt\/fr\/2022\/12\/30\/recycler-le-present-pour-un-avenir-plus-durable\/#breadcrumb"},"inLanguage":"fr-FR","potentialAction":[{"@type":"ReadAction","target":["https:\/\/www.ativ.pt\/fr\/2022\/12\/30\/recycler-le-present-pour-un-avenir-plus-durable\/"]}]},{"@type":"ImageObject","inLanguage":"fr-FR","@id":"https:\/\/www.ativ.pt\/fr\/2022\/12\/30\/recycler-le-present-pour-un-avenir-plus-durable\/#primaryimage","url":"https:\/\/www.ativ.pt\/wp-content\/uploads\/2022\/12\/reciclar.jpg","contentUrl":"https:\/\/www.ativ.pt\/wp-content\/uploads\/2022\/12\/reciclar.jpg","width":744,"height":549},{"@type":"BreadcrumbList","@id":"https:\/\/www.ativ.pt\/fr\/2022\/12\/30\/recycler-le-present-pour-un-avenir-plus-durable\/#breadcrumb","itemListElement":[{"@type":"ListItem","position":1,"name":"In\u00edcio","item":"https:\/\/www.ativ.pt\/fr\/"},{"@type":"ListItem","position":2,"name":"Recycler le pr\u00e9sent pour un avenir plus durable"}]},{"@type":"WebSite","@id":"https:\/\/www.ativ.pt\/fr\/#website","url":"https:\/\/www.ativ.pt\/fr\/","name":"Mota-Engil ATIV","description":"Gest\u00e3o e Manuten\u00e7\u00e3o de Ativos","publisher":{"@id":"https:\/\/www.ativ.pt\/fr\/#organization"},"potentialAction":[{"@type":"SearchAction","target":{"@type":"EntryPoint","urlTemplate":"https:\/\/www.ativ.pt\/fr\/?s={search_term_string}"},"query-input":{"@type":"PropertyValueSpecification","valueRequired":true,"valueName":"search_term_string"}}],"inLanguage":"fr-FR"},{"@type":"Organization","@id":"https:\/\/www.ativ.pt\/fr\/#organization","name":"Mota-Engil ATIV","url":"https:\/\/www.ativ.pt\/fr\/","logo":{"@type":"ImageObject","inLanguage":"fr-FR","@id":"https:\/\/www.ativ.pt\/fr\/#\/schema\/logo\/image\/","url":"https:\/\/www.ativ.pt\/wp-content\/uploads\/2022\/04\/logo-ativ-cor-1.svg","contentUrl":"https:\/\/www.ativ.pt\/wp-content\/uploads\/2022\/04\/logo-ativ-cor-1.svg","width":250,"height":100,"caption":"Mota-Engil ATIV"},"image":{"@id":"https:\/\/www.ativ.pt\/fr\/#\/schema\/logo\/image\/"},"sameAs":["https:\/\/www.facebook.com\/MotaEngilATIV\/","https:\/\/www.instagram.com\/mota_engil_ativ\/","https:\/\/www.linkedin.com\/company\/motaengil-ativ"]},{"@type":"Person","@id":"https:\/\/www.ativ.pt\/fr\/#\/schema\/person\/76cd49f91ef96b6902453415264f0c55","name":"Susana Guerreiro"}]}},"_links":{"self":[{"href":"https:\/\/www.ativ.pt\/fr\/wp-json\/wp\/v2\/posts\/7093","targetHints":{"allow":["GET"]}}],"collection":[{"href":"https:\/\/www.ativ.pt\/fr\/wp-json\/wp\/v2\/posts"}],"about":[{"href":"https:\/\/www.ativ.pt\/fr\/wp-json\/wp\/v2\/types\/post"}],"author":[{"embeddable":true,"href":"https:\/\/www.ativ.pt\/fr\/wp-json\/wp\/v2\/users\/2"}],"replies":[{"embeddable":true,"href":"https:\/\/www.ativ.pt\/fr\/wp-json\/wp\/v2\/comments?post=7093"}],"version-history":[{"count":1,"href":"https:\/\/www.ativ.pt\/fr\/wp-json\/wp\/v2\/posts\/7093\/revisions"}],"predecessor-version":[{"id":7094,"href":"https:\/\/www.ativ.pt\/fr\/wp-json\/wp\/v2\/posts\/7093\/revisions\/7094"}],"wp:featuredmedia":[{"embeddable":true,"href":"https:\/\/www.ativ.pt\/fr\/wp-json\/wp\/v2\/media\/6958"}],"wp:attachment":[{"href":"https:\/\/www.ativ.pt\/fr\/wp-json\/wp\/v2\/media?parent=7093"}],"wp:term":[{"taxonomy":"category","embeddable":true,"href":"https:\/\/www.ativ.pt\/fr\/wp-json\/wp\/v2\/categories?post=7093"},{"taxonomy":"post_tag","embeddable":true,"href":"https:\/\/www.ativ.pt\/fr\/wp-json\/wp\/v2\/tags?post=7093"}],"curies":[{"name":"wp","href":"https:\/\/api.w.org\/{rel}","templated":true}]}}