{"id":7018,"date":"2022-11-17T12:25:15","date_gmt":"2022-11-17T12:25:15","guid":{"rendered":"https:\/\/www.ativ.pt\/2022\/11\/17\/nouvelle-station-de-traitement-de-leau-pour-lhemodialyse-a-lhopital-de-lile-de-terceira\/"},"modified":"2023-01-05T12:14:57","modified_gmt":"2023-01-05T12:14:57","slug":"nouvelle-station-de-traitement-de-leau-pour-lhemodialyse-a-lhopital-de-lile-de-terceira","status":"publish","type":"post","link":"https:\/\/www.ativ.pt\/fr\/2022\/11\/17\/nouvelle-station-de-traitement-de-leau-pour-lhemodialyse-a-lhopital-de-lile-de-terceira\/","title":{"rendered":"Nouvelle station de traitement de l\u2019eau pour l\u2019h\u00e9modialyse \u00e0 l\u2019h\u00f4pital de l\u2019\u00eele de Terceira"},"content":{"rendered":"\n<p>La nouvelle station de traitement de l\u2019eau pour l\u2019h\u00e9modialyse de l\u2019h\u00f4pital Santo Esp\u00edrito de l\u2019\u00eele de Terceira (HSEIT), aux A\u00e7ores, a \u00e9t\u00e9 inaugur\u00e9e le jour o\u00f9 l\u2019h\u00f4pital comm\u00e9morait son 530e anniversaire. <a href=\"https:\/\/www.hseit.pt\/node\/12\">https:\/\/www.hseit.pt\/node\/12<\/a><\/p>\n\n<p>Mota-Engil ATIV \u00e9tait pr\u00e9sente en tant que partie constitutive du groupement d\u2019int\u00e9r\u00eat \u00e9conomique, Ha\u00e7or M, qui r\u00e9alise la maintenance g\u00e9n\u00e9rale de toutes les installations et des \u00e9quipements de l\u2019h\u00f4pital depuis 2012.<\/p>\n\n<div class=\"wp-block-columns is-layout-flex wp-container-core-columns-is-layout-9d6595d7 wp-block-columns-is-layout-flex\">\n<div class=\"wp-block-column is-layout-flow wp-block-column-is-layout-flow\">\n<figure class=\"wp-block-image size-full\"><img fetchpriority=\"high\" decoding=\"async\" width=\"1024\" height=\"768\" src=\"https:\/\/www.ativ.pt\/wp-content\/uploads\/2022\/11\/IMG-20221111-WA0027.jpg\" alt=\"\" class=\"wp-image-6620\" srcset=\"https:\/\/www.ativ.pt\/wp-content\/uploads\/2022\/11\/IMG-20221111-WA0027.jpg 1024w, https:\/\/www.ativ.pt\/wp-content\/uploads\/2022\/11\/IMG-20221111-WA0027-300x225.jpg 300w, https:\/\/www.ativ.pt\/wp-content\/uploads\/2022\/11\/IMG-20221111-WA0027-768x576.jpg 768w\" sizes=\"(max-width: 1024px) 100vw, 1024px\" \/><\/figure>\n<\/div>\n\n\n\n<div class=\"wp-block-column is-layout-flow wp-block-column-is-layout-flow\">\n<figure class=\"wp-block-image size-full\"><img decoding=\"async\" width=\"1024\" height=\"768\" src=\"https:\/\/www.ativ.pt\/wp-content\/uploads\/2022\/11\/IMG-20221111-WA0028.jpg\" alt=\"\" class=\"wp-image-6624\" srcset=\"https:\/\/www.ativ.pt\/wp-content\/uploads\/2022\/11\/IMG-20221111-WA0028.jpg 1024w, https:\/\/www.ativ.pt\/wp-content\/uploads\/2022\/11\/IMG-20221111-WA0028-300x225.jpg 300w, https:\/\/www.ativ.pt\/wp-content\/uploads\/2022\/11\/IMG-20221111-WA0028-768x576.jpg 768w\" sizes=\"(max-width: 1024px) 100vw, 1024px\" \/><\/figure>\n<\/div>\n<\/div>\n\n<p>Cette nouvelle station de traitement de l\u2019eau pour l\u2019h\u00e9modialyse permettra de mettre en \u0153uvre des techniques plus avanc\u00e9es et d\u2019\u00e9conomiser 3 500 m\u00e8tres cubes d\u2019eau par an.<\/p>\n\n<p>En service depuis un mois et demi, elle a d\u00e9j\u00e0 prouv\u00e9 sa fiabilit\u00e9 et son efficacit\u00e9, selon le conseil d\u2019administration, qui souligne qu\u2019il s\u2019agit d\u2019un saut qualitatif en termes technologique et scientifique, \u00ab mais aussi en mati\u00e8re environnementale, de durabilit\u00e9 et surtout en termes de s\u00e9curit\u00e9, de fiabilit\u00e9 et de qualit\u00e9 du service fourni au patient \u00bb. Gr\u00e2ce \u00e0 une large exp\u00e9rience dans la fourniture de services int\u00e9gr\u00e9s de \u00ab Facilities \u00bb, en particulier dans la gestion de la maintenance, Mota-Engil ATIV exerce son activit\u00e9 s\u2019attachant \u00e0 garantir un environnement s\u00fbr, fonctionnel et op\u00e9rationnel dans l\u2019utilisation des b\u00e2timents et des espaces environnants.<\/p>\n","protected":false},"excerpt":{"rendered":"<p>Mota-Engil ATIV \u00e9tait pr\u00e9sente en tant que partie constitutive du groupement d\u2019int\u00e9r\u00eat \u00e9conomique, Ha\u00e7or M, qui r\u00e9alise la maintenance g\u00e9n\u00e9rale de toutes les installations et des \u00e9quipements de l\u2019h\u00f4pital depuis 2012.<\/p>\n","protected":false},"author":2,"featured_media":6626,"comment_status":"open","ping_status":"open","sticky":false,"template":"","format":"standard","meta":{"_acf_changed":false,"footnotes":""},"categories":[15],"tags":[],"class_list":["post-7018","post","type-post","status-publish","format-standard","has-post-thumbnail","hentry","category-articles"],"acf":[],"yoast_head":"<!-- This site is optimized with the Yoast SEO plugin v27.5 - https:\/\/yoast.com\/product\/yoast-seo-wordpress\/ -->\n<title>Nouvelle station de traitement de l\u2019eau pour l\u2019h\u00e9modialyse \u00e0 l\u2019h\u00f4pital de l\u2019\u00eele de Terceira - Mota-Engil ATIV<\/title>\n<meta name=\"robots\" content=\"index, follow, max-snippet:-1, max-image-preview:large, max-video-preview:-1\" \/>\n<link rel=\"canonical\" href=\"https:\/\/www.ativ.pt\/fr\/2022\/11\/17\/nouvelle-station-de-traitement-de-leau-pour-lhemodialyse-a-lhopital-de-lile-de-terceira\/\" \/>\n<meta property=\"og:locale\" content=\"fr_FR\" \/>\n<meta property=\"og:type\" content=\"article\" \/>\n<meta property=\"og:title\" content=\"Nouvelle station de traitement de l\u2019eau pour l\u2019h\u00e9modialyse \u00e0 l\u2019h\u00f4pital de l\u2019\u00eele de Terceira - Mota-Engil ATIV\" \/>\n<meta property=\"og:description\" content=\"Mota-Engil ATIV \u00e9tait pr\u00e9sente en tant que partie constitutive du groupement d\u2019int\u00e9r\u00eat \u00e9conomique, Ha\u00e7or M, qui r\u00e9alise la maintenance g\u00e9n\u00e9rale de toutes les installations et des \u00e9quipements de l\u2019h\u00f4pital depuis 2012.\" \/>\n<meta property=\"og:url\" content=\"https:\/\/www.ativ.pt\/fr\/2022\/11\/17\/nouvelle-station-de-traitement-de-leau-pour-lhemodialyse-a-lhopital-de-lile-de-terceira\/\" \/>\n<meta property=\"og:site_name\" content=\"Mota-Engil ATIV\" \/>\n<meta property=\"article:publisher\" content=\"https:\/\/www.facebook.com\/MotaEngilATIV\/\" \/>\n<meta property=\"article:published_time\" content=\"2022-11-17T12:25:15+00:00\" \/>\n<meta property=\"article:modified_time\" content=\"2023-01-05T12:14:57+00:00\" \/>\n<meta property=\"og:image\" content=\"https:\/\/www.ativ.pt\/wp-content\/uploads\/2022\/11\/IMG-20221111-WA0028.jpg\" \/>\n\t<meta property=\"og:image:width\" content=\"1024\" \/>\n\t<meta property=\"og:image:height\" content=\"768\" \/>\n\t<meta property=\"og:image:type\" content=\"image\/jpeg\" \/>\n<meta name=\"author\" content=\"Susana Guerreiro\" \/>\n<meta name=\"twitter:card\" content=\"summary_large_image\" \/>\n<meta name=\"twitter:label1\" content=\"\u00c9crit par\" \/>\n\t<meta name=\"twitter:data1\" content=\"Susana Guerreiro\" \/>\n\t<meta name=\"twitter:label2\" content=\"Dur\u00e9e de lecture estim\u00e9e\" \/>\n\t<meta name=\"twitter:data2\" content=\"1 minute\" \/>\n<script type=\"application\/ld+json\" class=\"yoast-schema-graph\">{\"@context\":\"https:\\\/\\\/schema.org\",\"@graph\":[{\"@type\":\"Article\",\"@id\":\"https:\\\/\\\/www.ativ.pt\\\/fr\\\/2022\\\/11\\\/17\\\/nouvelle-station-de-traitement-de-leau-pour-lhemodialyse-a-lhopital-de-lile-de-terceira\\\/#article\",\"isPartOf\":{\"@id\":\"https:\\\/\\\/www.ativ.pt\\\/fr\\\/2022\\\/11\\\/17\\\/nouvelle-station-de-traitement-de-leau-pour-lhemodialyse-a-lhopital-de-lile-de-terceira\\\/\"},\"author\":{\"name\":\"Susana Guerreiro\",\"@id\":\"https:\\\/\\\/www.ativ.pt\\\/fr\\\/#\\\/schema\\\/person\\\/76cd49f91ef96b6902453415264f0c55\"},\"headline\":\"Nouvelle station de traitement de l\u2019eau pour l\u2019h\u00e9modialyse \u00e0 l\u2019h\u00f4pital de l\u2019\u00eele de Terceira\",\"datePublished\":\"2022-11-17T12:25:15+00:00\",\"dateModified\":\"2023-01-05T12:14:57+00:00\",\"mainEntityOfPage\":{\"@id\":\"https:\\\/\\\/www.ativ.pt\\\/fr\\\/2022\\\/11\\\/17\\\/nouvelle-station-de-traitement-de-leau-pour-lhemodialyse-a-lhopital-de-lile-de-terceira\\\/\"},\"wordCount\":251,\"commentCount\":0,\"publisher\":{\"@id\":\"https:\\\/\\\/www.ativ.pt\\\/fr\\\/#organization\"},\"image\":{\"@id\":\"https:\\\/\\\/www.ativ.pt\\\/fr\\\/2022\\\/11\\\/17\\\/nouvelle-station-de-traitement-de-leau-pour-lhemodialyse-a-lhopital-de-lile-de-terceira\\\/#primaryimage\"},\"thumbnailUrl\":\"https:\\\/\\\/www.ativ.pt\\\/wp-content\\\/uploads\\\/2022\\\/11\\\/IMG-20221111-WA0028.jpg\",\"articleSection\":[\"Article\"],\"inLanguage\":\"fr-FR\",\"potentialAction\":[{\"@type\":\"CommentAction\",\"name\":\"Comment\",\"target\":[\"https:\\\/\\\/www.ativ.pt\\\/fr\\\/2022\\\/11\\\/17\\\/nouvelle-station-de-traitement-de-leau-pour-lhemodialyse-a-lhopital-de-lile-de-terceira\\\/#respond\"]}]},{\"@type\":\"WebPage\",\"@id\":\"https:\\\/\\\/www.ativ.pt\\\/fr\\\/2022\\\/11\\\/17\\\/nouvelle-station-de-traitement-de-leau-pour-lhemodialyse-a-lhopital-de-lile-de-terceira\\\/\",\"url\":\"https:\\\/\\\/www.ativ.pt\\\/fr\\\/2022\\\/11\\\/17\\\/nouvelle-station-de-traitement-de-leau-pour-lhemodialyse-a-lhopital-de-lile-de-terceira\\\/\",\"name\":\"Nouvelle station de traitement de l\u2019eau pour l\u2019h\u00e9modialyse \u00e0 l\u2019h\u00f4pital de l\u2019\u00eele de Terceira - Mota-Engil ATIV\",\"isPartOf\":{\"@id\":\"https:\\\/\\\/www.ativ.pt\\\/fr\\\/#website\"},\"primaryImageOfPage\":{\"@id\":\"https:\\\/\\\/www.ativ.pt\\\/fr\\\/2022\\\/11\\\/17\\\/nouvelle-station-de-traitement-de-leau-pour-lhemodialyse-a-lhopital-de-lile-de-terceira\\\/#primaryimage\"},\"image\":{\"@id\":\"https:\\\/\\\/www.ativ.pt\\\/fr\\\/2022\\\/11\\\/17\\\/nouvelle-station-de-traitement-de-leau-pour-lhemodialyse-a-lhopital-de-lile-de-terceira\\\/#primaryimage\"},\"thumbnailUrl\":\"https:\\\/\\\/www.ativ.pt\\\/wp-content\\\/uploads\\\/2022\\\/11\\\/IMG-20221111-WA0028.jpg\",\"datePublished\":\"2022-11-17T12:25:15+00:00\",\"dateModified\":\"2023-01-05T12:14:57+00:00\",\"breadcrumb\":{\"@id\":\"https:\\\/\\\/www.ativ.pt\\\/fr\\\/2022\\\/11\\\/17\\\/nouvelle-station-de-traitement-de-leau-pour-lhemodialyse-a-lhopital-de-lile-de-terceira\\\/#breadcrumb\"},\"inLanguage\":\"fr-FR\",\"potentialAction\":[{\"@type\":\"ReadAction\",\"target\":[\"https:\\\/\\\/www.ativ.pt\\\/fr\\\/2022\\\/11\\\/17\\\/nouvelle-station-de-traitement-de-leau-pour-lhemodialyse-a-lhopital-de-lile-de-terceira\\\/\"]}]},{\"@type\":\"ImageObject\",\"inLanguage\":\"fr-FR\",\"@id\":\"https:\\\/\\\/www.ativ.pt\\\/fr\\\/2022\\\/11\\\/17\\\/nouvelle-station-de-traitement-de-leau-pour-lhemodialyse-a-lhopital-de-lile-de-terceira\\\/#primaryimage\",\"url\":\"https:\\\/\\\/www.ativ.pt\\\/wp-content\\\/uploads\\\/2022\\\/11\\\/IMG-20221111-WA0028.jpg\",\"contentUrl\":\"https:\\\/\\\/www.ativ.pt\\\/wp-content\\\/uploads\\\/2022\\\/11\\\/IMG-20221111-WA0028.jpg\",\"width\":1024,\"height\":768},{\"@type\":\"BreadcrumbList\",\"@id\":\"https:\\\/\\\/www.ativ.pt\\\/fr\\\/2022\\\/11\\\/17\\\/nouvelle-station-de-traitement-de-leau-pour-lhemodialyse-a-lhopital-de-lile-de-terceira\\\/#breadcrumb\",\"itemListElement\":[{\"@type\":\"ListItem\",\"position\":1,\"name\":\"In\u00edcio\",\"item\":\"https:\\\/\\\/www.ativ.pt\\\/fr\\\/\"},{\"@type\":\"ListItem\",\"position\":2,\"name\":\"Nouvelle station de traitement de l\u2019eau pour l\u2019h\u00e9modialyse \u00e0 l\u2019h\u00f4pital de l\u2019\u00eele de Terceira\"}]},{\"@type\":\"WebSite\",\"@id\":\"https:\\\/\\\/www.ativ.pt\\\/fr\\\/#website\",\"url\":\"https:\\\/\\\/www.ativ.pt\\\/fr\\\/\",\"name\":\"Mota-Engil ATIV\",\"description\":\"Gest\u00e3o e Manuten\u00e7\u00e3o de Ativos\",\"publisher\":{\"@id\":\"https:\\\/\\\/www.ativ.pt\\\/fr\\\/#organization\"},\"potentialAction\":[{\"@type\":\"SearchAction\",\"target\":{\"@type\":\"EntryPoint\",\"urlTemplate\":\"https:\\\/\\\/www.ativ.pt\\\/fr\\\/?s={search_term_string}\"},\"query-input\":{\"@type\":\"PropertyValueSpecification\",\"valueRequired\":true,\"valueName\":\"search_term_string\"}}],\"inLanguage\":\"fr-FR\"},{\"@type\":\"Organization\",\"@id\":\"https:\\\/\\\/www.ativ.pt\\\/fr\\\/#organization\",\"name\":\"Mota-Engil ATIV\",\"url\":\"https:\\\/\\\/www.ativ.pt\\\/fr\\\/\",\"logo\":{\"@type\":\"ImageObject\",\"inLanguage\":\"fr-FR\",\"@id\":\"https:\\\/\\\/www.ativ.pt\\\/fr\\\/#\\\/schema\\\/logo\\\/image\\\/\",\"url\":\"https:\\\/\\\/www.ativ.pt\\\/wp-content\\\/uploads\\\/2022\\\/04\\\/logo-ativ-cor-1.svg\",\"contentUrl\":\"https:\\\/\\\/www.ativ.pt\\\/wp-content\\\/uploads\\\/2022\\\/04\\\/logo-ativ-cor-1.svg\",\"width\":250,\"height\":100,\"caption\":\"Mota-Engil ATIV\"},\"image\":{\"@id\":\"https:\\\/\\\/www.ativ.pt\\\/fr\\\/#\\\/schema\\\/logo\\\/image\\\/\"},\"sameAs\":[\"https:\\\/\\\/www.facebook.com\\\/MotaEngilATIV\\\/\",\"https:\\\/\\\/www.instagram.com\\\/mota_engil_ativ\\\/\",\"https:\\\/\\\/www.linkedin.com\\\/company\\\/motaengil-ativ\"]},{\"@type\":\"Person\",\"@id\":\"https:\\\/\\\/www.ativ.pt\\\/fr\\\/#\\\/schema\\\/person\\\/76cd49f91ef96b6902453415264f0c55\",\"name\":\"Susana Guerreiro\"}]}<\/script>\n<!-- \/ Yoast SEO plugin. -->","yoast_head_json":{"title":"Nouvelle station de traitement de l\u2019eau pour l\u2019h\u00e9modialyse \u00e0 l\u2019h\u00f4pital de l\u2019\u00eele de Terceira - Mota-Engil ATIV","robots":{"index":"index","follow":"follow","max-snippet":"max-snippet:-1","max-image-preview":"max-image-preview:large","max-video-preview":"max-video-preview:-1"},"canonical":"https:\/\/www.ativ.pt\/fr\/2022\/11\/17\/nouvelle-station-de-traitement-de-leau-pour-lhemodialyse-a-lhopital-de-lile-de-terceira\/","og_locale":"fr_FR","og_type":"article","og_title":"Nouvelle station de traitement de l\u2019eau pour l\u2019h\u00e9modialyse \u00e0 l\u2019h\u00f4pital de l\u2019\u00eele de Terceira - Mota-Engil ATIV","og_description":"Mota-Engil ATIV \u00e9tait pr\u00e9sente en tant que partie constitutive du groupement d\u2019int\u00e9r\u00eat \u00e9conomique, Ha\u00e7or M, qui r\u00e9alise la maintenance g\u00e9n\u00e9rale de toutes les installations et des \u00e9quipements de l\u2019h\u00f4pital depuis 2012.","og_url":"https:\/\/www.ativ.pt\/fr\/2022\/11\/17\/nouvelle-station-de-traitement-de-leau-pour-lhemodialyse-a-lhopital-de-lile-de-terceira\/","og_site_name":"Mota-Engil ATIV","article_publisher":"https:\/\/www.facebook.com\/MotaEngilATIV\/","article_published_time":"2022-11-17T12:25:15+00:00","article_modified_time":"2023-01-05T12:14:57+00:00","og_image":[{"width":1024,"height":768,"url":"https:\/\/www.ativ.pt\/wp-content\/uploads\/2022\/11\/IMG-20221111-WA0028.jpg","type":"image\/jpeg"}],"author":"Susana Guerreiro","twitter_card":"summary_large_image","twitter_misc":{"\u00c9crit par":"Susana Guerreiro","Dur\u00e9e de lecture estim\u00e9e":"1 minute"},"schema":{"@context":"https:\/\/schema.org","@graph":[{"@type":"Article","@id":"https:\/\/www.ativ.pt\/fr\/2022\/11\/17\/nouvelle-station-de-traitement-de-leau-pour-lhemodialyse-a-lhopital-de-lile-de-terceira\/#article","isPartOf":{"@id":"https:\/\/www.ativ.pt\/fr\/2022\/11\/17\/nouvelle-station-de-traitement-de-leau-pour-lhemodialyse-a-lhopital-de-lile-de-terceira\/"},"author":{"name":"Susana Guerreiro","@id":"https:\/\/www.ativ.pt\/fr\/#\/schema\/person\/76cd49f91ef96b6902453415264f0c55"},"headline":"Nouvelle station de traitement de l\u2019eau pour l\u2019h\u00e9modialyse \u00e0 l\u2019h\u00f4pital de l\u2019\u00eele de Terceira","datePublished":"2022-11-17T12:25:15+00:00","dateModified":"2023-01-05T12:14:57+00:00","mainEntityOfPage":{"@id":"https:\/\/www.ativ.pt\/fr\/2022\/11\/17\/nouvelle-station-de-traitement-de-leau-pour-lhemodialyse-a-lhopital-de-lile-de-terceira\/"},"wordCount":251,"commentCount":0,"publisher":{"@id":"https:\/\/www.ativ.pt\/fr\/#organization"},"image":{"@id":"https:\/\/www.ativ.pt\/fr\/2022\/11\/17\/nouvelle-station-de-traitement-de-leau-pour-lhemodialyse-a-lhopital-de-lile-de-terceira\/#primaryimage"},"thumbnailUrl":"https:\/\/www.ativ.pt\/wp-content\/uploads\/2022\/11\/IMG-20221111-WA0028.jpg","articleSection":["Article"],"inLanguage":"fr-FR","potentialAction":[{"@type":"CommentAction","name":"Comment","target":["https:\/\/www.ativ.pt\/fr\/2022\/11\/17\/nouvelle-station-de-traitement-de-leau-pour-lhemodialyse-a-lhopital-de-lile-de-terceira\/#respond"]}]},{"@type":"WebPage","@id":"https:\/\/www.ativ.pt\/fr\/2022\/11\/17\/nouvelle-station-de-traitement-de-leau-pour-lhemodialyse-a-lhopital-de-lile-de-terceira\/","url":"https:\/\/www.ativ.pt\/fr\/2022\/11\/17\/nouvelle-station-de-traitement-de-leau-pour-lhemodialyse-a-lhopital-de-lile-de-terceira\/","name":"Nouvelle station de traitement de l\u2019eau pour l\u2019h\u00e9modialyse \u00e0 l\u2019h\u00f4pital de l\u2019\u00eele de Terceira - Mota-Engil ATIV","isPartOf":{"@id":"https:\/\/www.ativ.pt\/fr\/#website"},"primaryImageOfPage":{"@id":"https:\/\/www.ativ.pt\/fr\/2022\/11\/17\/nouvelle-station-de-traitement-de-leau-pour-lhemodialyse-a-lhopital-de-lile-de-terceira\/#primaryimage"},"image":{"@id":"https:\/\/www.ativ.pt\/fr\/2022\/11\/17\/nouvelle-station-de-traitement-de-leau-pour-lhemodialyse-a-lhopital-de-lile-de-terceira\/#primaryimage"},"thumbnailUrl":"https:\/\/www.ativ.pt\/wp-content\/uploads\/2022\/11\/IMG-20221111-WA0028.jpg","datePublished":"2022-11-17T12:25:15+00:00","dateModified":"2023-01-05T12:14:57+00:00","breadcrumb":{"@id":"https:\/\/www.ativ.pt\/fr\/2022\/11\/17\/nouvelle-station-de-traitement-de-leau-pour-lhemodialyse-a-lhopital-de-lile-de-terceira\/#breadcrumb"},"inLanguage":"fr-FR","potentialAction":[{"@type":"ReadAction","target":["https:\/\/www.ativ.pt\/fr\/2022\/11\/17\/nouvelle-station-de-traitement-de-leau-pour-lhemodialyse-a-lhopital-de-lile-de-terceira\/"]}]},{"@type":"ImageObject","inLanguage":"fr-FR","@id":"https:\/\/www.ativ.pt\/fr\/2022\/11\/17\/nouvelle-station-de-traitement-de-leau-pour-lhemodialyse-a-lhopital-de-lile-de-terceira\/#primaryimage","url":"https:\/\/www.ativ.pt\/wp-content\/uploads\/2022\/11\/IMG-20221111-WA0028.jpg","contentUrl":"https:\/\/www.ativ.pt\/wp-content\/uploads\/2022\/11\/IMG-20221111-WA0028.jpg","width":1024,"height":768},{"@type":"BreadcrumbList","@id":"https:\/\/www.ativ.pt\/fr\/2022\/11\/17\/nouvelle-station-de-traitement-de-leau-pour-lhemodialyse-a-lhopital-de-lile-de-terceira\/#breadcrumb","itemListElement":[{"@type":"ListItem","position":1,"name":"In\u00edcio","item":"https:\/\/www.ativ.pt\/fr\/"},{"@type":"ListItem","position":2,"name":"Nouvelle station de traitement de l\u2019eau pour l\u2019h\u00e9modialyse \u00e0 l\u2019h\u00f4pital de l\u2019\u00eele de Terceira"}]},{"@type":"WebSite","@id":"https:\/\/www.ativ.pt\/fr\/#website","url":"https:\/\/www.ativ.pt\/fr\/","name":"Mota-Engil ATIV","description":"Gest\u00e3o e Manuten\u00e7\u00e3o de Ativos","publisher":{"@id":"https:\/\/www.ativ.pt\/fr\/#organization"},"potentialAction":[{"@type":"SearchAction","target":{"@type":"EntryPoint","urlTemplate":"https:\/\/www.ativ.pt\/fr\/?s={search_term_string}"},"query-input":{"@type":"PropertyValueSpecification","valueRequired":true,"valueName":"search_term_string"}}],"inLanguage":"fr-FR"},{"@type":"Organization","@id":"https:\/\/www.ativ.pt\/fr\/#organization","name":"Mota-Engil ATIV","url":"https:\/\/www.ativ.pt\/fr\/","logo":{"@type":"ImageObject","inLanguage":"fr-FR","@id":"https:\/\/www.ativ.pt\/fr\/#\/schema\/logo\/image\/","url":"https:\/\/www.ativ.pt\/wp-content\/uploads\/2022\/04\/logo-ativ-cor-1.svg","contentUrl":"https:\/\/www.ativ.pt\/wp-content\/uploads\/2022\/04\/logo-ativ-cor-1.svg","width":250,"height":100,"caption":"Mota-Engil ATIV"},"image":{"@id":"https:\/\/www.ativ.pt\/fr\/#\/schema\/logo\/image\/"},"sameAs":["https:\/\/www.facebook.com\/MotaEngilATIV\/","https:\/\/www.instagram.com\/mota_engil_ativ\/","https:\/\/www.linkedin.com\/company\/motaengil-ativ"]},{"@type":"Person","@id":"https:\/\/www.ativ.pt\/fr\/#\/schema\/person\/76cd49f91ef96b6902453415264f0c55","name":"Susana Guerreiro"}]}},"_links":{"self":[{"href":"https:\/\/www.ativ.pt\/fr\/wp-json\/wp\/v2\/posts\/7018","targetHints":{"allow":["GET"]}}],"collection":[{"href":"https:\/\/www.ativ.pt\/fr\/wp-json\/wp\/v2\/posts"}],"about":[{"href":"https:\/\/www.ativ.pt\/fr\/wp-json\/wp\/v2\/types\/post"}],"author":[{"embeddable":true,"href":"https:\/\/www.ativ.pt\/fr\/wp-json\/wp\/v2\/users\/2"}],"replies":[{"embeddable":true,"href":"https:\/\/www.ativ.pt\/fr\/wp-json\/wp\/v2\/comments?post=7018"}],"version-history":[{"count":1,"href":"https:\/\/www.ativ.pt\/fr\/wp-json\/wp\/v2\/posts\/7018\/revisions"}],"predecessor-version":[{"id":7019,"href":"https:\/\/www.ativ.pt\/fr\/wp-json\/wp\/v2\/posts\/7018\/revisions\/7019"}],"wp:featuredmedia":[{"embeddable":true,"href":"https:\/\/www.ativ.pt\/fr\/wp-json\/wp\/v2\/media\/6626"}],"wp:attachment":[{"href":"https:\/\/www.ativ.pt\/fr\/wp-json\/wp\/v2\/media?parent=7018"}],"wp:term":[{"taxonomy":"category","embeddable":true,"href":"https:\/\/www.ativ.pt\/fr\/wp-json\/wp\/v2\/categories?post=7018"},{"taxonomy":"post_tag","embeddable":true,"href":"https:\/\/www.ativ.pt\/fr\/wp-json\/wp\/v2\/tags?post=7018"}],"curies":[{"name":"wp","href":"https:\/\/api.w.org\/{rel}","templated":true}]}}