{"id":6836,"date":"2022-10-31T16:11:07","date_gmt":"2022-10-31T16:11:07","guid":{"rendered":"https:\/\/www.ativ.pt\/2022\/10\/31\/agir-plan-daction-pour-la-gestion-des-eaux-usees-industrielles-du-grand-lisbonne-et-louest\/"},"modified":"2022-12-06T15:52:36","modified_gmt":"2022-12-06T15:52:36","slug":"agir-plan-daction-pour-la-gestion-des-eaux-usees-industrielles-du-grand-lisbonne-et-louest","status":"publish","type":"post","link":"https:\/\/www.ativ.pt\/fr\/2022\/10\/31\/agir-plan-daction-pour-la-gestion-des-eaux-usees-industrielles-du-grand-lisbonne-et-louest\/","title":{"rendered":"AgIR \u2013 Plan d\u2019action pour la gestion des eaux us\u00e9es industrielles du grand Lisbonne et l\u2019ouest"},"content":{"rendered":"\n<p>AgIR vise \u00e0 d\u00e9velopper un travail conjoint avec les municipalit\u00e9s desservies par \u00c1guas do Tejo Atl\u00e2ntico et leurs industries, pour une gestion ad\u00e9quate des eaux us\u00e9es industrielles dans cette r\u00e9gion.<\/p>\n\n<p>Il s\u2019agit d\u2019un projet de proximit\u00e9 pionnier, qui fournit un soutien technique aux industries, en les encourageant \u00e0 examiner leur processus de production, notamment le pr\u00e9traitement des eaux us\u00e9es, contribuant ainsi \u00e0 am\u00e9liorer l\u2019efficacit\u00e9 des processus.<\/p>\n\n<p>L\u2019\u00e9quipe de Mota-Engil ATIV, compos\u00e9e de 6 ing\u00e9nieurs dot\u00e9s d\u2019une formation sp\u00e9cialis\u00e9e en environnement et en chimie et de 3 techniciens op\u00e9rationnels, apporte un soutien technique et travaille en \u00e9troite collaboration avec \u00c1guas do Tejo Atl\u00e2ntico, les 23 municipalit\u00e9s du Grand Lisbonne et de l\u2019Ouest et les industries de leur zone d\u2019influence, dans l\u2019analyse de l\u2019efficacit\u00e9 de la gestion des effluents industriels et des processus de production.<\/p>\n\n<p>L\u2019objectif final passe par minimiser les influences industrielles indues sur les r\u00e9seaux de drainage et les syst\u00e8mes de traitement municipaux, qui compromettent l\u2019int\u00e9grit\u00e9 des infrastructures et menacent le respect des autorisations de rejet dans les milieux r\u00e9cepteurs.<\/p>\n\n<p>Une analyse des processus de production de chaque industrie est \u00e9galement effectu\u00e9e et des mesures circulaires de r\u00e9duction de la consommation d\u2019eau et d\u2019\u00e9nergie et de r\u00e9utilisation des sous-produits sont identifi\u00e9es, contribuant ainsi \u00e0 la performance environnementale des industries.<\/p>\n\n<p>Ce projet repose sur l\u2019un des principaux domaines d\u2019activit\u00e9 d\u2019ATIV : la durabilit\u00e9 environnementale. En collaboration avec les industries, nous favorisons les bonnes pratiques environnementales et nous \u00e9valuons et proposons des mesures qui contribuent \u00e0 l\u2019efficacit\u00e9 hydrique et \u00e9nerg\u00e9tique et \u00e0 l\u2019optimisation des ressources.<\/p>\n\n<p>Les principales attentes portent sur une am\u00e9lioration visible et effective du service public d\u2019assainissement, ainsi que sur la protection des conduites d\u2019eau via l\u2019\u00e9radication des influences industrielles indues d\u2019eaux industrielles sans pr\u00e9traitement ad\u00e9quat.<\/p>\n","protected":false},"excerpt":{"rendered":"<p>Le projet AgIR \u2013 Plan d\u2019action pour la gestion des eaux us\u00e9es industrielles du grand Lisbonne et l\u2019ouest est le fruit d\u2019un appel d\u2019offres public international lanc\u00e9 par \u00c1guas do Tejo Atl\u00e2ntico, avec le soutien du Fonds environnemental, attribu\u00e9 au consortium conduit par Mota-Engil ATIV pour une p\u00e9riode de 4 ans.<\/p>\n","protected":false},"author":1,"featured_media":6545,"comment_status":"open","ping_status":"open","sticky":false,"template":"","format":"standard","meta":{"_acf_changed":false,"footnotes":""},"categories":[15],"tags":[],"class_list":["post-6836","post","type-post","status-publish","format-standard","has-post-thumbnail","hentry","category-articles"],"acf":[],"yoast_head":"<!-- This site is optimized with the Yoast SEO plugin v27.5 - https:\/\/yoast.com\/product\/yoast-seo-wordpress\/ -->\n<title>AgIR \u2013 Plan d\u2019action pour la gestion des eaux us\u00e9es industrielles du grand Lisbonne et l\u2019ouest - Mota-Engil ATIV<\/title>\n<meta name=\"robots\" content=\"index, follow, max-snippet:-1, max-image-preview:large, max-video-preview:-1\" \/>\n<link rel=\"canonical\" href=\"https:\/\/www.ativ.pt\/fr\/2022\/10\/31\/agir-plan-daction-pour-la-gestion-des-eaux-usees-industrielles-du-grand-lisbonne-et-louest\/\" \/>\n<meta property=\"og:locale\" content=\"fr_FR\" \/>\n<meta property=\"og:type\" content=\"article\" \/>\n<meta property=\"og:title\" content=\"AgIR \u2013 Plan d\u2019action pour la gestion des eaux us\u00e9es industrielles du grand Lisbonne et l\u2019ouest - Mota-Engil ATIV\" \/>\n<meta property=\"og:description\" content=\"Le projet AgIR \u2013 Plan d\u2019action pour la gestion des eaux us\u00e9es industrielles du grand Lisbonne et l\u2019ouest est le fruit d\u2019un appel d\u2019offres public international lanc\u00e9 par \u00c1guas do Tejo Atl\u00e2ntico, avec le soutien du Fonds environnemental, attribu\u00e9 au consortium conduit par Mota-Engil ATIV pour une p\u00e9riode de 4 ans.\" \/>\n<meta property=\"og:url\" content=\"https:\/\/www.ativ.pt\/fr\/2022\/10\/31\/agir-plan-daction-pour-la-gestion-des-eaux-usees-industrielles-du-grand-lisbonne-et-louest\/\" \/>\n<meta property=\"og:site_name\" content=\"Mota-Engil ATIV\" \/>\n<meta property=\"article:publisher\" content=\"https:\/\/www.facebook.com\/MotaEngilATIV\/\" \/>\n<meta property=\"article:published_time\" content=\"2022-10-31T16:11:07+00:00\" \/>\n<meta property=\"article:modified_time\" content=\"2022-12-06T15:52:36+00:00\" \/>\n<meta property=\"og:image\" content=\"https:\/\/www.ativ.pt\/wp-content\/uploads\/2022\/10\/agir-ativ.jpg\" \/>\n\t<meta property=\"og:image:width\" content=\"1200\" \/>\n\t<meta property=\"og:image:height\" content=\"630\" \/>\n\t<meta property=\"og:image:type\" content=\"image\/jpeg\" \/>\n<meta name=\"author\" content=\"superedcadmin\" \/>\n<meta name=\"twitter:card\" content=\"summary_large_image\" \/>\n<meta name=\"twitter:label1\" content=\"\u00c9crit par\" \/>\n\t<meta name=\"twitter:data1\" content=\"superedcadmin\" \/>\n\t<meta name=\"twitter:label2\" content=\"Dur\u00e9e de lecture estim\u00e9e\" \/>\n\t<meta name=\"twitter:data2\" content=\"2 minutes\" \/>\n<script type=\"application\/ld+json\" class=\"yoast-schema-graph\">{\"@context\":\"https:\\\/\\\/schema.org\",\"@graph\":[{\"@type\":\"Article\",\"@id\":\"https:\\\/\\\/www.ativ.pt\\\/fr\\\/2022\\\/10\\\/31\\\/agir-plan-daction-pour-la-gestion-des-eaux-usees-industrielles-du-grand-lisbonne-et-louest\\\/#article\",\"isPartOf\":{\"@id\":\"https:\\\/\\\/www.ativ.pt\\\/fr\\\/2022\\\/10\\\/31\\\/agir-plan-daction-pour-la-gestion-des-eaux-usees-industrielles-du-grand-lisbonne-et-louest\\\/\"},\"author\":{\"name\":\"superedcadmin\",\"@id\":\"https:\\\/\\\/www.ativ.pt\\\/fr\\\/#\\\/schema\\\/person\\\/25537f36d67a41ef21df8c4841956ca3\"},\"headline\":\"AgIR \u2013 Plan d\u2019action pour la gestion des eaux us\u00e9es industrielles du grand Lisbonne et l\u2019ouest\",\"datePublished\":\"2022-10-31T16:11:07+00:00\",\"dateModified\":\"2022-12-06T15:52:36+00:00\",\"mainEntityOfPage\":{\"@id\":\"https:\\\/\\\/www.ativ.pt\\\/fr\\\/2022\\\/10\\\/31\\\/agir-plan-daction-pour-la-gestion-des-eaux-usees-industrielles-du-grand-lisbonne-et-louest\\\/\"},\"wordCount\":345,\"commentCount\":0,\"publisher\":{\"@id\":\"https:\\\/\\\/www.ativ.pt\\\/fr\\\/#organization\"},\"image\":{\"@id\":\"https:\\\/\\\/www.ativ.pt\\\/fr\\\/2022\\\/10\\\/31\\\/agir-plan-daction-pour-la-gestion-des-eaux-usees-industrielles-du-grand-lisbonne-et-louest\\\/#primaryimage\"},\"thumbnailUrl\":\"https:\\\/\\\/www.ativ.pt\\\/wp-content\\\/uploads\\\/2022\\\/10\\\/agir-ativ.jpg\",\"articleSection\":[\"Article\"],\"inLanguage\":\"fr-FR\",\"potentialAction\":[{\"@type\":\"CommentAction\",\"name\":\"Comment\",\"target\":[\"https:\\\/\\\/www.ativ.pt\\\/fr\\\/2022\\\/10\\\/31\\\/agir-plan-daction-pour-la-gestion-des-eaux-usees-industrielles-du-grand-lisbonne-et-louest\\\/#respond\"]}]},{\"@type\":\"WebPage\",\"@id\":\"https:\\\/\\\/www.ativ.pt\\\/fr\\\/2022\\\/10\\\/31\\\/agir-plan-daction-pour-la-gestion-des-eaux-usees-industrielles-du-grand-lisbonne-et-louest\\\/\",\"url\":\"https:\\\/\\\/www.ativ.pt\\\/fr\\\/2022\\\/10\\\/31\\\/agir-plan-daction-pour-la-gestion-des-eaux-usees-industrielles-du-grand-lisbonne-et-louest\\\/\",\"name\":\"AgIR \u2013 Plan d\u2019action pour la gestion des eaux us\u00e9es industrielles du grand Lisbonne et l\u2019ouest - Mota-Engil ATIV\",\"isPartOf\":{\"@id\":\"https:\\\/\\\/www.ativ.pt\\\/fr\\\/#website\"},\"primaryImageOfPage\":{\"@id\":\"https:\\\/\\\/www.ativ.pt\\\/fr\\\/2022\\\/10\\\/31\\\/agir-plan-daction-pour-la-gestion-des-eaux-usees-industrielles-du-grand-lisbonne-et-louest\\\/#primaryimage\"},\"image\":{\"@id\":\"https:\\\/\\\/www.ativ.pt\\\/fr\\\/2022\\\/10\\\/31\\\/agir-plan-daction-pour-la-gestion-des-eaux-usees-industrielles-du-grand-lisbonne-et-louest\\\/#primaryimage\"},\"thumbnailUrl\":\"https:\\\/\\\/www.ativ.pt\\\/wp-content\\\/uploads\\\/2022\\\/10\\\/agir-ativ.jpg\",\"datePublished\":\"2022-10-31T16:11:07+00:00\",\"dateModified\":\"2022-12-06T15:52:36+00:00\",\"breadcrumb\":{\"@id\":\"https:\\\/\\\/www.ativ.pt\\\/fr\\\/2022\\\/10\\\/31\\\/agir-plan-daction-pour-la-gestion-des-eaux-usees-industrielles-du-grand-lisbonne-et-louest\\\/#breadcrumb\"},\"inLanguage\":\"fr-FR\",\"potentialAction\":[{\"@type\":\"ReadAction\",\"target\":[\"https:\\\/\\\/www.ativ.pt\\\/fr\\\/2022\\\/10\\\/31\\\/agir-plan-daction-pour-la-gestion-des-eaux-usees-industrielles-du-grand-lisbonne-et-louest\\\/\"]}]},{\"@type\":\"ImageObject\",\"inLanguage\":\"fr-FR\",\"@id\":\"https:\\\/\\\/www.ativ.pt\\\/fr\\\/2022\\\/10\\\/31\\\/agir-plan-daction-pour-la-gestion-des-eaux-usees-industrielles-du-grand-lisbonne-et-louest\\\/#primaryimage\",\"url\":\"https:\\\/\\\/www.ativ.pt\\\/wp-content\\\/uploads\\\/2022\\\/10\\\/agir-ativ.jpg\",\"contentUrl\":\"https:\\\/\\\/www.ativ.pt\\\/wp-content\\\/uploads\\\/2022\\\/10\\\/agir-ativ.jpg\",\"width\":1200,\"height\":630,\"caption\":\"AgIR \u2013 Plano de A\u00e7\u00e3o para a Gest\u00e3o das \u00c1guas Industriais Residuais da Grande Lisboa e Oeste\"},{\"@type\":\"BreadcrumbList\",\"@id\":\"https:\\\/\\\/www.ativ.pt\\\/fr\\\/2022\\\/10\\\/31\\\/agir-plan-daction-pour-la-gestion-des-eaux-usees-industrielles-du-grand-lisbonne-et-louest\\\/#breadcrumb\",\"itemListElement\":[{\"@type\":\"ListItem\",\"position\":1,\"name\":\"In\u00edcio\",\"item\":\"https:\\\/\\\/www.ativ.pt\\\/fr\\\/\"},{\"@type\":\"ListItem\",\"position\":2,\"name\":\"AgIR \u2013 Plan d\u2019action pour la gestion des eaux us\u00e9es industrielles du grand Lisbonne et l\u2019ouest\"}]},{\"@type\":\"WebSite\",\"@id\":\"https:\\\/\\\/www.ativ.pt\\\/fr\\\/#website\",\"url\":\"https:\\\/\\\/www.ativ.pt\\\/fr\\\/\",\"name\":\"Mota-Engil ATIV\",\"description\":\"Gest\u00e3o e Manuten\u00e7\u00e3o de Ativos\",\"publisher\":{\"@id\":\"https:\\\/\\\/www.ativ.pt\\\/fr\\\/#organization\"},\"potentialAction\":[{\"@type\":\"SearchAction\",\"target\":{\"@type\":\"EntryPoint\",\"urlTemplate\":\"https:\\\/\\\/www.ativ.pt\\\/fr\\\/?s={search_term_string}\"},\"query-input\":{\"@type\":\"PropertyValueSpecification\",\"valueRequired\":true,\"valueName\":\"search_term_string\"}}],\"inLanguage\":\"fr-FR\"},{\"@type\":\"Organization\",\"@id\":\"https:\\\/\\\/www.ativ.pt\\\/fr\\\/#organization\",\"name\":\"Mota-Engil ATIV\",\"url\":\"https:\\\/\\\/www.ativ.pt\\\/fr\\\/\",\"logo\":{\"@type\":\"ImageObject\",\"inLanguage\":\"fr-FR\",\"@id\":\"https:\\\/\\\/www.ativ.pt\\\/fr\\\/#\\\/schema\\\/logo\\\/image\\\/\",\"url\":\"https:\\\/\\\/www.ativ.pt\\\/wp-content\\\/uploads\\\/2022\\\/04\\\/logo-ativ-cor-1.svg\",\"contentUrl\":\"https:\\\/\\\/www.ativ.pt\\\/wp-content\\\/uploads\\\/2022\\\/04\\\/logo-ativ-cor-1.svg\",\"width\":250,\"height\":100,\"caption\":\"Mota-Engil ATIV\"},\"image\":{\"@id\":\"https:\\\/\\\/www.ativ.pt\\\/fr\\\/#\\\/schema\\\/logo\\\/image\\\/\"},\"sameAs\":[\"https:\\\/\\\/www.facebook.com\\\/MotaEngilATIV\\\/\",\"https:\\\/\\\/www.instagram.com\\\/mota_engil_ativ\\\/\",\"https:\\\/\\\/www.linkedin.com\\\/company\\\/motaengil-ativ\"]},{\"@type\":\"Person\",\"@id\":\"https:\\\/\\\/www.ativ.pt\\\/fr\\\/#\\\/schema\\\/person\\\/25537f36d67a41ef21df8c4841956ca3\",\"name\":\"superedcadmin\",\"sameAs\":[\"https:\\\/\\\/www.ativ.pt\"]}]}<\/script>\n<!-- \/ Yoast SEO plugin. -->","yoast_head_json":{"title":"AgIR \u2013 Plan d\u2019action pour la gestion des eaux us\u00e9es industrielles du grand Lisbonne et l\u2019ouest - Mota-Engil ATIV","robots":{"index":"index","follow":"follow","max-snippet":"max-snippet:-1","max-image-preview":"max-image-preview:large","max-video-preview":"max-video-preview:-1"},"canonical":"https:\/\/www.ativ.pt\/fr\/2022\/10\/31\/agir-plan-daction-pour-la-gestion-des-eaux-usees-industrielles-du-grand-lisbonne-et-louest\/","og_locale":"fr_FR","og_type":"article","og_title":"AgIR \u2013 Plan d\u2019action pour la gestion des eaux us\u00e9es industrielles du grand Lisbonne et l\u2019ouest - Mota-Engil ATIV","og_description":"Le projet AgIR \u2013 Plan d\u2019action pour la gestion des eaux us\u00e9es industrielles du grand Lisbonne et l\u2019ouest est le fruit d\u2019un appel d\u2019offres public international lanc\u00e9 par \u00c1guas do Tejo Atl\u00e2ntico, avec le soutien du Fonds environnemental, attribu\u00e9 au consortium conduit par Mota-Engil ATIV pour une p\u00e9riode de 4 ans.","og_url":"https:\/\/www.ativ.pt\/fr\/2022\/10\/31\/agir-plan-daction-pour-la-gestion-des-eaux-usees-industrielles-du-grand-lisbonne-et-louest\/","og_site_name":"Mota-Engil ATIV","article_publisher":"https:\/\/www.facebook.com\/MotaEngilATIV\/","article_published_time":"2022-10-31T16:11:07+00:00","article_modified_time":"2022-12-06T15:52:36+00:00","og_image":[{"width":1200,"height":630,"url":"https:\/\/www.ativ.pt\/wp-content\/uploads\/2022\/10\/agir-ativ.jpg","type":"image\/jpeg"}],"author":"superedcadmin","twitter_card":"summary_large_image","twitter_misc":{"\u00c9crit par":"superedcadmin","Dur\u00e9e de lecture estim\u00e9e":"2 minutes"},"schema":{"@context":"https:\/\/schema.org","@graph":[{"@type":"Article","@id":"https:\/\/www.ativ.pt\/fr\/2022\/10\/31\/agir-plan-daction-pour-la-gestion-des-eaux-usees-industrielles-du-grand-lisbonne-et-louest\/#article","isPartOf":{"@id":"https:\/\/www.ativ.pt\/fr\/2022\/10\/31\/agir-plan-daction-pour-la-gestion-des-eaux-usees-industrielles-du-grand-lisbonne-et-louest\/"},"author":{"name":"superedcadmin","@id":"https:\/\/www.ativ.pt\/fr\/#\/schema\/person\/25537f36d67a41ef21df8c4841956ca3"},"headline":"AgIR \u2013 Plan d\u2019action pour la gestion des eaux us\u00e9es industrielles du grand Lisbonne et l\u2019ouest","datePublished":"2022-10-31T16:11:07+00:00","dateModified":"2022-12-06T15:52:36+00:00","mainEntityOfPage":{"@id":"https:\/\/www.ativ.pt\/fr\/2022\/10\/31\/agir-plan-daction-pour-la-gestion-des-eaux-usees-industrielles-du-grand-lisbonne-et-louest\/"},"wordCount":345,"commentCount":0,"publisher":{"@id":"https:\/\/www.ativ.pt\/fr\/#organization"},"image":{"@id":"https:\/\/www.ativ.pt\/fr\/2022\/10\/31\/agir-plan-daction-pour-la-gestion-des-eaux-usees-industrielles-du-grand-lisbonne-et-louest\/#primaryimage"},"thumbnailUrl":"https:\/\/www.ativ.pt\/wp-content\/uploads\/2022\/10\/agir-ativ.jpg","articleSection":["Article"],"inLanguage":"fr-FR","potentialAction":[{"@type":"CommentAction","name":"Comment","target":["https:\/\/www.ativ.pt\/fr\/2022\/10\/31\/agir-plan-daction-pour-la-gestion-des-eaux-usees-industrielles-du-grand-lisbonne-et-louest\/#respond"]}]},{"@type":"WebPage","@id":"https:\/\/www.ativ.pt\/fr\/2022\/10\/31\/agir-plan-daction-pour-la-gestion-des-eaux-usees-industrielles-du-grand-lisbonne-et-louest\/","url":"https:\/\/www.ativ.pt\/fr\/2022\/10\/31\/agir-plan-daction-pour-la-gestion-des-eaux-usees-industrielles-du-grand-lisbonne-et-louest\/","name":"AgIR \u2013 Plan d\u2019action pour la gestion des eaux us\u00e9es industrielles du grand Lisbonne et l\u2019ouest - Mota-Engil ATIV","isPartOf":{"@id":"https:\/\/www.ativ.pt\/fr\/#website"},"primaryImageOfPage":{"@id":"https:\/\/www.ativ.pt\/fr\/2022\/10\/31\/agir-plan-daction-pour-la-gestion-des-eaux-usees-industrielles-du-grand-lisbonne-et-louest\/#primaryimage"},"image":{"@id":"https:\/\/www.ativ.pt\/fr\/2022\/10\/31\/agir-plan-daction-pour-la-gestion-des-eaux-usees-industrielles-du-grand-lisbonne-et-louest\/#primaryimage"},"thumbnailUrl":"https:\/\/www.ativ.pt\/wp-content\/uploads\/2022\/10\/agir-ativ.jpg","datePublished":"2022-10-31T16:11:07+00:00","dateModified":"2022-12-06T15:52:36+00:00","breadcrumb":{"@id":"https:\/\/www.ativ.pt\/fr\/2022\/10\/31\/agir-plan-daction-pour-la-gestion-des-eaux-usees-industrielles-du-grand-lisbonne-et-louest\/#breadcrumb"},"inLanguage":"fr-FR","potentialAction":[{"@type":"ReadAction","target":["https:\/\/www.ativ.pt\/fr\/2022\/10\/31\/agir-plan-daction-pour-la-gestion-des-eaux-usees-industrielles-du-grand-lisbonne-et-louest\/"]}]},{"@type":"ImageObject","inLanguage":"fr-FR","@id":"https:\/\/www.ativ.pt\/fr\/2022\/10\/31\/agir-plan-daction-pour-la-gestion-des-eaux-usees-industrielles-du-grand-lisbonne-et-louest\/#primaryimage","url":"https:\/\/www.ativ.pt\/wp-content\/uploads\/2022\/10\/agir-ativ.jpg","contentUrl":"https:\/\/www.ativ.pt\/wp-content\/uploads\/2022\/10\/agir-ativ.jpg","width":1200,"height":630,"caption":"AgIR \u2013 Plano de A\u00e7\u00e3o para a Gest\u00e3o das \u00c1guas Industriais Residuais da Grande Lisboa e Oeste"},{"@type":"BreadcrumbList","@id":"https:\/\/www.ativ.pt\/fr\/2022\/10\/31\/agir-plan-daction-pour-la-gestion-des-eaux-usees-industrielles-du-grand-lisbonne-et-louest\/#breadcrumb","itemListElement":[{"@type":"ListItem","position":1,"name":"In\u00edcio","item":"https:\/\/www.ativ.pt\/fr\/"},{"@type":"ListItem","position":2,"name":"AgIR \u2013 Plan d\u2019action pour la gestion des eaux us\u00e9es industrielles du grand Lisbonne et l\u2019ouest"}]},{"@type":"WebSite","@id":"https:\/\/www.ativ.pt\/fr\/#website","url":"https:\/\/www.ativ.pt\/fr\/","name":"Mota-Engil ATIV","description":"Gest\u00e3o e Manuten\u00e7\u00e3o de Ativos","publisher":{"@id":"https:\/\/www.ativ.pt\/fr\/#organization"},"potentialAction":[{"@type":"SearchAction","target":{"@type":"EntryPoint","urlTemplate":"https:\/\/www.ativ.pt\/fr\/?s={search_term_string}"},"query-input":{"@type":"PropertyValueSpecification","valueRequired":true,"valueName":"search_term_string"}}],"inLanguage":"fr-FR"},{"@type":"Organization","@id":"https:\/\/www.ativ.pt\/fr\/#organization","name":"Mota-Engil ATIV","url":"https:\/\/www.ativ.pt\/fr\/","logo":{"@type":"ImageObject","inLanguage":"fr-FR","@id":"https:\/\/www.ativ.pt\/fr\/#\/schema\/logo\/image\/","url":"https:\/\/www.ativ.pt\/wp-content\/uploads\/2022\/04\/logo-ativ-cor-1.svg","contentUrl":"https:\/\/www.ativ.pt\/wp-content\/uploads\/2022\/04\/logo-ativ-cor-1.svg","width":250,"height":100,"caption":"Mota-Engil ATIV"},"image":{"@id":"https:\/\/www.ativ.pt\/fr\/#\/schema\/logo\/image\/"},"sameAs":["https:\/\/www.facebook.com\/MotaEngilATIV\/","https:\/\/www.instagram.com\/mota_engil_ativ\/","https:\/\/www.linkedin.com\/company\/motaengil-ativ"]},{"@type":"Person","@id":"https:\/\/www.ativ.pt\/fr\/#\/schema\/person\/25537f36d67a41ef21df8c4841956ca3","name":"superedcadmin","sameAs":["https:\/\/www.ativ.pt"]}]}},"_links":{"self":[{"href":"https:\/\/www.ativ.pt\/fr\/wp-json\/wp\/v2\/posts\/6836","targetHints":{"allow":["GET"]}}],"collection":[{"href":"https:\/\/www.ativ.pt\/fr\/wp-json\/wp\/v2\/posts"}],"about":[{"href":"https:\/\/www.ativ.pt\/fr\/wp-json\/wp\/v2\/types\/post"}],"author":[{"embeddable":true,"href":"https:\/\/www.ativ.pt\/fr\/wp-json\/wp\/v2\/users\/1"}],"replies":[{"embeddable":true,"href":"https:\/\/www.ativ.pt\/fr\/wp-json\/wp\/v2\/comments?post=6836"}],"version-history":[{"count":1,"href":"https:\/\/www.ativ.pt\/fr\/wp-json\/wp\/v2\/posts\/6836\/revisions"}],"predecessor-version":[{"id":6837,"href":"https:\/\/www.ativ.pt\/fr\/wp-json\/wp\/v2\/posts\/6836\/revisions\/6837"}],"wp:featuredmedia":[{"embeddable":true,"href":"https:\/\/www.ativ.pt\/fr\/wp-json\/wp\/v2\/media\/6545"}],"wp:attachment":[{"href":"https:\/\/www.ativ.pt\/fr\/wp-json\/wp\/v2\/media?parent=6836"}],"wp:term":[{"taxonomy":"category","embeddable":true,"href":"https:\/\/www.ativ.pt\/fr\/wp-json\/wp\/v2\/categories?post=6836"},{"taxonomy":"post_tag","embeddable":true,"href":"https:\/\/www.ativ.pt\/fr\/wp-json\/wp\/v2\/tags?post=6836"}],"curies":[{"name":"wp","href":"https:\/\/api.w.org\/{rel}","templated":true}]}}