{"id":6834,"date":"2022-10-31T14:28:20","date_gmt":"2022-10-31T14:28:20","guid":{"rendered":"https:\/\/www.ativ.pt\/2022\/10\/31\/de-nouvelles-methodes-de-travail-a-lhonneur-lors-des-journees-de-lapfm\/"},"modified":"2022-12-06T15:48:49","modified_gmt":"2022-12-06T15:48:49","slug":"de-nouvelles-methodes-de-travail-a-lhonneur-lors-des-journees-de-lapfm","status":"publish","type":"post","link":"https:\/\/www.ativ.pt\/fr\/2022\/10\/31\/de-nouvelles-methodes-de-travail-a-lhonneur-lors-des-journees-de-lapfm\/","title":{"rendered":"De nouvelles m\u00e9thodes de travail \u00e0 l\u2019honneur lors des journ\u00e9es de l\u2019APFM"},"content":{"rendered":"\n<p>Lors de cette conf\u00e9rence, qui s\u2019est d\u00e9roul\u00e9e au cin\u00e9ma NOS du centre commercial Colombo, les participants ont discut\u00e9 de la mani\u00e8re de garantir le bien-\u00eatre et la productivit\u00e9 dans ces deux mod\u00e8les de travail et du r\u00f4le que peut jouer la gestion des installations (Facility Management), en tant qu\u2019agent facilitateur, pour offrir des exp\u00e9riences productives et de bien-\u00eatre aux employ\u00e9s dans un contexte de travail \u00ab from-anywhere \u00bb.<\/p>\n\n<div class=\"wp-block-columns is-layout-flex wp-container-core-columns-is-layout-9d6595d7 wp-block-columns-is-layout-flex\">\n<div class=\"wp-block-column is-layout-flow wp-block-column-is-layout-flow\">\n<figure class=\"wp-block-image size-large\"><img fetchpriority=\"high\" decoding=\"async\" width=\"1024\" height=\"683\" src=\"https:\/\/spcdn.shortpixel.ai\/spio\/ret_img,q_cdnize,to_auto,s_webp:avif\/www.ativ.pt\/wp-content\/uploads\/2022\/10\/DSC_2648-1024x683.jpg\" alt=\"\" class=\"wp-image-6532\" srcset=\"https:\/\/spcdn.shortpixel.ai\/spio\/ret_img,q_cdnize,to_auto,s_webp:avif\/www.ativ.pt\/wp-content\/uploads\/2022\/10\/DSC_2648-1024x683.jpg 1024w, https:\/\/spcdn.shortpixel.ai\/spio\/ret_img,q_cdnize,to_auto,s_webp:avif\/www.ativ.pt\/wp-content\/uploads\/2022\/10\/DSC_2648-300x200.jpg 300w, https:\/\/spcdn.shortpixel.ai\/spio\/ret_img,q_cdnize,to_auto,s_webp:avif\/www.ativ.pt\/wp-content\/uploads\/2022\/10\/DSC_2648-768x512.jpg 768w, https:\/\/spcdn.shortpixel.ai\/spio\/ret_img,q_cdnize,to_auto,s_webp:avif\/www.ativ.pt\/wp-content\/uploads\/2022\/10\/DSC_2648-1536x1024.jpg 1536w, https:\/\/spcdn.shortpixel.ai\/spio\/ret_img,q_cdnize,to_auto,s_webp:avif\/www.ativ.pt\/wp-content\/uploads\/2022\/10\/DSC_2648-scaled.jpg 1920w\" sizes=\"(max-width: 1024px) 100vw, 1024px\" \/><\/figure>\n<\/div>\n\n\n\n<div class=\"wp-block-column is-layout-flow wp-block-column-is-layout-flow\">\n<figure class=\"wp-block-image size-large\"><img decoding=\"async\" width=\"1024\" height=\"683\" src=\"https:\/\/spcdn.shortpixel.ai\/spio\/ret_img,q_cdnize,to_auto,s_webp:avif\/www.ativ.pt\/wp-content\/uploads\/2022\/10\/DSC_2626-1024x683.jpg\" alt=\"\" class=\"wp-image-6536\" srcset=\"https:\/\/spcdn.shortpixel.ai\/spio\/ret_img,q_cdnize,to_auto,s_webp:avif\/www.ativ.pt\/wp-content\/uploads\/2022\/10\/DSC_2626-1024x683.jpg 1024w, https:\/\/spcdn.shortpixel.ai\/spio\/ret_img,q_cdnize,to_auto,s_webp:avif\/www.ativ.pt\/wp-content\/uploads\/2022\/10\/DSC_2626-300x200.jpg 300w, https:\/\/spcdn.shortpixel.ai\/spio\/ret_img,q_cdnize,to_auto,s_webp:avif\/www.ativ.pt\/wp-content\/uploads\/2022\/10\/DSC_2626-768x512.jpg 768w, https:\/\/spcdn.shortpixel.ai\/spio\/ret_img,q_cdnize,to_auto,s_webp:avif\/www.ativ.pt\/wp-content\/uploads\/2022\/10\/DSC_2626-1536x1024.jpg 1536w, https:\/\/spcdn.shortpixel.ai\/spio\/ret_img,q_cdnize,to_auto,s_webp:avif\/www.ativ.pt\/wp-content\/uploads\/2022\/10\/DSC_2626-scaled.jpg 1920w\" sizes=\"(max-width: 1024px) 100vw, 1024px\" \/><\/figure>\n<\/div>\n<\/div>\n\n<p>Favoris\u00e9s par la pand\u00e9mie, les mod\u00e8les hybride et \u00e0 distance ont \u00ab contraint \u00bb \u00e0 une meilleure organisation du travail, une plus grande flexibilit\u00e9 et une modification profonde des fronti\u00e8res de l\u2019espace de travail, \u00e9tant donn\u00e9 qu\u2019actuellement, \u00ab dans la plupart des cas, le travail est une activit\u00e9 et non un lieu ! \u00bb.<\/p>\n\n<p>Dans le cadre d\u2019un \u00e9change d\u2019exp\u00e9riences et de r\u00e9alit\u00e9s diversifi\u00e9es et enrichissantes, plusieurs entreprises partenaires de l\u2019APFM ont partag\u00e9 leur vision et leurs pratiques. Il est clair qu\u2019il s\u2019agit de la voie \u00e0 suivre et Mota-Engil ATIV ne fera pas exception.<\/p>\n\n<p>La soci\u00e9t\u00e9 a choisi l\u2019Alverca Park comme nouveau si\u00e8ge. Un d\u00e9m\u00e9nagement qui a \u00e9t\u00e9 pens\u00e9 et con\u00e7u avec la contribution et la participation des employ\u00e9s, qui sont les futurs occupants des lieux. Avec un sentiment de bien-\u00eatre associ\u00e9, nous souhaitons que le nouvel espace de travail soit plus efficient, fonctionnel et collaboratif, refl\u00e9tant les valeurs de la nouvelle organisation Mota-Engil ATIV.<\/p>\n\n<p>Avec de nouveaux modes et objectifs de travail, des modes de vie qui impliquent un m\u00e9lange entre le personnel, le professionnel, le familial et le social et un acc\u00e8s \u00e0 la technologie et son potentiel, l\u2019accent doit de plus en plus \u00eatre mis sur les personnes et leurs exp\u00e9riences.<\/p>\n\n<p>En ce sens, il est aujourd\u2019hui important, face \u00e0 cette \u00ab nouvelle normalit\u00e9 \u00bb, de comprendre comment faire en sorte que les \u00e9quipes demeurent productives et que les personnes soient satisfaites de leur exp\u00e9rience, ind\u00e9pendamment de leur lieu de travail, en fournissant des informations \u00e0 tous les participants, tout en parvenant \u00e0 communiquer efficacement que ces mesures sont prises dans l\u2019int\u00e9r\u00eat de tous.<\/p>\n\n<p>Ce sont l\u00e0 les d\u00e9fis d\u2019une nouvelle \u00e8re dont l\u2019Association portugaise de Facility Management (APFM) a voulu d\u00e9battre dans ce qui est le plus grand \u00e9v\u00e9nement national de Facility Management, dont Mota-Engil ATIV est fier d\u2019\u00eatre le partenaire. Le troisi\u00e8me moment des 16e Journ\u00e9es de l\u2019APFM aura lieu le 23 novembre, au cin\u00e9ma NOS de Norteshopping, dans ce qui sera la premi\u00e8re initiative de l\u2019Association en dehors du Grand Lisbonne, consacr\u00e9e \u00e0 la technologie. Mota-Engil ATIV sponsorisera une fois de plus l\u2019\u00e9v\u00e9nement.<\/p>\n","protected":false},"excerpt":{"rendered":"<p>Dans le cadre des 16e Journ\u00e9es de l\u2019APFM, sponsoris\u00e9es par Mota-Engil ATIV, le deuxi\u00e8me \u00e9v\u00e9nement s\u2019est tenu le 26 octobre et \u00e9tait consacr\u00e9 au \u00ab Lieu de travail : On\/Off : bien-\u00eatre et efficacit\u00e9 dans les mod\u00e8les hybrides et \u00e0 distance \u00bb.<\/p>\n","protected":false},"author":2,"featured_media":6538,"comment_status":"open","ping_status":"open","sticky":false,"template":"","format":"standard","meta":{"_acf_changed":false,"footnotes":""},"categories":[15],"tags":[],"class_list":["post-6834","post","type-post","status-publish","format-standard","has-post-thumbnail","hentry","category-articles"],"acf":[],"yoast_head":"<!-- This site is optimized with the Yoast SEO plugin v27.5 - https:\/\/yoast.com\/product\/yoast-seo-wordpress\/ -->\n<title>De nouvelles m\u00e9thodes de travail \u00e0 l\u2019honneur lors des journ\u00e9es de l\u2019APFM - Mota-Engil ATIV<\/title>\n<meta name=\"robots\" content=\"index, follow, max-snippet:-1, max-image-preview:large, max-video-preview:-1\" \/>\n<link rel=\"canonical\" href=\"https:\/\/www.ativ.pt\/fr\/2022\/10\/31\/de-nouvelles-methodes-de-travail-a-lhonneur-lors-des-journees-de-lapfm\/\" \/>\n<meta property=\"og:locale\" content=\"fr_FR\" \/>\n<meta property=\"og:type\" content=\"article\" \/>\n<meta property=\"og:title\" content=\"De nouvelles m\u00e9thodes de travail \u00e0 l\u2019honneur lors des journ\u00e9es de l\u2019APFM - Mota-Engil ATIV\" \/>\n<meta property=\"og:description\" content=\"Dans le cadre des 16e Journ\u00e9es de l\u2019APFM, sponsoris\u00e9es par Mota-Engil ATIV, le deuxi\u00e8me \u00e9v\u00e9nement s\u2019est tenu le 26 octobre et \u00e9tait consacr\u00e9 au \u00ab Lieu de travail : On\/Off : bien-\u00eatre et efficacit\u00e9 dans les mod\u00e8les hybrides et \u00e0 distance \u00bb.\" \/>\n<meta property=\"og:url\" content=\"https:\/\/www.ativ.pt\/fr\/2022\/10\/31\/de-nouvelles-methodes-de-travail-a-lhonneur-lors-des-journees-de-lapfm\/\" \/>\n<meta property=\"og:site_name\" content=\"Mota-Engil ATIV\" \/>\n<meta property=\"article:publisher\" content=\"https:\/\/www.facebook.com\/MotaEngilATIV\/\" \/>\n<meta property=\"article:published_time\" content=\"2022-10-31T14:28:20+00:00\" \/>\n<meta property=\"article:modified_time\" content=\"2022-12-06T15:48:49+00:00\" \/>\n<meta property=\"og:image\" content=\"https:\/\/www.ativ.pt\/wp-content\/uploads\/2022\/10\/DSC_2626-scaled.jpg\" \/>\n\t<meta property=\"og:image:width\" content=\"2560\" \/>\n\t<meta property=\"og:image:height\" content=\"1707\" \/>\n\t<meta property=\"og:image:type\" content=\"image\/jpeg\" \/>\n<meta name=\"author\" content=\"Susana Guerreiro\" \/>\n<meta name=\"twitter:card\" content=\"summary_large_image\" \/>\n<meta name=\"twitter:label1\" content=\"\u00c9crit par\" \/>\n\t<meta name=\"twitter:data1\" content=\"Susana Guerreiro\" \/>\n\t<meta name=\"twitter:label2\" content=\"Dur\u00e9e de lecture estim\u00e9e\" \/>\n\t<meta name=\"twitter:data2\" content=\"2 minutes\" \/>\n<script type=\"application\/ld+json\" class=\"yoast-schema-graph\">{\"@context\":\"https:\\\/\\\/schema.org\",\"@graph\":[{\"@type\":\"Article\",\"@id\":\"https:\\\/\\\/www.ativ.pt\\\/fr\\\/2022\\\/10\\\/31\\\/de-nouvelles-methodes-de-travail-a-lhonneur-lors-des-journees-de-lapfm\\\/#article\",\"isPartOf\":{\"@id\":\"https:\\\/\\\/www.ativ.pt\\\/fr\\\/2022\\\/10\\\/31\\\/de-nouvelles-methodes-de-travail-a-lhonneur-lors-des-journees-de-lapfm\\\/\"},\"author\":{\"name\":\"Susana Guerreiro\",\"@id\":\"https:\\\/\\\/www.ativ.pt\\\/fr\\\/#\\\/schema\\\/person\\\/76cd49f91ef96b6902453415264f0c55\"},\"headline\":\"De nouvelles m\u00e9thodes de travail \u00e0 l\u2019honneur lors des journ\u00e9es de l\u2019APFM\",\"datePublished\":\"2022-10-31T14:28:20+00:00\",\"dateModified\":\"2022-12-06T15:48:49+00:00\",\"mainEntityOfPage\":{\"@id\":\"https:\\\/\\\/www.ativ.pt\\\/fr\\\/2022\\\/10\\\/31\\\/de-nouvelles-methodes-de-travail-a-lhonneur-lors-des-journees-de-lapfm\\\/\"},\"wordCount\":477,\"commentCount\":0,\"publisher\":{\"@id\":\"https:\\\/\\\/www.ativ.pt\\\/fr\\\/#organization\"},\"image\":{\"@id\":\"https:\\\/\\\/www.ativ.pt\\\/fr\\\/2022\\\/10\\\/31\\\/de-nouvelles-methodes-de-travail-a-lhonneur-lors-des-journees-de-lapfm\\\/#primaryimage\"},\"thumbnailUrl\":\"https:\\\/\\\/www.ativ.pt\\\/wp-content\\\/uploads\\\/2022\\\/10\\\/DSC_2626-scaled.jpg\",\"articleSection\":[\"Article\"],\"inLanguage\":\"fr-FR\",\"potentialAction\":[{\"@type\":\"CommentAction\",\"name\":\"Comment\",\"target\":[\"https:\\\/\\\/www.ativ.pt\\\/fr\\\/2022\\\/10\\\/31\\\/de-nouvelles-methodes-de-travail-a-lhonneur-lors-des-journees-de-lapfm\\\/#respond\"]}]},{\"@type\":\"WebPage\",\"@id\":\"https:\\\/\\\/www.ativ.pt\\\/fr\\\/2022\\\/10\\\/31\\\/de-nouvelles-methodes-de-travail-a-lhonneur-lors-des-journees-de-lapfm\\\/\",\"url\":\"https:\\\/\\\/www.ativ.pt\\\/fr\\\/2022\\\/10\\\/31\\\/de-nouvelles-methodes-de-travail-a-lhonneur-lors-des-journees-de-lapfm\\\/\",\"name\":\"De nouvelles m\u00e9thodes de travail \u00e0 l\u2019honneur lors des journ\u00e9es de l\u2019APFM - Mota-Engil ATIV\",\"isPartOf\":{\"@id\":\"https:\\\/\\\/www.ativ.pt\\\/fr\\\/#website\"},\"primaryImageOfPage\":{\"@id\":\"https:\\\/\\\/www.ativ.pt\\\/fr\\\/2022\\\/10\\\/31\\\/de-nouvelles-methodes-de-travail-a-lhonneur-lors-des-journees-de-lapfm\\\/#primaryimage\"},\"image\":{\"@id\":\"https:\\\/\\\/www.ativ.pt\\\/fr\\\/2022\\\/10\\\/31\\\/de-nouvelles-methodes-de-travail-a-lhonneur-lors-des-journees-de-lapfm\\\/#primaryimage\"},\"thumbnailUrl\":\"https:\\\/\\\/www.ativ.pt\\\/wp-content\\\/uploads\\\/2022\\\/10\\\/DSC_2626-scaled.jpg\",\"datePublished\":\"2022-10-31T14:28:20+00:00\",\"dateModified\":\"2022-12-06T15:48:49+00:00\",\"breadcrumb\":{\"@id\":\"https:\\\/\\\/www.ativ.pt\\\/fr\\\/2022\\\/10\\\/31\\\/de-nouvelles-methodes-de-travail-a-lhonneur-lors-des-journees-de-lapfm\\\/#breadcrumb\"},\"inLanguage\":\"fr-FR\",\"potentialAction\":[{\"@type\":\"ReadAction\",\"target\":[\"https:\\\/\\\/www.ativ.pt\\\/fr\\\/2022\\\/10\\\/31\\\/de-nouvelles-methodes-de-travail-a-lhonneur-lors-des-journees-de-lapfm\\\/\"]}]},{\"@type\":\"ImageObject\",\"inLanguage\":\"fr-FR\",\"@id\":\"https:\\\/\\\/www.ativ.pt\\\/fr\\\/2022\\\/10\\\/31\\\/de-nouvelles-methodes-de-travail-a-lhonneur-lors-des-journees-de-lapfm\\\/#primaryimage\",\"url\":\"https:\\\/\\\/www.ativ.pt\\\/wp-content\\\/uploads\\\/2022\\\/10\\\/DSC_2626-scaled.jpg\",\"contentUrl\":\"https:\\\/\\\/www.ativ.pt\\\/wp-content\\\/uploads\\\/2022\\\/10\\\/DSC_2626-scaled.jpg\",\"width\":1920,\"height\":1280},{\"@type\":\"BreadcrumbList\",\"@id\":\"https:\\\/\\\/www.ativ.pt\\\/fr\\\/2022\\\/10\\\/31\\\/de-nouvelles-methodes-de-travail-a-lhonneur-lors-des-journees-de-lapfm\\\/#breadcrumb\",\"itemListElement\":[{\"@type\":\"ListItem\",\"position\":1,\"name\":\"In\u00edcio\",\"item\":\"https:\\\/\\\/www.ativ.pt\\\/fr\\\/\"},{\"@type\":\"ListItem\",\"position\":2,\"name\":\"De nouvelles m\u00e9thodes de travail \u00e0 l\u2019honneur lors des journ\u00e9es de l\u2019APFM\"}]},{\"@type\":\"WebSite\",\"@id\":\"https:\\\/\\\/www.ativ.pt\\\/fr\\\/#website\",\"url\":\"https:\\\/\\\/www.ativ.pt\\\/fr\\\/\",\"name\":\"Mota-Engil ATIV\",\"description\":\"Gest\u00e3o e Manuten\u00e7\u00e3o de Ativos\",\"publisher\":{\"@id\":\"https:\\\/\\\/www.ativ.pt\\\/fr\\\/#organization\"},\"potentialAction\":[{\"@type\":\"SearchAction\",\"target\":{\"@type\":\"EntryPoint\",\"urlTemplate\":\"https:\\\/\\\/www.ativ.pt\\\/fr\\\/?s={search_term_string}\"},\"query-input\":{\"@type\":\"PropertyValueSpecification\",\"valueRequired\":true,\"valueName\":\"search_term_string\"}}],\"inLanguage\":\"fr-FR\"},{\"@type\":\"Organization\",\"@id\":\"https:\\\/\\\/www.ativ.pt\\\/fr\\\/#organization\",\"name\":\"Mota-Engil ATIV\",\"url\":\"https:\\\/\\\/www.ativ.pt\\\/fr\\\/\",\"logo\":{\"@type\":\"ImageObject\",\"inLanguage\":\"fr-FR\",\"@id\":\"https:\\\/\\\/www.ativ.pt\\\/fr\\\/#\\\/schema\\\/logo\\\/image\\\/\",\"url\":\"https:\\\/\\\/www.ativ.pt\\\/wp-content\\\/uploads\\\/2022\\\/04\\\/logo-ativ-cor-1.svg\",\"contentUrl\":\"https:\\\/\\\/www.ativ.pt\\\/wp-content\\\/uploads\\\/2022\\\/04\\\/logo-ativ-cor-1.svg\",\"width\":250,\"height\":100,\"caption\":\"Mota-Engil ATIV\"},\"image\":{\"@id\":\"https:\\\/\\\/www.ativ.pt\\\/fr\\\/#\\\/schema\\\/logo\\\/image\\\/\"},\"sameAs\":[\"https:\\\/\\\/www.facebook.com\\\/MotaEngilATIV\\\/\",\"https:\\\/\\\/www.instagram.com\\\/mota_engil_ativ\\\/\",\"https:\\\/\\\/www.linkedin.com\\\/company\\\/motaengil-ativ\"]},{\"@type\":\"Person\",\"@id\":\"https:\\\/\\\/www.ativ.pt\\\/fr\\\/#\\\/schema\\\/person\\\/76cd49f91ef96b6902453415264f0c55\",\"name\":\"Susana Guerreiro\"}]}<\/script>\n<!-- \/ Yoast SEO plugin. -->","yoast_head_json":{"title":"De nouvelles m\u00e9thodes de travail \u00e0 l\u2019honneur lors des journ\u00e9es de l\u2019APFM - Mota-Engil ATIV","robots":{"index":"index","follow":"follow","max-snippet":"max-snippet:-1","max-image-preview":"max-image-preview:large","max-video-preview":"max-video-preview:-1"},"canonical":"https:\/\/www.ativ.pt\/fr\/2022\/10\/31\/de-nouvelles-methodes-de-travail-a-lhonneur-lors-des-journees-de-lapfm\/","og_locale":"fr_FR","og_type":"article","og_title":"De nouvelles m\u00e9thodes de travail \u00e0 l\u2019honneur lors des journ\u00e9es de l\u2019APFM - Mota-Engil ATIV","og_description":"Dans le cadre des 16e Journ\u00e9es de l\u2019APFM, sponsoris\u00e9es par Mota-Engil ATIV, le deuxi\u00e8me \u00e9v\u00e9nement s\u2019est tenu le 26 octobre et \u00e9tait consacr\u00e9 au \u00ab Lieu de travail : On\/Off : bien-\u00eatre et efficacit\u00e9 dans les mod\u00e8les hybrides et \u00e0 distance \u00bb.","og_url":"https:\/\/www.ativ.pt\/fr\/2022\/10\/31\/de-nouvelles-methodes-de-travail-a-lhonneur-lors-des-journees-de-lapfm\/","og_site_name":"Mota-Engil ATIV","article_publisher":"https:\/\/www.facebook.com\/MotaEngilATIV\/","article_published_time":"2022-10-31T14:28:20+00:00","article_modified_time":"2022-12-06T15:48:49+00:00","og_image":[{"width":2560,"height":1707,"url":"https:\/\/www.ativ.pt\/wp-content\/uploads\/2022\/10\/DSC_2626-scaled.jpg","type":"image\/jpeg"}],"author":"Susana Guerreiro","twitter_card":"summary_large_image","twitter_misc":{"\u00c9crit par":"Susana Guerreiro","Dur\u00e9e de lecture estim\u00e9e":"2 minutes"},"schema":{"@context":"https:\/\/schema.org","@graph":[{"@type":"Article","@id":"https:\/\/www.ativ.pt\/fr\/2022\/10\/31\/de-nouvelles-methodes-de-travail-a-lhonneur-lors-des-journees-de-lapfm\/#article","isPartOf":{"@id":"https:\/\/www.ativ.pt\/fr\/2022\/10\/31\/de-nouvelles-methodes-de-travail-a-lhonneur-lors-des-journees-de-lapfm\/"},"author":{"name":"Susana Guerreiro","@id":"https:\/\/www.ativ.pt\/fr\/#\/schema\/person\/76cd49f91ef96b6902453415264f0c55"},"headline":"De nouvelles m\u00e9thodes de travail \u00e0 l\u2019honneur lors des journ\u00e9es de l\u2019APFM","datePublished":"2022-10-31T14:28:20+00:00","dateModified":"2022-12-06T15:48:49+00:00","mainEntityOfPage":{"@id":"https:\/\/www.ativ.pt\/fr\/2022\/10\/31\/de-nouvelles-methodes-de-travail-a-lhonneur-lors-des-journees-de-lapfm\/"},"wordCount":477,"commentCount":0,"publisher":{"@id":"https:\/\/www.ativ.pt\/fr\/#organization"},"image":{"@id":"https:\/\/www.ativ.pt\/fr\/2022\/10\/31\/de-nouvelles-methodes-de-travail-a-lhonneur-lors-des-journees-de-lapfm\/#primaryimage"},"thumbnailUrl":"https:\/\/www.ativ.pt\/wp-content\/uploads\/2022\/10\/DSC_2626-scaled.jpg","articleSection":["Article"],"inLanguage":"fr-FR","potentialAction":[{"@type":"CommentAction","name":"Comment","target":["https:\/\/www.ativ.pt\/fr\/2022\/10\/31\/de-nouvelles-methodes-de-travail-a-lhonneur-lors-des-journees-de-lapfm\/#respond"]}]},{"@type":"WebPage","@id":"https:\/\/www.ativ.pt\/fr\/2022\/10\/31\/de-nouvelles-methodes-de-travail-a-lhonneur-lors-des-journees-de-lapfm\/","url":"https:\/\/www.ativ.pt\/fr\/2022\/10\/31\/de-nouvelles-methodes-de-travail-a-lhonneur-lors-des-journees-de-lapfm\/","name":"De nouvelles m\u00e9thodes de travail \u00e0 l\u2019honneur lors des journ\u00e9es de l\u2019APFM - Mota-Engil ATIV","isPartOf":{"@id":"https:\/\/www.ativ.pt\/fr\/#website"},"primaryImageOfPage":{"@id":"https:\/\/www.ativ.pt\/fr\/2022\/10\/31\/de-nouvelles-methodes-de-travail-a-lhonneur-lors-des-journees-de-lapfm\/#primaryimage"},"image":{"@id":"https:\/\/www.ativ.pt\/fr\/2022\/10\/31\/de-nouvelles-methodes-de-travail-a-lhonneur-lors-des-journees-de-lapfm\/#primaryimage"},"thumbnailUrl":"https:\/\/www.ativ.pt\/wp-content\/uploads\/2022\/10\/DSC_2626-scaled.jpg","datePublished":"2022-10-31T14:28:20+00:00","dateModified":"2022-12-06T15:48:49+00:00","breadcrumb":{"@id":"https:\/\/www.ativ.pt\/fr\/2022\/10\/31\/de-nouvelles-methodes-de-travail-a-lhonneur-lors-des-journees-de-lapfm\/#breadcrumb"},"inLanguage":"fr-FR","potentialAction":[{"@type":"ReadAction","target":["https:\/\/www.ativ.pt\/fr\/2022\/10\/31\/de-nouvelles-methodes-de-travail-a-lhonneur-lors-des-journees-de-lapfm\/"]}]},{"@type":"ImageObject","inLanguage":"fr-FR","@id":"https:\/\/www.ativ.pt\/fr\/2022\/10\/31\/de-nouvelles-methodes-de-travail-a-lhonneur-lors-des-journees-de-lapfm\/#primaryimage","url":"https:\/\/www.ativ.pt\/wp-content\/uploads\/2022\/10\/DSC_2626-scaled.jpg","contentUrl":"https:\/\/www.ativ.pt\/wp-content\/uploads\/2022\/10\/DSC_2626-scaled.jpg","width":1920,"height":1280},{"@type":"BreadcrumbList","@id":"https:\/\/www.ativ.pt\/fr\/2022\/10\/31\/de-nouvelles-methodes-de-travail-a-lhonneur-lors-des-journees-de-lapfm\/#breadcrumb","itemListElement":[{"@type":"ListItem","position":1,"name":"In\u00edcio","item":"https:\/\/www.ativ.pt\/fr\/"},{"@type":"ListItem","position":2,"name":"De nouvelles m\u00e9thodes de travail \u00e0 l\u2019honneur lors des journ\u00e9es de l\u2019APFM"}]},{"@type":"WebSite","@id":"https:\/\/www.ativ.pt\/fr\/#website","url":"https:\/\/www.ativ.pt\/fr\/","name":"Mota-Engil ATIV","description":"Gest\u00e3o e Manuten\u00e7\u00e3o de Ativos","publisher":{"@id":"https:\/\/www.ativ.pt\/fr\/#organization"},"potentialAction":[{"@type":"SearchAction","target":{"@type":"EntryPoint","urlTemplate":"https:\/\/www.ativ.pt\/fr\/?s={search_term_string}"},"query-input":{"@type":"PropertyValueSpecification","valueRequired":true,"valueName":"search_term_string"}}],"inLanguage":"fr-FR"},{"@type":"Organization","@id":"https:\/\/www.ativ.pt\/fr\/#organization","name":"Mota-Engil ATIV","url":"https:\/\/www.ativ.pt\/fr\/","logo":{"@type":"ImageObject","inLanguage":"fr-FR","@id":"https:\/\/www.ativ.pt\/fr\/#\/schema\/logo\/image\/","url":"https:\/\/www.ativ.pt\/wp-content\/uploads\/2022\/04\/logo-ativ-cor-1.svg","contentUrl":"https:\/\/www.ativ.pt\/wp-content\/uploads\/2022\/04\/logo-ativ-cor-1.svg","width":250,"height":100,"caption":"Mota-Engil ATIV"},"image":{"@id":"https:\/\/www.ativ.pt\/fr\/#\/schema\/logo\/image\/"},"sameAs":["https:\/\/www.facebook.com\/MotaEngilATIV\/","https:\/\/www.instagram.com\/mota_engil_ativ\/","https:\/\/www.linkedin.com\/company\/motaengil-ativ"]},{"@type":"Person","@id":"https:\/\/www.ativ.pt\/fr\/#\/schema\/person\/76cd49f91ef96b6902453415264f0c55","name":"Susana Guerreiro"}]}},"_links":{"self":[{"href":"https:\/\/www.ativ.pt\/fr\/wp-json\/wp\/v2\/posts\/6834","targetHints":{"allow":["GET"]}}],"collection":[{"href":"https:\/\/www.ativ.pt\/fr\/wp-json\/wp\/v2\/posts"}],"about":[{"href":"https:\/\/www.ativ.pt\/fr\/wp-json\/wp\/v2\/types\/post"}],"author":[{"embeddable":true,"href":"https:\/\/www.ativ.pt\/fr\/wp-json\/wp\/v2\/users\/2"}],"replies":[{"embeddable":true,"href":"https:\/\/www.ativ.pt\/fr\/wp-json\/wp\/v2\/comments?post=6834"}],"version-history":[{"count":1,"href":"https:\/\/www.ativ.pt\/fr\/wp-json\/wp\/v2\/posts\/6834\/revisions"}],"predecessor-version":[{"id":6835,"href":"https:\/\/www.ativ.pt\/fr\/wp-json\/wp\/v2\/posts\/6834\/revisions\/6835"}],"wp:featuredmedia":[{"embeddable":true,"href":"https:\/\/www.ativ.pt\/fr\/wp-json\/wp\/v2\/media\/6538"}],"wp:attachment":[{"href":"https:\/\/www.ativ.pt\/fr\/wp-json\/wp\/v2\/media?parent=6834"}],"wp:term":[{"taxonomy":"category","embeddable":true,"href":"https:\/\/www.ativ.pt\/fr\/wp-json\/wp\/v2\/categories?post=6834"},{"taxonomy":"post_tag","embeddable":true,"href":"https:\/\/www.ativ.pt\/fr\/wp-json\/wp\/v2\/tags?post=6834"}],"curies":[{"name":"wp","href":"https:\/\/api.w.org\/{rel}","templated":true}]}}