{"id":6832,"date":"2022-10-25T09:31:25","date_gmt":"2022-10-25T09:31:25","guid":{"rendered":"https:\/\/www.ativ.pt\/2022\/10\/25\/reparation-de-moto-generateurs-pour-les-chemins-de-fer-portugais\/"},"modified":"2022-12-06T15:45:45","modified_gmt":"2022-12-06T15:45:45","slug":"reparation-de-moto-generateurs-pour-les-chemins-de-fer-portugais","status":"publish","type":"post","link":"https:\/\/www.ativ.pt\/fr\/2022\/10\/25\/reparation-de-moto-generateurs-pour-les-chemins-de-fer-portugais\/","title":{"rendered":"R\u00e9paration de moto-g\u00e9n\u00e9rateurs pour les chemins de fer portugais"},"content":{"rendered":"\n<p><\/p>\n\n<p>C\u2019est dans ce contexte qu\u2019est n\u00e9 le partenariat entre Mota-Engil ATIV et CP, pour la r\u00e9paration de moto-g\u00e9n\u00e9rateurs Diesel Poyaud des trains de passagers Allan 350 Series.<\/p>\n\n<figure class=\"wp-block-image size-large\"><img fetchpriority=\"high\" decoding=\"async\" width=\"1024\" height=\"768\" src=\"https:\/\/spcdn.shortpixel.ai\/spio\/ret_img,q_cdnize,to_auto,s_webp:avif\/www.ativ.pt\/wp-content\/uploads\/2022\/10\/WhatsApp-Image-2022-10-07-at-19.24.31-1-1024x768.jpeg\" alt=\"\" class=\"wp-image-6500\" srcset=\"https:\/\/spcdn.shortpixel.ai\/spio\/ret_img,q_cdnize,to_auto,s_webp:avif\/www.ativ.pt\/wp-content\/uploads\/2022\/10\/WhatsApp-Image-2022-10-07-at-19.24.31-1-1024x768.jpeg 1024w, https:\/\/spcdn.shortpixel.ai\/spio\/ret_img,q_cdnize,to_auto,s_webp:avif\/www.ativ.pt\/wp-content\/uploads\/2022\/10\/WhatsApp-Image-2022-10-07-at-19.24.31-1-300x225.jpeg 300w, https:\/\/spcdn.shortpixel.ai\/spio\/ret_img,q_cdnize,to_auto,s_webp:avif\/www.ativ.pt\/wp-content\/uploads\/2022\/10\/WhatsApp-Image-2022-10-07-at-19.24.31-1-768x576.jpeg 768w, https:\/\/spcdn.shortpixel.ai\/spio\/ret_img,q_cdnize,to_auto,s_webp:avif\/www.ativ.pt\/wp-content\/uploads\/2022\/10\/WhatsApp-Image-2022-10-07-at-19.24.31-1-1536x1152.jpeg 1536w, https:\/\/spcdn.shortpixel.ai\/spio\/ret_img,q_cdnize,to_auto,s_webp:avif\/www.ativ.pt\/wp-content\/uploads\/2022\/10\/WhatsApp-Image-2022-10-07-at-19.24.31-1.jpeg 1920w\" sizes=\"(max-width: 1024px) 100vw, 1024px\" \/><\/figure>\n\n<p>Dans l\u2019objectif de r\u00e9duire les co\u00fbts d\u2019exploitation et d\u2019accro\u00eetre la comp\u00e9titivit\u00e9, Mota-Engil ATIV a constat\u00e9 une demande croissante de services de maintenance sp\u00e9cialis\u00e9s et professionnels de la part de l\u2019industrie. <\/p>\n\n<p>Gr\u00e2ce \u00e0 sa grande exp\u00e9rience dans la maintenance de moto-g\u00e9n\u00e9rateurs, Mota-Engil ATIV a ainsi l\u2019opportunit\u00e9 d\u2019apporter une contribution au renforcement du parc national de locomotives et \u00e0 l\u2019am\u00e9lioration de la capacit\u00e9 de r\u00e9ponse des transports publics nationaux.<\/p>\n","protected":false},"excerpt":{"rendered":"<p>Les importants investissements r\u00e9alis\u00e9s par les chemins de fer portugais (CP) ces derni\u00e8res ann\u00e9es ont conduit \u00e0 un besoin important de locomotives suppl\u00e9mentaires afin d\u2019accro\u00eetre la capacit\u00e9 de r\u00e9action des chemins de fer portugais.<\/p>\n","protected":false},"author":2,"featured_media":6507,"comment_status":"open","ping_status":"open","sticky":false,"template":"","format":"standard","meta":{"_acf_changed":false,"footnotes":""},"categories":[15],"tags":[],"class_list":["post-6832","post","type-post","status-publish","format-standard","has-post-thumbnail","hentry","category-articles"],"acf":[],"yoast_head":"<!-- This site is optimized with the Yoast SEO plugin v27.5 - https:\/\/yoast.com\/product\/yoast-seo-wordpress\/ -->\n<title>R\u00e9paration de moto-g\u00e9n\u00e9rateurs pour les chemins de fer portugais - Mota-Engil ATIV<\/title>\n<meta name=\"robots\" content=\"index, follow, max-snippet:-1, max-image-preview:large, max-video-preview:-1\" \/>\n<link rel=\"canonical\" href=\"https:\/\/www.ativ.pt\/fr\/2022\/10\/25\/reparation-de-moto-generateurs-pour-les-chemins-de-fer-portugais\/\" \/>\n<meta property=\"og:locale\" content=\"fr_FR\" \/>\n<meta property=\"og:type\" content=\"article\" \/>\n<meta property=\"og:title\" content=\"R\u00e9paration de moto-g\u00e9n\u00e9rateurs pour les chemins de fer portugais - Mota-Engil ATIV\" \/>\n<meta property=\"og:description\" content=\"Les importants investissements r\u00e9alis\u00e9s par les chemins de fer portugais (CP) ces derni\u00e8res ann\u00e9es ont conduit \u00e0 un besoin important de locomotives suppl\u00e9mentaires afin d\u2019accro\u00eetre la capacit\u00e9 de r\u00e9action des chemins de fer portugais.\" \/>\n<meta property=\"og:url\" content=\"https:\/\/www.ativ.pt\/fr\/2022\/10\/25\/reparation-de-moto-generateurs-pour-les-chemins-de-fer-portugais\/\" \/>\n<meta property=\"og:site_name\" content=\"Mota-Engil ATIV\" \/>\n<meta property=\"article:publisher\" content=\"https:\/\/www.facebook.com\/MotaEngilATIV\/\" \/>\n<meta property=\"article:published_time\" content=\"2022-10-25T09:31:25+00:00\" \/>\n<meta property=\"article:modified_time\" content=\"2022-12-06T15:45:45+00:00\" \/>\n<meta property=\"og:image\" content=\"https:\/\/www.ativ.pt\/wp-content\/uploads\/2022\/10\/20220819_112941-rotated.jpg\" \/>\n\t<meta property=\"og:image:width\" content=\"1126\" \/>\n\t<meta property=\"og:image:height\" content=\"2000\" \/>\n\t<meta property=\"og:image:type\" content=\"image\/jpeg\" \/>\n<meta name=\"author\" content=\"Susana Guerreiro\" \/>\n<meta name=\"twitter:card\" content=\"summary_large_image\" \/>\n<meta name=\"twitter:label1\" content=\"\u00c9crit par\" \/>\n\t<meta name=\"twitter:data1\" content=\"Susana Guerreiro\" \/>\n\t<meta name=\"twitter:label2\" content=\"Dur\u00e9e de lecture estim\u00e9e\" \/>\n\t<meta name=\"twitter:data2\" content=\"1 minute\" \/>\n<script type=\"application\/ld+json\" class=\"yoast-schema-graph\">{\"@context\":\"https:\\\/\\\/schema.org\",\"@graph\":[{\"@type\":\"Article\",\"@id\":\"https:\\\/\\\/www.ativ.pt\\\/fr\\\/2022\\\/10\\\/25\\\/reparation-de-moto-generateurs-pour-les-chemins-de-fer-portugais\\\/#article\",\"isPartOf\":{\"@id\":\"https:\\\/\\\/www.ativ.pt\\\/fr\\\/2022\\\/10\\\/25\\\/reparation-de-moto-generateurs-pour-les-chemins-de-fer-portugais\\\/\"},\"author\":{\"name\":\"Susana Guerreiro\",\"@id\":\"https:\\\/\\\/www.ativ.pt\\\/fr\\\/#\\\/schema\\\/person\\\/76cd49f91ef96b6902453415264f0c55\"},\"headline\":\"R\u00e9paration de moto-g\u00e9n\u00e9rateurs pour les chemins de fer portugais\",\"datePublished\":\"2022-10-25T09:31:25+00:00\",\"dateModified\":\"2022-12-06T15:45:45+00:00\",\"mainEntityOfPage\":{\"@id\":\"https:\\\/\\\/www.ativ.pt\\\/fr\\\/2022\\\/10\\\/25\\\/reparation-de-moto-generateurs-pour-les-chemins-de-fer-portugais\\\/\"},\"wordCount\":127,\"commentCount\":0,\"publisher\":{\"@id\":\"https:\\\/\\\/www.ativ.pt\\\/fr\\\/#organization\"},\"image\":{\"@id\":\"https:\\\/\\\/www.ativ.pt\\\/fr\\\/2022\\\/10\\\/25\\\/reparation-de-moto-generateurs-pour-les-chemins-de-fer-portugais\\\/#primaryimage\"},\"thumbnailUrl\":\"https:\\\/\\\/www.ativ.pt\\\/wp-content\\\/uploads\\\/2022\\\/10\\\/20220819_112941-rotated.jpg\",\"articleSection\":[\"Article\"],\"inLanguage\":\"fr-FR\",\"potentialAction\":[{\"@type\":\"CommentAction\",\"name\":\"Comment\",\"target\":[\"https:\\\/\\\/www.ativ.pt\\\/fr\\\/2022\\\/10\\\/25\\\/reparation-de-moto-generateurs-pour-les-chemins-de-fer-portugais\\\/#respond\"]}]},{\"@type\":\"WebPage\",\"@id\":\"https:\\\/\\\/www.ativ.pt\\\/fr\\\/2022\\\/10\\\/25\\\/reparation-de-moto-generateurs-pour-les-chemins-de-fer-portugais\\\/\",\"url\":\"https:\\\/\\\/www.ativ.pt\\\/fr\\\/2022\\\/10\\\/25\\\/reparation-de-moto-generateurs-pour-les-chemins-de-fer-portugais\\\/\",\"name\":\"R\u00e9paration de moto-g\u00e9n\u00e9rateurs pour les chemins de fer portugais - Mota-Engil ATIV\",\"isPartOf\":{\"@id\":\"https:\\\/\\\/www.ativ.pt\\\/fr\\\/#website\"},\"primaryImageOfPage\":{\"@id\":\"https:\\\/\\\/www.ativ.pt\\\/fr\\\/2022\\\/10\\\/25\\\/reparation-de-moto-generateurs-pour-les-chemins-de-fer-portugais\\\/#primaryimage\"},\"image\":{\"@id\":\"https:\\\/\\\/www.ativ.pt\\\/fr\\\/2022\\\/10\\\/25\\\/reparation-de-moto-generateurs-pour-les-chemins-de-fer-portugais\\\/#primaryimage\"},\"thumbnailUrl\":\"https:\\\/\\\/www.ativ.pt\\\/wp-content\\\/uploads\\\/2022\\\/10\\\/20220819_112941-rotated.jpg\",\"datePublished\":\"2022-10-25T09:31:25+00:00\",\"dateModified\":\"2022-12-06T15:45:45+00:00\",\"breadcrumb\":{\"@id\":\"https:\\\/\\\/www.ativ.pt\\\/fr\\\/2022\\\/10\\\/25\\\/reparation-de-moto-generateurs-pour-les-chemins-de-fer-portugais\\\/#breadcrumb\"},\"inLanguage\":\"fr-FR\",\"potentialAction\":[{\"@type\":\"ReadAction\",\"target\":[\"https:\\\/\\\/www.ativ.pt\\\/fr\\\/2022\\\/10\\\/25\\\/reparation-de-moto-generateurs-pour-les-chemins-de-fer-portugais\\\/\"]}]},{\"@type\":\"ImageObject\",\"inLanguage\":\"fr-FR\",\"@id\":\"https:\\\/\\\/www.ativ.pt\\\/fr\\\/2022\\\/10\\\/25\\\/reparation-de-moto-generateurs-pour-les-chemins-de-fer-portugais\\\/#primaryimage\",\"url\":\"https:\\\/\\\/www.ativ.pt\\\/wp-content\\\/uploads\\\/2022\\\/10\\\/20220819_112941-rotated.jpg\",\"contentUrl\":\"https:\\\/\\\/www.ativ.pt\\\/wp-content\\\/uploads\\\/2022\\\/10\\\/20220819_112941-rotated.jpg\",\"width\":1126,\"height\":2000},{\"@type\":\"BreadcrumbList\",\"@id\":\"https:\\\/\\\/www.ativ.pt\\\/fr\\\/2022\\\/10\\\/25\\\/reparation-de-moto-generateurs-pour-les-chemins-de-fer-portugais\\\/#breadcrumb\",\"itemListElement\":[{\"@type\":\"ListItem\",\"position\":1,\"name\":\"In\u00edcio\",\"item\":\"https:\\\/\\\/www.ativ.pt\\\/fr\\\/\"},{\"@type\":\"ListItem\",\"position\":2,\"name\":\"R\u00e9paration de moto-g\u00e9n\u00e9rateurs pour les chemins de fer portugais\"}]},{\"@type\":\"WebSite\",\"@id\":\"https:\\\/\\\/www.ativ.pt\\\/fr\\\/#website\",\"url\":\"https:\\\/\\\/www.ativ.pt\\\/fr\\\/\",\"name\":\"Mota-Engil ATIV\",\"description\":\"Gest\u00e3o e Manuten\u00e7\u00e3o de Ativos\",\"publisher\":{\"@id\":\"https:\\\/\\\/www.ativ.pt\\\/fr\\\/#organization\"},\"potentialAction\":[{\"@type\":\"SearchAction\",\"target\":{\"@type\":\"EntryPoint\",\"urlTemplate\":\"https:\\\/\\\/www.ativ.pt\\\/fr\\\/?s={search_term_string}\"},\"query-input\":{\"@type\":\"PropertyValueSpecification\",\"valueRequired\":true,\"valueName\":\"search_term_string\"}}],\"inLanguage\":\"fr-FR\"},{\"@type\":\"Organization\",\"@id\":\"https:\\\/\\\/www.ativ.pt\\\/fr\\\/#organization\",\"name\":\"Mota-Engil ATIV\",\"url\":\"https:\\\/\\\/www.ativ.pt\\\/fr\\\/\",\"logo\":{\"@type\":\"ImageObject\",\"inLanguage\":\"fr-FR\",\"@id\":\"https:\\\/\\\/www.ativ.pt\\\/fr\\\/#\\\/schema\\\/logo\\\/image\\\/\",\"url\":\"https:\\\/\\\/www.ativ.pt\\\/wp-content\\\/uploads\\\/2022\\\/04\\\/logo-ativ-cor-1.svg\",\"contentUrl\":\"https:\\\/\\\/www.ativ.pt\\\/wp-content\\\/uploads\\\/2022\\\/04\\\/logo-ativ-cor-1.svg\",\"width\":250,\"height\":100,\"caption\":\"Mota-Engil ATIV\"},\"image\":{\"@id\":\"https:\\\/\\\/www.ativ.pt\\\/fr\\\/#\\\/schema\\\/logo\\\/image\\\/\"},\"sameAs\":[\"https:\\\/\\\/www.facebook.com\\\/MotaEngilATIV\\\/\",\"https:\\\/\\\/www.instagram.com\\\/mota_engil_ativ\\\/\",\"https:\\\/\\\/www.linkedin.com\\\/company\\\/motaengil-ativ\"]},{\"@type\":\"Person\",\"@id\":\"https:\\\/\\\/www.ativ.pt\\\/fr\\\/#\\\/schema\\\/person\\\/76cd49f91ef96b6902453415264f0c55\",\"name\":\"Susana Guerreiro\"}]}<\/script>\n<!-- \/ Yoast SEO plugin. -->","yoast_head_json":{"title":"R\u00e9paration de moto-g\u00e9n\u00e9rateurs pour les chemins de fer portugais - Mota-Engil ATIV","robots":{"index":"index","follow":"follow","max-snippet":"max-snippet:-1","max-image-preview":"max-image-preview:large","max-video-preview":"max-video-preview:-1"},"canonical":"https:\/\/www.ativ.pt\/fr\/2022\/10\/25\/reparation-de-moto-generateurs-pour-les-chemins-de-fer-portugais\/","og_locale":"fr_FR","og_type":"article","og_title":"R\u00e9paration de moto-g\u00e9n\u00e9rateurs pour les chemins de fer portugais - Mota-Engil ATIV","og_description":"Les importants investissements r\u00e9alis\u00e9s par les chemins de fer portugais (CP) ces derni\u00e8res ann\u00e9es ont conduit \u00e0 un besoin important de locomotives suppl\u00e9mentaires afin d\u2019accro\u00eetre la capacit\u00e9 de r\u00e9action des chemins de fer portugais.","og_url":"https:\/\/www.ativ.pt\/fr\/2022\/10\/25\/reparation-de-moto-generateurs-pour-les-chemins-de-fer-portugais\/","og_site_name":"Mota-Engil ATIV","article_publisher":"https:\/\/www.facebook.com\/MotaEngilATIV\/","article_published_time":"2022-10-25T09:31:25+00:00","article_modified_time":"2022-12-06T15:45:45+00:00","og_image":[{"width":1126,"height":2000,"url":"https:\/\/www.ativ.pt\/wp-content\/uploads\/2022\/10\/20220819_112941-rotated.jpg","type":"image\/jpeg"}],"author":"Susana Guerreiro","twitter_card":"summary_large_image","twitter_misc":{"\u00c9crit par":"Susana Guerreiro","Dur\u00e9e de lecture estim\u00e9e":"1 minute"},"schema":{"@context":"https:\/\/schema.org","@graph":[{"@type":"Article","@id":"https:\/\/www.ativ.pt\/fr\/2022\/10\/25\/reparation-de-moto-generateurs-pour-les-chemins-de-fer-portugais\/#article","isPartOf":{"@id":"https:\/\/www.ativ.pt\/fr\/2022\/10\/25\/reparation-de-moto-generateurs-pour-les-chemins-de-fer-portugais\/"},"author":{"name":"Susana Guerreiro","@id":"https:\/\/www.ativ.pt\/fr\/#\/schema\/person\/76cd49f91ef96b6902453415264f0c55"},"headline":"R\u00e9paration de moto-g\u00e9n\u00e9rateurs pour les chemins de fer portugais","datePublished":"2022-10-25T09:31:25+00:00","dateModified":"2022-12-06T15:45:45+00:00","mainEntityOfPage":{"@id":"https:\/\/www.ativ.pt\/fr\/2022\/10\/25\/reparation-de-moto-generateurs-pour-les-chemins-de-fer-portugais\/"},"wordCount":127,"commentCount":0,"publisher":{"@id":"https:\/\/www.ativ.pt\/fr\/#organization"},"image":{"@id":"https:\/\/www.ativ.pt\/fr\/2022\/10\/25\/reparation-de-moto-generateurs-pour-les-chemins-de-fer-portugais\/#primaryimage"},"thumbnailUrl":"https:\/\/www.ativ.pt\/wp-content\/uploads\/2022\/10\/20220819_112941-rotated.jpg","articleSection":["Article"],"inLanguage":"fr-FR","potentialAction":[{"@type":"CommentAction","name":"Comment","target":["https:\/\/www.ativ.pt\/fr\/2022\/10\/25\/reparation-de-moto-generateurs-pour-les-chemins-de-fer-portugais\/#respond"]}]},{"@type":"WebPage","@id":"https:\/\/www.ativ.pt\/fr\/2022\/10\/25\/reparation-de-moto-generateurs-pour-les-chemins-de-fer-portugais\/","url":"https:\/\/www.ativ.pt\/fr\/2022\/10\/25\/reparation-de-moto-generateurs-pour-les-chemins-de-fer-portugais\/","name":"R\u00e9paration de moto-g\u00e9n\u00e9rateurs pour les chemins de fer portugais - Mota-Engil ATIV","isPartOf":{"@id":"https:\/\/www.ativ.pt\/fr\/#website"},"primaryImageOfPage":{"@id":"https:\/\/www.ativ.pt\/fr\/2022\/10\/25\/reparation-de-moto-generateurs-pour-les-chemins-de-fer-portugais\/#primaryimage"},"image":{"@id":"https:\/\/www.ativ.pt\/fr\/2022\/10\/25\/reparation-de-moto-generateurs-pour-les-chemins-de-fer-portugais\/#primaryimage"},"thumbnailUrl":"https:\/\/www.ativ.pt\/wp-content\/uploads\/2022\/10\/20220819_112941-rotated.jpg","datePublished":"2022-10-25T09:31:25+00:00","dateModified":"2022-12-06T15:45:45+00:00","breadcrumb":{"@id":"https:\/\/www.ativ.pt\/fr\/2022\/10\/25\/reparation-de-moto-generateurs-pour-les-chemins-de-fer-portugais\/#breadcrumb"},"inLanguage":"fr-FR","potentialAction":[{"@type":"ReadAction","target":["https:\/\/www.ativ.pt\/fr\/2022\/10\/25\/reparation-de-moto-generateurs-pour-les-chemins-de-fer-portugais\/"]}]},{"@type":"ImageObject","inLanguage":"fr-FR","@id":"https:\/\/www.ativ.pt\/fr\/2022\/10\/25\/reparation-de-moto-generateurs-pour-les-chemins-de-fer-portugais\/#primaryimage","url":"https:\/\/www.ativ.pt\/wp-content\/uploads\/2022\/10\/20220819_112941-rotated.jpg","contentUrl":"https:\/\/www.ativ.pt\/wp-content\/uploads\/2022\/10\/20220819_112941-rotated.jpg","width":1126,"height":2000},{"@type":"BreadcrumbList","@id":"https:\/\/www.ativ.pt\/fr\/2022\/10\/25\/reparation-de-moto-generateurs-pour-les-chemins-de-fer-portugais\/#breadcrumb","itemListElement":[{"@type":"ListItem","position":1,"name":"In\u00edcio","item":"https:\/\/www.ativ.pt\/fr\/"},{"@type":"ListItem","position":2,"name":"R\u00e9paration de moto-g\u00e9n\u00e9rateurs pour les chemins de fer portugais"}]},{"@type":"WebSite","@id":"https:\/\/www.ativ.pt\/fr\/#website","url":"https:\/\/www.ativ.pt\/fr\/","name":"Mota-Engil ATIV","description":"Gest\u00e3o e Manuten\u00e7\u00e3o de Ativos","publisher":{"@id":"https:\/\/www.ativ.pt\/fr\/#organization"},"potentialAction":[{"@type":"SearchAction","target":{"@type":"EntryPoint","urlTemplate":"https:\/\/www.ativ.pt\/fr\/?s={search_term_string}"},"query-input":{"@type":"PropertyValueSpecification","valueRequired":true,"valueName":"search_term_string"}}],"inLanguage":"fr-FR"},{"@type":"Organization","@id":"https:\/\/www.ativ.pt\/fr\/#organization","name":"Mota-Engil ATIV","url":"https:\/\/www.ativ.pt\/fr\/","logo":{"@type":"ImageObject","inLanguage":"fr-FR","@id":"https:\/\/www.ativ.pt\/fr\/#\/schema\/logo\/image\/","url":"https:\/\/www.ativ.pt\/wp-content\/uploads\/2022\/04\/logo-ativ-cor-1.svg","contentUrl":"https:\/\/www.ativ.pt\/wp-content\/uploads\/2022\/04\/logo-ativ-cor-1.svg","width":250,"height":100,"caption":"Mota-Engil ATIV"},"image":{"@id":"https:\/\/www.ativ.pt\/fr\/#\/schema\/logo\/image\/"},"sameAs":["https:\/\/www.facebook.com\/MotaEngilATIV\/","https:\/\/www.instagram.com\/mota_engil_ativ\/","https:\/\/www.linkedin.com\/company\/motaengil-ativ"]},{"@type":"Person","@id":"https:\/\/www.ativ.pt\/fr\/#\/schema\/person\/76cd49f91ef96b6902453415264f0c55","name":"Susana Guerreiro"}]}},"_links":{"self":[{"href":"https:\/\/www.ativ.pt\/fr\/wp-json\/wp\/v2\/posts\/6832","targetHints":{"allow":["GET"]}}],"collection":[{"href":"https:\/\/www.ativ.pt\/fr\/wp-json\/wp\/v2\/posts"}],"about":[{"href":"https:\/\/www.ativ.pt\/fr\/wp-json\/wp\/v2\/types\/post"}],"author":[{"embeddable":true,"href":"https:\/\/www.ativ.pt\/fr\/wp-json\/wp\/v2\/users\/2"}],"replies":[{"embeddable":true,"href":"https:\/\/www.ativ.pt\/fr\/wp-json\/wp\/v2\/comments?post=6832"}],"version-history":[{"count":1,"href":"https:\/\/www.ativ.pt\/fr\/wp-json\/wp\/v2\/posts\/6832\/revisions"}],"predecessor-version":[{"id":6833,"href":"https:\/\/www.ativ.pt\/fr\/wp-json\/wp\/v2\/posts\/6832\/revisions\/6833"}],"wp:featuredmedia":[{"embeddable":true,"href":"https:\/\/www.ativ.pt\/fr\/wp-json\/wp\/v2\/media\/6507"}],"wp:attachment":[{"href":"https:\/\/www.ativ.pt\/fr\/wp-json\/wp\/v2\/media?parent=6832"}],"wp:term":[{"taxonomy":"category","embeddable":true,"href":"https:\/\/www.ativ.pt\/fr\/wp-json\/wp\/v2\/categories?post=6832"},{"taxonomy":"post_tag","embeddable":true,"href":"https:\/\/www.ativ.pt\/fr\/wp-json\/wp\/v2\/tags?post=6832"}],"curies":[{"name":"wp","href":"https:\/\/api.w.org\/{rel}","templated":true}]}}