{"id":6468,"date":"2022-10-03T10:12:26","date_gmt":"2022-10-03T10:12:26","guid":{"rendered":"https:\/\/www.ativ.pt\/2022\/10\/03\/plateformes-de-gestion-et-de-maintenance-dactifs\/"},"modified":"2022-10-20T15:29:06","modified_gmt":"2022-10-20T15:29:06","slug":"plateformes-de-gestion-et-de-maintenance-dactifs","status":"publish","type":"post","link":"https:\/\/www.ativ.pt\/fr\/2022\/10\/03\/plateformes-de-gestion-et-de-maintenance-dactifs\/","title":{"rendered":"Plateformes de gestion et de maintenance d\u2019actifs"},"content":{"rendered":"\n<p>Les registres d\u2019actifs, les ordres de travail et les rapports qui impliquaient par le pass\u00e9 d\u2019imprimer litt\u00e9ralement des rames de papier, sont d\u00e9sormais remplac\u00e9s par des informations compl\u00e8tes et imm\u00e9diatement disponibles dans la paume de votre main. Sur une tablette ou un smartphone.<\/p>\n\n<p>Il existe des logiciels sur le march\u00e9, certains d\u00e9velopp\u00e9s pour la commercialisation g\u00e9n\u00e9rale, notamment Infraspeak, Glose, Valuekeep, Maximo ou des logiciels d\u00e9velopp\u00e9s par les propri\u00e9taires des actifs, comme c\u2019est le cas de SIGMA, d\u00e9velopp\u00e9 par Parque Escolar.<\/p>\n\n<p>Ayant une base de travail commune, ils comprennent l\u2019enregistrement des actifs ; l\u2019\u00e9laboration de points d\u2019inspection et de proc\u00e9dures de maintenance, servant de support \u00e0 la mise en \u0153uvre de plans de maintenance avec des bases temporelles bien d\u00e9finies ; l\u2019\u00e9mission d\u2019ordres de travail pr\u00e9ventifs ; l\u2019enregistrement d\u2019ordres de travail correctifs et d\u2019am\u00e9lioration, permettant la cr\u00e9ation d\u2019une base de donn\u00e9es et d\u2019un historique, avec la possibilit\u00e9 d\u2019\u00e9mettre des rapports qui peuvent montrer aux propri\u00e9taires, aux gestionnaires d\u2019actifs et aux entit\u00e9s d\u2019audit l\u2019ensemble des services de maintenance, l\u2019\u00e9tat des actifs, ainsi que le contr\u00f4le des obligations l\u00e9gales.<\/p>\n\n<p>Quelle que soit la plateforme choisie, son utilisation rigoureuse permet un ensemble d\u2019avantages \u00e9conomiques et environnementaux qui justifient largement les investissements dans les logiciels, la d\u00e9tection, l\u2019installation de compteurs (ce qui ne peut \u00eatre mesur\u00e9 ne peut \u00eatre contr\u00f4l\u00e9) et enfin, dans des services de maintenance sp\u00e9cialis\u00e9s et comp\u00e9tents dans l\u2019utilisation et l\u2019application efficace des technologies les plus avanc\u00e9es, \u00e0 la valeur pratique reconnue.<\/p>\n\n<p><a href=\"https:\/\/www.ativ.pt\/wp-content\/uploads\/2022\/10\/artigo-tecnico_software_gestao.pdf\" target=\"_blank\" rel=\"noreferrer noopener\"><strong>Voir l&rsquo;article technique<\/strong><\/a><\/p>\n","protected":false},"excerpt":{"rendered":"<p>Les gestionnaires d\u2019actifs et les techniciens de maintenance connaissent et reconnaissent la valeur intrins\u00e8que des plateformes de gestion de la maintenance.<\/p>\n","protected":false},"author":1,"featured_media":6108,"comment_status":"open","ping_status":"open","sticky":false,"template":"","format":"standard","meta":{"_acf_changed":false,"footnotes":""},"categories":[15],"tags":[],"class_list":["post-6468","post","type-post","status-publish","format-standard","has-post-thumbnail","hentry","category-articles"],"acf":[],"yoast_head":"<!-- This site is optimized with the Yoast SEO plugin v27.5 - https:\/\/yoast.com\/product\/yoast-seo-wordpress\/ -->\n<title>Plateformes de gestion et de maintenance d\u2019actifs - Mota-Engil ATIV<\/title>\n<meta name=\"description\" content=\"Les gestionnaires d\u2019actifs et les techniciens de maintenance connaissent et reconnaissent la valeur intrins\u00e8que des plateformes de gestion de la maintenance.\" \/>\n<meta name=\"robots\" content=\"index, follow, max-snippet:-1, max-image-preview:large, max-video-preview:-1\" \/>\n<link rel=\"canonical\" href=\"https:\/\/www.ativ.pt\/fr\/2022\/10\/03\/plateformes-de-gestion-et-de-maintenance-dactifs\/\" \/>\n<meta property=\"og:locale\" content=\"fr_FR\" \/>\n<meta property=\"og:type\" content=\"article\" \/>\n<meta property=\"og:title\" content=\"Plateformes de gestion et de maintenance d\u2019actifs - Mota-Engil ATIV\" \/>\n<meta property=\"og:description\" content=\"Les gestionnaires d\u2019actifs et les techniciens de maintenance connaissent et reconnaissent la valeur intrins\u00e8que des plateformes de gestion de la maintenance.\" \/>\n<meta property=\"og:url\" content=\"https:\/\/www.ativ.pt\/fr\/2022\/10\/03\/plateformes-de-gestion-et-de-maintenance-dactifs\/\" \/>\n<meta property=\"og:site_name\" content=\"Mota-Engil ATIV\" \/>\n<meta property=\"article:publisher\" content=\"https:\/\/www.facebook.com\/MotaEngilATIV\/\" \/>\n<meta property=\"article:published_time\" content=\"2022-10-03T10:12:26+00:00\" \/>\n<meta property=\"article:modified_time\" content=\"2022-10-20T15:29:06+00:00\" \/>\n<meta property=\"og:image\" content=\"https:\/\/www.ativ.pt\/wp-content\/uploads\/2022\/10\/artigo-tecnico_software_gestao.jpg\" \/>\n\t<meta property=\"og:image:width\" content=\"1200\" \/>\n\t<meta property=\"og:image:height\" content=\"800\" \/>\n\t<meta property=\"og:image:type\" content=\"image\/jpeg\" \/>\n<meta name=\"author\" content=\"superedcadmin\" \/>\n<meta name=\"twitter:card\" content=\"summary_large_image\" \/>\n<meta name=\"twitter:label1\" content=\"\u00c9crit par\" \/>\n\t<meta name=\"twitter:data1\" content=\"superedcadmin\" \/>\n\t<meta name=\"twitter:label2\" content=\"Dur\u00e9e de lecture estim\u00e9e\" \/>\n\t<meta name=\"twitter:data2\" content=\"1 minute\" \/>\n<script type=\"application\/ld+json\" class=\"yoast-schema-graph\">{\"@context\":\"https:\\\/\\\/schema.org\",\"@graph\":[{\"@type\":\"Article\",\"@id\":\"https:\\\/\\\/www.ativ.pt\\\/fr\\\/2022\\\/10\\\/03\\\/plateformes-de-gestion-et-de-maintenance-dactifs\\\/#article\",\"isPartOf\":{\"@id\":\"https:\\\/\\\/www.ativ.pt\\\/fr\\\/2022\\\/10\\\/03\\\/plateformes-de-gestion-et-de-maintenance-dactifs\\\/\"},\"author\":{\"name\":\"superedcadmin\",\"@id\":\"https:\\\/\\\/www.ativ.pt\\\/fr\\\/#\\\/schema\\\/person\\\/25537f36d67a41ef21df8c4841956ca3\"},\"headline\":\"Plateformes de gestion et de maintenance d\u2019actifs\",\"datePublished\":\"2022-10-03T10:12:26+00:00\",\"dateModified\":\"2022-10-20T15:29:06+00:00\",\"mainEntityOfPage\":{\"@id\":\"https:\\\/\\\/www.ativ.pt\\\/fr\\\/2022\\\/10\\\/03\\\/plateformes-de-gestion-et-de-maintenance-dactifs\\\/\"},\"wordCount\":298,\"commentCount\":0,\"publisher\":{\"@id\":\"https:\\\/\\\/www.ativ.pt\\\/fr\\\/#organization\"},\"image\":{\"@id\":\"https:\\\/\\\/www.ativ.pt\\\/fr\\\/2022\\\/10\\\/03\\\/plateformes-de-gestion-et-de-maintenance-dactifs\\\/#primaryimage\"},\"thumbnailUrl\":\"https:\\\/\\\/www.ativ.pt\\\/wp-content\\\/uploads\\\/2022\\\/10\\\/artigo-tecnico_software_gestao.jpg\",\"articleSection\":[\"Article\"],\"inLanguage\":\"fr-FR\",\"potentialAction\":[{\"@type\":\"CommentAction\",\"name\":\"Comment\",\"target\":[\"https:\\\/\\\/www.ativ.pt\\\/fr\\\/2022\\\/10\\\/03\\\/plateformes-de-gestion-et-de-maintenance-dactifs\\\/#respond\"]}]},{\"@type\":\"WebPage\",\"@id\":\"https:\\\/\\\/www.ativ.pt\\\/fr\\\/2022\\\/10\\\/03\\\/plateformes-de-gestion-et-de-maintenance-dactifs\\\/\",\"url\":\"https:\\\/\\\/www.ativ.pt\\\/fr\\\/2022\\\/10\\\/03\\\/plateformes-de-gestion-et-de-maintenance-dactifs\\\/\",\"name\":\"Plateformes de gestion et de maintenance d\u2019actifs - Mota-Engil ATIV\",\"isPartOf\":{\"@id\":\"https:\\\/\\\/www.ativ.pt\\\/fr\\\/#website\"},\"primaryImageOfPage\":{\"@id\":\"https:\\\/\\\/www.ativ.pt\\\/fr\\\/2022\\\/10\\\/03\\\/plateformes-de-gestion-et-de-maintenance-dactifs\\\/#primaryimage\"},\"image\":{\"@id\":\"https:\\\/\\\/www.ativ.pt\\\/fr\\\/2022\\\/10\\\/03\\\/plateformes-de-gestion-et-de-maintenance-dactifs\\\/#primaryimage\"},\"thumbnailUrl\":\"https:\\\/\\\/www.ativ.pt\\\/wp-content\\\/uploads\\\/2022\\\/10\\\/artigo-tecnico_software_gestao.jpg\",\"datePublished\":\"2022-10-03T10:12:26+00:00\",\"dateModified\":\"2022-10-20T15:29:06+00:00\",\"description\":\"Les gestionnaires d\u2019actifs et les techniciens de maintenance connaissent et reconnaissent la valeur intrins\u00e8que des plateformes de gestion de la maintenance.\",\"breadcrumb\":{\"@id\":\"https:\\\/\\\/www.ativ.pt\\\/fr\\\/2022\\\/10\\\/03\\\/plateformes-de-gestion-et-de-maintenance-dactifs\\\/#breadcrumb\"},\"inLanguage\":\"fr-FR\",\"potentialAction\":[{\"@type\":\"ReadAction\",\"target\":[\"https:\\\/\\\/www.ativ.pt\\\/fr\\\/2022\\\/10\\\/03\\\/plateformes-de-gestion-et-de-maintenance-dactifs\\\/\"]}]},{\"@type\":\"ImageObject\",\"inLanguage\":\"fr-FR\",\"@id\":\"https:\\\/\\\/www.ativ.pt\\\/fr\\\/2022\\\/10\\\/03\\\/plateformes-de-gestion-et-de-maintenance-dactifs\\\/#primaryimage\",\"url\":\"https:\\\/\\\/www.ativ.pt\\\/wp-content\\\/uploads\\\/2022\\\/10\\\/artigo-tecnico_software_gestao.jpg\",\"contentUrl\":\"https:\\\/\\\/www.ativ.pt\\\/wp-content\\\/uploads\\\/2022\\\/10\\\/artigo-tecnico_software_gestao.jpg\",\"width\":1200,\"height\":800},{\"@type\":\"BreadcrumbList\",\"@id\":\"https:\\\/\\\/www.ativ.pt\\\/fr\\\/2022\\\/10\\\/03\\\/plateformes-de-gestion-et-de-maintenance-dactifs\\\/#breadcrumb\",\"itemListElement\":[{\"@type\":\"ListItem\",\"position\":1,\"name\":\"In\u00edcio\",\"item\":\"https:\\\/\\\/www.ativ.pt\\\/fr\\\/\"},{\"@type\":\"ListItem\",\"position\":2,\"name\":\"Plateformes de gestion et de maintenance d\u2019actifs\"}]},{\"@type\":\"WebSite\",\"@id\":\"https:\\\/\\\/www.ativ.pt\\\/fr\\\/#website\",\"url\":\"https:\\\/\\\/www.ativ.pt\\\/fr\\\/\",\"name\":\"Mota-Engil ATIV\",\"description\":\"Gest\u00e3o e Manuten\u00e7\u00e3o de Ativos\",\"publisher\":{\"@id\":\"https:\\\/\\\/www.ativ.pt\\\/fr\\\/#organization\"},\"potentialAction\":[{\"@type\":\"SearchAction\",\"target\":{\"@type\":\"EntryPoint\",\"urlTemplate\":\"https:\\\/\\\/www.ativ.pt\\\/fr\\\/?s={search_term_string}\"},\"query-input\":{\"@type\":\"PropertyValueSpecification\",\"valueRequired\":true,\"valueName\":\"search_term_string\"}}],\"inLanguage\":\"fr-FR\"},{\"@type\":\"Organization\",\"@id\":\"https:\\\/\\\/www.ativ.pt\\\/fr\\\/#organization\",\"name\":\"Mota-Engil ATIV\",\"url\":\"https:\\\/\\\/www.ativ.pt\\\/fr\\\/\",\"logo\":{\"@type\":\"ImageObject\",\"inLanguage\":\"fr-FR\",\"@id\":\"https:\\\/\\\/www.ativ.pt\\\/fr\\\/#\\\/schema\\\/logo\\\/image\\\/\",\"url\":\"https:\\\/\\\/www.ativ.pt\\\/wp-content\\\/uploads\\\/2022\\\/04\\\/logo-ativ-cor-1.svg\",\"contentUrl\":\"https:\\\/\\\/www.ativ.pt\\\/wp-content\\\/uploads\\\/2022\\\/04\\\/logo-ativ-cor-1.svg\",\"width\":250,\"height\":100,\"caption\":\"Mota-Engil ATIV\"},\"image\":{\"@id\":\"https:\\\/\\\/www.ativ.pt\\\/fr\\\/#\\\/schema\\\/logo\\\/image\\\/\"},\"sameAs\":[\"https:\\\/\\\/www.facebook.com\\\/MotaEngilATIV\\\/\",\"https:\\\/\\\/www.instagram.com\\\/mota_engil_ativ\\\/\",\"https:\\\/\\\/www.linkedin.com\\\/company\\\/motaengil-ativ\"]},{\"@type\":\"Person\",\"@id\":\"https:\\\/\\\/www.ativ.pt\\\/fr\\\/#\\\/schema\\\/person\\\/25537f36d67a41ef21df8c4841956ca3\",\"name\":\"superedcadmin\",\"sameAs\":[\"https:\\\/\\\/www.ativ.pt\"]}]}<\/script>\n<!-- \/ Yoast SEO plugin. -->","yoast_head_json":{"title":"Plateformes de gestion et de maintenance d\u2019actifs - Mota-Engil ATIV","description":"Les gestionnaires d\u2019actifs et les techniciens de maintenance connaissent et reconnaissent la valeur intrins\u00e8que des plateformes de gestion de la maintenance.","robots":{"index":"index","follow":"follow","max-snippet":"max-snippet:-1","max-image-preview":"max-image-preview:large","max-video-preview":"max-video-preview:-1"},"canonical":"https:\/\/www.ativ.pt\/fr\/2022\/10\/03\/plateformes-de-gestion-et-de-maintenance-dactifs\/","og_locale":"fr_FR","og_type":"article","og_title":"Plateformes de gestion et de maintenance d\u2019actifs - Mota-Engil ATIV","og_description":"Les gestionnaires d\u2019actifs et les techniciens de maintenance connaissent et reconnaissent la valeur intrins\u00e8que des plateformes de gestion de la maintenance.","og_url":"https:\/\/www.ativ.pt\/fr\/2022\/10\/03\/plateformes-de-gestion-et-de-maintenance-dactifs\/","og_site_name":"Mota-Engil ATIV","article_publisher":"https:\/\/www.facebook.com\/MotaEngilATIV\/","article_published_time":"2022-10-03T10:12:26+00:00","article_modified_time":"2022-10-20T15:29:06+00:00","og_image":[{"width":1200,"height":800,"url":"https:\/\/www.ativ.pt\/wp-content\/uploads\/2022\/10\/artigo-tecnico_software_gestao.jpg","type":"image\/jpeg"}],"author":"superedcadmin","twitter_card":"summary_large_image","twitter_misc":{"\u00c9crit par":"superedcadmin","Dur\u00e9e de lecture estim\u00e9e":"1 minute"},"schema":{"@context":"https:\/\/schema.org","@graph":[{"@type":"Article","@id":"https:\/\/www.ativ.pt\/fr\/2022\/10\/03\/plateformes-de-gestion-et-de-maintenance-dactifs\/#article","isPartOf":{"@id":"https:\/\/www.ativ.pt\/fr\/2022\/10\/03\/plateformes-de-gestion-et-de-maintenance-dactifs\/"},"author":{"name":"superedcadmin","@id":"https:\/\/www.ativ.pt\/fr\/#\/schema\/person\/25537f36d67a41ef21df8c4841956ca3"},"headline":"Plateformes de gestion et de maintenance d\u2019actifs","datePublished":"2022-10-03T10:12:26+00:00","dateModified":"2022-10-20T15:29:06+00:00","mainEntityOfPage":{"@id":"https:\/\/www.ativ.pt\/fr\/2022\/10\/03\/plateformes-de-gestion-et-de-maintenance-dactifs\/"},"wordCount":298,"commentCount":0,"publisher":{"@id":"https:\/\/www.ativ.pt\/fr\/#organization"},"image":{"@id":"https:\/\/www.ativ.pt\/fr\/2022\/10\/03\/plateformes-de-gestion-et-de-maintenance-dactifs\/#primaryimage"},"thumbnailUrl":"https:\/\/www.ativ.pt\/wp-content\/uploads\/2022\/10\/artigo-tecnico_software_gestao.jpg","articleSection":["Article"],"inLanguage":"fr-FR","potentialAction":[{"@type":"CommentAction","name":"Comment","target":["https:\/\/www.ativ.pt\/fr\/2022\/10\/03\/plateformes-de-gestion-et-de-maintenance-dactifs\/#respond"]}]},{"@type":"WebPage","@id":"https:\/\/www.ativ.pt\/fr\/2022\/10\/03\/plateformes-de-gestion-et-de-maintenance-dactifs\/","url":"https:\/\/www.ativ.pt\/fr\/2022\/10\/03\/plateformes-de-gestion-et-de-maintenance-dactifs\/","name":"Plateformes de gestion et de maintenance d\u2019actifs - Mota-Engil ATIV","isPartOf":{"@id":"https:\/\/www.ativ.pt\/fr\/#website"},"primaryImageOfPage":{"@id":"https:\/\/www.ativ.pt\/fr\/2022\/10\/03\/plateformes-de-gestion-et-de-maintenance-dactifs\/#primaryimage"},"image":{"@id":"https:\/\/www.ativ.pt\/fr\/2022\/10\/03\/plateformes-de-gestion-et-de-maintenance-dactifs\/#primaryimage"},"thumbnailUrl":"https:\/\/www.ativ.pt\/wp-content\/uploads\/2022\/10\/artigo-tecnico_software_gestao.jpg","datePublished":"2022-10-03T10:12:26+00:00","dateModified":"2022-10-20T15:29:06+00:00","description":"Les gestionnaires d\u2019actifs et les techniciens de maintenance connaissent et reconnaissent la valeur intrins\u00e8que des plateformes de gestion de la maintenance.","breadcrumb":{"@id":"https:\/\/www.ativ.pt\/fr\/2022\/10\/03\/plateformes-de-gestion-et-de-maintenance-dactifs\/#breadcrumb"},"inLanguage":"fr-FR","potentialAction":[{"@type":"ReadAction","target":["https:\/\/www.ativ.pt\/fr\/2022\/10\/03\/plateformes-de-gestion-et-de-maintenance-dactifs\/"]}]},{"@type":"ImageObject","inLanguage":"fr-FR","@id":"https:\/\/www.ativ.pt\/fr\/2022\/10\/03\/plateformes-de-gestion-et-de-maintenance-dactifs\/#primaryimage","url":"https:\/\/www.ativ.pt\/wp-content\/uploads\/2022\/10\/artigo-tecnico_software_gestao.jpg","contentUrl":"https:\/\/www.ativ.pt\/wp-content\/uploads\/2022\/10\/artigo-tecnico_software_gestao.jpg","width":1200,"height":800},{"@type":"BreadcrumbList","@id":"https:\/\/www.ativ.pt\/fr\/2022\/10\/03\/plateformes-de-gestion-et-de-maintenance-dactifs\/#breadcrumb","itemListElement":[{"@type":"ListItem","position":1,"name":"In\u00edcio","item":"https:\/\/www.ativ.pt\/fr\/"},{"@type":"ListItem","position":2,"name":"Plateformes de gestion et de maintenance d\u2019actifs"}]},{"@type":"WebSite","@id":"https:\/\/www.ativ.pt\/fr\/#website","url":"https:\/\/www.ativ.pt\/fr\/","name":"Mota-Engil ATIV","description":"Gest\u00e3o e Manuten\u00e7\u00e3o de Ativos","publisher":{"@id":"https:\/\/www.ativ.pt\/fr\/#organization"},"potentialAction":[{"@type":"SearchAction","target":{"@type":"EntryPoint","urlTemplate":"https:\/\/www.ativ.pt\/fr\/?s={search_term_string}"},"query-input":{"@type":"PropertyValueSpecification","valueRequired":true,"valueName":"search_term_string"}}],"inLanguage":"fr-FR"},{"@type":"Organization","@id":"https:\/\/www.ativ.pt\/fr\/#organization","name":"Mota-Engil ATIV","url":"https:\/\/www.ativ.pt\/fr\/","logo":{"@type":"ImageObject","inLanguage":"fr-FR","@id":"https:\/\/www.ativ.pt\/fr\/#\/schema\/logo\/image\/","url":"https:\/\/www.ativ.pt\/wp-content\/uploads\/2022\/04\/logo-ativ-cor-1.svg","contentUrl":"https:\/\/www.ativ.pt\/wp-content\/uploads\/2022\/04\/logo-ativ-cor-1.svg","width":250,"height":100,"caption":"Mota-Engil ATIV"},"image":{"@id":"https:\/\/www.ativ.pt\/fr\/#\/schema\/logo\/image\/"},"sameAs":["https:\/\/www.facebook.com\/MotaEngilATIV\/","https:\/\/www.instagram.com\/mota_engil_ativ\/","https:\/\/www.linkedin.com\/company\/motaengil-ativ"]},{"@type":"Person","@id":"https:\/\/www.ativ.pt\/fr\/#\/schema\/person\/25537f36d67a41ef21df8c4841956ca3","name":"superedcadmin","sameAs":["https:\/\/www.ativ.pt"]}]}},"_links":{"self":[{"href":"https:\/\/www.ativ.pt\/fr\/wp-json\/wp\/v2\/posts\/6468","targetHints":{"allow":["GET"]}}],"collection":[{"href":"https:\/\/www.ativ.pt\/fr\/wp-json\/wp\/v2\/posts"}],"about":[{"href":"https:\/\/www.ativ.pt\/fr\/wp-json\/wp\/v2\/types\/post"}],"author":[{"embeddable":true,"href":"https:\/\/www.ativ.pt\/fr\/wp-json\/wp\/v2\/users\/1"}],"replies":[{"embeddable":true,"href":"https:\/\/www.ativ.pt\/fr\/wp-json\/wp\/v2\/comments?post=6468"}],"version-history":[{"count":1,"href":"https:\/\/www.ativ.pt\/fr\/wp-json\/wp\/v2\/posts\/6468\/revisions"}],"predecessor-version":[{"id":6469,"href":"https:\/\/www.ativ.pt\/fr\/wp-json\/wp\/v2\/posts\/6468\/revisions\/6469"}],"wp:featuredmedia":[{"embeddable":true,"href":"https:\/\/www.ativ.pt\/fr\/wp-json\/wp\/v2\/media\/6108"}],"wp:attachment":[{"href":"https:\/\/www.ativ.pt\/fr\/wp-json\/wp\/v2\/media?parent=6468"}],"wp:term":[{"taxonomy":"category","embeddable":true,"href":"https:\/\/www.ativ.pt\/fr\/wp-json\/wp\/v2\/categories?post=6468"},{"taxonomy":"post_tag","embeddable":true,"href":"https:\/\/www.ativ.pt\/fr\/wp-json\/wp\/v2\/tags?post=6468"}],"curies":[{"name":"wp","href":"https:\/\/api.w.org\/{rel}","templated":true}]}}