{"id":6464,"date":"2022-09-29T10:57:19","date_gmt":"2022-09-29T10:57:19","guid":{"rendered":"https:\/\/www.ativ.pt\/2022\/09\/29\/application-de-sap-avec-la-technologie-dryject\/"},"modified":"2022-10-20T15:24:19","modified_gmt":"2022-10-20T15:24:19","slug":"application-de-sap-avec-la-technologie-dryject","status":"publish","type":"post","link":"https:\/\/www.ativ.pt\/fr\/2022\/09\/29\/application-de-sap-avec-la-technologie-dryject\/","title":{"rendered":"Application de SAP avec la technologie DryJect"},"content":{"rendered":"\n<p><\/p>\n\n<p>L\u2019utilisation excessive des ressources naturelles et l\u2019alt\u00e9ration des cycles naturels ont de graves r\u00e9percussions sur le changement climatique, et il est urgent de prendre des mesures d\u2019att\u00e9nuation permettant de prot\u00e9ger l\u2019environnement.<\/p>\n\n<p>En ce sens, Mota-Engil ATIV a investi dans le d\u00e9veloppement de technologies et de projets innovants qui permettent l\u2019optimisation et la bonne gestion des ressources hydriques, comme c\u2019est le cas de DRYJECT + SAP, tr\u00e8s efficace pour r\u00e9duire l\u2019empreinte hydrique associ\u00e9e \u00e0 l\u2019entretien de divers espaces verts, avec des \u00e9conomies d\u2019eau pouvant atteindre plus de 50 %.<\/p>\n\n<div class=\"wp-block-columns is-layout-flex wp-container-core-columns-is-layout-9d6595d7 wp-block-columns-is-layout-flex\">\n<div class=\"wp-block-column is-layout-flow wp-block-column-is-layout-flow\">\n<figure class=\"wp-block-image size-full\"><img fetchpriority=\"high\" decoding=\"async\" width=\"1024\" height=\"768\" src=\"https:\/\/www.ativ.pt\/wp-content\/uploads\/2022\/09\/IMG-20220924-WA0001.jpg\" alt=\"\" class=\"wp-image-6085\" srcset=\"https:\/\/www.ativ.pt\/wp-content\/uploads\/2022\/09\/IMG-20220924-WA0001.jpg 1024w, https:\/\/www.ativ.pt\/wp-content\/uploads\/2022\/09\/IMG-20220924-WA0001-300x225.jpg 300w, https:\/\/www.ativ.pt\/wp-content\/uploads\/2022\/09\/IMG-20220924-WA0001-768x576.jpg 768w\" sizes=\"(max-width: 1024px) 100vw, 1024px\" \/><\/figure>\n<\/div>\n\n\n\n<div class=\"wp-block-column is-layout-flow wp-block-column-is-layout-flow\">\n<figure class=\"wp-block-image size-full\"><img decoding=\"async\" width=\"1024\" height=\"768\" src=\"https:\/\/www.ativ.pt\/wp-content\/uploads\/2022\/09\/IMG-20220924-WA0004.jpg\" alt=\"\" class=\"wp-image-6089\" srcset=\"https:\/\/www.ativ.pt\/wp-content\/uploads\/2022\/09\/IMG-20220924-WA0004.jpg 1024w, https:\/\/www.ativ.pt\/wp-content\/uploads\/2022\/09\/IMG-20220924-WA0004-300x225.jpg 300w, https:\/\/www.ativ.pt\/wp-content\/uploads\/2022\/09\/IMG-20220924-WA0004-768x576.jpg 768w\" sizes=\"(max-width: 1024px) 100vw, 1024px\" \/><\/figure>\n<\/div>\n<\/div>\n\n<p>Dans l\u2019objectif de r\u00e9duire consid\u00e9rablement la consommation d\u2019eau d\u2019arrosage, de plus en plus de clients du nord au sud du pays font appel \u00e0 Mota-Engil ATIV, lui demandant des travaux d\u2019application SAP avec la technologie DryJect, dans diff\u00e9rents espaces verts urbains et pelouses.<\/p>\n\n<p>L\u2019une des applications a \u00e9t\u00e9 r\u00e9alis\u00e9e dans le jardin Major Rosa Bastos, pour la mairie de freguesia de Loures.<\/p>\n\n<p>Joaquim Gon\u00e7alves, responsable de l\u2019Agriculture et de la Durabilit\u00e9 chez Mota-Engil ATIV, souligne l\u2019importance d\u2019utiliser cette technologie pour am\u00e9liorer la durabilit\u00e9 des pelouses et se f\u00e9licite des r\u00e9sultats obtenus.<\/p>\n\n<p>\u00ab Nous estimons qu\u2019il s\u2019agit d\u2019une excellente technologie permettant une \u00e9conomie importante d\u2019eau d\u2019arrosage, avec tout ce que cela comporte de positif pour l\u2019att\u00e9nuation du changement climatique que nous connaissons aujourd\u2019hui \u00bb<\/p>\n","protected":false},"excerpt":{"rendered":"<p>Chez Mota-Engil ATIV, l\u2019efficacit\u00e9 hydrique est l\u2019un des piliers de la durabilit\u00e9 et l\u2019un des vecteurs strat\u00e9giques, renfor\u00e7ant la sensibilisation et contribuant \u00e0 l\u2019environnement au moyen de solutions efficaces d\u2019\u00e9conomie d\u2019eau.<\/p>\n","protected":false},"author":2,"featured_media":6087,"comment_status":"open","ping_status":"open","sticky":false,"template":"","format":"standard","meta":{"_acf_changed":false,"footnotes":""},"categories":[15],"tags":[206,207],"class_list":["post-6464","post","type-post","status-publish","format-standard","has-post-thumbnail","hentry","category-articles","tag-ativ","tag-mota-engil-ativ"],"acf":[],"yoast_head":"<!-- This site is optimized with the Yoast SEO plugin v27.5 - https:\/\/yoast.com\/product\/yoast-seo-wordpress\/ -->\n<title>Application de SAP avec la technologie DryJect - Mota-Engil ATIV<\/title>\n<meta name=\"robots\" content=\"index, follow, max-snippet:-1, max-image-preview:large, max-video-preview:-1\" \/>\n<link rel=\"canonical\" href=\"https:\/\/www.ativ.pt\/fr\/2022\/09\/29\/application-de-sap-avec-la-technologie-dryject\/\" \/>\n<meta property=\"og:locale\" content=\"fr_FR\" \/>\n<meta property=\"og:type\" content=\"article\" \/>\n<meta property=\"og:title\" content=\"Application de SAP avec la technologie DryJect - Mota-Engil ATIV\" \/>\n<meta property=\"og:description\" content=\"Chez Mota-Engil ATIV, l\u2019efficacit\u00e9 hydrique est l\u2019un des piliers de la durabilit\u00e9 et l\u2019un des vecteurs strat\u00e9giques, renfor\u00e7ant la sensibilisation et contribuant \u00e0 l\u2019environnement au moyen de solutions efficaces d\u2019\u00e9conomie d\u2019eau.\" \/>\n<meta property=\"og:url\" content=\"https:\/\/www.ativ.pt\/fr\/2022\/09\/29\/application-de-sap-avec-la-technologie-dryject\/\" \/>\n<meta property=\"og:site_name\" content=\"Mota-Engil ATIV\" \/>\n<meta property=\"article:publisher\" content=\"https:\/\/www.facebook.com\/MotaEngilATIV\/\" \/>\n<meta property=\"article:published_time\" content=\"2022-09-29T10:57:19+00:00\" \/>\n<meta property=\"article:modified_time\" content=\"2022-10-20T15:24:19+00:00\" \/>\n<meta property=\"og:image\" content=\"https:\/\/www.ativ.pt\/wp-content\/uploads\/2022\/09\/IMG-20220924-WA0001.jpg\" \/>\n\t<meta property=\"og:image:width\" content=\"1024\" \/>\n\t<meta property=\"og:image:height\" content=\"768\" \/>\n\t<meta property=\"og:image:type\" content=\"image\/jpeg\" \/>\n<meta name=\"author\" content=\"Susana Guerreiro\" \/>\n<meta name=\"twitter:card\" content=\"summary_large_image\" \/>\n<meta name=\"twitter:label1\" content=\"\u00c9crit par\" \/>\n\t<meta name=\"twitter:data1\" content=\"Susana Guerreiro\" \/>\n\t<meta name=\"twitter:label2\" content=\"Dur\u00e9e de lecture estim\u00e9e\" \/>\n\t<meta name=\"twitter:data2\" content=\"1 minute\" \/>\n<script type=\"application\/ld+json\" class=\"yoast-schema-graph\">{\"@context\":\"https:\\\/\\\/schema.org\",\"@graph\":[{\"@type\":\"Article\",\"@id\":\"https:\\\/\\\/www.ativ.pt\\\/fr\\\/2022\\\/09\\\/29\\\/application-de-sap-avec-la-technologie-dryject\\\/#article\",\"isPartOf\":{\"@id\":\"https:\\\/\\\/www.ativ.pt\\\/fr\\\/2022\\\/09\\\/29\\\/application-de-sap-avec-la-technologie-dryject\\\/\"},\"author\":{\"name\":\"Susana Guerreiro\",\"@id\":\"https:\\\/\\\/www.ativ.pt\\\/fr\\\/#\\\/schema\\\/person\\\/76cd49f91ef96b6902453415264f0c55\"},\"headline\":\"Application de SAP avec la technologie DryJect\",\"datePublished\":\"2022-09-29T10:57:19+00:00\",\"dateModified\":\"2022-10-20T15:24:19+00:00\",\"mainEntityOfPage\":{\"@id\":\"https:\\\/\\\/www.ativ.pt\\\/fr\\\/2022\\\/09\\\/29\\\/application-de-sap-avec-la-technologie-dryject\\\/\"},\"wordCount\":253,\"commentCount\":0,\"publisher\":{\"@id\":\"https:\\\/\\\/www.ativ.pt\\\/fr\\\/#organization\"},\"image\":{\"@id\":\"https:\\\/\\\/www.ativ.pt\\\/fr\\\/2022\\\/09\\\/29\\\/application-de-sap-avec-la-technologie-dryject\\\/#primaryimage\"},\"thumbnailUrl\":\"https:\\\/\\\/www.ativ.pt\\\/wp-content\\\/uploads\\\/2022\\\/09\\\/IMG-20220924-WA0001.jpg\",\"keywords\":[\"ATIV\",\"Mota-Engil ATIV\"],\"articleSection\":[\"Article\"],\"inLanguage\":\"fr-FR\",\"potentialAction\":[{\"@type\":\"CommentAction\",\"name\":\"Comment\",\"target\":[\"https:\\\/\\\/www.ativ.pt\\\/fr\\\/2022\\\/09\\\/29\\\/application-de-sap-avec-la-technologie-dryject\\\/#respond\"]}]},{\"@type\":\"WebPage\",\"@id\":\"https:\\\/\\\/www.ativ.pt\\\/fr\\\/2022\\\/09\\\/29\\\/application-de-sap-avec-la-technologie-dryject\\\/\",\"url\":\"https:\\\/\\\/www.ativ.pt\\\/fr\\\/2022\\\/09\\\/29\\\/application-de-sap-avec-la-technologie-dryject\\\/\",\"name\":\"Application de SAP avec la technologie DryJect - Mota-Engil ATIV\",\"isPartOf\":{\"@id\":\"https:\\\/\\\/www.ativ.pt\\\/fr\\\/#website\"},\"primaryImageOfPage\":{\"@id\":\"https:\\\/\\\/www.ativ.pt\\\/fr\\\/2022\\\/09\\\/29\\\/application-de-sap-avec-la-technologie-dryject\\\/#primaryimage\"},\"image\":{\"@id\":\"https:\\\/\\\/www.ativ.pt\\\/fr\\\/2022\\\/09\\\/29\\\/application-de-sap-avec-la-technologie-dryject\\\/#primaryimage\"},\"thumbnailUrl\":\"https:\\\/\\\/www.ativ.pt\\\/wp-content\\\/uploads\\\/2022\\\/09\\\/IMG-20220924-WA0001.jpg\",\"datePublished\":\"2022-09-29T10:57:19+00:00\",\"dateModified\":\"2022-10-20T15:24:19+00:00\",\"breadcrumb\":{\"@id\":\"https:\\\/\\\/www.ativ.pt\\\/fr\\\/2022\\\/09\\\/29\\\/application-de-sap-avec-la-technologie-dryject\\\/#breadcrumb\"},\"inLanguage\":\"fr-FR\",\"potentialAction\":[{\"@type\":\"ReadAction\",\"target\":[\"https:\\\/\\\/www.ativ.pt\\\/fr\\\/2022\\\/09\\\/29\\\/application-de-sap-avec-la-technologie-dryject\\\/\"]}]},{\"@type\":\"ImageObject\",\"inLanguage\":\"fr-FR\",\"@id\":\"https:\\\/\\\/www.ativ.pt\\\/fr\\\/2022\\\/09\\\/29\\\/application-de-sap-avec-la-technologie-dryject\\\/#primaryimage\",\"url\":\"https:\\\/\\\/www.ativ.pt\\\/wp-content\\\/uploads\\\/2022\\\/09\\\/IMG-20220924-WA0001.jpg\",\"contentUrl\":\"https:\\\/\\\/www.ativ.pt\\\/wp-content\\\/uploads\\\/2022\\\/09\\\/IMG-20220924-WA0001.jpg\",\"width\":1024,\"height\":768},{\"@type\":\"BreadcrumbList\",\"@id\":\"https:\\\/\\\/www.ativ.pt\\\/fr\\\/2022\\\/09\\\/29\\\/application-de-sap-avec-la-technologie-dryject\\\/#breadcrumb\",\"itemListElement\":[{\"@type\":\"ListItem\",\"position\":1,\"name\":\"In\u00edcio\",\"item\":\"https:\\\/\\\/www.ativ.pt\\\/fr\\\/\"},{\"@type\":\"ListItem\",\"position\":2,\"name\":\"Application de SAP avec la technologie DryJect\"}]},{\"@type\":\"WebSite\",\"@id\":\"https:\\\/\\\/www.ativ.pt\\\/fr\\\/#website\",\"url\":\"https:\\\/\\\/www.ativ.pt\\\/fr\\\/\",\"name\":\"Mota-Engil ATIV\",\"description\":\"Gest\u00e3o e Manuten\u00e7\u00e3o de Ativos\",\"publisher\":{\"@id\":\"https:\\\/\\\/www.ativ.pt\\\/fr\\\/#organization\"},\"potentialAction\":[{\"@type\":\"SearchAction\",\"target\":{\"@type\":\"EntryPoint\",\"urlTemplate\":\"https:\\\/\\\/www.ativ.pt\\\/fr\\\/?s={search_term_string}\"},\"query-input\":{\"@type\":\"PropertyValueSpecification\",\"valueRequired\":true,\"valueName\":\"search_term_string\"}}],\"inLanguage\":\"fr-FR\"},{\"@type\":\"Organization\",\"@id\":\"https:\\\/\\\/www.ativ.pt\\\/fr\\\/#organization\",\"name\":\"Mota-Engil ATIV\",\"url\":\"https:\\\/\\\/www.ativ.pt\\\/fr\\\/\",\"logo\":{\"@type\":\"ImageObject\",\"inLanguage\":\"fr-FR\",\"@id\":\"https:\\\/\\\/www.ativ.pt\\\/fr\\\/#\\\/schema\\\/logo\\\/image\\\/\",\"url\":\"https:\\\/\\\/www.ativ.pt\\\/wp-content\\\/uploads\\\/2022\\\/04\\\/logo-ativ-cor-1.svg\",\"contentUrl\":\"https:\\\/\\\/www.ativ.pt\\\/wp-content\\\/uploads\\\/2022\\\/04\\\/logo-ativ-cor-1.svg\",\"width\":250,\"height\":100,\"caption\":\"Mota-Engil ATIV\"},\"image\":{\"@id\":\"https:\\\/\\\/www.ativ.pt\\\/fr\\\/#\\\/schema\\\/logo\\\/image\\\/\"},\"sameAs\":[\"https:\\\/\\\/www.facebook.com\\\/MotaEngilATIV\\\/\",\"https:\\\/\\\/www.instagram.com\\\/mota_engil_ativ\\\/\",\"https:\\\/\\\/www.linkedin.com\\\/company\\\/motaengil-ativ\"]},{\"@type\":\"Person\",\"@id\":\"https:\\\/\\\/www.ativ.pt\\\/fr\\\/#\\\/schema\\\/person\\\/76cd49f91ef96b6902453415264f0c55\",\"name\":\"Susana Guerreiro\"}]}<\/script>\n<!-- \/ Yoast SEO plugin. -->","yoast_head_json":{"title":"Application de SAP avec la technologie DryJect - Mota-Engil ATIV","robots":{"index":"index","follow":"follow","max-snippet":"max-snippet:-1","max-image-preview":"max-image-preview:large","max-video-preview":"max-video-preview:-1"},"canonical":"https:\/\/www.ativ.pt\/fr\/2022\/09\/29\/application-de-sap-avec-la-technologie-dryject\/","og_locale":"fr_FR","og_type":"article","og_title":"Application de SAP avec la technologie DryJect - Mota-Engil ATIV","og_description":"Chez Mota-Engil ATIV, l\u2019efficacit\u00e9 hydrique est l\u2019un des piliers de la durabilit\u00e9 et l\u2019un des vecteurs strat\u00e9giques, renfor\u00e7ant la sensibilisation et contribuant \u00e0 l\u2019environnement au moyen de solutions efficaces d\u2019\u00e9conomie d\u2019eau.","og_url":"https:\/\/www.ativ.pt\/fr\/2022\/09\/29\/application-de-sap-avec-la-technologie-dryject\/","og_site_name":"Mota-Engil ATIV","article_publisher":"https:\/\/www.facebook.com\/MotaEngilATIV\/","article_published_time":"2022-09-29T10:57:19+00:00","article_modified_time":"2022-10-20T15:24:19+00:00","og_image":[{"width":1024,"height":768,"url":"https:\/\/www.ativ.pt\/wp-content\/uploads\/2022\/09\/IMG-20220924-WA0001.jpg","type":"image\/jpeg"}],"author":"Susana Guerreiro","twitter_card":"summary_large_image","twitter_misc":{"\u00c9crit par":"Susana Guerreiro","Dur\u00e9e de lecture estim\u00e9e":"1 minute"},"schema":{"@context":"https:\/\/schema.org","@graph":[{"@type":"Article","@id":"https:\/\/www.ativ.pt\/fr\/2022\/09\/29\/application-de-sap-avec-la-technologie-dryject\/#article","isPartOf":{"@id":"https:\/\/www.ativ.pt\/fr\/2022\/09\/29\/application-de-sap-avec-la-technologie-dryject\/"},"author":{"name":"Susana Guerreiro","@id":"https:\/\/www.ativ.pt\/fr\/#\/schema\/person\/76cd49f91ef96b6902453415264f0c55"},"headline":"Application de SAP avec la technologie DryJect","datePublished":"2022-09-29T10:57:19+00:00","dateModified":"2022-10-20T15:24:19+00:00","mainEntityOfPage":{"@id":"https:\/\/www.ativ.pt\/fr\/2022\/09\/29\/application-de-sap-avec-la-technologie-dryject\/"},"wordCount":253,"commentCount":0,"publisher":{"@id":"https:\/\/www.ativ.pt\/fr\/#organization"},"image":{"@id":"https:\/\/www.ativ.pt\/fr\/2022\/09\/29\/application-de-sap-avec-la-technologie-dryject\/#primaryimage"},"thumbnailUrl":"https:\/\/www.ativ.pt\/wp-content\/uploads\/2022\/09\/IMG-20220924-WA0001.jpg","keywords":["ATIV","Mota-Engil ATIV"],"articleSection":["Article"],"inLanguage":"fr-FR","potentialAction":[{"@type":"CommentAction","name":"Comment","target":["https:\/\/www.ativ.pt\/fr\/2022\/09\/29\/application-de-sap-avec-la-technologie-dryject\/#respond"]}]},{"@type":"WebPage","@id":"https:\/\/www.ativ.pt\/fr\/2022\/09\/29\/application-de-sap-avec-la-technologie-dryject\/","url":"https:\/\/www.ativ.pt\/fr\/2022\/09\/29\/application-de-sap-avec-la-technologie-dryject\/","name":"Application de SAP avec la technologie DryJect - Mota-Engil ATIV","isPartOf":{"@id":"https:\/\/www.ativ.pt\/fr\/#website"},"primaryImageOfPage":{"@id":"https:\/\/www.ativ.pt\/fr\/2022\/09\/29\/application-de-sap-avec-la-technologie-dryject\/#primaryimage"},"image":{"@id":"https:\/\/www.ativ.pt\/fr\/2022\/09\/29\/application-de-sap-avec-la-technologie-dryject\/#primaryimage"},"thumbnailUrl":"https:\/\/www.ativ.pt\/wp-content\/uploads\/2022\/09\/IMG-20220924-WA0001.jpg","datePublished":"2022-09-29T10:57:19+00:00","dateModified":"2022-10-20T15:24:19+00:00","breadcrumb":{"@id":"https:\/\/www.ativ.pt\/fr\/2022\/09\/29\/application-de-sap-avec-la-technologie-dryject\/#breadcrumb"},"inLanguage":"fr-FR","potentialAction":[{"@type":"ReadAction","target":["https:\/\/www.ativ.pt\/fr\/2022\/09\/29\/application-de-sap-avec-la-technologie-dryject\/"]}]},{"@type":"ImageObject","inLanguage":"fr-FR","@id":"https:\/\/www.ativ.pt\/fr\/2022\/09\/29\/application-de-sap-avec-la-technologie-dryject\/#primaryimage","url":"https:\/\/www.ativ.pt\/wp-content\/uploads\/2022\/09\/IMG-20220924-WA0001.jpg","contentUrl":"https:\/\/www.ativ.pt\/wp-content\/uploads\/2022\/09\/IMG-20220924-WA0001.jpg","width":1024,"height":768},{"@type":"BreadcrumbList","@id":"https:\/\/www.ativ.pt\/fr\/2022\/09\/29\/application-de-sap-avec-la-technologie-dryject\/#breadcrumb","itemListElement":[{"@type":"ListItem","position":1,"name":"In\u00edcio","item":"https:\/\/www.ativ.pt\/fr\/"},{"@type":"ListItem","position":2,"name":"Application de SAP avec la technologie DryJect"}]},{"@type":"WebSite","@id":"https:\/\/www.ativ.pt\/fr\/#website","url":"https:\/\/www.ativ.pt\/fr\/","name":"Mota-Engil ATIV","description":"Gest\u00e3o e Manuten\u00e7\u00e3o de Ativos","publisher":{"@id":"https:\/\/www.ativ.pt\/fr\/#organization"},"potentialAction":[{"@type":"SearchAction","target":{"@type":"EntryPoint","urlTemplate":"https:\/\/www.ativ.pt\/fr\/?s={search_term_string}"},"query-input":{"@type":"PropertyValueSpecification","valueRequired":true,"valueName":"search_term_string"}}],"inLanguage":"fr-FR"},{"@type":"Organization","@id":"https:\/\/www.ativ.pt\/fr\/#organization","name":"Mota-Engil ATIV","url":"https:\/\/www.ativ.pt\/fr\/","logo":{"@type":"ImageObject","inLanguage":"fr-FR","@id":"https:\/\/www.ativ.pt\/fr\/#\/schema\/logo\/image\/","url":"https:\/\/www.ativ.pt\/wp-content\/uploads\/2022\/04\/logo-ativ-cor-1.svg","contentUrl":"https:\/\/www.ativ.pt\/wp-content\/uploads\/2022\/04\/logo-ativ-cor-1.svg","width":250,"height":100,"caption":"Mota-Engil ATIV"},"image":{"@id":"https:\/\/www.ativ.pt\/fr\/#\/schema\/logo\/image\/"},"sameAs":["https:\/\/www.facebook.com\/MotaEngilATIV\/","https:\/\/www.instagram.com\/mota_engil_ativ\/","https:\/\/www.linkedin.com\/company\/motaengil-ativ"]},{"@type":"Person","@id":"https:\/\/www.ativ.pt\/fr\/#\/schema\/person\/76cd49f91ef96b6902453415264f0c55","name":"Susana Guerreiro"}]}},"_links":{"self":[{"href":"https:\/\/www.ativ.pt\/fr\/wp-json\/wp\/v2\/posts\/6464","targetHints":{"allow":["GET"]}}],"collection":[{"href":"https:\/\/www.ativ.pt\/fr\/wp-json\/wp\/v2\/posts"}],"about":[{"href":"https:\/\/www.ativ.pt\/fr\/wp-json\/wp\/v2\/types\/post"}],"author":[{"embeddable":true,"href":"https:\/\/www.ativ.pt\/fr\/wp-json\/wp\/v2\/users\/2"}],"replies":[{"embeddable":true,"href":"https:\/\/www.ativ.pt\/fr\/wp-json\/wp\/v2\/comments?post=6464"}],"version-history":[{"count":1,"href":"https:\/\/www.ativ.pt\/fr\/wp-json\/wp\/v2\/posts\/6464\/revisions"}],"predecessor-version":[{"id":6465,"href":"https:\/\/www.ativ.pt\/fr\/wp-json\/wp\/v2\/posts\/6464\/revisions\/6465"}],"wp:featuredmedia":[{"embeddable":true,"href":"https:\/\/www.ativ.pt\/fr\/wp-json\/wp\/v2\/media\/6087"}],"wp:attachment":[{"href":"https:\/\/www.ativ.pt\/fr\/wp-json\/wp\/v2\/media?parent=6464"}],"wp:term":[{"taxonomy":"category","embeddable":true,"href":"https:\/\/www.ativ.pt\/fr\/wp-json\/wp\/v2\/categories?post=6464"},{"taxonomy":"post_tag","embeddable":true,"href":"https:\/\/www.ativ.pt\/fr\/wp-json\/wp\/v2\/tags?post=6464"}],"curies":[{"name":"wp","href":"https:\/\/api.w.org\/{rel}","templated":true}]}}