{"id":5888,"date":"2022-09-02T08:45:51","date_gmt":"2022-09-02T08:45:51","guid":{"rendered":"https:\/\/www.ativ.pt\/2022\/09\/02\/maintenance-de-me-renewing\/"},"modified":"2022-09-15T16:14:58","modified_gmt":"2022-09-15T16:14:58","slug":"maintenance-de-me-renewing","status":"publish","type":"post","link":"https:\/\/www.ativ.pt\/fr\/2022\/09\/02\/maintenance-de-me-renewing\/","title":{"rendered":"Maintenance de ME Renewing"},"content":{"rendered":"\n<p>Avec ce projet, Mota-Engil ATIV pr\u00e9sente un service adapt\u00e9 aux besoins sp\u00e9cifiques de Mota-Engil Renewing, avec des garanties d\u2019excellence et de qualit\u00e9.<\/p>\n\n<p>Les interventions de maintenance pr\u00e9ventive de la station de charge + tableau \u00e9lectrique comprennent l\u2019inspection g\u00e9n\u00e9rale de l\u2019\u00e9tat des \u00e9quipements, la v\u00e9rification des signes de dommages ou de d\u00e9t\u00e9rioration, le contr\u00f4le visuel des locaux, y compris les c\u00e2bles d\u2019entr\u00e9e CA et les connexions \u00e0 la terre, le nettoyage int\u00e9rieur et ext\u00e9rieur des chargeurs et les mesures et les enregistrements.<\/p>\n\n<figure class=\"wp-block-image size-large\"><img fetchpriority=\"high\" decoding=\"async\" width=\"1024\" height=\"683\" src=\"https:\/\/spcdn.shortpixel.ai\/spio\/ret_img,q_cdnize,to_auto,s_webp:avif\/www.ativ.pt\/wp-content\/uploads\/2022\/09\/man_paineis-1024x683.jpg\" alt=\"\" class=\"wp-image-5755\" srcset=\"https:\/\/spcdn.shortpixel.ai\/spio\/ret_img,q_cdnize,to_auto,s_webp:avif\/www.ativ.pt\/wp-content\/uploads\/2022\/09\/man_paineis-1024x683.jpg 1024w, https:\/\/spcdn.shortpixel.ai\/spio\/ret_img,q_cdnize,to_auto,s_webp:avif\/www.ativ.pt\/wp-content\/uploads\/2022\/09\/man_paineis-300x200.jpg 300w, https:\/\/spcdn.shortpixel.ai\/spio\/ret_img,q_cdnize,to_auto,s_webp:avif\/www.ativ.pt\/wp-content\/uploads\/2022\/09\/man_paineis-768x512.jpg 768w, https:\/\/spcdn.shortpixel.ai\/spio\/ret_img,q_cdnize,to_auto,s_webp:avif\/www.ativ.pt\/wp-content\/uploads\/2022\/09\/man_paineis-1536x1024.jpg 1536w, https:\/\/spcdn.shortpixel.ai\/spio\/ret_img,q_cdnize,to_auto,s_webp:avif\/www.ativ.pt\/wp-content\/uploads\/2022\/09\/man_paineis-scaled.jpg 1920w\" sizes=\"(max-width: 1024px) 100vw, 1024px\" \/><\/figure>\n\n<p>Dans l\u2019unit\u00e9 de production pour l\u2019autoconsommation (UPAC), nous v\u00e9rifions l\u2019\u00e9tat des structures m\u00e9talliques qui soutiennent les panneaux solaires, ainsi que les panneaux solaires eux-m\u00eames ; nous v\u00e9rifions l\u2019existence d\u2019alarmes, nous nettoyons les panneaux solaires \u00e0 l\u2019aide d\u2019une machine \u00e0 laver \u00e0 haute pression et nous v\u00e9rifions les connexions \u00e9lectriques \u00e0 la terre, entre autres.<\/p>\n\n<p>Ce contrat, en vigueur depuis le d\u00e9but de l\u2019ann\u00e9e 2022, est le fruit d\u2019un partenariat entre deux entreprises du groupe Mota-Engil.<\/p>\n","protected":false},"excerpt":{"rendered":"<p>L\u2019objectif de cette prestation de services est la maintenance pr\u00e9ventive des stations de charge de v\u00e9hicules, des tableaux \u00e9lectriques et des unit\u00e9s de production pour l\u2019autoconsommation (UPAC) con\u00e7us par Mota-Engil Renewing, dans divers locaux du nord au sud du pays.<\/p>\n","protected":false},"author":2,"featured_media":5757,"comment_status":"open","ping_status":"open","sticky":false,"template":"","format":"standard","meta":{"_acf_changed":false,"footnotes":""},"categories":[15],"tags":[206,207],"class_list":["post-5888","post","type-post","status-publish","format-standard","has-post-thumbnail","hentry","category-articles","tag-ativ","tag-mota-engil-ativ"],"acf":[],"yoast_head":"<!-- This site is optimized with the Yoast SEO plugin v27.5 - https:\/\/yoast.com\/product\/yoast-seo-wordpress\/ -->\n<title>Maintenance de ME Renewing - Mota-Engil ATIV<\/title>\n<meta name=\"robots\" content=\"index, follow, max-snippet:-1, max-image-preview:large, max-video-preview:-1\" \/>\n<link rel=\"canonical\" href=\"https:\/\/www.ativ.pt\/fr\/2022\/09\/02\/maintenance-de-me-renewing\/\" \/>\n<meta property=\"og:locale\" content=\"fr_FR\" \/>\n<meta property=\"og:type\" content=\"article\" \/>\n<meta property=\"og:title\" content=\"Maintenance de ME Renewing - Mota-Engil ATIV\" \/>\n<meta property=\"og:description\" content=\"L\u2019objectif de cette prestation de services est la maintenance pr\u00e9ventive des stations de charge de v\u00e9hicules, des tableaux \u00e9lectriques et des unit\u00e9s de production pour l\u2019autoconsommation (UPAC) con\u00e7us par Mota-Engil Renewing, dans divers locaux du nord au sud du pays.\" \/>\n<meta property=\"og:url\" content=\"https:\/\/www.ativ.pt\/fr\/2022\/09\/02\/maintenance-de-me-renewing\/\" \/>\n<meta property=\"og:site_name\" content=\"Mota-Engil ATIV\" \/>\n<meta property=\"article:publisher\" content=\"https:\/\/www.facebook.com\/MotaEngilATIV\/\" \/>\n<meta property=\"article:published_time\" content=\"2022-09-02T08:45:51+00:00\" \/>\n<meta property=\"article:modified_time\" content=\"2022-09-15T16:14:58+00:00\" \/>\n<meta property=\"og:image\" content=\"https:\/\/www.ativ.pt\/wp-content\/uploads\/2022\/09\/man_paineis-scaled.jpg\" \/>\n\t<meta property=\"og:image:width\" content=\"1920\" \/>\n\t<meta property=\"og:image:height\" content=\"1280\" \/>\n\t<meta property=\"og:image:type\" content=\"image\/jpeg\" \/>\n<meta name=\"author\" content=\"Susana Guerreiro\" \/>\n<meta name=\"twitter:card\" content=\"summary_large_image\" \/>\n<meta name=\"twitter:label1\" content=\"\u00c9crit par\" \/>\n\t<meta name=\"twitter:data1\" content=\"Susana Guerreiro\" \/>\n\t<meta name=\"twitter:label2\" content=\"Dur\u00e9e de lecture estim\u00e9e\" \/>\n\t<meta name=\"twitter:data2\" content=\"1 minute\" \/>\n<script type=\"application\/ld+json\" class=\"yoast-schema-graph\">{\"@context\":\"https:\\\/\\\/schema.org\",\"@graph\":[{\"@type\":\"Article\",\"@id\":\"https:\\\/\\\/www.ativ.pt\\\/fr\\\/2022\\\/09\\\/02\\\/maintenance-de-me-renewing\\\/#article\",\"isPartOf\":{\"@id\":\"https:\\\/\\\/www.ativ.pt\\\/fr\\\/2022\\\/09\\\/02\\\/maintenance-de-me-renewing\\\/\"},\"author\":{\"name\":\"Susana Guerreiro\",\"@id\":\"https:\\\/\\\/www.ativ.pt\\\/fr\\\/#\\\/schema\\\/person\\\/76cd49f91ef96b6902453415264f0c55\"},\"headline\":\"Maintenance de ME Renewing\",\"datePublished\":\"2022-09-02T08:45:51+00:00\",\"dateModified\":\"2022-09-15T16:14:58+00:00\",\"mainEntityOfPage\":{\"@id\":\"https:\\\/\\\/www.ativ.pt\\\/fr\\\/2022\\\/09\\\/02\\\/maintenance-de-me-renewing\\\/\"},\"wordCount\":185,\"commentCount\":0,\"publisher\":{\"@id\":\"https:\\\/\\\/www.ativ.pt\\\/fr\\\/#organization\"},\"image\":{\"@id\":\"https:\\\/\\\/www.ativ.pt\\\/fr\\\/2022\\\/09\\\/02\\\/maintenance-de-me-renewing\\\/#primaryimage\"},\"thumbnailUrl\":\"https:\\\/\\\/www.ativ.pt\\\/wp-content\\\/uploads\\\/2022\\\/09\\\/man_paineis-scaled.jpg\",\"keywords\":[\"ATIV\",\"Mota-Engil ATIV\"],\"articleSection\":[\"Article\"],\"inLanguage\":\"fr-FR\",\"potentialAction\":[{\"@type\":\"CommentAction\",\"name\":\"Comment\",\"target\":[\"https:\\\/\\\/www.ativ.pt\\\/fr\\\/2022\\\/09\\\/02\\\/maintenance-de-me-renewing\\\/#respond\"]}]},{\"@type\":\"WebPage\",\"@id\":\"https:\\\/\\\/www.ativ.pt\\\/fr\\\/2022\\\/09\\\/02\\\/maintenance-de-me-renewing\\\/\",\"url\":\"https:\\\/\\\/www.ativ.pt\\\/fr\\\/2022\\\/09\\\/02\\\/maintenance-de-me-renewing\\\/\",\"name\":\"Maintenance de ME Renewing - Mota-Engil ATIV\",\"isPartOf\":{\"@id\":\"https:\\\/\\\/www.ativ.pt\\\/fr\\\/#website\"},\"primaryImageOfPage\":{\"@id\":\"https:\\\/\\\/www.ativ.pt\\\/fr\\\/2022\\\/09\\\/02\\\/maintenance-de-me-renewing\\\/#primaryimage\"},\"image\":{\"@id\":\"https:\\\/\\\/www.ativ.pt\\\/fr\\\/2022\\\/09\\\/02\\\/maintenance-de-me-renewing\\\/#primaryimage\"},\"thumbnailUrl\":\"https:\\\/\\\/www.ativ.pt\\\/wp-content\\\/uploads\\\/2022\\\/09\\\/man_paineis-scaled.jpg\",\"datePublished\":\"2022-09-02T08:45:51+00:00\",\"dateModified\":\"2022-09-15T16:14:58+00:00\",\"breadcrumb\":{\"@id\":\"https:\\\/\\\/www.ativ.pt\\\/fr\\\/2022\\\/09\\\/02\\\/maintenance-de-me-renewing\\\/#breadcrumb\"},\"inLanguage\":\"fr-FR\",\"potentialAction\":[{\"@type\":\"ReadAction\",\"target\":[\"https:\\\/\\\/www.ativ.pt\\\/fr\\\/2022\\\/09\\\/02\\\/maintenance-de-me-renewing\\\/\"]}]},{\"@type\":\"ImageObject\",\"inLanguage\":\"fr-FR\",\"@id\":\"https:\\\/\\\/www.ativ.pt\\\/fr\\\/2022\\\/09\\\/02\\\/maintenance-de-me-renewing\\\/#primaryimage\",\"url\":\"https:\\\/\\\/www.ativ.pt\\\/wp-content\\\/uploads\\\/2022\\\/09\\\/man_paineis-scaled.jpg\",\"contentUrl\":\"https:\\\/\\\/www.ativ.pt\\\/wp-content\\\/uploads\\\/2022\\\/09\\\/man_paineis-scaled.jpg\",\"width\":1920,\"height\":1280},{\"@type\":\"BreadcrumbList\",\"@id\":\"https:\\\/\\\/www.ativ.pt\\\/fr\\\/2022\\\/09\\\/02\\\/maintenance-de-me-renewing\\\/#breadcrumb\",\"itemListElement\":[{\"@type\":\"ListItem\",\"position\":1,\"name\":\"In\u00edcio\",\"item\":\"https:\\\/\\\/www.ativ.pt\\\/fr\\\/\"},{\"@type\":\"ListItem\",\"position\":2,\"name\":\"Maintenance de ME Renewing\"}]},{\"@type\":\"WebSite\",\"@id\":\"https:\\\/\\\/www.ativ.pt\\\/fr\\\/#website\",\"url\":\"https:\\\/\\\/www.ativ.pt\\\/fr\\\/\",\"name\":\"Mota-Engil ATIV\",\"description\":\"Gest\u00e3o e Manuten\u00e7\u00e3o de Ativos\",\"publisher\":{\"@id\":\"https:\\\/\\\/www.ativ.pt\\\/fr\\\/#organization\"},\"potentialAction\":[{\"@type\":\"SearchAction\",\"target\":{\"@type\":\"EntryPoint\",\"urlTemplate\":\"https:\\\/\\\/www.ativ.pt\\\/fr\\\/?s={search_term_string}\"},\"query-input\":{\"@type\":\"PropertyValueSpecification\",\"valueRequired\":true,\"valueName\":\"search_term_string\"}}],\"inLanguage\":\"fr-FR\"},{\"@type\":\"Organization\",\"@id\":\"https:\\\/\\\/www.ativ.pt\\\/fr\\\/#organization\",\"name\":\"Mota-Engil ATIV\",\"url\":\"https:\\\/\\\/www.ativ.pt\\\/fr\\\/\",\"logo\":{\"@type\":\"ImageObject\",\"inLanguage\":\"fr-FR\",\"@id\":\"https:\\\/\\\/www.ativ.pt\\\/fr\\\/#\\\/schema\\\/logo\\\/image\\\/\",\"url\":\"https:\\\/\\\/www.ativ.pt\\\/wp-content\\\/uploads\\\/2022\\\/04\\\/logo-ativ-cor-1.svg\",\"contentUrl\":\"https:\\\/\\\/www.ativ.pt\\\/wp-content\\\/uploads\\\/2022\\\/04\\\/logo-ativ-cor-1.svg\",\"width\":250,\"height\":100,\"caption\":\"Mota-Engil ATIV\"},\"image\":{\"@id\":\"https:\\\/\\\/www.ativ.pt\\\/fr\\\/#\\\/schema\\\/logo\\\/image\\\/\"},\"sameAs\":[\"https:\\\/\\\/www.facebook.com\\\/MotaEngilATIV\\\/\",\"https:\\\/\\\/www.instagram.com\\\/mota_engil_ativ\\\/\",\"https:\\\/\\\/www.linkedin.com\\\/company\\\/motaengil-ativ\"]},{\"@type\":\"Person\",\"@id\":\"https:\\\/\\\/www.ativ.pt\\\/fr\\\/#\\\/schema\\\/person\\\/76cd49f91ef96b6902453415264f0c55\",\"name\":\"Susana Guerreiro\"}]}<\/script>\n<!-- \/ Yoast SEO plugin. -->","yoast_head_json":{"title":"Maintenance de ME Renewing - Mota-Engil ATIV","robots":{"index":"index","follow":"follow","max-snippet":"max-snippet:-1","max-image-preview":"max-image-preview:large","max-video-preview":"max-video-preview:-1"},"canonical":"https:\/\/www.ativ.pt\/fr\/2022\/09\/02\/maintenance-de-me-renewing\/","og_locale":"fr_FR","og_type":"article","og_title":"Maintenance de ME Renewing - Mota-Engil ATIV","og_description":"L\u2019objectif de cette prestation de services est la maintenance pr\u00e9ventive des stations de charge de v\u00e9hicules, des tableaux \u00e9lectriques et des unit\u00e9s de production pour l\u2019autoconsommation (UPAC) con\u00e7us par Mota-Engil Renewing, dans divers locaux du nord au sud du pays.","og_url":"https:\/\/www.ativ.pt\/fr\/2022\/09\/02\/maintenance-de-me-renewing\/","og_site_name":"Mota-Engil ATIV","article_publisher":"https:\/\/www.facebook.com\/MotaEngilATIV\/","article_published_time":"2022-09-02T08:45:51+00:00","article_modified_time":"2022-09-15T16:14:58+00:00","og_image":[{"width":1920,"height":1280,"url":"https:\/\/www.ativ.pt\/wp-content\/uploads\/2022\/09\/man_paineis-scaled.jpg","type":"image\/jpeg"}],"author":"Susana Guerreiro","twitter_card":"summary_large_image","twitter_misc":{"\u00c9crit par":"Susana Guerreiro","Dur\u00e9e de lecture estim\u00e9e":"1 minute"},"schema":{"@context":"https:\/\/schema.org","@graph":[{"@type":"Article","@id":"https:\/\/www.ativ.pt\/fr\/2022\/09\/02\/maintenance-de-me-renewing\/#article","isPartOf":{"@id":"https:\/\/www.ativ.pt\/fr\/2022\/09\/02\/maintenance-de-me-renewing\/"},"author":{"name":"Susana Guerreiro","@id":"https:\/\/www.ativ.pt\/fr\/#\/schema\/person\/76cd49f91ef96b6902453415264f0c55"},"headline":"Maintenance de ME Renewing","datePublished":"2022-09-02T08:45:51+00:00","dateModified":"2022-09-15T16:14:58+00:00","mainEntityOfPage":{"@id":"https:\/\/www.ativ.pt\/fr\/2022\/09\/02\/maintenance-de-me-renewing\/"},"wordCount":185,"commentCount":0,"publisher":{"@id":"https:\/\/www.ativ.pt\/fr\/#organization"},"image":{"@id":"https:\/\/www.ativ.pt\/fr\/2022\/09\/02\/maintenance-de-me-renewing\/#primaryimage"},"thumbnailUrl":"https:\/\/www.ativ.pt\/wp-content\/uploads\/2022\/09\/man_paineis-scaled.jpg","keywords":["ATIV","Mota-Engil ATIV"],"articleSection":["Article"],"inLanguage":"fr-FR","potentialAction":[{"@type":"CommentAction","name":"Comment","target":["https:\/\/www.ativ.pt\/fr\/2022\/09\/02\/maintenance-de-me-renewing\/#respond"]}]},{"@type":"WebPage","@id":"https:\/\/www.ativ.pt\/fr\/2022\/09\/02\/maintenance-de-me-renewing\/","url":"https:\/\/www.ativ.pt\/fr\/2022\/09\/02\/maintenance-de-me-renewing\/","name":"Maintenance de ME Renewing - Mota-Engil ATIV","isPartOf":{"@id":"https:\/\/www.ativ.pt\/fr\/#website"},"primaryImageOfPage":{"@id":"https:\/\/www.ativ.pt\/fr\/2022\/09\/02\/maintenance-de-me-renewing\/#primaryimage"},"image":{"@id":"https:\/\/www.ativ.pt\/fr\/2022\/09\/02\/maintenance-de-me-renewing\/#primaryimage"},"thumbnailUrl":"https:\/\/www.ativ.pt\/wp-content\/uploads\/2022\/09\/man_paineis-scaled.jpg","datePublished":"2022-09-02T08:45:51+00:00","dateModified":"2022-09-15T16:14:58+00:00","breadcrumb":{"@id":"https:\/\/www.ativ.pt\/fr\/2022\/09\/02\/maintenance-de-me-renewing\/#breadcrumb"},"inLanguage":"fr-FR","potentialAction":[{"@type":"ReadAction","target":["https:\/\/www.ativ.pt\/fr\/2022\/09\/02\/maintenance-de-me-renewing\/"]}]},{"@type":"ImageObject","inLanguage":"fr-FR","@id":"https:\/\/www.ativ.pt\/fr\/2022\/09\/02\/maintenance-de-me-renewing\/#primaryimage","url":"https:\/\/www.ativ.pt\/wp-content\/uploads\/2022\/09\/man_paineis-scaled.jpg","contentUrl":"https:\/\/www.ativ.pt\/wp-content\/uploads\/2022\/09\/man_paineis-scaled.jpg","width":1920,"height":1280},{"@type":"BreadcrumbList","@id":"https:\/\/www.ativ.pt\/fr\/2022\/09\/02\/maintenance-de-me-renewing\/#breadcrumb","itemListElement":[{"@type":"ListItem","position":1,"name":"In\u00edcio","item":"https:\/\/www.ativ.pt\/fr\/"},{"@type":"ListItem","position":2,"name":"Maintenance de ME Renewing"}]},{"@type":"WebSite","@id":"https:\/\/www.ativ.pt\/fr\/#website","url":"https:\/\/www.ativ.pt\/fr\/","name":"Mota-Engil ATIV","description":"Gest\u00e3o e Manuten\u00e7\u00e3o de Ativos","publisher":{"@id":"https:\/\/www.ativ.pt\/fr\/#organization"},"potentialAction":[{"@type":"SearchAction","target":{"@type":"EntryPoint","urlTemplate":"https:\/\/www.ativ.pt\/fr\/?s={search_term_string}"},"query-input":{"@type":"PropertyValueSpecification","valueRequired":true,"valueName":"search_term_string"}}],"inLanguage":"fr-FR"},{"@type":"Organization","@id":"https:\/\/www.ativ.pt\/fr\/#organization","name":"Mota-Engil ATIV","url":"https:\/\/www.ativ.pt\/fr\/","logo":{"@type":"ImageObject","inLanguage":"fr-FR","@id":"https:\/\/www.ativ.pt\/fr\/#\/schema\/logo\/image\/","url":"https:\/\/www.ativ.pt\/wp-content\/uploads\/2022\/04\/logo-ativ-cor-1.svg","contentUrl":"https:\/\/www.ativ.pt\/wp-content\/uploads\/2022\/04\/logo-ativ-cor-1.svg","width":250,"height":100,"caption":"Mota-Engil ATIV"},"image":{"@id":"https:\/\/www.ativ.pt\/fr\/#\/schema\/logo\/image\/"},"sameAs":["https:\/\/www.facebook.com\/MotaEngilATIV\/","https:\/\/www.instagram.com\/mota_engil_ativ\/","https:\/\/www.linkedin.com\/company\/motaengil-ativ"]},{"@type":"Person","@id":"https:\/\/www.ativ.pt\/fr\/#\/schema\/person\/76cd49f91ef96b6902453415264f0c55","name":"Susana Guerreiro"}]}},"_links":{"self":[{"href":"https:\/\/www.ativ.pt\/fr\/wp-json\/wp\/v2\/posts\/5888","targetHints":{"allow":["GET"]}}],"collection":[{"href":"https:\/\/www.ativ.pt\/fr\/wp-json\/wp\/v2\/posts"}],"about":[{"href":"https:\/\/www.ativ.pt\/fr\/wp-json\/wp\/v2\/types\/post"}],"author":[{"embeddable":true,"href":"https:\/\/www.ativ.pt\/fr\/wp-json\/wp\/v2\/users\/2"}],"replies":[{"embeddable":true,"href":"https:\/\/www.ativ.pt\/fr\/wp-json\/wp\/v2\/comments?post=5888"}],"version-history":[{"count":1,"href":"https:\/\/www.ativ.pt\/fr\/wp-json\/wp\/v2\/posts\/5888\/revisions"}],"predecessor-version":[{"id":5889,"href":"https:\/\/www.ativ.pt\/fr\/wp-json\/wp\/v2\/posts\/5888\/revisions\/5889"}],"wp:featuredmedia":[{"embeddable":true,"href":"https:\/\/www.ativ.pt\/fr\/wp-json\/wp\/v2\/media\/5757"}],"wp:attachment":[{"href":"https:\/\/www.ativ.pt\/fr\/wp-json\/wp\/v2\/media?parent=5888"}],"wp:term":[{"taxonomy":"category","embeddable":true,"href":"https:\/\/www.ativ.pt\/fr\/wp-json\/wp\/v2\/categories?post=5888"},{"taxonomy":"post_tag","embeddable":true,"href":"https:\/\/www.ativ.pt\/fr\/wp-json\/wp\/v2\/tags?post=5888"}],"curies":[{"name":"wp","href":"https:\/\/api.w.org\/{rel}","templated":true}]}}