{"id":5870,"date":"2022-07-18T11:39:37","date_gmt":"2022-07-18T11:39:37","guid":{"rendered":"https:\/\/www.ativ.pt\/2022\/07\/18\/workshop-objectif-vision-et-valeurs\/"},"modified":"2022-09-15T15:56:27","modified_gmt":"2022-09-15T15:56:27","slug":"workshop-objectif-vision-et-valeurs","status":"publish","type":"post","link":"https:\/\/www.ativ.pt\/fr\/2022\/07\/18\/workshop-objectif-vision-et-valeurs\/","title":{"rendered":"Workshop : Objectif, vision et valeurs"},"content":{"rendered":"\n<p>Cette r\u00e9union s\u2019inscrivait dans le cadre du plan strat\u00e9gique du groupe Mota-Engil, Building 26 \u2013 For a Sustainable Future, qui vise \u00e0 \u00e9largir les connaissances et les capacit\u00e9s de Manvia et de Vibeiras et \u00e0 promouvoir les synergies et la compl\u00e9mentarit\u00e9 dans le portefeuille d\u2019activit\u00e9s de ces deux soci\u00e9t\u00e9s.<\/p>\n\n<p>L\u2019atelier de r\u00e9flexion a \u00e9t\u00e9 men\u00e9 par le professeur universitaire Nuno Moreira da Cruz, directeur ex\u00e9cutif du Center for Responsible Business &amp; Leadership de l\u2019Universit\u00e9 catholique de Lisbonne, et a impliqu\u00e9 des responsables de diff\u00e9rents services qui ont travaill\u00e9 intensivement en \u00e9quipe pour parvenir \u00e0 un objectif unique.<\/p>\n\n<figure class=\"wp-block-image size-large\"><img fetchpriority=\"high\" decoding=\"async\" width=\"1024\" height=\"683\" src=\"https:\/\/spcdn.shortpixel.ai\/spio\/ret_img,q_cdnize,to_auto,s_webp:avif\/www.ativ.pt\/wp-content\/uploads\/2022\/07\/ativ_manutencao1-1-1024x683.jpg\" alt=\"\" class=\"wp-image-3766\" srcset=\"https:\/\/spcdn.shortpixel.ai\/spio\/ret_img,q_cdnize,to_auto,s_webp:avif\/www.ativ.pt\/wp-content\/uploads\/2022\/07\/ativ_manutencao1-1-1024x683.jpg 1024w, https:\/\/spcdn.shortpixel.ai\/spio\/ret_img,q_cdnize,to_auto,s_webp:avif\/www.ativ.pt\/wp-content\/uploads\/2022\/07\/ativ_manutencao1-1-300x200.jpg 300w, https:\/\/spcdn.shortpixel.ai\/spio\/ret_img,q_cdnize,to_auto,s_webp:avif\/www.ativ.pt\/wp-content\/uploads\/2022\/07\/ativ_manutencao1-1-768x512.jpg 768w, https:\/\/spcdn.shortpixel.ai\/spio\/ret_img,q_cdnize,to_auto,s_webp:avif\/www.ativ.pt\/wp-content\/uploads\/2022\/07\/ativ_manutencao1-1-1536x1024.jpg 1536w, https:\/\/spcdn.shortpixel.ai\/spio\/ret_img,q_cdnize,to_auto,s_webp:avif\/www.ativ.pt\/wp-content\/uploads\/2022\/07\/ativ_manutencao1-1-scaled.jpg 1920w\" sizes=\"(max-width: 1024px) 100vw, 1024px\" \/><\/figure>\n\n<p>En r\u00e9fl\u00e9chissant \u00e0 la <strong>Raison de notre existence<\/strong>, \u00e0 <strong>L\u00e0 o\u00f9 nous souhaitons aller<\/strong> et \u00e0 <strong>Ce qui nous rassemble<\/strong>, il a \u00e9t\u00e9 possible de trouver les d\u00e9finitions de la Mission, de la Vision, des Valeurs et de l\u2019Objectif, en d\u2019autres termes, \u00ab Notre raison d\u2019\u00eatre \u00bb.<\/p>\n\n<p>En partant du principe que \u00ab Nous valorisons les actifs, en transformant la communaut\u00e9 pour un avenir plus durable \u00bb, Mota-Engil ATIV a pour <strong>Mission<\/strong> de promouvoir la performance et l\u2019efficience des actifs et le bien-\u00eatre des usagers. Quant \u00e0 sa <strong>Vision<\/strong>, elle est ax\u00e9e sur l\u2019ambition et le talent pour parvenir \u00e0 la neutralit\u00e9 carbone.<\/p>\n\n<p>Pour parcourir ce chemin, il est n\u00e9cessaire de bien conna\u00eetre nos <strong>Valeurs<\/strong> : travail d\u2019\u00e9quipe, famille, productivit\u00e9, ouverture d\u2019esprit, honn\u00eatet\u00e9 et int\u00e9grit\u00e9.<\/p>\n\n<p>De cette fa\u00e7on, <strong>Mota-Engil ATIV<\/strong> s\u2019engage envers son personnel, ses actionnaires, ses fournisseurs et la communaut\u00e9, car <strong>Ensemble, nous sommes plus forts !<\/strong><\/p>\n","protected":false},"excerpt":{"rendered":"<p>Dans le cadre de Mota-Engil ATIV et dans l\u2019objectif de r\u00e9fl\u00e9chir et de d\u00e9battre des aspects centraux de la nouvelle structure, le workshop OBJECTIF, VISION et VALEUR a constitu\u00e9 une \u00e9tape d\u00e9cisive dans la d\u00e9finition conjointe de l\u2019Objectif qui guidera la nouvelle organisation.<\/p>\n","protected":false},"author":2,"featured_media":4703,"comment_status":"open","ping_status":"open","sticky":false,"template":"","format":"standard","meta":{"_acf_changed":false,"footnotes":""},"categories":[15],"tags":[],"class_list":["post-5870","post","type-post","status-publish","format-standard","has-post-thumbnail","hentry","category-articles"],"acf":[],"yoast_head":"<!-- This site is optimized with the Yoast SEO plugin v27.5 - https:\/\/yoast.com\/product\/yoast-seo-wordpress\/ -->\n<title>Workshop : Objectif, vision et valeurs - Mota-Engil ATIV<\/title>\n<meta name=\"robots\" content=\"index, follow, max-snippet:-1, max-image-preview:large, max-video-preview:-1\" \/>\n<link rel=\"canonical\" href=\"https:\/\/www.ativ.pt\/fr\/2022\/07\/18\/workshop-objectif-vision-et-valeurs\/\" \/>\n<meta property=\"og:locale\" content=\"fr_FR\" \/>\n<meta property=\"og:type\" content=\"article\" \/>\n<meta property=\"og:title\" content=\"Workshop : Objectif, vision et valeurs - Mota-Engil ATIV\" \/>\n<meta property=\"og:description\" content=\"Dans le cadre de Mota-Engil ATIV et dans l\u2019objectif de r\u00e9fl\u00e9chir et de d\u00e9battre des aspects centraux de la nouvelle structure, le workshop OBJECTIF, VISION et VALEUR a constitu\u00e9 une \u00e9tape d\u00e9cisive dans la d\u00e9finition conjointe de l\u2019Objectif qui guidera la nouvelle organisation.\" \/>\n<meta property=\"og:url\" content=\"https:\/\/www.ativ.pt\/fr\/2022\/07\/18\/workshop-objectif-vision-et-valeurs\/\" \/>\n<meta property=\"og:site_name\" content=\"Mota-Engil ATIV\" \/>\n<meta property=\"article:publisher\" content=\"https:\/\/www.facebook.com\/MotaEngilATIV\/\" \/>\n<meta property=\"article:published_time\" content=\"2022-07-18T11:39:37+00:00\" \/>\n<meta property=\"article:modified_time\" content=\"2022-09-15T15:56:27+00:00\" \/>\n<meta property=\"og:image\" content=\"https:\/\/www.ativ.pt\/wp-content\/uploads\/2022\/07\/ativ_manutencao-scaled.jpg\" \/>\n\t<meta property=\"og:image:width\" content=\"2560\" \/>\n\t<meta property=\"og:image:height\" content=\"1707\" \/>\n\t<meta property=\"og:image:type\" content=\"image\/jpeg\" \/>\n<meta name=\"author\" content=\"Susana Guerreiro\" \/>\n<meta name=\"twitter:card\" content=\"summary_large_image\" \/>\n<meta name=\"twitter:label1\" content=\"\u00c9crit par\" \/>\n\t<meta name=\"twitter:data1\" content=\"Susana Guerreiro\" \/>\n\t<meta name=\"twitter:label2\" content=\"Dur\u00e9e de lecture estim\u00e9e\" \/>\n\t<meta name=\"twitter:data2\" content=\"1 minute\" \/>\n<script type=\"application\/ld+json\" class=\"yoast-schema-graph\">{\"@context\":\"https:\\\/\\\/schema.org\",\"@graph\":[{\"@type\":\"Article\",\"@id\":\"https:\\\/\\\/www.ativ.pt\\\/fr\\\/2022\\\/07\\\/18\\\/workshop-objectif-vision-et-valeurs\\\/#article\",\"isPartOf\":{\"@id\":\"https:\\\/\\\/www.ativ.pt\\\/fr\\\/2022\\\/07\\\/18\\\/workshop-objectif-vision-et-valeurs\\\/\"},\"author\":{\"name\":\"Susana Guerreiro\",\"@id\":\"https:\\\/\\\/www.ativ.pt\\\/fr\\\/#\\\/schema\\\/person\\\/76cd49f91ef96b6902453415264f0c55\"},\"headline\":\"Workshop : Objectif, vision et valeurs\",\"datePublished\":\"2022-07-18T11:39:37+00:00\",\"dateModified\":\"2022-09-15T15:56:27+00:00\",\"mainEntityOfPage\":{\"@id\":\"https:\\\/\\\/www.ativ.pt\\\/fr\\\/2022\\\/07\\\/18\\\/workshop-objectif-vision-et-valeurs\\\/\"},\"wordCount\":266,\"commentCount\":0,\"publisher\":{\"@id\":\"https:\\\/\\\/www.ativ.pt\\\/fr\\\/#organization\"},\"image\":{\"@id\":\"https:\\\/\\\/www.ativ.pt\\\/fr\\\/2022\\\/07\\\/18\\\/workshop-objectif-vision-et-valeurs\\\/#primaryimage\"},\"thumbnailUrl\":\"https:\\\/\\\/www.ativ.pt\\\/wp-content\\\/uploads\\\/2022\\\/07\\\/ativ_manutencao-scaled.jpg\",\"articleSection\":[\"Article\"],\"inLanguage\":\"fr-FR\",\"potentialAction\":[{\"@type\":\"CommentAction\",\"name\":\"Comment\",\"target\":[\"https:\\\/\\\/www.ativ.pt\\\/fr\\\/2022\\\/07\\\/18\\\/workshop-objectif-vision-et-valeurs\\\/#respond\"]}]},{\"@type\":\"WebPage\",\"@id\":\"https:\\\/\\\/www.ativ.pt\\\/fr\\\/2022\\\/07\\\/18\\\/workshop-objectif-vision-et-valeurs\\\/\",\"url\":\"https:\\\/\\\/www.ativ.pt\\\/fr\\\/2022\\\/07\\\/18\\\/workshop-objectif-vision-et-valeurs\\\/\",\"name\":\"Workshop : Objectif, vision et valeurs - Mota-Engil ATIV\",\"isPartOf\":{\"@id\":\"https:\\\/\\\/www.ativ.pt\\\/fr\\\/#website\"},\"primaryImageOfPage\":{\"@id\":\"https:\\\/\\\/www.ativ.pt\\\/fr\\\/2022\\\/07\\\/18\\\/workshop-objectif-vision-et-valeurs\\\/#primaryimage\"},\"image\":{\"@id\":\"https:\\\/\\\/www.ativ.pt\\\/fr\\\/2022\\\/07\\\/18\\\/workshop-objectif-vision-et-valeurs\\\/#primaryimage\"},\"thumbnailUrl\":\"https:\\\/\\\/www.ativ.pt\\\/wp-content\\\/uploads\\\/2022\\\/07\\\/ativ_manutencao-scaled.jpg\",\"datePublished\":\"2022-07-18T11:39:37+00:00\",\"dateModified\":\"2022-09-15T15:56:27+00:00\",\"breadcrumb\":{\"@id\":\"https:\\\/\\\/www.ativ.pt\\\/fr\\\/2022\\\/07\\\/18\\\/workshop-objectif-vision-et-valeurs\\\/#breadcrumb\"},\"inLanguage\":\"fr-FR\",\"potentialAction\":[{\"@type\":\"ReadAction\",\"target\":[\"https:\\\/\\\/www.ativ.pt\\\/fr\\\/2022\\\/07\\\/18\\\/workshop-objectif-vision-et-valeurs\\\/\"]}]},{\"@type\":\"ImageObject\",\"inLanguage\":\"fr-FR\",\"@id\":\"https:\\\/\\\/www.ativ.pt\\\/fr\\\/2022\\\/07\\\/18\\\/workshop-objectif-vision-et-valeurs\\\/#primaryimage\",\"url\":\"https:\\\/\\\/www.ativ.pt\\\/wp-content\\\/uploads\\\/2022\\\/07\\\/ativ_manutencao-scaled.jpg\",\"contentUrl\":\"https:\\\/\\\/www.ativ.pt\\\/wp-content\\\/uploads\\\/2022\\\/07\\\/ativ_manutencao-scaled.jpg\",\"width\":1920,\"height\":1280},{\"@type\":\"BreadcrumbList\",\"@id\":\"https:\\\/\\\/www.ativ.pt\\\/fr\\\/2022\\\/07\\\/18\\\/workshop-objectif-vision-et-valeurs\\\/#breadcrumb\",\"itemListElement\":[{\"@type\":\"ListItem\",\"position\":1,\"name\":\"In\u00edcio\",\"item\":\"https:\\\/\\\/www.ativ.pt\\\/fr\\\/\"},{\"@type\":\"ListItem\",\"position\":2,\"name\":\"Workshop : Objectif, vision et valeurs\"}]},{\"@type\":\"WebSite\",\"@id\":\"https:\\\/\\\/www.ativ.pt\\\/fr\\\/#website\",\"url\":\"https:\\\/\\\/www.ativ.pt\\\/fr\\\/\",\"name\":\"Mota-Engil ATIV\",\"description\":\"Gest\u00e3o e Manuten\u00e7\u00e3o de Ativos\",\"publisher\":{\"@id\":\"https:\\\/\\\/www.ativ.pt\\\/fr\\\/#organization\"},\"potentialAction\":[{\"@type\":\"SearchAction\",\"target\":{\"@type\":\"EntryPoint\",\"urlTemplate\":\"https:\\\/\\\/www.ativ.pt\\\/fr\\\/?s={search_term_string}\"},\"query-input\":{\"@type\":\"PropertyValueSpecification\",\"valueRequired\":true,\"valueName\":\"search_term_string\"}}],\"inLanguage\":\"fr-FR\"},{\"@type\":\"Organization\",\"@id\":\"https:\\\/\\\/www.ativ.pt\\\/fr\\\/#organization\",\"name\":\"Mota-Engil ATIV\",\"url\":\"https:\\\/\\\/www.ativ.pt\\\/fr\\\/\",\"logo\":{\"@type\":\"ImageObject\",\"inLanguage\":\"fr-FR\",\"@id\":\"https:\\\/\\\/www.ativ.pt\\\/fr\\\/#\\\/schema\\\/logo\\\/image\\\/\",\"url\":\"https:\\\/\\\/www.ativ.pt\\\/wp-content\\\/uploads\\\/2022\\\/04\\\/logo-ativ-cor-1.svg\",\"contentUrl\":\"https:\\\/\\\/www.ativ.pt\\\/wp-content\\\/uploads\\\/2022\\\/04\\\/logo-ativ-cor-1.svg\",\"width\":250,\"height\":100,\"caption\":\"Mota-Engil ATIV\"},\"image\":{\"@id\":\"https:\\\/\\\/www.ativ.pt\\\/fr\\\/#\\\/schema\\\/logo\\\/image\\\/\"},\"sameAs\":[\"https:\\\/\\\/www.facebook.com\\\/MotaEngilATIV\\\/\",\"https:\\\/\\\/www.instagram.com\\\/mota_engil_ativ\\\/\",\"https:\\\/\\\/www.linkedin.com\\\/company\\\/motaengil-ativ\"]},{\"@type\":\"Person\",\"@id\":\"https:\\\/\\\/www.ativ.pt\\\/fr\\\/#\\\/schema\\\/person\\\/76cd49f91ef96b6902453415264f0c55\",\"name\":\"Susana Guerreiro\"}]}<\/script>\n<!-- \/ Yoast SEO plugin. -->","yoast_head_json":{"title":"Workshop : Objectif, vision et valeurs - Mota-Engil ATIV","robots":{"index":"index","follow":"follow","max-snippet":"max-snippet:-1","max-image-preview":"max-image-preview:large","max-video-preview":"max-video-preview:-1"},"canonical":"https:\/\/www.ativ.pt\/fr\/2022\/07\/18\/workshop-objectif-vision-et-valeurs\/","og_locale":"fr_FR","og_type":"article","og_title":"Workshop : Objectif, vision et valeurs - Mota-Engil ATIV","og_description":"Dans le cadre de Mota-Engil ATIV et dans l\u2019objectif de r\u00e9fl\u00e9chir et de d\u00e9battre des aspects centraux de la nouvelle structure, le workshop OBJECTIF, VISION et VALEUR a constitu\u00e9 une \u00e9tape d\u00e9cisive dans la d\u00e9finition conjointe de l\u2019Objectif qui guidera la nouvelle organisation.","og_url":"https:\/\/www.ativ.pt\/fr\/2022\/07\/18\/workshop-objectif-vision-et-valeurs\/","og_site_name":"Mota-Engil ATIV","article_publisher":"https:\/\/www.facebook.com\/MotaEngilATIV\/","article_published_time":"2022-07-18T11:39:37+00:00","article_modified_time":"2022-09-15T15:56:27+00:00","og_image":[{"width":2560,"height":1707,"url":"https:\/\/www.ativ.pt\/wp-content\/uploads\/2022\/07\/ativ_manutencao-scaled.jpg","type":"image\/jpeg"}],"author":"Susana Guerreiro","twitter_card":"summary_large_image","twitter_misc":{"\u00c9crit par":"Susana Guerreiro","Dur\u00e9e de lecture estim\u00e9e":"1 minute"},"schema":{"@context":"https:\/\/schema.org","@graph":[{"@type":"Article","@id":"https:\/\/www.ativ.pt\/fr\/2022\/07\/18\/workshop-objectif-vision-et-valeurs\/#article","isPartOf":{"@id":"https:\/\/www.ativ.pt\/fr\/2022\/07\/18\/workshop-objectif-vision-et-valeurs\/"},"author":{"name":"Susana Guerreiro","@id":"https:\/\/www.ativ.pt\/fr\/#\/schema\/person\/76cd49f91ef96b6902453415264f0c55"},"headline":"Workshop : Objectif, vision et valeurs","datePublished":"2022-07-18T11:39:37+00:00","dateModified":"2022-09-15T15:56:27+00:00","mainEntityOfPage":{"@id":"https:\/\/www.ativ.pt\/fr\/2022\/07\/18\/workshop-objectif-vision-et-valeurs\/"},"wordCount":266,"commentCount":0,"publisher":{"@id":"https:\/\/www.ativ.pt\/fr\/#organization"},"image":{"@id":"https:\/\/www.ativ.pt\/fr\/2022\/07\/18\/workshop-objectif-vision-et-valeurs\/#primaryimage"},"thumbnailUrl":"https:\/\/www.ativ.pt\/wp-content\/uploads\/2022\/07\/ativ_manutencao-scaled.jpg","articleSection":["Article"],"inLanguage":"fr-FR","potentialAction":[{"@type":"CommentAction","name":"Comment","target":["https:\/\/www.ativ.pt\/fr\/2022\/07\/18\/workshop-objectif-vision-et-valeurs\/#respond"]}]},{"@type":"WebPage","@id":"https:\/\/www.ativ.pt\/fr\/2022\/07\/18\/workshop-objectif-vision-et-valeurs\/","url":"https:\/\/www.ativ.pt\/fr\/2022\/07\/18\/workshop-objectif-vision-et-valeurs\/","name":"Workshop : Objectif, vision et valeurs - Mota-Engil ATIV","isPartOf":{"@id":"https:\/\/www.ativ.pt\/fr\/#website"},"primaryImageOfPage":{"@id":"https:\/\/www.ativ.pt\/fr\/2022\/07\/18\/workshop-objectif-vision-et-valeurs\/#primaryimage"},"image":{"@id":"https:\/\/www.ativ.pt\/fr\/2022\/07\/18\/workshop-objectif-vision-et-valeurs\/#primaryimage"},"thumbnailUrl":"https:\/\/www.ativ.pt\/wp-content\/uploads\/2022\/07\/ativ_manutencao-scaled.jpg","datePublished":"2022-07-18T11:39:37+00:00","dateModified":"2022-09-15T15:56:27+00:00","breadcrumb":{"@id":"https:\/\/www.ativ.pt\/fr\/2022\/07\/18\/workshop-objectif-vision-et-valeurs\/#breadcrumb"},"inLanguage":"fr-FR","potentialAction":[{"@type":"ReadAction","target":["https:\/\/www.ativ.pt\/fr\/2022\/07\/18\/workshop-objectif-vision-et-valeurs\/"]}]},{"@type":"ImageObject","inLanguage":"fr-FR","@id":"https:\/\/www.ativ.pt\/fr\/2022\/07\/18\/workshop-objectif-vision-et-valeurs\/#primaryimage","url":"https:\/\/www.ativ.pt\/wp-content\/uploads\/2022\/07\/ativ_manutencao-scaled.jpg","contentUrl":"https:\/\/www.ativ.pt\/wp-content\/uploads\/2022\/07\/ativ_manutencao-scaled.jpg","width":1920,"height":1280},{"@type":"BreadcrumbList","@id":"https:\/\/www.ativ.pt\/fr\/2022\/07\/18\/workshop-objectif-vision-et-valeurs\/#breadcrumb","itemListElement":[{"@type":"ListItem","position":1,"name":"In\u00edcio","item":"https:\/\/www.ativ.pt\/fr\/"},{"@type":"ListItem","position":2,"name":"Workshop : Objectif, vision et valeurs"}]},{"@type":"WebSite","@id":"https:\/\/www.ativ.pt\/fr\/#website","url":"https:\/\/www.ativ.pt\/fr\/","name":"Mota-Engil ATIV","description":"Gest\u00e3o e Manuten\u00e7\u00e3o de Ativos","publisher":{"@id":"https:\/\/www.ativ.pt\/fr\/#organization"},"potentialAction":[{"@type":"SearchAction","target":{"@type":"EntryPoint","urlTemplate":"https:\/\/www.ativ.pt\/fr\/?s={search_term_string}"},"query-input":{"@type":"PropertyValueSpecification","valueRequired":true,"valueName":"search_term_string"}}],"inLanguage":"fr-FR"},{"@type":"Organization","@id":"https:\/\/www.ativ.pt\/fr\/#organization","name":"Mota-Engil ATIV","url":"https:\/\/www.ativ.pt\/fr\/","logo":{"@type":"ImageObject","inLanguage":"fr-FR","@id":"https:\/\/www.ativ.pt\/fr\/#\/schema\/logo\/image\/","url":"https:\/\/www.ativ.pt\/wp-content\/uploads\/2022\/04\/logo-ativ-cor-1.svg","contentUrl":"https:\/\/www.ativ.pt\/wp-content\/uploads\/2022\/04\/logo-ativ-cor-1.svg","width":250,"height":100,"caption":"Mota-Engil ATIV"},"image":{"@id":"https:\/\/www.ativ.pt\/fr\/#\/schema\/logo\/image\/"},"sameAs":["https:\/\/www.facebook.com\/MotaEngilATIV\/","https:\/\/www.instagram.com\/mota_engil_ativ\/","https:\/\/www.linkedin.com\/company\/motaengil-ativ"]},{"@type":"Person","@id":"https:\/\/www.ativ.pt\/fr\/#\/schema\/person\/76cd49f91ef96b6902453415264f0c55","name":"Susana Guerreiro"}]}},"_links":{"self":[{"href":"https:\/\/www.ativ.pt\/fr\/wp-json\/wp\/v2\/posts\/5870","targetHints":{"allow":["GET"]}}],"collection":[{"href":"https:\/\/www.ativ.pt\/fr\/wp-json\/wp\/v2\/posts"}],"about":[{"href":"https:\/\/www.ativ.pt\/fr\/wp-json\/wp\/v2\/types\/post"}],"author":[{"embeddable":true,"href":"https:\/\/www.ativ.pt\/fr\/wp-json\/wp\/v2\/users\/2"}],"replies":[{"embeddable":true,"href":"https:\/\/www.ativ.pt\/fr\/wp-json\/wp\/v2\/comments?post=5870"}],"version-history":[{"count":1,"href":"https:\/\/www.ativ.pt\/fr\/wp-json\/wp\/v2\/posts\/5870\/revisions"}],"predecessor-version":[{"id":5871,"href":"https:\/\/www.ativ.pt\/fr\/wp-json\/wp\/v2\/posts\/5870\/revisions\/5871"}],"wp:featuredmedia":[{"embeddable":true,"href":"https:\/\/www.ativ.pt\/fr\/wp-json\/wp\/v2\/media\/4703"}],"wp:attachment":[{"href":"https:\/\/www.ativ.pt\/fr\/wp-json\/wp\/v2\/media?parent=5870"}],"wp:term":[{"taxonomy":"category","embeddable":true,"href":"https:\/\/www.ativ.pt\/fr\/wp-json\/wp\/v2\/categories?post=5870"},{"taxonomy":"post_tag","embeddable":true,"href":"https:\/\/www.ativ.pt\/fr\/wp-json\/wp\/v2\/tags?post=5870"}],"curies":[{"name":"wp","href":"https:\/\/api.w.org\/{rel}","templated":true}]}}