{"id":15974,"date":"2025-10-03T10:34:16","date_gmt":"2025-10-03T10:34:16","guid":{"rendered":"https:\/\/www.ativ.pt\/2025\/10\/03\/le-parc-lineaire-ribeirinho-du-tage-setend-de-5-km-supplementaires-entre-alverca-et-sobralinho\/"},"modified":"2025-10-10T14:19:33","modified_gmt":"2025-10-10T14:19:33","slug":"le-parc-lineaire-ribeirinho-du-tage-setend-de-5-km-supplementaires-entre-alverca-et-sobralinho","status":"publish","type":"post","link":"https:\/\/www.ativ.pt\/fr\/2025\/10\/03\/le-parc-lineaire-ribeirinho-du-tage-setend-de-5-km-supplementaires-entre-alverca-et-sobralinho\/","title":{"rendered":"Le Parc Lin\u00e9aire Ribeirinho du Tage s&rsquo;\u00e9tend de 5 km suppl\u00e9mentaires entre Alverca et Sobralinho"},"content":{"rendered":"\n<p>L&rsquo;intervention ajoute cinq kilom\u00e8tres au parcours existant, sur une superficie d&rsquo;environ 14,1 hectares, portant \u00e0 17 kilom\u00e8tres la longueur totale du Chemin Ribeirinho.<\/p>\n\n<figure class=\"wp-block-gallery has-nested-images columns-default is-cropped wp-block-gallery-1 is-layout-flex wp-block-gallery-is-layout-flex\">\n<figure class=\"wp-block-image size-large\"><img fetchpriority=\"high\" decoding=\"async\" width=\"1024\" height=\"768\" data-id=\"15820\" src=\"https:\/\/spcdn.shortpixel.ai\/spio\/ret_img,q_cdnize,to_auto,s_webp:avif\/www.ativ.pt\/wp-content\/uploads\/2025\/10\/20251002_075246-1-1024x768.jpg\" alt=\"\" class=\"wp-image-15820\" srcset=\"https:\/\/spcdn.shortpixel.ai\/spio\/ret_img,q_cdnize,to_auto,s_webp:avif\/www.ativ.pt\/wp-content\/uploads\/2025\/10\/20251002_075246-1-1024x768.jpg 1024w, https:\/\/spcdn.shortpixel.ai\/spio\/ret_img,q_cdnize,to_auto,s_webp:avif\/www.ativ.pt\/wp-content\/uploads\/2025\/10\/20251002_075246-1-300x225.jpg 300w, https:\/\/spcdn.shortpixel.ai\/spio\/ret_img,q_cdnize,to_auto,s_webp:avif\/www.ativ.pt\/wp-content\/uploads\/2025\/10\/20251002_075246-1-768x576.jpg 768w, https:\/\/spcdn.shortpixel.ai\/spio\/ret_img,q_cdnize,to_auto,s_webp:avif\/www.ativ.pt\/wp-content\/uploads\/2025\/10\/20251002_075246-1-1536x1152.jpg 1536w, https:\/\/spcdn.shortpixel.ai\/spio\/ret_img,q_cdnize,to_auto,s_webp:avif\/www.ativ.pt\/wp-content\/uploads\/2025\/10\/20251002_075246-1-scaled.jpg 1920w\" sizes=\"(max-width: 1024px) 100vw, 1024px\" \/><\/figure>\n\n\n\n<figure class=\"wp-block-image size-large\"><img decoding=\"async\" width=\"1024\" height=\"768\" data-id=\"15825\" src=\"https:\/\/spcdn.shortpixel.ai\/spio\/ret_img,q_cdnize,to_auto,s_webp:avif\/www.ativ.pt\/wp-content\/uploads\/2025\/10\/20251002_075335-1-1024x768.jpg\" alt=\"\" class=\"wp-image-15825\" srcset=\"https:\/\/spcdn.shortpixel.ai\/spio\/ret_img,q_cdnize,to_auto,s_webp:avif\/www.ativ.pt\/wp-content\/uploads\/2025\/10\/20251002_075335-1-1024x768.jpg 1024w, https:\/\/spcdn.shortpixel.ai\/spio\/ret_img,q_cdnize,to_auto,s_webp:avif\/www.ativ.pt\/wp-content\/uploads\/2025\/10\/20251002_075335-1-300x225.jpg 300w, https:\/\/spcdn.shortpixel.ai\/spio\/ret_img,q_cdnize,to_auto,s_webp:avif\/www.ativ.pt\/wp-content\/uploads\/2025\/10\/20251002_075335-1-768x576.jpg 768w, https:\/\/spcdn.shortpixel.ai\/spio\/ret_img,q_cdnize,to_auto,s_webp:avif\/www.ativ.pt\/wp-content\/uploads\/2025\/10\/20251002_075335-1-1536x1152.jpg 1536w, https:\/\/spcdn.shortpixel.ai\/spio\/ret_img,q_cdnize,to_auto,s_webp:avif\/www.ativ.pt\/wp-content\/uploads\/2025\/10\/20251002_075335-1-scaled.jpg 1920w\" sizes=\"(max-width: 1024px) 100vw, 1024px\" \/><\/figure>\n\n\n\n<figure class=\"wp-block-image size-large\"><img decoding=\"async\" width=\"1024\" height=\"768\" data-id=\"15830\" src=\"https:\/\/spcdn.shortpixel.ai\/spio\/ret_img,q_cdnize,to_auto,s_webp:avif\/www.ativ.pt\/wp-content\/uploads\/2025\/10\/20251002_075539-1024x768.jpg\" alt=\"\" class=\"wp-image-15830\" srcset=\"https:\/\/spcdn.shortpixel.ai\/spio\/ret_img,q_cdnize,to_auto,s_webp:avif\/www.ativ.pt\/wp-content\/uploads\/2025\/10\/20251002_075539-1024x768.jpg 1024w, https:\/\/spcdn.shortpixel.ai\/spio\/ret_img,q_cdnize,to_auto,s_webp:avif\/www.ativ.pt\/wp-content\/uploads\/2025\/10\/20251002_075539-300x225.jpg 300w, https:\/\/spcdn.shortpixel.ai\/spio\/ret_img,q_cdnize,to_auto,s_webp:avif\/www.ativ.pt\/wp-content\/uploads\/2025\/10\/20251002_075539-768x576.jpg 768w, https:\/\/spcdn.shortpixel.ai\/spio\/ret_img,q_cdnize,to_auto,s_webp:avif\/www.ativ.pt\/wp-content\/uploads\/2025\/10\/20251002_075539-1536x1152.jpg 1536w, https:\/\/spcdn.shortpixel.ai\/spio\/ret_img,q_cdnize,to_auto,s_webp:avif\/www.ativ.pt\/wp-content\/uploads\/2025\/10\/20251002_075539-scaled.jpg 1920w\" sizes=\"(max-width: 1024px) 100vw, 1024px\" \/><\/figure>\n<\/figure>\n\n<p>Les travaux de construction, r\u00e9alis\u00e9s par Mota-Engil ATIV, s&rsquo;inscrivent dans un projet de requalification et de conservation environnementale et paysag\u00e8re, misant sur la durabilit\u00e9 et l&rsquo;int\u00e9gration de la technologie en harmonie avec la nature. Parmi les nouveaut\u00e9s, on trouve des bancs \u00e9quip\u00e9s de chargeurs solaires pour t\u00e9l\u00e9phones portables et des lampadaires intelligents offrant un acc\u00e8s gratuit au Wi-Fi et permettant \u00e9galement la recharge d&rsquo;appareils via des syst\u00e8mes d&rsquo;\u00e9nergie solaire et \u00e9olienne.<\/p>\n\n<p>On note \u00e9galement la zone des passerelles des Salgados, o\u00f9 ont \u00e9t\u00e9 construites des stations d&rsquo;observation de la nature, des postes d&rsquo;observation des oiseaux, des zones de repos, de s\u00e9jour et de contemplation, ainsi que des tunnels d\u2019ombrage.<\/p>\n\n<p><br\/> Le projet a \u00e9galement inclus la construction de quelques ouvrages d&rsquo;art courants comme des ponts permettant de traverser des cours d&rsquo;eau, comme celui pr\u00e8s de l&#8217;embouchure de la rivi\u00e8re Silveira, ainsi que la restauration des vannes de mar\u00e9e.<\/p>\n\n<figure class=\"wp-block-gallery has-nested-images columns-default is-cropped wp-block-gallery-2 is-layout-flex wp-block-gallery-is-layout-flex\">\n<figure class=\"wp-block-image size-large\"><img loading=\"lazy\" decoding=\"async\" width=\"1024\" height=\"768\" data-id=\"15840\" src=\"https:\/\/spcdn.shortpixel.ai\/spio\/ret_img,q_cdnize,to_auto,s_webp:avif\/www.ativ.pt\/wp-content\/uploads\/2025\/10\/20251002_080007-1024x768.jpg\" alt=\"\" class=\"wp-image-15840\" srcset=\"https:\/\/spcdn.shortpixel.ai\/spio\/ret_img,q_cdnize,to_auto,s_webp:avif\/www.ativ.pt\/wp-content\/uploads\/2025\/10\/20251002_080007-1024x768.jpg 1024w, https:\/\/spcdn.shortpixel.ai\/spio\/ret_img,q_cdnize,to_auto,s_webp:avif\/www.ativ.pt\/wp-content\/uploads\/2025\/10\/20251002_080007-300x225.jpg 300w, https:\/\/spcdn.shortpixel.ai\/spio\/ret_img,q_cdnize,to_auto,s_webp:avif\/www.ativ.pt\/wp-content\/uploads\/2025\/10\/20251002_080007-768x576.jpg 768w, https:\/\/spcdn.shortpixel.ai\/spio\/ret_img,q_cdnize,to_auto,s_webp:avif\/www.ativ.pt\/wp-content\/uploads\/2025\/10\/20251002_080007-1536x1152.jpg 1536w, https:\/\/spcdn.shortpixel.ai\/spio\/ret_img,q_cdnize,to_auto,s_webp:avif\/www.ativ.pt\/wp-content\/uploads\/2025\/10\/20251002_080007-scaled.jpg 1920w\" sizes=\"(max-width: 1024px) 100vw, 1024px\" \/><\/figure>\n\n\n\n<figure class=\"wp-block-image size-large\"><img loading=\"lazy\" decoding=\"async\" width=\"768\" height=\"1024\" data-id=\"15845\" src=\"https:\/\/www.ativ.pt\/wp-content\/uploads\/2025\/10\/20251002_080137-768x1024.jpg\" alt=\"\" class=\"wp-image-15845\" srcset=\"https:\/\/www.ativ.pt\/wp-content\/uploads\/2025\/10\/20251002_080137-768x1024.jpg 768w, https:\/\/www.ativ.pt\/wp-content\/uploads\/2025\/10\/20251002_080137-225x300.jpg 225w, https:\/\/www.ativ.pt\/wp-content\/uploads\/2025\/10\/20251002_080137-1152x1536.jpg 1152w, https:\/\/www.ativ.pt\/wp-content\/uploads\/2025\/10\/20251002_080137-1536x2048.jpg 1536w, https:\/\/www.ativ.pt\/wp-content\/uploads\/2025\/10\/20251002_080137-scaled.jpg 1920w\" sizes=\"(max-width: 768px) 100vw, 768px\" \/><\/figure>\n\n\n\n<figure class=\"wp-block-image size-large\"><img loading=\"lazy\" decoding=\"async\" width=\"1024\" height=\"768\" data-id=\"15835\" src=\"https:\/\/spcdn.shortpixel.ai\/spio\/ret_img,q_cdnize,to_auto,s_webp:avif\/www.ativ.pt\/wp-content\/uploads\/2025\/10\/20251002_080652-1024x768.jpg\" alt=\"\" class=\"wp-image-15835\" srcset=\"https:\/\/spcdn.shortpixel.ai\/spio\/ret_img,q_cdnize,to_auto,s_webp:avif\/www.ativ.pt\/wp-content\/uploads\/2025\/10\/20251002_080652-1024x768.jpg 1024w, https:\/\/spcdn.shortpixel.ai\/spio\/ret_img,q_cdnize,to_auto,s_webp:avif\/www.ativ.pt\/wp-content\/uploads\/2025\/10\/20251002_080652-300x225.jpg 300w, https:\/\/spcdn.shortpixel.ai\/spio\/ret_img,q_cdnize,to_auto,s_webp:avif\/www.ativ.pt\/wp-content\/uploads\/2025\/10\/20251002_080652-768x576.jpg 768w, https:\/\/spcdn.shortpixel.ai\/spio\/ret_img,q_cdnize,to_auto,s_webp:avif\/www.ativ.pt\/wp-content\/uploads\/2025\/10\/20251002_080652-1536x1152.jpg 1536w, https:\/\/spcdn.shortpixel.ai\/spio\/ret_img,q_cdnize,to_auto,s_webp:avif\/www.ativ.pt\/wp-content\/uploads\/2025\/10\/20251002_080652-scaled.jpg 1920w\" sizes=\"(max-width: 1024px) 100vw, 1024px\" \/><\/figure>\n<\/figure>\n\n<p>Le Chemin Ribeirinho vise \u00e0 relier les 22 kilom\u00e8tres de la rive droite du Tage dans la municipalit\u00e9 de Vila Franca de Xira, renfor\u00e7ant la connexion entre les diff\u00e9rentes paroisses riveraines. Il s&rsquo;agit d&rsquo;un espace de plus en plus pris\u00e9 pour les promenades, la pratique de sports en plein air et l&rsquo;observation des oiseaux.  <br\/><br\/>Un autre projet ambitieux qui r\u00e9pond \u00e0 l&rsquo;objectif de Mota-Engil ATIV, en combinant la valorisation du territoire, le d\u00e9veloppement durable et l&rsquo;am\u00e9lioration de la qualit\u00e9 de vie des utilisateurs des espaces qu&rsquo;elle con\u00e7oit, construit et entretient.<\/p>\n\n<figure class=\"wp-block-gallery has-nested-images columns-default is-cropped wp-block-gallery-3 is-layout-flex wp-block-gallery-is-layout-flex\">\n<figure class=\"wp-block-image size-large\"><img loading=\"lazy\" decoding=\"async\" width=\"1024\" height=\"768\" data-id=\"15855\" src=\"https:\/\/spcdn.shortpixel.ai\/spio\/ret_img,q_cdnize,to_auto,s_webp:avif\/www.ativ.pt\/wp-content\/uploads\/2025\/10\/20251002_080921-1024x768.jpg\" alt=\"\" class=\"wp-image-15855\" srcset=\"https:\/\/spcdn.shortpixel.ai\/spio\/ret_img,q_cdnize,to_auto,s_webp:avif\/www.ativ.pt\/wp-content\/uploads\/2025\/10\/20251002_080921-1024x768.jpg 1024w, https:\/\/spcdn.shortpixel.ai\/spio\/ret_img,q_cdnize,to_auto,s_webp:avif\/www.ativ.pt\/wp-content\/uploads\/2025\/10\/20251002_080921-300x225.jpg 300w, https:\/\/spcdn.shortpixel.ai\/spio\/ret_img,q_cdnize,to_auto,s_webp:avif\/www.ativ.pt\/wp-content\/uploads\/2025\/10\/20251002_080921-768x576.jpg 768w, https:\/\/spcdn.shortpixel.ai\/spio\/ret_img,q_cdnize,to_auto,s_webp:avif\/www.ativ.pt\/wp-content\/uploads\/2025\/10\/20251002_080921-1536x1152.jpg 1536w, https:\/\/spcdn.shortpixel.ai\/spio\/ret_img,q_cdnize,to_auto,s_webp:avif\/www.ativ.pt\/wp-content\/uploads\/2025\/10\/20251002_080921-scaled.jpg 1920w\" sizes=\"(max-width: 1024px) 100vw, 1024px\" \/><\/figure>\n\n\n\n<figure class=\"wp-block-image size-large\"><img loading=\"lazy\" decoding=\"async\" width=\"1024\" height=\"768\" data-id=\"15860\" src=\"https:\/\/spcdn.shortpixel.ai\/spio\/ret_img,q_cdnize,to_auto,s_webp:avif\/www.ativ.pt\/wp-content\/uploads\/2025\/10\/20251002_081435-1024x768.jpg\" alt=\"\" class=\"wp-image-15860\" srcset=\"https:\/\/spcdn.shortpixel.ai\/spio\/ret_img,q_cdnize,to_auto,s_webp:avif\/www.ativ.pt\/wp-content\/uploads\/2025\/10\/20251002_081435-1024x768.jpg 1024w, https:\/\/spcdn.shortpixel.ai\/spio\/ret_img,q_cdnize,to_auto,s_webp:avif\/www.ativ.pt\/wp-content\/uploads\/2025\/10\/20251002_081435-300x225.jpg 300w, https:\/\/spcdn.shortpixel.ai\/spio\/ret_img,q_cdnize,to_auto,s_webp:avif\/www.ativ.pt\/wp-content\/uploads\/2025\/10\/20251002_081435-768x576.jpg 768w, https:\/\/spcdn.shortpixel.ai\/spio\/ret_img,q_cdnize,to_auto,s_webp:avif\/www.ativ.pt\/wp-content\/uploads\/2025\/10\/20251002_081435-1536x1152.jpg 1536w, https:\/\/spcdn.shortpixel.ai\/spio\/ret_img,q_cdnize,to_auto,s_webp:avif\/www.ativ.pt\/wp-content\/uploads\/2025\/10\/20251002_081435-scaled.jpg 1920w\" sizes=\"(max-width: 1024px) 100vw, 1024px\" \/><\/figure>\n\n\n\n<figure class=\"wp-block-image size-large\"><img loading=\"lazy\" decoding=\"async\" width=\"768\" height=\"1024\" data-id=\"15876\" src=\"https:\/\/www.ativ.pt\/wp-content\/uploads\/2025\/10\/20251002_081442-768x1024.jpg\" alt=\"\" class=\"wp-image-15876\" srcset=\"https:\/\/www.ativ.pt\/wp-content\/uploads\/2025\/10\/20251002_081442-768x1024.jpg 768w, https:\/\/www.ativ.pt\/wp-content\/uploads\/2025\/10\/20251002_081442-225x300.jpg 225w, https:\/\/www.ativ.pt\/wp-content\/uploads\/2025\/10\/20251002_081442-1152x1536.jpg 1152w, https:\/\/www.ativ.pt\/wp-content\/uploads\/2025\/10\/20251002_081442-1536x2048.jpg 1536w, https:\/\/www.ativ.pt\/wp-content\/uploads\/2025\/10\/20251002_081442-scaled.jpg 1920w\" sizes=\"(max-width: 768px) 100vw, 768px\" \/><\/figure>\n<\/figure>\n\n<p><\/p>\n","protected":false},"excerpt":{"rendered":"<p>Le tron\u00e7on du Parc Lin\u00e9aire Ribeirinho de l&rsquo;Estuaire du Tage, reliant Alverca do Ribatejo \u00e0 Sobralinho, dans la municipalit\u00e9 de Vila Franca de Xira, est d\u00e9sormais achev\u00e9 et ouvert au public.<\/p>\n","protected":false},"author":2,"featured_media":15867,"comment_status":"closed","ping_status":"closed","sticky":false,"template":"","format":"standard","meta":{"_acf_changed":false,"footnotes":""},"categories":[15],"tags":[],"class_list":["post-15974","post","type-post","status-publish","format-standard","has-post-thumbnail","hentry","category-articles"],"acf":[],"yoast_head":"<!-- This site is optimized with the Yoast SEO plugin v27.5 - https:\/\/yoast.com\/product\/yoast-seo-wordpress\/ -->\n<title>Le Parc Lin\u00e9aire Ribeirinho du Tage s&#039;\u00e9tend de 5 km suppl\u00e9mentaires entre Alverca et Sobralinho - Mota-Engil ATIV<\/title>\n<meta name=\"robots\" content=\"index, follow, max-snippet:-1, max-image-preview:large, max-video-preview:-1\" \/>\n<link rel=\"canonical\" href=\"https:\/\/www.ativ.pt\/fr\/2025\/10\/03\/le-parc-lineaire-ribeirinho-du-tage-setend-de-5-km-supplementaires-entre-alverca-et-sobralinho\/\" \/>\n<meta property=\"og:locale\" content=\"fr_FR\" \/>\n<meta property=\"og:type\" content=\"article\" \/>\n<meta property=\"og:title\" content=\"Le Parc Lin\u00e9aire Ribeirinho du Tage s&#039;\u00e9tend de 5 km suppl\u00e9mentaires entre Alverca et Sobralinho - Mota-Engil ATIV\" \/>\n<meta property=\"og:description\" content=\"Le tron\u00e7on du Parc Lin\u00e9aire Ribeirinho de l&#039;Estuaire du Tage, reliant Alverca do Ribatejo \u00e0 Sobralinho, dans la municipalit\u00e9 de Vila Franca de Xira, est d\u00e9sormais achev\u00e9 et ouvert au public.\" \/>\n<meta property=\"og:url\" content=\"https:\/\/www.ativ.pt\/fr\/2025\/10\/03\/le-parc-lineaire-ribeirinho-du-tage-setend-de-5-km-supplementaires-entre-alverca-et-sobralinho\/\" \/>\n<meta property=\"og:site_name\" content=\"Mota-Engil ATIV\" \/>\n<meta property=\"article:publisher\" content=\"https:\/\/www.facebook.com\/MotaEngilATIV\/\" \/>\n<meta property=\"article:published_time\" content=\"2025-10-03T10:34:16+00:00\" \/>\n<meta property=\"article:modified_time\" content=\"2025-10-10T14:19:33+00:00\" \/>\n<meta property=\"og:image\" content=\"https:\/\/www.ativ.pt\/wp-content\/uploads\/2025\/10\/1.png\" \/>\n\t<meta property=\"og:image:width\" content=\"1920\" \/>\n\t<meta property=\"og:image:height\" content=\"1080\" \/>\n\t<meta property=\"og:image:type\" content=\"image\/png\" \/>\n<meta name=\"author\" content=\"Susana Guerreiro\" \/>\n<meta name=\"twitter:card\" content=\"summary_large_image\" \/>\n<meta name=\"twitter:label1\" content=\"\u00c9crit par\" \/>\n\t<meta name=\"twitter:data1\" content=\"Susana Guerreiro\" \/>\n\t<meta name=\"twitter:label2\" content=\"Dur\u00e9e de lecture estim\u00e9e\" \/>\n\t<meta name=\"twitter:data2\" content=\"1 minute\" \/>\n<script type=\"application\/ld+json\" class=\"yoast-schema-graph\">{\"@context\":\"https:\\\/\\\/schema.org\",\"@graph\":[{\"@type\":\"Article\",\"@id\":\"https:\\\/\\\/www.ativ.pt\\\/fr\\\/2025\\\/10\\\/03\\\/le-parc-lineaire-ribeirinho-du-tage-setend-de-5-km-supplementaires-entre-alverca-et-sobralinho\\\/#article\",\"isPartOf\":{\"@id\":\"https:\\\/\\\/www.ativ.pt\\\/fr\\\/2025\\\/10\\\/03\\\/le-parc-lineaire-ribeirinho-du-tage-setend-de-5-km-supplementaires-entre-alverca-et-sobralinho\\\/\"},\"author\":{\"name\":\"Susana Guerreiro\",\"@id\":\"https:\\\/\\\/www.ativ.pt\\\/fr\\\/#\\\/schema\\\/person\\\/76cd49f91ef96b6902453415264f0c55\"},\"headline\":\"Le Parc Lin\u00e9aire Ribeirinho du Tage s&rsquo;\u00e9tend de 5 km suppl\u00e9mentaires entre Alverca et Sobralinho\",\"datePublished\":\"2025-10-03T10:34:16+00:00\",\"dateModified\":\"2025-10-10T14:19:33+00:00\",\"mainEntityOfPage\":{\"@id\":\"https:\\\/\\\/www.ativ.pt\\\/fr\\\/2025\\\/10\\\/03\\\/le-parc-lineaire-ribeirinho-du-tage-setend-de-5-km-supplementaires-entre-alverca-et-sobralinho\\\/\"},\"wordCount\":312,\"publisher\":{\"@id\":\"https:\\\/\\\/www.ativ.pt\\\/fr\\\/#organization\"},\"image\":{\"@id\":\"https:\\\/\\\/www.ativ.pt\\\/fr\\\/2025\\\/10\\\/03\\\/le-parc-lineaire-ribeirinho-du-tage-setend-de-5-km-supplementaires-entre-alverca-et-sobralinho\\\/#primaryimage\"},\"thumbnailUrl\":\"https:\\\/\\\/www.ativ.pt\\\/wp-content\\\/uploads\\\/2025\\\/10\\\/1.png\",\"articleSection\":[\"Article\"],\"inLanguage\":\"fr-FR\"},{\"@type\":\"WebPage\",\"@id\":\"https:\\\/\\\/www.ativ.pt\\\/fr\\\/2025\\\/10\\\/03\\\/le-parc-lineaire-ribeirinho-du-tage-setend-de-5-km-supplementaires-entre-alverca-et-sobralinho\\\/\",\"url\":\"https:\\\/\\\/www.ativ.pt\\\/fr\\\/2025\\\/10\\\/03\\\/le-parc-lineaire-ribeirinho-du-tage-setend-de-5-km-supplementaires-entre-alverca-et-sobralinho\\\/\",\"name\":\"Le Parc Lin\u00e9aire Ribeirinho du Tage s'\u00e9tend de 5 km suppl\u00e9mentaires entre Alverca et Sobralinho - Mota-Engil ATIV\",\"isPartOf\":{\"@id\":\"https:\\\/\\\/www.ativ.pt\\\/fr\\\/#website\"},\"primaryImageOfPage\":{\"@id\":\"https:\\\/\\\/www.ativ.pt\\\/fr\\\/2025\\\/10\\\/03\\\/le-parc-lineaire-ribeirinho-du-tage-setend-de-5-km-supplementaires-entre-alverca-et-sobralinho\\\/#primaryimage\"},\"image\":{\"@id\":\"https:\\\/\\\/www.ativ.pt\\\/fr\\\/2025\\\/10\\\/03\\\/le-parc-lineaire-ribeirinho-du-tage-setend-de-5-km-supplementaires-entre-alverca-et-sobralinho\\\/#primaryimage\"},\"thumbnailUrl\":\"https:\\\/\\\/www.ativ.pt\\\/wp-content\\\/uploads\\\/2025\\\/10\\\/1.png\",\"datePublished\":\"2025-10-03T10:34:16+00:00\",\"dateModified\":\"2025-10-10T14:19:33+00:00\",\"breadcrumb\":{\"@id\":\"https:\\\/\\\/www.ativ.pt\\\/fr\\\/2025\\\/10\\\/03\\\/le-parc-lineaire-ribeirinho-du-tage-setend-de-5-km-supplementaires-entre-alverca-et-sobralinho\\\/#breadcrumb\"},\"inLanguage\":\"fr-FR\",\"potentialAction\":[{\"@type\":\"ReadAction\",\"target\":[\"https:\\\/\\\/www.ativ.pt\\\/fr\\\/2025\\\/10\\\/03\\\/le-parc-lineaire-ribeirinho-du-tage-setend-de-5-km-supplementaires-entre-alverca-et-sobralinho\\\/\"]}]},{\"@type\":\"ImageObject\",\"inLanguage\":\"fr-FR\",\"@id\":\"https:\\\/\\\/www.ativ.pt\\\/fr\\\/2025\\\/10\\\/03\\\/le-parc-lineaire-ribeirinho-du-tage-setend-de-5-km-supplementaires-entre-alverca-et-sobralinho\\\/#primaryimage\",\"url\":\"https:\\\/\\\/www.ativ.pt\\\/wp-content\\\/uploads\\\/2025\\\/10\\\/1.png\",\"contentUrl\":\"https:\\\/\\\/www.ativ.pt\\\/wp-content\\\/uploads\\\/2025\\\/10\\\/1.png\",\"width\":1920,\"height\":1080},{\"@type\":\"BreadcrumbList\",\"@id\":\"https:\\\/\\\/www.ativ.pt\\\/fr\\\/2025\\\/10\\\/03\\\/le-parc-lineaire-ribeirinho-du-tage-setend-de-5-km-supplementaires-entre-alverca-et-sobralinho\\\/#breadcrumb\",\"itemListElement\":[{\"@type\":\"ListItem\",\"position\":1,\"name\":\"In\u00edcio\",\"item\":\"https:\\\/\\\/www.ativ.pt\\\/fr\\\/\"},{\"@type\":\"ListItem\",\"position\":2,\"name\":\"Le Parc Lin\u00e9aire Ribeirinho du Tage s&rsquo;\u00e9tend de 5 km suppl\u00e9mentaires entre Alverca et Sobralinho\"}]},{\"@type\":\"WebSite\",\"@id\":\"https:\\\/\\\/www.ativ.pt\\\/fr\\\/#website\",\"url\":\"https:\\\/\\\/www.ativ.pt\\\/fr\\\/\",\"name\":\"Mota-Engil ATIV\",\"description\":\"Gest\u00e3o e Manuten\u00e7\u00e3o de Ativos\",\"publisher\":{\"@id\":\"https:\\\/\\\/www.ativ.pt\\\/fr\\\/#organization\"},\"potentialAction\":[{\"@type\":\"SearchAction\",\"target\":{\"@type\":\"EntryPoint\",\"urlTemplate\":\"https:\\\/\\\/www.ativ.pt\\\/fr\\\/?s={search_term_string}\"},\"query-input\":{\"@type\":\"PropertyValueSpecification\",\"valueRequired\":true,\"valueName\":\"search_term_string\"}}],\"inLanguage\":\"fr-FR\"},{\"@type\":\"Organization\",\"@id\":\"https:\\\/\\\/www.ativ.pt\\\/fr\\\/#organization\",\"name\":\"Mota-Engil ATIV\",\"url\":\"https:\\\/\\\/www.ativ.pt\\\/fr\\\/\",\"logo\":{\"@type\":\"ImageObject\",\"inLanguage\":\"fr-FR\",\"@id\":\"https:\\\/\\\/www.ativ.pt\\\/fr\\\/#\\\/schema\\\/logo\\\/image\\\/\",\"url\":\"https:\\\/\\\/www.ativ.pt\\\/wp-content\\\/uploads\\\/2022\\\/04\\\/logo-ativ-cor-1.svg\",\"contentUrl\":\"https:\\\/\\\/www.ativ.pt\\\/wp-content\\\/uploads\\\/2022\\\/04\\\/logo-ativ-cor-1.svg\",\"width\":250,\"height\":100,\"caption\":\"Mota-Engil ATIV\"},\"image\":{\"@id\":\"https:\\\/\\\/www.ativ.pt\\\/fr\\\/#\\\/schema\\\/logo\\\/image\\\/\"},\"sameAs\":[\"https:\\\/\\\/www.facebook.com\\\/MotaEngilATIV\\\/\",\"https:\\\/\\\/www.instagram.com\\\/mota_engil_ativ\\\/\",\"https:\\\/\\\/www.linkedin.com\\\/company\\\/motaengil-ativ\"]},{\"@type\":\"Person\",\"@id\":\"https:\\\/\\\/www.ativ.pt\\\/fr\\\/#\\\/schema\\\/person\\\/76cd49f91ef96b6902453415264f0c55\",\"name\":\"Susana Guerreiro\"}]}<\/script>\n<!-- \/ Yoast SEO plugin. -->","yoast_head_json":{"title":"Le Parc Lin\u00e9aire Ribeirinho du Tage s'\u00e9tend de 5 km suppl\u00e9mentaires entre Alverca et Sobralinho - Mota-Engil ATIV","robots":{"index":"index","follow":"follow","max-snippet":"max-snippet:-1","max-image-preview":"max-image-preview:large","max-video-preview":"max-video-preview:-1"},"canonical":"https:\/\/www.ativ.pt\/fr\/2025\/10\/03\/le-parc-lineaire-ribeirinho-du-tage-setend-de-5-km-supplementaires-entre-alverca-et-sobralinho\/","og_locale":"fr_FR","og_type":"article","og_title":"Le Parc Lin\u00e9aire Ribeirinho du Tage s'\u00e9tend de 5 km suppl\u00e9mentaires entre Alverca et Sobralinho - Mota-Engil ATIV","og_description":"Le tron\u00e7on du Parc Lin\u00e9aire Ribeirinho de l'Estuaire du Tage, reliant Alverca do Ribatejo \u00e0 Sobralinho, dans la municipalit\u00e9 de Vila Franca de Xira, est d\u00e9sormais achev\u00e9 et ouvert au public.","og_url":"https:\/\/www.ativ.pt\/fr\/2025\/10\/03\/le-parc-lineaire-ribeirinho-du-tage-setend-de-5-km-supplementaires-entre-alverca-et-sobralinho\/","og_site_name":"Mota-Engil ATIV","article_publisher":"https:\/\/www.facebook.com\/MotaEngilATIV\/","article_published_time":"2025-10-03T10:34:16+00:00","article_modified_time":"2025-10-10T14:19:33+00:00","og_image":[{"width":1920,"height":1080,"url":"https:\/\/www.ativ.pt\/wp-content\/uploads\/2025\/10\/1.png","type":"image\/png"}],"author":"Susana Guerreiro","twitter_card":"summary_large_image","twitter_misc":{"\u00c9crit par":"Susana Guerreiro","Dur\u00e9e de lecture estim\u00e9e":"1 minute"},"schema":{"@context":"https:\/\/schema.org","@graph":[{"@type":"Article","@id":"https:\/\/www.ativ.pt\/fr\/2025\/10\/03\/le-parc-lineaire-ribeirinho-du-tage-setend-de-5-km-supplementaires-entre-alverca-et-sobralinho\/#article","isPartOf":{"@id":"https:\/\/www.ativ.pt\/fr\/2025\/10\/03\/le-parc-lineaire-ribeirinho-du-tage-setend-de-5-km-supplementaires-entre-alverca-et-sobralinho\/"},"author":{"name":"Susana Guerreiro","@id":"https:\/\/www.ativ.pt\/fr\/#\/schema\/person\/76cd49f91ef96b6902453415264f0c55"},"headline":"Le Parc Lin\u00e9aire Ribeirinho du Tage s&rsquo;\u00e9tend de 5 km suppl\u00e9mentaires entre Alverca et Sobralinho","datePublished":"2025-10-03T10:34:16+00:00","dateModified":"2025-10-10T14:19:33+00:00","mainEntityOfPage":{"@id":"https:\/\/www.ativ.pt\/fr\/2025\/10\/03\/le-parc-lineaire-ribeirinho-du-tage-setend-de-5-km-supplementaires-entre-alverca-et-sobralinho\/"},"wordCount":312,"publisher":{"@id":"https:\/\/www.ativ.pt\/fr\/#organization"},"image":{"@id":"https:\/\/www.ativ.pt\/fr\/2025\/10\/03\/le-parc-lineaire-ribeirinho-du-tage-setend-de-5-km-supplementaires-entre-alverca-et-sobralinho\/#primaryimage"},"thumbnailUrl":"https:\/\/www.ativ.pt\/wp-content\/uploads\/2025\/10\/1.png","articleSection":["Article"],"inLanguage":"fr-FR"},{"@type":"WebPage","@id":"https:\/\/www.ativ.pt\/fr\/2025\/10\/03\/le-parc-lineaire-ribeirinho-du-tage-setend-de-5-km-supplementaires-entre-alverca-et-sobralinho\/","url":"https:\/\/www.ativ.pt\/fr\/2025\/10\/03\/le-parc-lineaire-ribeirinho-du-tage-setend-de-5-km-supplementaires-entre-alverca-et-sobralinho\/","name":"Le Parc Lin\u00e9aire Ribeirinho du Tage s'\u00e9tend de 5 km suppl\u00e9mentaires entre Alverca et Sobralinho - Mota-Engil ATIV","isPartOf":{"@id":"https:\/\/www.ativ.pt\/fr\/#website"},"primaryImageOfPage":{"@id":"https:\/\/www.ativ.pt\/fr\/2025\/10\/03\/le-parc-lineaire-ribeirinho-du-tage-setend-de-5-km-supplementaires-entre-alverca-et-sobralinho\/#primaryimage"},"image":{"@id":"https:\/\/www.ativ.pt\/fr\/2025\/10\/03\/le-parc-lineaire-ribeirinho-du-tage-setend-de-5-km-supplementaires-entre-alverca-et-sobralinho\/#primaryimage"},"thumbnailUrl":"https:\/\/www.ativ.pt\/wp-content\/uploads\/2025\/10\/1.png","datePublished":"2025-10-03T10:34:16+00:00","dateModified":"2025-10-10T14:19:33+00:00","breadcrumb":{"@id":"https:\/\/www.ativ.pt\/fr\/2025\/10\/03\/le-parc-lineaire-ribeirinho-du-tage-setend-de-5-km-supplementaires-entre-alverca-et-sobralinho\/#breadcrumb"},"inLanguage":"fr-FR","potentialAction":[{"@type":"ReadAction","target":["https:\/\/www.ativ.pt\/fr\/2025\/10\/03\/le-parc-lineaire-ribeirinho-du-tage-setend-de-5-km-supplementaires-entre-alverca-et-sobralinho\/"]}]},{"@type":"ImageObject","inLanguage":"fr-FR","@id":"https:\/\/www.ativ.pt\/fr\/2025\/10\/03\/le-parc-lineaire-ribeirinho-du-tage-setend-de-5-km-supplementaires-entre-alverca-et-sobralinho\/#primaryimage","url":"https:\/\/www.ativ.pt\/wp-content\/uploads\/2025\/10\/1.png","contentUrl":"https:\/\/www.ativ.pt\/wp-content\/uploads\/2025\/10\/1.png","width":1920,"height":1080},{"@type":"BreadcrumbList","@id":"https:\/\/www.ativ.pt\/fr\/2025\/10\/03\/le-parc-lineaire-ribeirinho-du-tage-setend-de-5-km-supplementaires-entre-alverca-et-sobralinho\/#breadcrumb","itemListElement":[{"@type":"ListItem","position":1,"name":"In\u00edcio","item":"https:\/\/www.ativ.pt\/fr\/"},{"@type":"ListItem","position":2,"name":"Le Parc Lin\u00e9aire Ribeirinho du Tage s&rsquo;\u00e9tend de 5 km suppl\u00e9mentaires entre Alverca et Sobralinho"}]},{"@type":"WebSite","@id":"https:\/\/www.ativ.pt\/fr\/#website","url":"https:\/\/www.ativ.pt\/fr\/","name":"Mota-Engil ATIV","description":"Gest\u00e3o e Manuten\u00e7\u00e3o de Ativos","publisher":{"@id":"https:\/\/www.ativ.pt\/fr\/#organization"},"potentialAction":[{"@type":"SearchAction","target":{"@type":"EntryPoint","urlTemplate":"https:\/\/www.ativ.pt\/fr\/?s={search_term_string}"},"query-input":{"@type":"PropertyValueSpecification","valueRequired":true,"valueName":"search_term_string"}}],"inLanguage":"fr-FR"},{"@type":"Organization","@id":"https:\/\/www.ativ.pt\/fr\/#organization","name":"Mota-Engil ATIV","url":"https:\/\/www.ativ.pt\/fr\/","logo":{"@type":"ImageObject","inLanguage":"fr-FR","@id":"https:\/\/www.ativ.pt\/fr\/#\/schema\/logo\/image\/","url":"https:\/\/www.ativ.pt\/wp-content\/uploads\/2022\/04\/logo-ativ-cor-1.svg","contentUrl":"https:\/\/www.ativ.pt\/wp-content\/uploads\/2022\/04\/logo-ativ-cor-1.svg","width":250,"height":100,"caption":"Mota-Engil ATIV"},"image":{"@id":"https:\/\/www.ativ.pt\/fr\/#\/schema\/logo\/image\/"},"sameAs":["https:\/\/www.facebook.com\/MotaEngilATIV\/","https:\/\/www.instagram.com\/mota_engil_ativ\/","https:\/\/www.linkedin.com\/company\/motaengil-ativ"]},{"@type":"Person","@id":"https:\/\/www.ativ.pt\/fr\/#\/schema\/person\/76cd49f91ef96b6902453415264f0c55","name":"Susana Guerreiro"}]}},"_links":{"self":[{"href":"https:\/\/www.ativ.pt\/fr\/wp-json\/wp\/v2\/posts\/15974","targetHints":{"allow":["GET"]}}],"collection":[{"href":"https:\/\/www.ativ.pt\/fr\/wp-json\/wp\/v2\/posts"}],"about":[{"href":"https:\/\/www.ativ.pt\/fr\/wp-json\/wp\/v2\/types\/post"}],"author":[{"embeddable":true,"href":"https:\/\/www.ativ.pt\/fr\/wp-json\/wp\/v2\/users\/2"}],"replies":[{"embeddable":true,"href":"https:\/\/www.ativ.pt\/fr\/wp-json\/wp\/v2\/comments?post=15974"}],"version-history":[{"count":1,"href":"https:\/\/www.ativ.pt\/fr\/wp-json\/wp\/v2\/posts\/15974\/revisions"}],"predecessor-version":[{"id":15975,"href":"https:\/\/www.ativ.pt\/fr\/wp-json\/wp\/v2\/posts\/15974\/revisions\/15975"}],"wp:featuredmedia":[{"embeddable":true,"href":"https:\/\/www.ativ.pt\/fr\/wp-json\/wp\/v2\/media\/15867"}],"wp:attachment":[{"href":"https:\/\/www.ativ.pt\/fr\/wp-json\/wp\/v2\/media?parent=15974"}],"wp:term":[{"taxonomy":"category","embeddable":true,"href":"https:\/\/www.ativ.pt\/fr\/wp-json\/wp\/v2\/categories?post=15974"},{"taxonomy":"post_tag","embeddable":true,"href":"https:\/\/www.ativ.pt\/fr\/wp-json\/wp\/v2\/tags?post=15974"}],"curies":[{"name":"wp","href":"https:\/\/api.w.org\/{rel}","templated":true}]}}