{"id":14520,"date":"2025-04-08T11:52:34","date_gmt":"2025-04-08T11:52:34","guid":{"rendered":"https:\/\/www.ativ.pt\/2025\/04\/08\/ativ-mois-thematique-fm-industrie-et-construction\/"},"modified":"2025-05-13T15:17:29","modified_gmt":"2025-05-13T15:17:29","slug":"ativ-mois-thematique-fm-industrie-et-construction","status":"publish","type":"post","link":"https:\/\/www.ativ.pt\/fr\/2025\/04\/08\/ativ-mois-thematique-fm-industrie-et-construction\/","title":{"rendered":"ATIV | Mois Th\u00e9matique FM, Industrie et Construction"},"content":{"rendered":"\n<p>Ce projet vise \u00e0 faire conna\u00eetre toutes les unit\u00e9s d\u2019affaires de l\u2019entreprise \u00e0 plus de 1 000 collaborateurs r\u00e9partis entre le nord et le sud du Portugal continental, en promouvant \u00e9galement la collaboration et l\u2019interaction entre ceux qui souhaitent s\u2019impliquer activement.<\/p>\n\n<p>Lors de deux sessions organis\u00e9es \u00e0 Alverca et \u00e0 Modivas, ax\u00e9es sur les domaines du Facility Management, de l\u2019Industrie et de la Construction, les collaborateurs ont eu l\u2019opportunit\u00e9 de d\u00e9couvrir de plus pr\u00e8s les activit\u00e9s, les \u00e9quipes, les projets et les d\u00e9fis actuels des diff\u00e9rentes unit\u00e9s d\u2019affaires, \u00e0 travers des pr\u00e9sentations techniques et des d\u00e9monstrations d\u2019\u00e9quipements.<\/p>\n\n<p>Le programme a commenc\u00e9 par l\u2019introduction et la pr\u00e9sentation des domaines, suivies de d\u00e9monstrations pratiques d\u2019\u00e9quipements utilis\u00e9s dans le domaine de l\u2019\u00e9lectrom\u00e9canique, et d\u2019interactions entre les \u00e9quipes et les technologies utilis\u00e9es, se terminant par une visite du Camion de Classification des Corps.<\/p>\n\n<figure class=\"wp-block-gallery has-nested-images columns-default is-cropped wp-block-gallery-1 is-layout-flex wp-block-gallery-is-layout-flex\">\n<figure class=\"wp-block-image size-large\"><img fetchpriority=\"high\" decoding=\"async\" width=\"1024\" height=\"683\" data-id=\"14103\" src=\"https:\/\/spcdn.shortpixel.ai\/spio\/ret_img,q_cdnize,to_auto,s_webp:avif\/www.ativ.pt\/wp-content\/uploads\/2025\/04\/DSC_1600-1024x683.jpg\" alt=\"\" class=\"wp-image-14103\" srcset=\"https:\/\/spcdn.shortpixel.ai\/spio\/ret_img,q_cdnize,to_auto,s_webp:avif\/www.ativ.pt\/wp-content\/uploads\/2025\/04\/DSC_1600-1024x683.jpg 1024w, https:\/\/spcdn.shortpixel.ai\/spio\/ret_img,q_cdnize,to_auto,s_webp:avif\/www.ativ.pt\/wp-content\/uploads\/2025\/04\/DSC_1600-300x200.jpg 300w, https:\/\/spcdn.shortpixel.ai\/spio\/ret_img,q_cdnize,to_auto,s_webp:avif\/www.ativ.pt\/wp-content\/uploads\/2025\/04\/DSC_1600-768x512.jpg 768w, https:\/\/spcdn.shortpixel.ai\/spio\/ret_img,q_cdnize,to_auto,s_webp:avif\/www.ativ.pt\/wp-content\/uploads\/2025\/04\/DSC_1600-1536x1024.jpg 1536w, https:\/\/spcdn.shortpixel.ai\/spio\/ret_img,q_cdnize,to_auto,s_webp:avif\/www.ativ.pt\/wp-content\/uploads\/2025\/04\/DSC_1600-scaled.jpg 1920w\" sizes=\"(max-width: 1024px) 100vw, 1024px\" \/><\/figure>\n\n\n\n<figure class=\"wp-block-image size-large\"><img decoding=\"async\" width=\"1024\" height=\"683\" data-id=\"14108\" src=\"https:\/\/spcdn.shortpixel.ai\/spio\/ret_img,q_cdnize,to_auto,s_webp:avif\/www.ativ.pt\/wp-content\/uploads\/2025\/04\/DSC_1644-1024x683.jpg\" alt=\"\" class=\"wp-image-14108\" srcset=\"https:\/\/spcdn.shortpixel.ai\/spio\/ret_img,q_cdnize,to_auto,s_webp:avif\/www.ativ.pt\/wp-content\/uploads\/2025\/04\/DSC_1644-1024x683.jpg 1024w, https:\/\/spcdn.shortpixel.ai\/spio\/ret_img,q_cdnize,to_auto,s_webp:avif\/www.ativ.pt\/wp-content\/uploads\/2025\/04\/DSC_1644-300x200.jpg 300w, https:\/\/spcdn.shortpixel.ai\/spio\/ret_img,q_cdnize,to_auto,s_webp:avif\/www.ativ.pt\/wp-content\/uploads\/2025\/04\/DSC_1644-768x512.jpg 768w, https:\/\/spcdn.shortpixel.ai\/spio\/ret_img,q_cdnize,to_auto,s_webp:avif\/www.ativ.pt\/wp-content\/uploads\/2025\/04\/DSC_1644-1536x1024.jpg 1536w, https:\/\/spcdn.shortpixel.ai\/spio\/ret_img,q_cdnize,to_auto,s_webp:avif\/www.ativ.pt\/wp-content\/uploads\/2025\/04\/DSC_1644-scaled.jpg 1920w\" sizes=\"(max-width: 1024px) 100vw, 1024px\" \/><\/figure>\n<\/figure>\n\n<p>Pour la direction, cette initiative a \u00e9t\u00e9 fondamentale. Fernando Ramos, COO de ATIV, a une nouvelle fois soulign\u00e9 l\u2019importance strat\u00e9gique de cette initiative, affirmant que \u00ab l\u2019objectif principal est de faire conna\u00eetre les diff\u00e9rentes unit\u00e9s d\u2019affaires, car ce n\u2019est qu\u2019ainsi que nous pouvons avoir une \u00e9quipe plus soud\u00e9e et align\u00e9e pour r\u00e9ussir ensemble \u00bb.<\/p>\n\n<p>Apr\u00e8s avoir abord\u00e9 les principales unit\u00e9s d\u2019affaires, le projet ne s\u2019arr\u00eate pas l\u00e0. \u00ab Il est essentiel de r\u00e9p\u00e9ter ce partage de connaissances r\u00e9guli\u00e8rement, pour que tous les collaborateurs comprennent ce qui est fait dans chaque domaine et l\u2019impact de ce travail sur la croissance soutenue de Mota-Engil ATIV. \u00bb <\/p>\n\n<p>Selon Fernando Ramos, cette exposition donne \u00e9galement de la visibilit\u00e9 \u00e0 d\u2019autres domaines tels que les Ressources Humaines, la Qualit\u00e9 et la S\u00e9curit\u00e9, la Gestion des \u00c9quipements, \u00ab qui sont \u00e9galement fondamentaux pour les op\u00e9rations, car sans eux, nous ne pourrions pas mettre en \u0153uvre des solutions efficaces et s\u00fbres \u00bb.<\/p>\n\n<figure class=\"wp-block-gallery has-nested-images columns-default is-cropped wp-block-gallery-2 is-layout-flex wp-block-gallery-is-layout-flex\">\n<figure class=\"wp-block-image size-large\"><img decoding=\"async\" width=\"1024\" height=\"756\" data-id=\"14118\" src=\"https:\/\/spcdn.shortpixel.ai\/spio\/ret_img,q_cdnize,to_auto,s_webp:avif\/www.ativ.pt\/wp-content\/uploads\/2025\/04\/DSC_1691-1024x756.jpg\" alt=\"\" class=\"wp-image-14118\" srcset=\"https:\/\/spcdn.shortpixel.ai\/spio\/ret_img,q_cdnize,to_auto,s_webp:avif\/www.ativ.pt\/wp-content\/uploads\/2025\/04\/DSC_1691-1024x756.jpg 1024w, https:\/\/spcdn.shortpixel.ai\/spio\/ret_img,q_cdnize,to_auto,s_webp:avif\/www.ativ.pt\/wp-content\/uploads\/2025\/04\/DSC_1691-300x222.jpg 300w, https:\/\/spcdn.shortpixel.ai\/spio\/ret_img,q_cdnize,to_auto,s_webp:avif\/www.ativ.pt\/wp-content\/uploads\/2025\/04\/DSC_1691-768x567.jpg 768w, https:\/\/spcdn.shortpixel.ai\/spio\/ret_img,q_cdnize,to_auto,s_webp:avif\/www.ativ.pt\/wp-content\/uploads\/2025\/04\/DSC_1691-1536x1134.jpg 1536w, https:\/\/spcdn.shortpixel.ai\/spio\/ret_img,q_cdnize,to_auto,s_webp:avif\/www.ativ.pt\/wp-content\/uploads\/2025\/04\/DSC_1691-scaled.jpg 1920w\" sizes=\"(max-width: 1024px) 100vw, 1024px\" \/><\/figure>\n\n\n\n<figure class=\"wp-block-image size-large\"><img loading=\"lazy\" decoding=\"async\" width=\"1024\" height=\"683\" data-id=\"14123\" src=\"https:\/\/spcdn.shortpixel.ai\/spio\/ret_img,q_cdnize,to_auto,s_webp:avif\/www.ativ.pt\/wp-content\/uploads\/2025\/04\/DSC_1778-1024x683.jpg\" alt=\"\" class=\"wp-image-14123\" srcset=\"https:\/\/spcdn.shortpixel.ai\/spio\/ret_img,q_cdnize,to_auto,s_webp:avif\/www.ativ.pt\/wp-content\/uploads\/2025\/04\/DSC_1778-1024x683.jpg 1024w, https:\/\/spcdn.shortpixel.ai\/spio\/ret_img,q_cdnize,to_auto,s_webp:avif\/www.ativ.pt\/wp-content\/uploads\/2025\/04\/DSC_1778-300x200.jpg 300w, https:\/\/spcdn.shortpixel.ai\/spio\/ret_img,q_cdnize,to_auto,s_webp:avif\/www.ativ.pt\/wp-content\/uploads\/2025\/04\/DSC_1778-768x512.jpg 768w, https:\/\/spcdn.shortpixel.ai\/spio\/ret_img,q_cdnize,to_auto,s_webp:avif\/www.ativ.pt\/wp-content\/uploads\/2025\/04\/DSC_1778-1536x1024.jpg 1536w, https:\/\/spcdn.shortpixel.ai\/spio\/ret_img,q_cdnize,to_auto,s_webp:avif\/www.ativ.pt\/wp-content\/uploads\/2025\/04\/DSC_1778-scaled.jpg 1920w\" sizes=\"(max-width: 1024px) 100vw, 1024px\" \/><\/figure>\n<\/figure>\n\n<p>Le \u00ab Mois Th\u00e9matique \u00bb est donc une \u00e9tape importante pour renforcer la culture organisationnelle de Mota-Engil ATIV, en promouvant la connaissance interne et la croissance collective.<\/p>\n\n<p>Avec cette initiative, Mota-Engil ATIV entend \u00e9voluer et intensifier son activit\u00e9, tout en maintenant une relation de long terme avec les diff\u00e9rents clients. L\u2019apprentissage continu et le lien permanent entre les \u00e9quipes seront la cl\u00e9 de cette \u00e9volution. Comme l\u2019a conclu Fernando Ramos, \u00ab c\u2019est une entreprise en transformation, avec encore beaucoup \u00e0 montrer \u00bb.<\/p>\n\n<p>\u00c0 travers cette initiative, nous avons eu l\u2019opportunit\u00e9 d\u2019approfondir nos connaissances sur les domaines d\u2019activit\u00e9 qui soutiennent le succ\u00e8s de Mota-Engil ATIV, ce qui r\u00e9affirme son engagement envers l\u2019innovation et la durabilit\u00e9, piliers fondamentaux pour une croissance soutenue.<\/p>\n\n<figure class=\"wp-block-video\"><video height=\"1080\" style=\"aspect-ratio: 1920 \/ 1080;\" width=\"1920\" controls=\"\" src=\"https:\/\/www.ativ.pt\/wp-content\/uploads\/2025\/04\/Mes-Tematico-Video.mp4\"><\/video><\/figure>\n","protected":false},"excerpt":{"rendered":"<p>Dans le but de renforcer les connaissances internes, de promouvoir le partage d\u2019informations et l\u2019\u00e9change d\u2019exp\u00e9riences entre les diff\u00e9rentes divisions, Mota-Engil ATIV a lanc\u00e9 l\u2019initiative \u00ab Mois Th\u00e9matique \u00bb.<\/p>\n","protected":false},"author":2,"featured_media":14131,"comment_status":"open","ping_status":"open","sticky":false,"template":"","format":"standard","meta":{"_acf_changed":false,"footnotes":""},"categories":[15],"tags":[],"class_list":["post-14520","post","type-post","status-publish","format-standard","has-post-thumbnail","hentry","category-articles"],"acf":[],"yoast_head":"<!-- This site is optimized with the Yoast SEO plugin v27.5 - https:\/\/yoast.com\/product\/yoast-seo-wordpress\/ -->\n<title>ATIV | Mois Th\u00e9matique FM, Industrie et Construction - Mota-Engil ATIV<\/title>\n<meta name=\"robots\" content=\"index, follow, max-snippet:-1, max-image-preview:large, max-video-preview:-1\" \/>\n<link rel=\"canonical\" href=\"https:\/\/www.ativ.pt\/fr\/2025\/04\/08\/ativ-mois-thematique-fm-industrie-et-construction\/\" \/>\n<meta property=\"og:locale\" content=\"fr_FR\" \/>\n<meta property=\"og:type\" content=\"article\" \/>\n<meta property=\"og:title\" content=\"ATIV | Mois Th\u00e9matique FM, Industrie et Construction - Mota-Engil ATIV\" \/>\n<meta property=\"og:description\" content=\"Dans le but de renforcer les connaissances internes, de promouvoir le partage d\u2019informations et l\u2019\u00e9change d\u2019exp\u00e9riences entre les diff\u00e9rentes divisions, Mota-Engil ATIV a lanc\u00e9 l\u2019initiative \u00ab Mois Th\u00e9matique \u00bb.\" \/>\n<meta property=\"og:url\" content=\"https:\/\/www.ativ.pt\/fr\/2025\/04\/08\/ativ-mois-thematique-fm-industrie-et-construction\/\" \/>\n<meta property=\"og:site_name\" content=\"Mota-Engil ATIV\" \/>\n<meta property=\"article:publisher\" content=\"https:\/\/www.facebook.com\/MotaEngilATIV\/\" \/>\n<meta property=\"article:published_time\" content=\"2025-04-08T11:52:34+00:00\" \/>\n<meta property=\"article:modified_time\" content=\"2025-05-13T15:17:29+00:00\" \/>\n<meta property=\"og:image\" content=\"https:\/\/www.ativ.pt\/wp-content\/uploads\/2025\/04\/Design-sem-nome-1-1.png\" \/>\n\t<meta property=\"og:image:width\" content=\"2560\" \/>\n\t<meta property=\"og:image:height\" content=\"1440\" \/>\n\t<meta property=\"og:image:type\" content=\"image\/png\" \/>\n<meta name=\"author\" content=\"Susana Guerreiro\" \/>\n<meta name=\"twitter:card\" content=\"summary_large_image\" \/>\n<meta name=\"twitter:label1\" content=\"\u00c9crit par\" \/>\n\t<meta name=\"twitter:data1\" content=\"Susana Guerreiro\" \/>\n\t<meta name=\"twitter:label2\" content=\"Dur\u00e9e de lecture estim\u00e9e\" \/>\n\t<meta name=\"twitter:data2\" content=\"2 minutes\" \/>\n<script type=\"application\/ld+json\" class=\"yoast-schema-graph\">{\"@context\":\"https:\\\/\\\/schema.org\",\"@graph\":[{\"@type\":\"Article\",\"@id\":\"https:\\\/\\\/www.ativ.pt\\\/fr\\\/2025\\\/04\\\/08\\\/ativ-mois-thematique-fm-industrie-et-construction\\\/#article\",\"isPartOf\":{\"@id\":\"https:\\\/\\\/www.ativ.pt\\\/fr\\\/2025\\\/04\\\/08\\\/ativ-mois-thematique-fm-industrie-et-construction\\\/\"},\"author\":{\"name\":\"Susana Guerreiro\",\"@id\":\"https:\\\/\\\/www.ativ.pt\\\/fr\\\/#\\\/schema\\\/person\\\/76cd49f91ef96b6902453415264f0c55\"},\"headline\":\"ATIV | Mois Th\u00e9matique FM, Industrie et Construction\",\"datePublished\":\"2025-04-08T11:52:34+00:00\",\"dateModified\":\"2025-05-13T15:17:29+00:00\",\"mainEntityOfPage\":{\"@id\":\"https:\\\/\\\/www.ativ.pt\\\/fr\\\/2025\\\/04\\\/08\\\/ativ-mois-thematique-fm-industrie-et-construction\\\/\"},\"wordCount\":469,\"commentCount\":0,\"publisher\":{\"@id\":\"https:\\\/\\\/www.ativ.pt\\\/fr\\\/#organization\"},\"image\":{\"@id\":\"https:\\\/\\\/www.ativ.pt\\\/fr\\\/2025\\\/04\\\/08\\\/ativ-mois-thematique-fm-industrie-et-construction\\\/#primaryimage\"},\"thumbnailUrl\":\"https:\\\/\\\/www.ativ.pt\\\/wp-content\\\/uploads\\\/2025\\\/04\\\/Design-sem-nome-1-1.png\",\"articleSection\":[\"Article\"],\"inLanguage\":\"fr-FR\",\"potentialAction\":[{\"@type\":\"CommentAction\",\"name\":\"Comment\",\"target\":[\"https:\\\/\\\/www.ativ.pt\\\/fr\\\/2025\\\/04\\\/08\\\/ativ-mois-thematique-fm-industrie-et-construction\\\/#respond\"]}]},{\"@type\":\"WebPage\",\"@id\":\"https:\\\/\\\/www.ativ.pt\\\/fr\\\/2025\\\/04\\\/08\\\/ativ-mois-thematique-fm-industrie-et-construction\\\/\",\"url\":\"https:\\\/\\\/www.ativ.pt\\\/fr\\\/2025\\\/04\\\/08\\\/ativ-mois-thematique-fm-industrie-et-construction\\\/\",\"name\":\"ATIV | Mois Th\u00e9matique FM, Industrie et Construction - Mota-Engil ATIV\",\"isPartOf\":{\"@id\":\"https:\\\/\\\/www.ativ.pt\\\/fr\\\/#website\"},\"primaryImageOfPage\":{\"@id\":\"https:\\\/\\\/www.ativ.pt\\\/fr\\\/2025\\\/04\\\/08\\\/ativ-mois-thematique-fm-industrie-et-construction\\\/#primaryimage\"},\"image\":{\"@id\":\"https:\\\/\\\/www.ativ.pt\\\/fr\\\/2025\\\/04\\\/08\\\/ativ-mois-thematique-fm-industrie-et-construction\\\/#primaryimage\"},\"thumbnailUrl\":\"https:\\\/\\\/www.ativ.pt\\\/wp-content\\\/uploads\\\/2025\\\/04\\\/Design-sem-nome-1-1.png\",\"datePublished\":\"2025-04-08T11:52:34+00:00\",\"dateModified\":\"2025-05-13T15:17:29+00:00\",\"breadcrumb\":{\"@id\":\"https:\\\/\\\/www.ativ.pt\\\/fr\\\/2025\\\/04\\\/08\\\/ativ-mois-thematique-fm-industrie-et-construction\\\/#breadcrumb\"},\"inLanguage\":\"fr-FR\",\"potentialAction\":[{\"@type\":\"ReadAction\",\"target\":[\"https:\\\/\\\/www.ativ.pt\\\/fr\\\/2025\\\/04\\\/08\\\/ativ-mois-thematique-fm-industrie-et-construction\\\/\"]}]},{\"@type\":\"ImageObject\",\"inLanguage\":\"fr-FR\",\"@id\":\"https:\\\/\\\/www.ativ.pt\\\/fr\\\/2025\\\/04\\\/08\\\/ativ-mois-thematique-fm-industrie-et-construction\\\/#primaryimage\",\"url\":\"https:\\\/\\\/www.ativ.pt\\\/wp-content\\\/uploads\\\/2025\\\/04\\\/Design-sem-nome-1-1.png\",\"contentUrl\":\"https:\\\/\\\/www.ativ.pt\\\/wp-content\\\/uploads\\\/2025\\\/04\\\/Design-sem-nome-1-1.png\",\"width\":2276,\"height\":1280},{\"@type\":\"BreadcrumbList\",\"@id\":\"https:\\\/\\\/www.ativ.pt\\\/fr\\\/2025\\\/04\\\/08\\\/ativ-mois-thematique-fm-industrie-et-construction\\\/#breadcrumb\",\"itemListElement\":[{\"@type\":\"ListItem\",\"position\":1,\"name\":\"In\u00edcio\",\"item\":\"https:\\\/\\\/www.ativ.pt\\\/fr\\\/\"},{\"@type\":\"ListItem\",\"position\":2,\"name\":\"ATIV | Mois Th\u00e9matique FM, Industrie et Construction\"}]},{\"@type\":\"WebSite\",\"@id\":\"https:\\\/\\\/www.ativ.pt\\\/fr\\\/#website\",\"url\":\"https:\\\/\\\/www.ativ.pt\\\/fr\\\/\",\"name\":\"Mota-Engil ATIV\",\"description\":\"Gest\u00e3o e Manuten\u00e7\u00e3o de Ativos\",\"publisher\":{\"@id\":\"https:\\\/\\\/www.ativ.pt\\\/fr\\\/#organization\"},\"potentialAction\":[{\"@type\":\"SearchAction\",\"target\":{\"@type\":\"EntryPoint\",\"urlTemplate\":\"https:\\\/\\\/www.ativ.pt\\\/fr\\\/?s={search_term_string}\"},\"query-input\":{\"@type\":\"PropertyValueSpecification\",\"valueRequired\":true,\"valueName\":\"search_term_string\"}}],\"inLanguage\":\"fr-FR\"},{\"@type\":\"Organization\",\"@id\":\"https:\\\/\\\/www.ativ.pt\\\/fr\\\/#organization\",\"name\":\"Mota-Engil ATIV\",\"url\":\"https:\\\/\\\/www.ativ.pt\\\/fr\\\/\",\"logo\":{\"@type\":\"ImageObject\",\"inLanguage\":\"fr-FR\",\"@id\":\"https:\\\/\\\/www.ativ.pt\\\/fr\\\/#\\\/schema\\\/logo\\\/image\\\/\",\"url\":\"https:\\\/\\\/www.ativ.pt\\\/wp-content\\\/uploads\\\/2022\\\/04\\\/logo-ativ-cor-1.svg\",\"contentUrl\":\"https:\\\/\\\/www.ativ.pt\\\/wp-content\\\/uploads\\\/2022\\\/04\\\/logo-ativ-cor-1.svg\",\"width\":250,\"height\":100,\"caption\":\"Mota-Engil ATIV\"},\"image\":{\"@id\":\"https:\\\/\\\/www.ativ.pt\\\/fr\\\/#\\\/schema\\\/logo\\\/image\\\/\"},\"sameAs\":[\"https:\\\/\\\/www.facebook.com\\\/MotaEngilATIV\\\/\",\"https:\\\/\\\/www.instagram.com\\\/mota_engil_ativ\\\/\",\"https:\\\/\\\/www.linkedin.com\\\/company\\\/motaengil-ativ\"]},{\"@type\":\"Person\",\"@id\":\"https:\\\/\\\/www.ativ.pt\\\/fr\\\/#\\\/schema\\\/person\\\/76cd49f91ef96b6902453415264f0c55\",\"name\":\"Susana Guerreiro\"}]}<\/script>\n<!-- \/ Yoast SEO plugin. -->","yoast_head_json":{"title":"ATIV | Mois Th\u00e9matique FM, Industrie et Construction - Mota-Engil ATIV","robots":{"index":"index","follow":"follow","max-snippet":"max-snippet:-1","max-image-preview":"max-image-preview:large","max-video-preview":"max-video-preview:-1"},"canonical":"https:\/\/www.ativ.pt\/fr\/2025\/04\/08\/ativ-mois-thematique-fm-industrie-et-construction\/","og_locale":"fr_FR","og_type":"article","og_title":"ATIV | Mois Th\u00e9matique FM, Industrie et Construction - Mota-Engil ATIV","og_description":"Dans le but de renforcer les connaissances internes, de promouvoir le partage d\u2019informations et l\u2019\u00e9change d\u2019exp\u00e9riences entre les diff\u00e9rentes divisions, Mota-Engil ATIV a lanc\u00e9 l\u2019initiative \u00ab Mois Th\u00e9matique \u00bb.","og_url":"https:\/\/www.ativ.pt\/fr\/2025\/04\/08\/ativ-mois-thematique-fm-industrie-et-construction\/","og_site_name":"Mota-Engil ATIV","article_publisher":"https:\/\/www.facebook.com\/MotaEngilATIV\/","article_published_time":"2025-04-08T11:52:34+00:00","article_modified_time":"2025-05-13T15:17:29+00:00","og_image":[{"width":2560,"height":1440,"url":"https:\/\/www.ativ.pt\/wp-content\/uploads\/2025\/04\/Design-sem-nome-1-1.png","type":"image\/png"}],"author":"Susana Guerreiro","twitter_card":"summary_large_image","twitter_misc":{"\u00c9crit par":"Susana Guerreiro","Dur\u00e9e de lecture estim\u00e9e":"2 minutes"},"schema":{"@context":"https:\/\/schema.org","@graph":[{"@type":"Article","@id":"https:\/\/www.ativ.pt\/fr\/2025\/04\/08\/ativ-mois-thematique-fm-industrie-et-construction\/#article","isPartOf":{"@id":"https:\/\/www.ativ.pt\/fr\/2025\/04\/08\/ativ-mois-thematique-fm-industrie-et-construction\/"},"author":{"name":"Susana Guerreiro","@id":"https:\/\/www.ativ.pt\/fr\/#\/schema\/person\/76cd49f91ef96b6902453415264f0c55"},"headline":"ATIV | Mois Th\u00e9matique FM, Industrie et Construction","datePublished":"2025-04-08T11:52:34+00:00","dateModified":"2025-05-13T15:17:29+00:00","mainEntityOfPage":{"@id":"https:\/\/www.ativ.pt\/fr\/2025\/04\/08\/ativ-mois-thematique-fm-industrie-et-construction\/"},"wordCount":469,"commentCount":0,"publisher":{"@id":"https:\/\/www.ativ.pt\/fr\/#organization"},"image":{"@id":"https:\/\/www.ativ.pt\/fr\/2025\/04\/08\/ativ-mois-thematique-fm-industrie-et-construction\/#primaryimage"},"thumbnailUrl":"https:\/\/www.ativ.pt\/wp-content\/uploads\/2025\/04\/Design-sem-nome-1-1.png","articleSection":["Article"],"inLanguage":"fr-FR","potentialAction":[{"@type":"CommentAction","name":"Comment","target":["https:\/\/www.ativ.pt\/fr\/2025\/04\/08\/ativ-mois-thematique-fm-industrie-et-construction\/#respond"]}]},{"@type":"WebPage","@id":"https:\/\/www.ativ.pt\/fr\/2025\/04\/08\/ativ-mois-thematique-fm-industrie-et-construction\/","url":"https:\/\/www.ativ.pt\/fr\/2025\/04\/08\/ativ-mois-thematique-fm-industrie-et-construction\/","name":"ATIV | Mois Th\u00e9matique FM, Industrie et Construction - Mota-Engil ATIV","isPartOf":{"@id":"https:\/\/www.ativ.pt\/fr\/#website"},"primaryImageOfPage":{"@id":"https:\/\/www.ativ.pt\/fr\/2025\/04\/08\/ativ-mois-thematique-fm-industrie-et-construction\/#primaryimage"},"image":{"@id":"https:\/\/www.ativ.pt\/fr\/2025\/04\/08\/ativ-mois-thematique-fm-industrie-et-construction\/#primaryimage"},"thumbnailUrl":"https:\/\/www.ativ.pt\/wp-content\/uploads\/2025\/04\/Design-sem-nome-1-1.png","datePublished":"2025-04-08T11:52:34+00:00","dateModified":"2025-05-13T15:17:29+00:00","breadcrumb":{"@id":"https:\/\/www.ativ.pt\/fr\/2025\/04\/08\/ativ-mois-thematique-fm-industrie-et-construction\/#breadcrumb"},"inLanguage":"fr-FR","potentialAction":[{"@type":"ReadAction","target":["https:\/\/www.ativ.pt\/fr\/2025\/04\/08\/ativ-mois-thematique-fm-industrie-et-construction\/"]}]},{"@type":"ImageObject","inLanguage":"fr-FR","@id":"https:\/\/www.ativ.pt\/fr\/2025\/04\/08\/ativ-mois-thematique-fm-industrie-et-construction\/#primaryimage","url":"https:\/\/www.ativ.pt\/wp-content\/uploads\/2025\/04\/Design-sem-nome-1-1.png","contentUrl":"https:\/\/www.ativ.pt\/wp-content\/uploads\/2025\/04\/Design-sem-nome-1-1.png","width":2276,"height":1280},{"@type":"BreadcrumbList","@id":"https:\/\/www.ativ.pt\/fr\/2025\/04\/08\/ativ-mois-thematique-fm-industrie-et-construction\/#breadcrumb","itemListElement":[{"@type":"ListItem","position":1,"name":"In\u00edcio","item":"https:\/\/www.ativ.pt\/fr\/"},{"@type":"ListItem","position":2,"name":"ATIV | Mois Th\u00e9matique FM, Industrie et Construction"}]},{"@type":"WebSite","@id":"https:\/\/www.ativ.pt\/fr\/#website","url":"https:\/\/www.ativ.pt\/fr\/","name":"Mota-Engil ATIV","description":"Gest\u00e3o e Manuten\u00e7\u00e3o de Ativos","publisher":{"@id":"https:\/\/www.ativ.pt\/fr\/#organization"},"potentialAction":[{"@type":"SearchAction","target":{"@type":"EntryPoint","urlTemplate":"https:\/\/www.ativ.pt\/fr\/?s={search_term_string}"},"query-input":{"@type":"PropertyValueSpecification","valueRequired":true,"valueName":"search_term_string"}}],"inLanguage":"fr-FR"},{"@type":"Organization","@id":"https:\/\/www.ativ.pt\/fr\/#organization","name":"Mota-Engil ATIV","url":"https:\/\/www.ativ.pt\/fr\/","logo":{"@type":"ImageObject","inLanguage":"fr-FR","@id":"https:\/\/www.ativ.pt\/fr\/#\/schema\/logo\/image\/","url":"https:\/\/www.ativ.pt\/wp-content\/uploads\/2022\/04\/logo-ativ-cor-1.svg","contentUrl":"https:\/\/www.ativ.pt\/wp-content\/uploads\/2022\/04\/logo-ativ-cor-1.svg","width":250,"height":100,"caption":"Mota-Engil ATIV"},"image":{"@id":"https:\/\/www.ativ.pt\/fr\/#\/schema\/logo\/image\/"},"sameAs":["https:\/\/www.facebook.com\/MotaEngilATIV\/","https:\/\/www.instagram.com\/mota_engil_ativ\/","https:\/\/www.linkedin.com\/company\/motaengil-ativ"]},{"@type":"Person","@id":"https:\/\/www.ativ.pt\/fr\/#\/schema\/person\/76cd49f91ef96b6902453415264f0c55","name":"Susana Guerreiro"}]}},"_links":{"self":[{"href":"https:\/\/www.ativ.pt\/fr\/wp-json\/wp\/v2\/posts\/14520","targetHints":{"allow":["GET"]}}],"collection":[{"href":"https:\/\/www.ativ.pt\/fr\/wp-json\/wp\/v2\/posts"}],"about":[{"href":"https:\/\/www.ativ.pt\/fr\/wp-json\/wp\/v2\/types\/post"}],"author":[{"embeddable":true,"href":"https:\/\/www.ativ.pt\/fr\/wp-json\/wp\/v2\/users\/2"}],"replies":[{"embeddable":true,"href":"https:\/\/www.ativ.pt\/fr\/wp-json\/wp\/v2\/comments?post=14520"}],"version-history":[{"count":1,"href":"https:\/\/www.ativ.pt\/fr\/wp-json\/wp\/v2\/posts\/14520\/revisions"}],"predecessor-version":[{"id":14521,"href":"https:\/\/www.ativ.pt\/fr\/wp-json\/wp\/v2\/posts\/14520\/revisions\/14521"}],"wp:featuredmedia":[{"embeddable":true,"href":"https:\/\/www.ativ.pt\/fr\/wp-json\/wp\/v2\/media\/14131"}],"wp:attachment":[{"href":"https:\/\/www.ativ.pt\/fr\/wp-json\/wp\/v2\/media?parent=14520"}],"wp:term":[{"taxonomy":"category","embeddable":true,"href":"https:\/\/www.ativ.pt\/fr\/wp-json\/wp\/v2\/categories?post=14520"},{"taxonomy":"post_tag","embeddable":true,"href":"https:\/\/www.ativ.pt\/fr\/wp-json\/wp\/v2\/tags?post=14520"}],"curies":[{"name":"wp","href":"https:\/\/api.w.org\/{rel}","templated":true}]}}