{"id":14036,"date":"2025-03-28T10:22:40","date_gmt":"2025-03-28T10:22:40","guid":{"rendered":"https:\/\/www.ativ.pt\/2025\/03\/28\/actions-de-prevention-de-la-sinistralite-fondamentales\/"},"modified":"2025-04-07T11:39:12","modified_gmt":"2025-04-07T11:39:12","slug":"actions-de-prevention-de-la-sinistralite-fondamentales","status":"publish","type":"post","link":"https:\/\/www.ativ.pt\/fr\/2025\/03\/28\/actions-de-prevention-de-la-sinistralite-fondamentales\/","title":{"rendered":"Actions de pr\u00e9vention de la sinistralit\u00e9 fondamentales."},"content":{"rendered":"\n<p>Dans le cadre du programme Management Site Visits, qui vise \u00e0 sensibiliser \u00e0 la pr\u00e9vention des risques en mati\u00e8re de S\u00e9curit\u00e9 et Sant\u00e9 au Travail (SST) et \u00e0 la r\u00e9duction de la sinistralit\u00e9, Mota-Engil ATIV continue d\u2019effectuer des visites sur divers contrats, en renfor\u00e7ant l\u2019importance de cette th\u00e9matique.<\/p>\n\n<p>Promues et accompagn\u00e9es par l\u2019Administration\/Gestion, en alignement avec les GOLDEN RULES du Groupe Mota-Engil, elles ont pour principaux objectifs la communication, la sensibilisation et le partage des bonnes pratiques en mati\u00e8re de SST et d\u2019environnement, ainsi que l\u2019identification et le signalement de conditions dangereuses et d\u2019actes dangereux, et l\u2019encouragement \u00e0 la participation des travailleurs, renfor\u00e7ant ainsi une culture de travail s\u00fbre et saine.<\/p>\n\n<p>Profitant du mois th\u00e9matique consacr\u00e9 \u00e0 la connaissance des domaines du Facility Management (FM), de l\u2019Industrie et de la Construction, des visites ont \u00e9t\u00e9 r\u00e9alis\u00e9es sur les contrats de la RTP, de Vodafone et du Parc Ribeirinho de Vila Franca de Xira.<\/p>\n\n<figure class=\"wp-block-image size-large\"><img fetchpriority=\"high\" decoding=\"async\" width=\"1024\" height=\"576\" src=\"https:\/\/spcdn.shortpixel.ai\/spio\/ret_img,q_cdnize,to_auto,s_webp:avif\/www.ativ.pt\/wp-content\/uploads\/2025\/03\/Siteinspection_2025-1024x576.jpg\" alt=\"\" class=\"wp-image-13928\" srcset=\"https:\/\/spcdn.shortpixel.ai\/spio\/ret_img,q_cdnize,to_auto,s_webp:avif\/www.ativ.pt\/wp-content\/uploads\/2025\/03\/Siteinspection_2025-1024x576.jpg 1024w, https:\/\/spcdn.shortpixel.ai\/spio\/ret_img,q_cdnize,to_auto,s_webp:avif\/www.ativ.pt\/wp-content\/uploads\/2025\/03\/Siteinspection_2025-300x169.jpg 300w, https:\/\/spcdn.shortpixel.ai\/spio\/ret_img,q_cdnize,to_auto,s_webp:avif\/www.ativ.pt\/wp-content\/uploads\/2025\/03\/Siteinspection_2025-768x432.jpg 768w, https:\/\/spcdn.shortpixel.ai\/spio\/ret_img,q_cdnize,to_auto,s_webp:avif\/www.ativ.pt\/wp-content\/uploads\/2025\/03\/Siteinspection_2025.jpg 1280w\" sizes=\"(max-width: 1024px) 100vw, 1024px\" \/><\/figure>\n\n<p>Les Site Inspections se d\u00e9roulent en pr\u00e9sence de tous les collaborateurs du contrat ou du front de travail, et d\u00e9butent par un Safety Moment ax\u00e9 sur la sinistralit\u00e9 et\/ou d\u2019autres th\u00e8mes pertinents en mati\u00e8re de promotion de la s\u00e9curit\u00e9, de la sant\u00e9 au travail et de l\u2019environnement, suivi de l\u2019accompagnement des Travaux et des \u00c9quipes (internes et sous-trait\u00e9es).<\/p>\n\n<p>\u00c0 la fin, un rapport est g\u00e9n\u00e9r\u00e9, comprenant l&rsquo;enregistrement des actions men\u00e9es lors de la visite ainsi que des \u00e9carts et des opportunit\u00e9s d&rsquo;am\u00e9lioration signal\u00e9es.<br\/><br\/><\/p>\n\n<p>La s\u00e9curit\u00e9 et la sant\u00e9 au travail ne se renforcent qu&rsquo;avec la participation de tous. Mota-Engil ATIV souhaite unir ses efforts afin qu&rsquo;en 2025, nous puissions am\u00e9liorer notre performance dans ce domaine. <\/p>\n","protected":false},"excerpt":{"rendered":"<p>En alignement avec les GOLDEN RULES du Groupe Mota-Engil, l\u2019ATIV continue d\u2019effectuer des visites sur divers contrats, en renfor\u00e7ant l\u2019importance de cette th\u00e9matique.<\/p>\n","protected":false},"author":2,"featured_media":13941,"comment_status":"open","ping_status":"open","sticky":false,"template":"","format":"standard","meta":{"_acf_changed":false,"footnotes":""},"categories":[15],"tags":[],"class_list":["post-14036","post","type-post","status-publish","format-standard","has-post-thumbnail","hentry","category-articles"],"acf":[],"yoast_head":"<!-- This site is optimized with the Yoast SEO plugin v27.5 - https:\/\/yoast.com\/product\/yoast-seo-wordpress\/ -->\n<title>Actions de pr\u00e9vention de la sinistralit\u00e9 fondamentales. - Mota-Engil ATIV<\/title>\n<meta name=\"robots\" content=\"index, follow, max-snippet:-1, max-image-preview:large, max-video-preview:-1\" \/>\n<link rel=\"canonical\" href=\"https:\/\/www.ativ.pt\/fr\/2025\/03\/28\/actions-de-prevention-de-la-sinistralite-fondamentales\/\" \/>\n<meta property=\"og:locale\" content=\"fr_FR\" \/>\n<meta property=\"og:type\" content=\"article\" \/>\n<meta property=\"og:title\" content=\"Actions de pr\u00e9vention de la sinistralit\u00e9 fondamentales. - Mota-Engil ATIV\" \/>\n<meta property=\"og:description\" content=\"En alignement avec les GOLDEN RULES du Groupe Mota-Engil, l\u2019ATIV continue d\u2019effectuer des visites sur divers contrats, en renfor\u00e7ant l\u2019importance de cette th\u00e9matique.\" \/>\n<meta property=\"og:url\" content=\"https:\/\/www.ativ.pt\/fr\/2025\/03\/28\/actions-de-prevention-de-la-sinistralite-fondamentales\/\" \/>\n<meta property=\"og:site_name\" content=\"Mota-Engil ATIV\" \/>\n<meta property=\"article:publisher\" content=\"https:\/\/www.facebook.com\/MotaEngilATIV\/\" \/>\n<meta property=\"article:published_time\" content=\"2025-03-28T10:22:40+00:00\" \/>\n<meta property=\"article:modified_time\" content=\"2025-04-07T11:39:12+00:00\" \/>\n<meta property=\"og:image\" content=\"https:\/\/www.ativ.pt\/wp-content\/uploads\/2025\/03\/Site-Inspection_destaque-1.jpg\" \/>\n\t<meta property=\"og:image:width\" content=\"1197\" \/>\n\t<meta property=\"og:image:height\" content=\"452\" \/>\n\t<meta property=\"og:image:type\" content=\"image\/jpeg\" \/>\n<meta name=\"author\" content=\"Susana Guerreiro\" \/>\n<meta name=\"twitter:card\" content=\"summary_large_image\" \/>\n<meta name=\"twitter:label1\" content=\"\u00c9crit par\" \/>\n\t<meta name=\"twitter:data1\" content=\"Susana Guerreiro\" \/>\n\t<meta name=\"twitter:label2\" content=\"Dur\u00e9e de lecture estim\u00e9e\" \/>\n\t<meta name=\"twitter:data2\" content=\"2 minutes\" \/>\n<script type=\"application\/ld+json\" class=\"yoast-schema-graph\">{\"@context\":\"https:\\\/\\\/schema.org\",\"@graph\":[{\"@type\":\"Article\",\"@id\":\"https:\\\/\\\/www.ativ.pt\\\/fr\\\/2025\\\/03\\\/28\\\/actions-de-prevention-de-la-sinistralite-fondamentales\\\/#article\",\"isPartOf\":{\"@id\":\"https:\\\/\\\/www.ativ.pt\\\/fr\\\/2025\\\/03\\\/28\\\/actions-de-prevention-de-la-sinistralite-fondamentales\\\/\"},\"author\":{\"name\":\"Susana Guerreiro\",\"@id\":\"https:\\\/\\\/www.ativ.pt\\\/fr\\\/#\\\/schema\\\/person\\\/76cd49f91ef96b6902453415264f0c55\"},\"headline\":\"Actions de pr\u00e9vention de la sinistralit\u00e9 fondamentales.\",\"datePublished\":\"2025-03-28T10:22:40+00:00\",\"dateModified\":\"2025-04-07T11:39:12+00:00\",\"mainEntityOfPage\":{\"@id\":\"https:\\\/\\\/www.ativ.pt\\\/fr\\\/2025\\\/03\\\/28\\\/actions-de-prevention-de-la-sinistralite-fondamentales\\\/\"},\"wordCount\":314,\"commentCount\":0,\"publisher\":{\"@id\":\"https:\\\/\\\/www.ativ.pt\\\/fr\\\/#organization\"},\"image\":{\"@id\":\"https:\\\/\\\/www.ativ.pt\\\/fr\\\/2025\\\/03\\\/28\\\/actions-de-prevention-de-la-sinistralite-fondamentales\\\/#primaryimage\"},\"thumbnailUrl\":\"https:\\\/\\\/www.ativ.pt\\\/wp-content\\\/uploads\\\/2025\\\/03\\\/Site-Inspection_destaque-1.jpg\",\"articleSection\":[\"Article\"],\"inLanguage\":\"fr-FR\",\"potentialAction\":[{\"@type\":\"CommentAction\",\"name\":\"Comment\",\"target\":[\"https:\\\/\\\/www.ativ.pt\\\/fr\\\/2025\\\/03\\\/28\\\/actions-de-prevention-de-la-sinistralite-fondamentales\\\/#respond\"]}]},{\"@type\":\"WebPage\",\"@id\":\"https:\\\/\\\/www.ativ.pt\\\/fr\\\/2025\\\/03\\\/28\\\/actions-de-prevention-de-la-sinistralite-fondamentales\\\/\",\"url\":\"https:\\\/\\\/www.ativ.pt\\\/fr\\\/2025\\\/03\\\/28\\\/actions-de-prevention-de-la-sinistralite-fondamentales\\\/\",\"name\":\"Actions de pr\u00e9vention de la sinistralit\u00e9 fondamentales. - Mota-Engil ATIV\",\"isPartOf\":{\"@id\":\"https:\\\/\\\/www.ativ.pt\\\/fr\\\/#website\"},\"primaryImageOfPage\":{\"@id\":\"https:\\\/\\\/www.ativ.pt\\\/fr\\\/2025\\\/03\\\/28\\\/actions-de-prevention-de-la-sinistralite-fondamentales\\\/#primaryimage\"},\"image\":{\"@id\":\"https:\\\/\\\/www.ativ.pt\\\/fr\\\/2025\\\/03\\\/28\\\/actions-de-prevention-de-la-sinistralite-fondamentales\\\/#primaryimage\"},\"thumbnailUrl\":\"https:\\\/\\\/www.ativ.pt\\\/wp-content\\\/uploads\\\/2025\\\/03\\\/Site-Inspection_destaque-1.jpg\",\"datePublished\":\"2025-03-28T10:22:40+00:00\",\"dateModified\":\"2025-04-07T11:39:12+00:00\",\"breadcrumb\":{\"@id\":\"https:\\\/\\\/www.ativ.pt\\\/fr\\\/2025\\\/03\\\/28\\\/actions-de-prevention-de-la-sinistralite-fondamentales\\\/#breadcrumb\"},\"inLanguage\":\"fr-FR\",\"potentialAction\":[{\"@type\":\"ReadAction\",\"target\":[\"https:\\\/\\\/www.ativ.pt\\\/fr\\\/2025\\\/03\\\/28\\\/actions-de-prevention-de-la-sinistralite-fondamentales\\\/\"]}]},{\"@type\":\"ImageObject\",\"inLanguage\":\"fr-FR\",\"@id\":\"https:\\\/\\\/www.ativ.pt\\\/fr\\\/2025\\\/03\\\/28\\\/actions-de-prevention-de-la-sinistralite-fondamentales\\\/#primaryimage\",\"url\":\"https:\\\/\\\/www.ativ.pt\\\/wp-content\\\/uploads\\\/2025\\\/03\\\/Site-Inspection_destaque-1.jpg\",\"contentUrl\":\"https:\\\/\\\/www.ativ.pt\\\/wp-content\\\/uploads\\\/2025\\\/03\\\/Site-Inspection_destaque-1.jpg\",\"width\":1197,\"height\":452},{\"@type\":\"BreadcrumbList\",\"@id\":\"https:\\\/\\\/www.ativ.pt\\\/fr\\\/2025\\\/03\\\/28\\\/actions-de-prevention-de-la-sinistralite-fondamentales\\\/#breadcrumb\",\"itemListElement\":[{\"@type\":\"ListItem\",\"position\":1,\"name\":\"In\u00edcio\",\"item\":\"https:\\\/\\\/www.ativ.pt\\\/fr\\\/\"},{\"@type\":\"ListItem\",\"position\":2,\"name\":\"Actions de pr\u00e9vention de la sinistralit\u00e9 fondamentales.\"}]},{\"@type\":\"WebSite\",\"@id\":\"https:\\\/\\\/www.ativ.pt\\\/fr\\\/#website\",\"url\":\"https:\\\/\\\/www.ativ.pt\\\/fr\\\/\",\"name\":\"Mota-Engil ATIV\",\"description\":\"Gest\u00e3o e Manuten\u00e7\u00e3o de Ativos\",\"publisher\":{\"@id\":\"https:\\\/\\\/www.ativ.pt\\\/fr\\\/#organization\"},\"potentialAction\":[{\"@type\":\"SearchAction\",\"target\":{\"@type\":\"EntryPoint\",\"urlTemplate\":\"https:\\\/\\\/www.ativ.pt\\\/fr\\\/?s={search_term_string}\"},\"query-input\":{\"@type\":\"PropertyValueSpecification\",\"valueRequired\":true,\"valueName\":\"search_term_string\"}}],\"inLanguage\":\"fr-FR\"},{\"@type\":\"Organization\",\"@id\":\"https:\\\/\\\/www.ativ.pt\\\/fr\\\/#organization\",\"name\":\"Mota-Engil ATIV\",\"url\":\"https:\\\/\\\/www.ativ.pt\\\/fr\\\/\",\"logo\":{\"@type\":\"ImageObject\",\"inLanguage\":\"fr-FR\",\"@id\":\"https:\\\/\\\/www.ativ.pt\\\/fr\\\/#\\\/schema\\\/logo\\\/image\\\/\",\"url\":\"https:\\\/\\\/www.ativ.pt\\\/wp-content\\\/uploads\\\/2022\\\/04\\\/logo-ativ-cor-1.svg\",\"contentUrl\":\"https:\\\/\\\/www.ativ.pt\\\/wp-content\\\/uploads\\\/2022\\\/04\\\/logo-ativ-cor-1.svg\",\"width\":250,\"height\":100,\"caption\":\"Mota-Engil ATIV\"},\"image\":{\"@id\":\"https:\\\/\\\/www.ativ.pt\\\/fr\\\/#\\\/schema\\\/logo\\\/image\\\/\"},\"sameAs\":[\"https:\\\/\\\/www.facebook.com\\\/MotaEngilATIV\\\/\",\"https:\\\/\\\/www.instagram.com\\\/mota_engil_ativ\\\/\",\"https:\\\/\\\/www.linkedin.com\\\/company\\\/motaengil-ativ\"]},{\"@type\":\"Person\",\"@id\":\"https:\\\/\\\/www.ativ.pt\\\/fr\\\/#\\\/schema\\\/person\\\/76cd49f91ef96b6902453415264f0c55\",\"name\":\"Susana Guerreiro\"}]}<\/script>\n<!-- \/ Yoast SEO plugin. -->","yoast_head_json":{"title":"Actions de pr\u00e9vention de la sinistralit\u00e9 fondamentales. - Mota-Engil ATIV","robots":{"index":"index","follow":"follow","max-snippet":"max-snippet:-1","max-image-preview":"max-image-preview:large","max-video-preview":"max-video-preview:-1"},"canonical":"https:\/\/www.ativ.pt\/fr\/2025\/03\/28\/actions-de-prevention-de-la-sinistralite-fondamentales\/","og_locale":"fr_FR","og_type":"article","og_title":"Actions de pr\u00e9vention de la sinistralit\u00e9 fondamentales. - Mota-Engil ATIV","og_description":"En alignement avec les GOLDEN RULES du Groupe Mota-Engil, l\u2019ATIV continue d\u2019effectuer des visites sur divers contrats, en renfor\u00e7ant l\u2019importance de cette th\u00e9matique.","og_url":"https:\/\/www.ativ.pt\/fr\/2025\/03\/28\/actions-de-prevention-de-la-sinistralite-fondamentales\/","og_site_name":"Mota-Engil ATIV","article_publisher":"https:\/\/www.facebook.com\/MotaEngilATIV\/","article_published_time":"2025-03-28T10:22:40+00:00","article_modified_time":"2025-04-07T11:39:12+00:00","og_image":[{"width":1197,"height":452,"url":"https:\/\/www.ativ.pt\/wp-content\/uploads\/2025\/03\/Site-Inspection_destaque-1.jpg","type":"image\/jpeg"}],"author":"Susana Guerreiro","twitter_card":"summary_large_image","twitter_misc":{"\u00c9crit par":"Susana Guerreiro","Dur\u00e9e de lecture estim\u00e9e":"2 minutes"},"schema":{"@context":"https:\/\/schema.org","@graph":[{"@type":"Article","@id":"https:\/\/www.ativ.pt\/fr\/2025\/03\/28\/actions-de-prevention-de-la-sinistralite-fondamentales\/#article","isPartOf":{"@id":"https:\/\/www.ativ.pt\/fr\/2025\/03\/28\/actions-de-prevention-de-la-sinistralite-fondamentales\/"},"author":{"name":"Susana Guerreiro","@id":"https:\/\/www.ativ.pt\/fr\/#\/schema\/person\/76cd49f91ef96b6902453415264f0c55"},"headline":"Actions de pr\u00e9vention de la sinistralit\u00e9 fondamentales.","datePublished":"2025-03-28T10:22:40+00:00","dateModified":"2025-04-07T11:39:12+00:00","mainEntityOfPage":{"@id":"https:\/\/www.ativ.pt\/fr\/2025\/03\/28\/actions-de-prevention-de-la-sinistralite-fondamentales\/"},"wordCount":314,"commentCount":0,"publisher":{"@id":"https:\/\/www.ativ.pt\/fr\/#organization"},"image":{"@id":"https:\/\/www.ativ.pt\/fr\/2025\/03\/28\/actions-de-prevention-de-la-sinistralite-fondamentales\/#primaryimage"},"thumbnailUrl":"https:\/\/www.ativ.pt\/wp-content\/uploads\/2025\/03\/Site-Inspection_destaque-1.jpg","articleSection":["Article"],"inLanguage":"fr-FR","potentialAction":[{"@type":"CommentAction","name":"Comment","target":["https:\/\/www.ativ.pt\/fr\/2025\/03\/28\/actions-de-prevention-de-la-sinistralite-fondamentales\/#respond"]}]},{"@type":"WebPage","@id":"https:\/\/www.ativ.pt\/fr\/2025\/03\/28\/actions-de-prevention-de-la-sinistralite-fondamentales\/","url":"https:\/\/www.ativ.pt\/fr\/2025\/03\/28\/actions-de-prevention-de-la-sinistralite-fondamentales\/","name":"Actions de pr\u00e9vention de la sinistralit\u00e9 fondamentales. - Mota-Engil ATIV","isPartOf":{"@id":"https:\/\/www.ativ.pt\/fr\/#website"},"primaryImageOfPage":{"@id":"https:\/\/www.ativ.pt\/fr\/2025\/03\/28\/actions-de-prevention-de-la-sinistralite-fondamentales\/#primaryimage"},"image":{"@id":"https:\/\/www.ativ.pt\/fr\/2025\/03\/28\/actions-de-prevention-de-la-sinistralite-fondamentales\/#primaryimage"},"thumbnailUrl":"https:\/\/www.ativ.pt\/wp-content\/uploads\/2025\/03\/Site-Inspection_destaque-1.jpg","datePublished":"2025-03-28T10:22:40+00:00","dateModified":"2025-04-07T11:39:12+00:00","breadcrumb":{"@id":"https:\/\/www.ativ.pt\/fr\/2025\/03\/28\/actions-de-prevention-de-la-sinistralite-fondamentales\/#breadcrumb"},"inLanguage":"fr-FR","potentialAction":[{"@type":"ReadAction","target":["https:\/\/www.ativ.pt\/fr\/2025\/03\/28\/actions-de-prevention-de-la-sinistralite-fondamentales\/"]}]},{"@type":"ImageObject","inLanguage":"fr-FR","@id":"https:\/\/www.ativ.pt\/fr\/2025\/03\/28\/actions-de-prevention-de-la-sinistralite-fondamentales\/#primaryimage","url":"https:\/\/www.ativ.pt\/wp-content\/uploads\/2025\/03\/Site-Inspection_destaque-1.jpg","contentUrl":"https:\/\/www.ativ.pt\/wp-content\/uploads\/2025\/03\/Site-Inspection_destaque-1.jpg","width":1197,"height":452},{"@type":"BreadcrumbList","@id":"https:\/\/www.ativ.pt\/fr\/2025\/03\/28\/actions-de-prevention-de-la-sinistralite-fondamentales\/#breadcrumb","itemListElement":[{"@type":"ListItem","position":1,"name":"In\u00edcio","item":"https:\/\/www.ativ.pt\/fr\/"},{"@type":"ListItem","position":2,"name":"Actions de pr\u00e9vention de la sinistralit\u00e9 fondamentales."}]},{"@type":"WebSite","@id":"https:\/\/www.ativ.pt\/fr\/#website","url":"https:\/\/www.ativ.pt\/fr\/","name":"Mota-Engil ATIV","description":"Gest\u00e3o e Manuten\u00e7\u00e3o de Ativos","publisher":{"@id":"https:\/\/www.ativ.pt\/fr\/#organization"},"potentialAction":[{"@type":"SearchAction","target":{"@type":"EntryPoint","urlTemplate":"https:\/\/www.ativ.pt\/fr\/?s={search_term_string}"},"query-input":{"@type":"PropertyValueSpecification","valueRequired":true,"valueName":"search_term_string"}}],"inLanguage":"fr-FR"},{"@type":"Organization","@id":"https:\/\/www.ativ.pt\/fr\/#organization","name":"Mota-Engil ATIV","url":"https:\/\/www.ativ.pt\/fr\/","logo":{"@type":"ImageObject","inLanguage":"fr-FR","@id":"https:\/\/www.ativ.pt\/fr\/#\/schema\/logo\/image\/","url":"https:\/\/www.ativ.pt\/wp-content\/uploads\/2022\/04\/logo-ativ-cor-1.svg","contentUrl":"https:\/\/www.ativ.pt\/wp-content\/uploads\/2022\/04\/logo-ativ-cor-1.svg","width":250,"height":100,"caption":"Mota-Engil ATIV"},"image":{"@id":"https:\/\/www.ativ.pt\/fr\/#\/schema\/logo\/image\/"},"sameAs":["https:\/\/www.facebook.com\/MotaEngilATIV\/","https:\/\/www.instagram.com\/mota_engil_ativ\/","https:\/\/www.linkedin.com\/company\/motaengil-ativ"]},{"@type":"Person","@id":"https:\/\/www.ativ.pt\/fr\/#\/schema\/person\/76cd49f91ef96b6902453415264f0c55","name":"Susana Guerreiro"}]}},"_links":{"self":[{"href":"https:\/\/www.ativ.pt\/fr\/wp-json\/wp\/v2\/posts\/14036","targetHints":{"allow":["GET"]}}],"collection":[{"href":"https:\/\/www.ativ.pt\/fr\/wp-json\/wp\/v2\/posts"}],"about":[{"href":"https:\/\/www.ativ.pt\/fr\/wp-json\/wp\/v2\/types\/post"}],"author":[{"embeddable":true,"href":"https:\/\/www.ativ.pt\/fr\/wp-json\/wp\/v2\/users\/2"}],"replies":[{"embeddable":true,"href":"https:\/\/www.ativ.pt\/fr\/wp-json\/wp\/v2\/comments?post=14036"}],"version-history":[{"count":1,"href":"https:\/\/www.ativ.pt\/fr\/wp-json\/wp\/v2\/posts\/14036\/revisions"}],"predecessor-version":[{"id":14037,"href":"https:\/\/www.ativ.pt\/fr\/wp-json\/wp\/v2\/posts\/14036\/revisions\/14037"}],"wp:featuredmedia":[{"embeddable":true,"href":"https:\/\/www.ativ.pt\/fr\/wp-json\/wp\/v2\/media\/13941"}],"wp:attachment":[{"href":"https:\/\/www.ativ.pt\/fr\/wp-json\/wp\/v2\/media?parent=14036"}],"wp:term":[{"taxonomy":"category","embeddable":true,"href":"https:\/\/www.ativ.pt\/fr\/wp-json\/wp\/v2\/categories?post=14036"},{"taxonomy":"post_tag","embeddable":true,"href":"https:\/\/www.ativ.pt\/fr\/wp-json\/wp\/v2\/tags?post=14036"}],"curies":[{"name":"wp","href":"https:\/\/api.w.org\/{rel}","templated":true}]}}