{"id":13629,"date":"2025-02-28T15:45:05","date_gmt":"2025-02-28T15:45:05","guid":{"rendered":"https:\/\/www.ativ.pt\/2025\/02\/28\/mota-engil-ativ-vence-ouro-para-operacao-mais-eficiente\/"},"modified":"2025-03-05T12:10:48","modified_gmt":"2025-03-05T12:10:48","slug":"mota-engil-ativ-vence-ouro-para-operacao-mais-eficiente","status":"publish","type":"post","link":"https:\/\/www.ativ.pt\/fr\/2025\/02\/28\/mota-engil-ativ-vence-ouro-para-operacao-mais-eficiente\/","title":{"rendered":"Mota-Engil ATIV vence Ouro para \u201cOpera\u00e7\u00e3o Mais Eficiente\u201d"},"content":{"rendered":"\n<p>Reconnue comme l&rsquo;une des entreprises de Facility Management et de Maintenance obtenant les meilleurs r\u00e9sultats gr\u00e2ce \u00e0 l&rsquo;utilisation de la plateforme Infraspeak, Mota-Engil ATIV a de nouveau \u00e9t\u00e9 distingu\u00e9e avec le Prix Or dans la cat\u00e9gorie \u201cOp\u00e9ration la Plus Efficiente\u201d.<\/p>\n\n<figure class=\"wp-block-gallery has-nested-images columns-default is-cropped wp-block-gallery-1 is-layout-flex wp-block-gallery-is-layout-flex\">\n<figure class=\"wp-block-image size-large\"><img fetchpriority=\"high\" decoding=\"async\" width=\"650\" height=\"487\" data-id=\"13594\" src=\"https:\/\/www.ativ.pt\/wp-content\/uploads\/2025\/02\/infraspeak_2025.jpg\" alt=\"\" class=\"wp-image-13594\" srcset=\"https:\/\/www.ativ.pt\/wp-content\/uploads\/2025\/02\/infraspeak_2025.jpg 650w, https:\/\/www.ativ.pt\/wp-content\/uploads\/2025\/02\/infraspeak_2025-300x225.jpg 300w\" sizes=\"(max-width: 650px) 100vw, 650px\" \/><\/figure>\n\n\n\n<figure class=\"wp-block-image size-large\"><img decoding=\"async\" width=\"650\" height=\"487\" data-id=\"13599\" src=\"https:\/\/www.ativ.pt\/wp-content\/uploads\/2025\/02\/infraspeak_2025_2.jpg\" alt=\"\" class=\"wp-image-13599\" srcset=\"https:\/\/www.ativ.pt\/wp-content\/uploads\/2025\/02\/infraspeak_2025_2.jpg 650w, https:\/\/www.ativ.pt\/wp-content\/uploads\/2025\/02\/infraspeak_2025_2-300x225.jpg 300w\" sizes=\"(max-width: 650px) 100vw, 650px\" \/><\/figure>\n<\/figure>\n\n<p>Ax\u00e9e sur l&rsquo;efficacit\u00e9 op\u00e9rationnelle des entreprises et bas\u00e9e sur le volume d&rsquo;utilisation de la plateforme, cette distinction met en avant l&rsquo;engagement d&rsquo;ATIV envers l&rsquo;excellence et l&rsquo;impact positif que la technologie peut avoir sur le succ\u00e8s des op\u00e9rations de maintenance et la gestion des syst\u00e8mes critiques dans les grands b\u00e2timents et installations.<\/p>\n\n<p>\u00ab\u00a0C&rsquo;est d\u00e9j\u00e0 la quatri\u00e8me distinction, ce qui signifie que nous sommes sur la bonne voie, en faisant les choses correctement, et nous allons commencer \u00e0 travailler pour remporter le prix de 2025\u00a0\u00bb, a d\u00e9clar\u00e9 Susana Moreda, de la Gestion de la Maintenance et des B\u00e2timents de Mota-Engil ATIV, lors de la c\u00e9r\u00e9monie.<\/p>\n\n<figure class=\"wp-block-gallery has-nested-images columns-default is-cropped wp-block-gallery-2 is-layout-flex wp-block-gallery-is-layout-flex\">\n<figure class=\"wp-block-image size-large\"><img decoding=\"async\" width=\"650\" height=\"487\" data-id=\"13608\" src=\"https:\/\/www.ativ.pt\/wp-content\/uploads\/2025\/02\/infraspeak_2025_.jpg\" alt=\"\" class=\"wp-image-13608\" srcset=\"https:\/\/www.ativ.pt\/wp-content\/uploads\/2025\/02\/infraspeak_2025_.jpg 650w, https:\/\/www.ativ.pt\/wp-content\/uploads\/2025\/02\/infraspeak_2025_-300x225.jpg 300w\" sizes=\"(max-width: 650px) 100vw, 650px\" \/><\/figure>\n\n\n\n<figure class=\"wp-block-image size-large\"><img loading=\"lazy\" decoding=\"async\" width=\"650\" height=\"487\" data-id=\"13604\" src=\"https:\/\/www.ativ.pt\/wp-content\/uploads\/2025\/02\/infraspeak_2025_1.jpg\" alt=\"\" class=\"wp-image-13604\" srcset=\"https:\/\/www.ativ.pt\/wp-content\/uploads\/2025\/02\/infraspeak_2025_1.jpg 650w, https:\/\/www.ativ.pt\/wp-content\/uploads\/2025\/02\/infraspeak_2025_1-300x225.jpg 300w\" sizes=\"(max-width: 650px) 100vw, 650px\" \/><\/figure>\n<\/figure>\n\n<p>Ce prix r\u00e9affirme l&rsquo;engagement de Mota-Engil ATIV envers sa mission d&rsquo;assurer le fonctionnement efficace des b\u00e2timents et la gestion optimis\u00e9e de ses actifs.<\/p>\n\n<p><em>Les Infraspeak Awards<\/em> ont \u00e9t\u00e9 remis le 27 f\u00e9vrier au Centre de Congr\u00e8s d&rsquo;Estoril, lors de l&rsquo;un des \u00e9v\u00e9nements de r\u00e9f\u00e9rence en Facility Management au Portugal, l&rsquo;IFM Summit, o\u00f9 Mota-Engil ATIV \u00e9tait l&rsquo;un des exposants.<\/p>\n","protected":false},"excerpt":{"rendered":"<p>Ce prix r\u00e9affirme l&rsquo;engagement de Mota-Engil ATIV envers sa mission d&rsquo;assurer le fonctionnement efficace des b\u00e2timents et la gestion optimis\u00e9e de ses actifs.<\/p>\n","protected":false},"author":2,"featured_media":13616,"comment_status":"open","ping_status":"open","sticky":false,"template":"","format":"standard","meta":{"_acf_changed":false,"footnotes":""},"categories":[15],"tags":[],"class_list":["post-13629","post","type-post","status-publish","format-standard","has-post-thumbnail","hentry","category-articles"],"acf":[],"yoast_head":"<!-- This site is optimized with the Yoast SEO plugin v27.5 - https:\/\/yoast.com\/product\/yoast-seo-wordpress\/ -->\n<title>Mota-Engil ATIV vence Ouro para \u201cOpera\u00e7\u00e3o Mais Eficiente\u201d - Mota-Engil ATIV<\/title>\n<meta name=\"robots\" content=\"index, follow, max-snippet:-1, max-image-preview:large, max-video-preview:-1\" \/>\n<link rel=\"canonical\" href=\"https:\/\/www.ativ.pt\/fr\/2025\/02\/28\/mota-engil-ativ-vence-ouro-para-operacao-mais-eficiente\/\" \/>\n<meta property=\"og:locale\" content=\"fr_FR\" \/>\n<meta property=\"og:type\" content=\"article\" \/>\n<meta property=\"og:title\" content=\"Mota-Engil ATIV vence Ouro para \u201cOpera\u00e7\u00e3o Mais Eficiente\u201d - Mota-Engil ATIV\" \/>\n<meta property=\"og:description\" content=\"Ce prix r\u00e9affirme l&#039;engagement de Mota-Engil ATIV envers sa mission d&#039;assurer le fonctionnement efficace des b\u00e2timents et la gestion optimis\u00e9e de ses actifs.\" \/>\n<meta property=\"og:url\" content=\"https:\/\/www.ativ.pt\/fr\/2025\/02\/28\/mota-engil-ativ-vence-ouro-para-operacao-mais-eficiente\/\" \/>\n<meta property=\"og:site_name\" content=\"Mota-Engil ATIV\" \/>\n<meta property=\"article:publisher\" content=\"https:\/\/www.facebook.com\/MotaEngilATIV\/\" \/>\n<meta property=\"article:published_time\" content=\"2025-02-28T15:45:05+00:00\" \/>\n<meta property=\"article:modified_time\" content=\"2025-03-05T12:10:48+00:00\" \/>\n<meta property=\"og:image\" content=\"https:\/\/www.ativ.pt\/wp-content\/uploads\/2025\/02\/infraspeak_2025_destaque.jpg\" \/>\n\t<meta property=\"og:image:width\" content=\"1191\" \/>\n\t<meta property=\"og:image:height\" content=\"404\" \/>\n\t<meta property=\"og:image:type\" content=\"image\/jpeg\" \/>\n<meta name=\"author\" content=\"Susana Guerreiro\" \/>\n<meta name=\"twitter:card\" content=\"summary_large_image\" \/>\n<meta name=\"twitter:label1\" content=\"\u00c9crit par\" \/>\n\t<meta name=\"twitter:data1\" content=\"Susana Guerreiro\" \/>\n\t<meta name=\"twitter:label2\" content=\"Dur\u00e9e de lecture estim\u00e9e\" \/>\n\t<meta name=\"twitter:data2\" content=\"1 minute\" \/>\n<script type=\"application\/ld+json\" class=\"yoast-schema-graph\">{\"@context\":\"https:\\\/\\\/schema.org\",\"@graph\":[{\"@type\":\"Article\",\"@id\":\"https:\\\/\\\/www.ativ.pt\\\/fr\\\/2025\\\/02\\\/28\\\/mota-engil-ativ-vence-ouro-para-operacao-mais-eficiente\\\/#article\",\"isPartOf\":{\"@id\":\"https:\\\/\\\/www.ativ.pt\\\/fr\\\/2025\\\/02\\\/28\\\/mota-engil-ativ-vence-ouro-para-operacao-mais-eficiente\\\/\"},\"author\":{\"name\":\"Susana Guerreiro\",\"@id\":\"https:\\\/\\\/www.ativ.pt\\\/fr\\\/#\\\/schema\\\/person\\\/76cd49f91ef96b6902453415264f0c55\"},\"headline\":\"Mota-Engil ATIV vence Ouro para \u201cOpera\u00e7\u00e3o Mais Eficiente\u201d\",\"datePublished\":\"2025-02-28T15:45:05+00:00\",\"dateModified\":\"2025-03-05T12:10:48+00:00\",\"mainEntityOfPage\":{\"@id\":\"https:\\\/\\\/www.ativ.pt\\\/fr\\\/2025\\\/02\\\/28\\\/mota-engil-ativ-vence-ouro-para-operacao-mais-eficiente\\\/\"},\"wordCount\":247,\"commentCount\":0,\"publisher\":{\"@id\":\"https:\\\/\\\/www.ativ.pt\\\/fr\\\/#organization\"},\"image\":{\"@id\":\"https:\\\/\\\/www.ativ.pt\\\/fr\\\/2025\\\/02\\\/28\\\/mota-engil-ativ-vence-ouro-para-operacao-mais-eficiente\\\/#primaryimage\"},\"thumbnailUrl\":\"https:\\\/\\\/www.ativ.pt\\\/wp-content\\\/uploads\\\/2025\\\/02\\\/infraspeak_2025_destaque.jpg\",\"articleSection\":[\"Article\"],\"inLanguage\":\"fr-FR\",\"potentialAction\":[{\"@type\":\"CommentAction\",\"name\":\"Comment\",\"target\":[\"https:\\\/\\\/www.ativ.pt\\\/fr\\\/2025\\\/02\\\/28\\\/mota-engil-ativ-vence-ouro-para-operacao-mais-eficiente\\\/#respond\"]}]},{\"@type\":\"WebPage\",\"@id\":\"https:\\\/\\\/www.ativ.pt\\\/fr\\\/2025\\\/02\\\/28\\\/mota-engil-ativ-vence-ouro-para-operacao-mais-eficiente\\\/\",\"url\":\"https:\\\/\\\/www.ativ.pt\\\/fr\\\/2025\\\/02\\\/28\\\/mota-engil-ativ-vence-ouro-para-operacao-mais-eficiente\\\/\",\"name\":\"Mota-Engil ATIV vence Ouro para \u201cOpera\u00e7\u00e3o Mais Eficiente\u201d - Mota-Engil ATIV\",\"isPartOf\":{\"@id\":\"https:\\\/\\\/www.ativ.pt\\\/fr\\\/#website\"},\"primaryImageOfPage\":{\"@id\":\"https:\\\/\\\/www.ativ.pt\\\/fr\\\/2025\\\/02\\\/28\\\/mota-engil-ativ-vence-ouro-para-operacao-mais-eficiente\\\/#primaryimage\"},\"image\":{\"@id\":\"https:\\\/\\\/www.ativ.pt\\\/fr\\\/2025\\\/02\\\/28\\\/mota-engil-ativ-vence-ouro-para-operacao-mais-eficiente\\\/#primaryimage\"},\"thumbnailUrl\":\"https:\\\/\\\/www.ativ.pt\\\/wp-content\\\/uploads\\\/2025\\\/02\\\/infraspeak_2025_destaque.jpg\",\"datePublished\":\"2025-02-28T15:45:05+00:00\",\"dateModified\":\"2025-03-05T12:10:48+00:00\",\"breadcrumb\":{\"@id\":\"https:\\\/\\\/www.ativ.pt\\\/fr\\\/2025\\\/02\\\/28\\\/mota-engil-ativ-vence-ouro-para-operacao-mais-eficiente\\\/#breadcrumb\"},\"inLanguage\":\"fr-FR\",\"potentialAction\":[{\"@type\":\"ReadAction\",\"target\":[\"https:\\\/\\\/www.ativ.pt\\\/fr\\\/2025\\\/02\\\/28\\\/mota-engil-ativ-vence-ouro-para-operacao-mais-eficiente\\\/\"]}]},{\"@type\":\"ImageObject\",\"inLanguage\":\"fr-FR\",\"@id\":\"https:\\\/\\\/www.ativ.pt\\\/fr\\\/2025\\\/02\\\/28\\\/mota-engil-ativ-vence-ouro-para-operacao-mais-eficiente\\\/#primaryimage\",\"url\":\"https:\\\/\\\/www.ativ.pt\\\/wp-content\\\/uploads\\\/2025\\\/02\\\/infraspeak_2025_destaque.jpg\",\"contentUrl\":\"https:\\\/\\\/www.ativ.pt\\\/wp-content\\\/uploads\\\/2025\\\/02\\\/infraspeak_2025_destaque.jpg\",\"width\":1191,\"height\":404},{\"@type\":\"BreadcrumbList\",\"@id\":\"https:\\\/\\\/www.ativ.pt\\\/fr\\\/2025\\\/02\\\/28\\\/mota-engil-ativ-vence-ouro-para-operacao-mais-eficiente\\\/#breadcrumb\",\"itemListElement\":[{\"@type\":\"ListItem\",\"position\":1,\"name\":\"In\u00edcio\",\"item\":\"https:\\\/\\\/www.ativ.pt\\\/fr\\\/\"},{\"@type\":\"ListItem\",\"position\":2,\"name\":\"Mota-Engil ATIV vence Ouro para \u201cOpera\u00e7\u00e3o Mais Eficiente\u201d\"}]},{\"@type\":\"WebSite\",\"@id\":\"https:\\\/\\\/www.ativ.pt\\\/fr\\\/#website\",\"url\":\"https:\\\/\\\/www.ativ.pt\\\/fr\\\/\",\"name\":\"Mota-Engil ATIV\",\"description\":\"Gest\u00e3o e Manuten\u00e7\u00e3o de Ativos\",\"publisher\":{\"@id\":\"https:\\\/\\\/www.ativ.pt\\\/fr\\\/#organization\"},\"potentialAction\":[{\"@type\":\"SearchAction\",\"target\":{\"@type\":\"EntryPoint\",\"urlTemplate\":\"https:\\\/\\\/www.ativ.pt\\\/fr\\\/?s={search_term_string}\"},\"query-input\":{\"@type\":\"PropertyValueSpecification\",\"valueRequired\":true,\"valueName\":\"search_term_string\"}}],\"inLanguage\":\"fr-FR\"},{\"@type\":\"Organization\",\"@id\":\"https:\\\/\\\/www.ativ.pt\\\/fr\\\/#organization\",\"name\":\"Mota-Engil ATIV\",\"url\":\"https:\\\/\\\/www.ativ.pt\\\/fr\\\/\",\"logo\":{\"@type\":\"ImageObject\",\"inLanguage\":\"fr-FR\",\"@id\":\"https:\\\/\\\/www.ativ.pt\\\/fr\\\/#\\\/schema\\\/logo\\\/image\\\/\",\"url\":\"https:\\\/\\\/www.ativ.pt\\\/wp-content\\\/uploads\\\/2022\\\/04\\\/logo-ativ-cor-1.svg\",\"contentUrl\":\"https:\\\/\\\/www.ativ.pt\\\/wp-content\\\/uploads\\\/2022\\\/04\\\/logo-ativ-cor-1.svg\",\"width\":250,\"height\":100,\"caption\":\"Mota-Engil ATIV\"},\"image\":{\"@id\":\"https:\\\/\\\/www.ativ.pt\\\/fr\\\/#\\\/schema\\\/logo\\\/image\\\/\"},\"sameAs\":[\"https:\\\/\\\/www.facebook.com\\\/MotaEngilATIV\\\/\",\"https:\\\/\\\/www.instagram.com\\\/mota_engil_ativ\\\/\",\"https:\\\/\\\/www.linkedin.com\\\/company\\\/motaengil-ativ\"]},{\"@type\":\"Person\",\"@id\":\"https:\\\/\\\/www.ativ.pt\\\/fr\\\/#\\\/schema\\\/person\\\/76cd49f91ef96b6902453415264f0c55\",\"name\":\"Susana Guerreiro\"}]}<\/script>\n<!-- \/ Yoast SEO plugin. -->","yoast_head_json":{"title":"Mota-Engil ATIV vence Ouro para \u201cOpera\u00e7\u00e3o Mais Eficiente\u201d - Mota-Engil ATIV","robots":{"index":"index","follow":"follow","max-snippet":"max-snippet:-1","max-image-preview":"max-image-preview:large","max-video-preview":"max-video-preview:-1"},"canonical":"https:\/\/www.ativ.pt\/fr\/2025\/02\/28\/mota-engil-ativ-vence-ouro-para-operacao-mais-eficiente\/","og_locale":"fr_FR","og_type":"article","og_title":"Mota-Engil ATIV vence Ouro para \u201cOpera\u00e7\u00e3o Mais Eficiente\u201d - Mota-Engil ATIV","og_description":"Ce prix r\u00e9affirme l'engagement de Mota-Engil ATIV envers sa mission d'assurer le fonctionnement efficace des b\u00e2timents et la gestion optimis\u00e9e de ses actifs.","og_url":"https:\/\/www.ativ.pt\/fr\/2025\/02\/28\/mota-engil-ativ-vence-ouro-para-operacao-mais-eficiente\/","og_site_name":"Mota-Engil ATIV","article_publisher":"https:\/\/www.facebook.com\/MotaEngilATIV\/","article_published_time":"2025-02-28T15:45:05+00:00","article_modified_time":"2025-03-05T12:10:48+00:00","og_image":[{"width":1191,"height":404,"url":"https:\/\/www.ativ.pt\/wp-content\/uploads\/2025\/02\/infraspeak_2025_destaque.jpg","type":"image\/jpeg"}],"author":"Susana Guerreiro","twitter_card":"summary_large_image","twitter_misc":{"\u00c9crit par":"Susana Guerreiro","Dur\u00e9e de lecture estim\u00e9e":"1 minute"},"schema":{"@context":"https:\/\/schema.org","@graph":[{"@type":"Article","@id":"https:\/\/www.ativ.pt\/fr\/2025\/02\/28\/mota-engil-ativ-vence-ouro-para-operacao-mais-eficiente\/#article","isPartOf":{"@id":"https:\/\/www.ativ.pt\/fr\/2025\/02\/28\/mota-engil-ativ-vence-ouro-para-operacao-mais-eficiente\/"},"author":{"name":"Susana Guerreiro","@id":"https:\/\/www.ativ.pt\/fr\/#\/schema\/person\/76cd49f91ef96b6902453415264f0c55"},"headline":"Mota-Engil ATIV vence Ouro para \u201cOpera\u00e7\u00e3o Mais Eficiente\u201d","datePublished":"2025-02-28T15:45:05+00:00","dateModified":"2025-03-05T12:10:48+00:00","mainEntityOfPage":{"@id":"https:\/\/www.ativ.pt\/fr\/2025\/02\/28\/mota-engil-ativ-vence-ouro-para-operacao-mais-eficiente\/"},"wordCount":247,"commentCount":0,"publisher":{"@id":"https:\/\/www.ativ.pt\/fr\/#organization"},"image":{"@id":"https:\/\/www.ativ.pt\/fr\/2025\/02\/28\/mota-engil-ativ-vence-ouro-para-operacao-mais-eficiente\/#primaryimage"},"thumbnailUrl":"https:\/\/www.ativ.pt\/wp-content\/uploads\/2025\/02\/infraspeak_2025_destaque.jpg","articleSection":["Article"],"inLanguage":"fr-FR","potentialAction":[{"@type":"CommentAction","name":"Comment","target":["https:\/\/www.ativ.pt\/fr\/2025\/02\/28\/mota-engil-ativ-vence-ouro-para-operacao-mais-eficiente\/#respond"]}]},{"@type":"WebPage","@id":"https:\/\/www.ativ.pt\/fr\/2025\/02\/28\/mota-engil-ativ-vence-ouro-para-operacao-mais-eficiente\/","url":"https:\/\/www.ativ.pt\/fr\/2025\/02\/28\/mota-engil-ativ-vence-ouro-para-operacao-mais-eficiente\/","name":"Mota-Engil ATIV vence Ouro para \u201cOpera\u00e7\u00e3o Mais Eficiente\u201d - Mota-Engil ATIV","isPartOf":{"@id":"https:\/\/www.ativ.pt\/fr\/#website"},"primaryImageOfPage":{"@id":"https:\/\/www.ativ.pt\/fr\/2025\/02\/28\/mota-engil-ativ-vence-ouro-para-operacao-mais-eficiente\/#primaryimage"},"image":{"@id":"https:\/\/www.ativ.pt\/fr\/2025\/02\/28\/mota-engil-ativ-vence-ouro-para-operacao-mais-eficiente\/#primaryimage"},"thumbnailUrl":"https:\/\/www.ativ.pt\/wp-content\/uploads\/2025\/02\/infraspeak_2025_destaque.jpg","datePublished":"2025-02-28T15:45:05+00:00","dateModified":"2025-03-05T12:10:48+00:00","breadcrumb":{"@id":"https:\/\/www.ativ.pt\/fr\/2025\/02\/28\/mota-engil-ativ-vence-ouro-para-operacao-mais-eficiente\/#breadcrumb"},"inLanguage":"fr-FR","potentialAction":[{"@type":"ReadAction","target":["https:\/\/www.ativ.pt\/fr\/2025\/02\/28\/mota-engil-ativ-vence-ouro-para-operacao-mais-eficiente\/"]}]},{"@type":"ImageObject","inLanguage":"fr-FR","@id":"https:\/\/www.ativ.pt\/fr\/2025\/02\/28\/mota-engil-ativ-vence-ouro-para-operacao-mais-eficiente\/#primaryimage","url":"https:\/\/www.ativ.pt\/wp-content\/uploads\/2025\/02\/infraspeak_2025_destaque.jpg","contentUrl":"https:\/\/www.ativ.pt\/wp-content\/uploads\/2025\/02\/infraspeak_2025_destaque.jpg","width":1191,"height":404},{"@type":"BreadcrumbList","@id":"https:\/\/www.ativ.pt\/fr\/2025\/02\/28\/mota-engil-ativ-vence-ouro-para-operacao-mais-eficiente\/#breadcrumb","itemListElement":[{"@type":"ListItem","position":1,"name":"In\u00edcio","item":"https:\/\/www.ativ.pt\/fr\/"},{"@type":"ListItem","position":2,"name":"Mota-Engil ATIV vence Ouro para \u201cOpera\u00e7\u00e3o Mais Eficiente\u201d"}]},{"@type":"WebSite","@id":"https:\/\/www.ativ.pt\/fr\/#website","url":"https:\/\/www.ativ.pt\/fr\/","name":"Mota-Engil ATIV","description":"Gest\u00e3o e Manuten\u00e7\u00e3o de Ativos","publisher":{"@id":"https:\/\/www.ativ.pt\/fr\/#organization"},"potentialAction":[{"@type":"SearchAction","target":{"@type":"EntryPoint","urlTemplate":"https:\/\/www.ativ.pt\/fr\/?s={search_term_string}"},"query-input":{"@type":"PropertyValueSpecification","valueRequired":true,"valueName":"search_term_string"}}],"inLanguage":"fr-FR"},{"@type":"Organization","@id":"https:\/\/www.ativ.pt\/fr\/#organization","name":"Mota-Engil ATIV","url":"https:\/\/www.ativ.pt\/fr\/","logo":{"@type":"ImageObject","inLanguage":"fr-FR","@id":"https:\/\/www.ativ.pt\/fr\/#\/schema\/logo\/image\/","url":"https:\/\/www.ativ.pt\/wp-content\/uploads\/2022\/04\/logo-ativ-cor-1.svg","contentUrl":"https:\/\/www.ativ.pt\/wp-content\/uploads\/2022\/04\/logo-ativ-cor-1.svg","width":250,"height":100,"caption":"Mota-Engil ATIV"},"image":{"@id":"https:\/\/www.ativ.pt\/fr\/#\/schema\/logo\/image\/"},"sameAs":["https:\/\/www.facebook.com\/MotaEngilATIV\/","https:\/\/www.instagram.com\/mota_engil_ativ\/","https:\/\/www.linkedin.com\/company\/motaengil-ativ"]},{"@type":"Person","@id":"https:\/\/www.ativ.pt\/fr\/#\/schema\/person\/76cd49f91ef96b6902453415264f0c55","name":"Susana Guerreiro"}]}},"_links":{"self":[{"href":"https:\/\/www.ativ.pt\/fr\/wp-json\/wp\/v2\/posts\/13629","targetHints":{"allow":["GET"]}}],"collection":[{"href":"https:\/\/www.ativ.pt\/fr\/wp-json\/wp\/v2\/posts"}],"about":[{"href":"https:\/\/www.ativ.pt\/fr\/wp-json\/wp\/v2\/types\/post"}],"author":[{"embeddable":true,"href":"https:\/\/www.ativ.pt\/fr\/wp-json\/wp\/v2\/users\/2"}],"replies":[{"embeddable":true,"href":"https:\/\/www.ativ.pt\/fr\/wp-json\/wp\/v2\/comments?post=13629"}],"version-history":[{"count":1,"href":"https:\/\/www.ativ.pt\/fr\/wp-json\/wp\/v2\/posts\/13629\/revisions"}],"predecessor-version":[{"id":13630,"href":"https:\/\/www.ativ.pt\/fr\/wp-json\/wp\/v2\/posts\/13629\/revisions\/13630"}],"wp:featuredmedia":[{"embeddable":true,"href":"https:\/\/www.ativ.pt\/fr\/wp-json\/wp\/v2\/media\/13616"}],"wp:attachment":[{"href":"https:\/\/www.ativ.pt\/fr\/wp-json\/wp\/v2\/media?parent=13629"}],"wp:term":[{"taxonomy":"category","embeddable":true,"href":"https:\/\/www.ativ.pt\/fr\/wp-json\/wp\/v2\/categories?post=13629"},{"taxonomy":"post_tag","embeddable":true,"href":"https:\/\/www.ativ.pt\/fr\/wp-json\/wp\/v2\/tags?post=13629"}],"curies":[{"name":"wp","href":"https:\/\/api.w.org\/{rel}","templated":true}]}}