{"id":13033,"date":"2024-10-09T07:36:41","date_gmt":"2024-10-09T07:36:41","guid":{"rendered":"https:\/\/www.ativ.pt\/2024\/10\/09\/ativ-participe-au-sommet-international-sur-lefficacite-hydrique\/"},"modified":"2024-12-13T17:17:54","modified_gmt":"2024-12-13T17:17:54","slug":"ativ-participe-au-sommet-international-sur-lefficacite-hydrique","status":"publish","type":"post","link":"https:\/\/www.ativ.pt\/fr\/2024\/10\/09\/ativ-participe-au-sommet-international-sur-lefficacite-hydrique\/","title":{"rendered":"ATIV participe au Sommet International sur l&rsquo;Efficacit\u00e9 Hydrique"},"content":{"rendered":"\n<p>Les changements climatiques, la croissance d\u00e9mographique, entre autres facteurs, conduisent \u00e0 une p\u00e9nurie d&rsquo;eau dans de nombreuses r\u00e9gions, avec des impacts d\u00e9vastateurs sur l&rsquo;environnement, l&rsquo;agriculture, la sant\u00e9 publique et l&rsquo;\u00e9conomie. <\/p>\n\n<p>Les principaux th\u00e8mes se sont concentr\u00e9s sur la promotion de l&rsquo;efficacit\u00e9 hydrique dans l&rsquo;agriculture, l&rsquo;industrie et les services, la mise en \u0153uvre de technologies innovantes pour la gestion de l&rsquo;eau, y compris le dessalement, la r\u00e9utilisation des eaux us\u00e9es et l&rsquo;agriculture intelligente, la coop\u00e9ration transfrontali\u00e8re, ainsi que sur la garantie d&rsquo;un acc\u00e8s \u00e9quitable et durable \u00e0 l&rsquo;eau pour tous.<\/p>\n\n<figure class=\"wp-block-gallery has-nested-images columns-default is-cropped wp-block-gallery-1 is-layout-flex wp-block-gallery-is-layout-flex\">\n<figure class=\"wp-block-image size-large\"><img fetchpriority=\"high\" decoding=\"async\" width=\"650\" height=\"365\" data-id=\"12149\" src=\"https:\/\/www.ativ.pt\/wp-content\/uploads\/2024\/10\/Cimeira-eficiencia-hidrica_.jpg\" alt=\"\" class=\"wp-image-12149\" srcset=\"https:\/\/www.ativ.pt\/wp-content\/uploads\/2024\/10\/Cimeira-eficiencia-hidrica_.jpg 650w, https:\/\/www.ativ.pt\/wp-content\/uploads\/2024\/10\/Cimeira-eficiencia-hidrica_-300x168.jpg 300w\" sizes=\"(max-width: 650px) 100vw, 650px\" \/><\/figure>\n\n\n\n<figure class=\"wp-block-image size-large\"><img decoding=\"async\" width=\"650\" height=\"365\" data-id=\"12150\" src=\"https:\/\/www.ativ.pt\/wp-content\/uploads\/2024\/10\/Cimeira-eficiencia-hidrica_1.jpg\" alt=\"\" class=\"wp-image-12150\" srcset=\"https:\/\/www.ativ.pt\/wp-content\/uploads\/2024\/10\/Cimeira-eficiencia-hidrica_1.jpg 650w, https:\/\/www.ativ.pt\/wp-content\/uploads\/2024\/10\/Cimeira-eficiencia-hidrica_1-300x168.jpg 300w\" sizes=\"(max-width: 650px) 100vw, 650px\" \/><\/figure>\n<\/figure>\n\n<p>Chez Mota-Engil ATIV, l&rsquo;Efficacit\u00e9 Hydrique est l&rsquo;un des piliers de la Durabilit\u00e9, renfor\u00e7ant quotidiennement la sensibilisation et contribuant avec des solutions, des technologies et des pratiques visant \u00e0 r\u00e9duire la consommation d&rsquo;eau dans ses op\u00e9rations et projets de construction.<\/p>\n\n<p>Un exemple de ces pratiques est l&rsquo;utilisation de la technologie innovante DRYJECT + SAP, qui s&rsquo;est av\u00e9r\u00e9e \u00eatre un outil tr\u00e8s efficace dans la r\u00e9duction de l&#8217;empreinte hydrique associ\u00e9e \u00e0 l&rsquo;entretien de divers espaces verts, permettant des \u00e9conomies pouvant d\u00e9passer 50 %.<\/p>\n\n<p><br\/>Des syst\u00e8mes de d\u00e9tection de fuites d&rsquo;eau sont \u00e9galement utilis\u00e9s, ainsi que des op\u00e9rations appropri\u00e9es dans les stations de traitement des eaux us\u00e9es, des solutions de r\u00e9utilisation des eaux us\u00e9es produites dans les chantiers pour l&rsquo;irrigation et le nettoyage, la r\u00e9cup\u00e9ration des eaux de pluie, l&rsquo;installation de dispositifs d&rsquo;\u00e9conomie d&rsquo;eau dans les bureaux d&rsquo;ATIV, et l&rsquo;incitation aux changements dans les habitudes de consommation.<\/p>\n","protected":false},"excerpt":{"rendered":"<p>L&rsquo;\u00e9v\u00e9nement, consid\u00e9r\u00e9 comme unique, a \u00e9t\u00e9 organis\u00e9 par le Conseil National de l&rsquo;Ordre des Ing\u00e9nieurs et a rassembl\u00e9 des experts, des leaders et des d\u00e9cideurs mondiaux autour des d\u00e9fis urgents de la gestion de l&rsquo;eau, visant \u00e0 identifier des solutions innovantes pour un avenir durable.<\/p>\n","protected":false},"author":2,"featured_media":12561,"comment_status":"open","ping_status":"open","sticky":false,"template":"","format":"standard","meta":{"_acf_changed":false,"footnotes":""},"categories":[15],"tags":[],"class_list":["post-13033","post","type-post","status-publish","format-standard","has-post-thumbnail","hentry","category-articles"],"acf":[],"yoast_head":"<!-- This site is optimized with the Yoast SEO plugin v27.5 - https:\/\/yoast.com\/product\/yoast-seo-wordpress\/ -->\n<title>ATIV participe au Sommet International sur l&#039;Efficacit\u00e9 Hydrique - Mota-Engil ATIV<\/title>\n<meta name=\"robots\" content=\"index, follow, max-snippet:-1, max-image-preview:large, max-video-preview:-1\" \/>\n<link rel=\"canonical\" href=\"https:\/\/www.ativ.pt\/fr\/2024\/10\/09\/ativ-participe-au-sommet-international-sur-lefficacite-hydrique\/\" \/>\n<meta property=\"og:locale\" content=\"fr_FR\" \/>\n<meta property=\"og:type\" content=\"article\" \/>\n<meta property=\"og:title\" content=\"ATIV participe au Sommet International sur l&#039;Efficacit\u00e9 Hydrique - Mota-Engil ATIV\" \/>\n<meta property=\"og:description\" content=\"L&#039;\u00e9v\u00e9nement, consid\u00e9r\u00e9 comme unique, a \u00e9t\u00e9 organis\u00e9 par le Conseil National de l&#039;Ordre des Ing\u00e9nieurs et a rassembl\u00e9 des experts, des leaders et des d\u00e9cideurs mondiaux autour des d\u00e9fis urgents de la gestion de l&#039;eau, visant \u00e0 identifier des solutions innovantes pour un avenir durable.\" \/>\n<meta property=\"og:url\" content=\"https:\/\/www.ativ.pt\/fr\/2024\/10\/09\/ativ-participe-au-sommet-international-sur-lefficacite-hydrique\/\" \/>\n<meta property=\"og:site_name\" content=\"Mota-Engil ATIV\" \/>\n<meta property=\"article:publisher\" content=\"https:\/\/www.facebook.com\/MotaEngilATIV\/\" \/>\n<meta property=\"article:published_time\" content=\"2024-10-09T07:36:41+00:00\" \/>\n<meta property=\"article:modified_time\" content=\"2024-12-13T17:17:54+00:00\" \/>\n<meta property=\"og:image\" content=\"https:\/\/www.ativ.pt\/wp-content\/uploads\/2024\/10\/eficieynciahidrica_1920x1080px_16285237166d8a91f911cb-1.png\" \/>\n\t<meta property=\"og:image:width\" content=\"701\" \/>\n\t<meta property=\"og:image:height\" content=\"413\" \/>\n\t<meta property=\"og:image:type\" content=\"image\/png\" \/>\n<meta name=\"author\" content=\"Susana Guerreiro\" \/>\n<meta name=\"twitter:card\" content=\"summary_large_image\" \/>\n<meta name=\"twitter:label1\" content=\"\u00c9crit par\" \/>\n\t<meta name=\"twitter:data1\" content=\"Susana Guerreiro\" \/>\n\t<meta name=\"twitter:label2\" content=\"Dur\u00e9e de lecture estim\u00e9e\" \/>\n\t<meta name=\"twitter:data2\" content=\"1 minute\" \/>\n<script type=\"application\/ld+json\" class=\"yoast-schema-graph\">{\"@context\":\"https:\\\/\\\/schema.org\",\"@graph\":[{\"@type\":\"Article\",\"@id\":\"https:\\\/\\\/www.ativ.pt\\\/fr\\\/2024\\\/10\\\/09\\\/ativ-participe-au-sommet-international-sur-lefficacite-hydrique\\\/#article\",\"isPartOf\":{\"@id\":\"https:\\\/\\\/www.ativ.pt\\\/fr\\\/2024\\\/10\\\/09\\\/ativ-participe-au-sommet-international-sur-lefficacite-hydrique\\\/\"},\"author\":{\"name\":\"Susana Guerreiro\",\"@id\":\"https:\\\/\\\/www.ativ.pt\\\/fr\\\/#\\\/schema\\\/person\\\/76cd49f91ef96b6902453415264f0c55\"},\"headline\":\"ATIV participe au Sommet International sur l&rsquo;Efficacit\u00e9 Hydrique\",\"datePublished\":\"2024-10-09T07:36:41+00:00\",\"dateModified\":\"2024-12-13T17:17:54+00:00\",\"mainEntityOfPage\":{\"@id\":\"https:\\\/\\\/www.ativ.pt\\\/fr\\\/2024\\\/10\\\/09\\\/ativ-participe-au-sommet-international-sur-lefficacite-hydrique\\\/\"},\"wordCount\":290,\"commentCount\":0,\"publisher\":{\"@id\":\"https:\\\/\\\/www.ativ.pt\\\/fr\\\/#organization\"},\"image\":{\"@id\":\"https:\\\/\\\/www.ativ.pt\\\/fr\\\/2024\\\/10\\\/09\\\/ativ-participe-au-sommet-international-sur-lefficacite-hydrique\\\/#primaryimage\"},\"thumbnailUrl\":\"https:\\\/\\\/www.ativ.pt\\\/wp-content\\\/uploads\\\/2024\\\/10\\\/eficieynciahidrica_1920x1080px_16285237166d8a91f911cb-1.png\",\"articleSection\":[\"Article\"],\"inLanguage\":\"fr-FR\",\"potentialAction\":[{\"@type\":\"CommentAction\",\"name\":\"Comment\",\"target\":[\"https:\\\/\\\/www.ativ.pt\\\/fr\\\/2024\\\/10\\\/09\\\/ativ-participe-au-sommet-international-sur-lefficacite-hydrique\\\/#respond\"]}]},{\"@type\":\"WebPage\",\"@id\":\"https:\\\/\\\/www.ativ.pt\\\/fr\\\/2024\\\/10\\\/09\\\/ativ-participe-au-sommet-international-sur-lefficacite-hydrique\\\/\",\"url\":\"https:\\\/\\\/www.ativ.pt\\\/fr\\\/2024\\\/10\\\/09\\\/ativ-participe-au-sommet-international-sur-lefficacite-hydrique\\\/\",\"name\":\"ATIV participe au Sommet International sur l'Efficacit\u00e9 Hydrique - Mota-Engil ATIV\",\"isPartOf\":{\"@id\":\"https:\\\/\\\/www.ativ.pt\\\/fr\\\/#website\"},\"primaryImageOfPage\":{\"@id\":\"https:\\\/\\\/www.ativ.pt\\\/fr\\\/2024\\\/10\\\/09\\\/ativ-participe-au-sommet-international-sur-lefficacite-hydrique\\\/#primaryimage\"},\"image\":{\"@id\":\"https:\\\/\\\/www.ativ.pt\\\/fr\\\/2024\\\/10\\\/09\\\/ativ-participe-au-sommet-international-sur-lefficacite-hydrique\\\/#primaryimage\"},\"thumbnailUrl\":\"https:\\\/\\\/www.ativ.pt\\\/wp-content\\\/uploads\\\/2024\\\/10\\\/eficieynciahidrica_1920x1080px_16285237166d8a91f911cb-1.png\",\"datePublished\":\"2024-10-09T07:36:41+00:00\",\"dateModified\":\"2024-12-13T17:17:54+00:00\",\"breadcrumb\":{\"@id\":\"https:\\\/\\\/www.ativ.pt\\\/fr\\\/2024\\\/10\\\/09\\\/ativ-participe-au-sommet-international-sur-lefficacite-hydrique\\\/#breadcrumb\"},\"inLanguage\":\"fr-FR\",\"potentialAction\":[{\"@type\":\"ReadAction\",\"target\":[\"https:\\\/\\\/www.ativ.pt\\\/fr\\\/2024\\\/10\\\/09\\\/ativ-participe-au-sommet-international-sur-lefficacite-hydrique\\\/\"]}]},{\"@type\":\"ImageObject\",\"inLanguage\":\"fr-FR\",\"@id\":\"https:\\\/\\\/www.ativ.pt\\\/fr\\\/2024\\\/10\\\/09\\\/ativ-participe-au-sommet-international-sur-lefficacite-hydrique\\\/#primaryimage\",\"url\":\"https:\\\/\\\/www.ativ.pt\\\/wp-content\\\/uploads\\\/2024\\\/10\\\/eficieynciahidrica_1920x1080px_16285237166d8a91f911cb-1.png\",\"contentUrl\":\"https:\\\/\\\/www.ativ.pt\\\/wp-content\\\/uploads\\\/2024\\\/10\\\/eficieynciahidrica_1920x1080px_16285237166d8a91f911cb-1.png\",\"width\":701,\"height\":413},{\"@type\":\"BreadcrumbList\",\"@id\":\"https:\\\/\\\/www.ativ.pt\\\/fr\\\/2024\\\/10\\\/09\\\/ativ-participe-au-sommet-international-sur-lefficacite-hydrique\\\/#breadcrumb\",\"itemListElement\":[{\"@type\":\"ListItem\",\"position\":1,\"name\":\"In\u00edcio\",\"item\":\"https:\\\/\\\/www.ativ.pt\\\/fr\\\/\"},{\"@type\":\"ListItem\",\"position\":2,\"name\":\"ATIV participe au Sommet International sur l&rsquo;Efficacit\u00e9 Hydrique\"}]},{\"@type\":\"WebSite\",\"@id\":\"https:\\\/\\\/www.ativ.pt\\\/fr\\\/#website\",\"url\":\"https:\\\/\\\/www.ativ.pt\\\/fr\\\/\",\"name\":\"Mota-Engil ATIV\",\"description\":\"Gest\u00e3o e Manuten\u00e7\u00e3o de Ativos\",\"publisher\":{\"@id\":\"https:\\\/\\\/www.ativ.pt\\\/fr\\\/#organization\"},\"potentialAction\":[{\"@type\":\"SearchAction\",\"target\":{\"@type\":\"EntryPoint\",\"urlTemplate\":\"https:\\\/\\\/www.ativ.pt\\\/fr\\\/?s={search_term_string}\"},\"query-input\":{\"@type\":\"PropertyValueSpecification\",\"valueRequired\":true,\"valueName\":\"search_term_string\"}}],\"inLanguage\":\"fr-FR\"},{\"@type\":\"Organization\",\"@id\":\"https:\\\/\\\/www.ativ.pt\\\/fr\\\/#organization\",\"name\":\"Mota-Engil ATIV\",\"url\":\"https:\\\/\\\/www.ativ.pt\\\/fr\\\/\",\"logo\":{\"@type\":\"ImageObject\",\"inLanguage\":\"fr-FR\",\"@id\":\"https:\\\/\\\/www.ativ.pt\\\/fr\\\/#\\\/schema\\\/logo\\\/image\\\/\",\"url\":\"https:\\\/\\\/www.ativ.pt\\\/wp-content\\\/uploads\\\/2022\\\/04\\\/logo-ativ-cor-1.svg\",\"contentUrl\":\"https:\\\/\\\/www.ativ.pt\\\/wp-content\\\/uploads\\\/2022\\\/04\\\/logo-ativ-cor-1.svg\",\"width\":250,\"height\":100,\"caption\":\"Mota-Engil ATIV\"},\"image\":{\"@id\":\"https:\\\/\\\/www.ativ.pt\\\/fr\\\/#\\\/schema\\\/logo\\\/image\\\/\"},\"sameAs\":[\"https:\\\/\\\/www.facebook.com\\\/MotaEngilATIV\\\/\",\"https:\\\/\\\/www.instagram.com\\\/mota_engil_ativ\\\/\",\"https:\\\/\\\/www.linkedin.com\\\/company\\\/motaengil-ativ\"]},{\"@type\":\"Person\",\"@id\":\"https:\\\/\\\/www.ativ.pt\\\/fr\\\/#\\\/schema\\\/person\\\/76cd49f91ef96b6902453415264f0c55\",\"name\":\"Susana Guerreiro\"}]}<\/script>\n<!-- \/ Yoast SEO plugin. -->","yoast_head_json":{"title":"ATIV participe au Sommet International sur l'Efficacit\u00e9 Hydrique - Mota-Engil ATIV","robots":{"index":"index","follow":"follow","max-snippet":"max-snippet:-1","max-image-preview":"max-image-preview:large","max-video-preview":"max-video-preview:-1"},"canonical":"https:\/\/www.ativ.pt\/fr\/2024\/10\/09\/ativ-participe-au-sommet-international-sur-lefficacite-hydrique\/","og_locale":"fr_FR","og_type":"article","og_title":"ATIV participe au Sommet International sur l'Efficacit\u00e9 Hydrique - Mota-Engil ATIV","og_description":"L'\u00e9v\u00e9nement, consid\u00e9r\u00e9 comme unique, a \u00e9t\u00e9 organis\u00e9 par le Conseil National de l'Ordre des Ing\u00e9nieurs et a rassembl\u00e9 des experts, des leaders et des d\u00e9cideurs mondiaux autour des d\u00e9fis urgents de la gestion de l'eau, visant \u00e0 identifier des solutions innovantes pour un avenir durable.","og_url":"https:\/\/www.ativ.pt\/fr\/2024\/10\/09\/ativ-participe-au-sommet-international-sur-lefficacite-hydrique\/","og_site_name":"Mota-Engil ATIV","article_publisher":"https:\/\/www.facebook.com\/MotaEngilATIV\/","article_published_time":"2024-10-09T07:36:41+00:00","article_modified_time":"2024-12-13T17:17:54+00:00","og_image":[{"width":701,"height":413,"url":"https:\/\/www.ativ.pt\/wp-content\/uploads\/2024\/10\/eficieynciahidrica_1920x1080px_16285237166d8a91f911cb-1.png","type":"image\/png"}],"author":"Susana Guerreiro","twitter_card":"summary_large_image","twitter_misc":{"\u00c9crit par":"Susana Guerreiro","Dur\u00e9e de lecture estim\u00e9e":"1 minute"},"schema":{"@context":"https:\/\/schema.org","@graph":[{"@type":"Article","@id":"https:\/\/www.ativ.pt\/fr\/2024\/10\/09\/ativ-participe-au-sommet-international-sur-lefficacite-hydrique\/#article","isPartOf":{"@id":"https:\/\/www.ativ.pt\/fr\/2024\/10\/09\/ativ-participe-au-sommet-international-sur-lefficacite-hydrique\/"},"author":{"name":"Susana Guerreiro","@id":"https:\/\/www.ativ.pt\/fr\/#\/schema\/person\/76cd49f91ef96b6902453415264f0c55"},"headline":"ATIV participe au Sommet International sur l&rsquo;Efficacit\u00e9 Hydrique","datePublished":"2024-10-09T07:36:41+00:00","dateModified":"2024-12-13T17:17:54+00:00","mainEntityOfPage":{"@id":"https:\/\/www.ativ.pt\/fr\/2024\/10\/09\/ativ-participe-au-sommet-international-sur-lefficacite-hydrique\/"},"wordCount":290,"commentCount":0,"publisher":{"@id":"https:\/\/www.ativ.pt\/fr\/#organization"},"image":{"@id":"https:\/\/www.ativ.pt\/fr\/2024\/10\/09\/ativ-participe-au-sommet-international-sur-lefficacite-hydrique\/#primaryimage"},"thumbnailUrl":"https:\/\/www.ativ.pt\/wp-content\/uploads\/2024\/10\/eficieynciahidrica_1920x1080px_16285237166d8a91f911cb-1.png","articleSection":["Article"],"inLanguage":"fr-FR","potentialAction":[{"@type":"CommentAction","name":"Comment","target":["https:\/\/www.ativ.pt\/fr\/2024\/10\/09\/ativ-participe-au-sommet-international-sur-lefficacite-hydrique\/#respond"]}]},{"@type":"WebPage","@id":"https:\/\/www.ativ.pt\/fr\/2024\/10\/09\/ativ-participe-au-sommet-international-sur-lefficacite-hydrique\/","url":"https:\/\/www.ativ.pt\/fr\/2024\/10\/09\/ativ-participe-au-sommet-international-sur-lefficacite-hydrique\/","name":"ATIV participe au Sommet International sur l'Efficacit\u00e9 Hydrique - Mota-Engil ATIV","isPartOf":{"@id":"https:\/\/www.ativ.pt\/fr\/#website"},"primaryImageOfPage":{"@id":"https:\/\/www.ativ.pt\/fr\/2024\/10\/09\/ativ-participe-au-sommet-international-sur-lefficacite-hydrique\/#primaryimage"},"image":{"@id":"https:\/\/www.ativ.pt\/fr\/2024\/10\/09\/ativ-participe-au-sommet-international-sur-lefficacite-hydrique\/#primaryimage"},"thumbnailUrl":"https:\/\/www.ativ.pt\/wp-content\/uploads\/2024\/10\/eficieynciahidrica_1920x1080px_16285237166d8a91f911cb-1.png","datePublished":"2024-10-09T07:36:41+00:00","dateModified":"2024-12-13T17:17:54+00:00","breadcrumb":{"@id":"https:\/\/www.ativ.pt\/fr\/2024\/10\/09\/ativ-participe-au-sommet-international-sur-lefficacite-hydrique\/#breadcrumb"},"inLanguage":"fr-FR","potentialAction":[{"@type":"ReadAction","target":["https:\/\/www.ativ.pt\/fr\/2024\/10\/09\/ativ-participe-au-sommet-international-sur-lefficacite-hydrique\/"]}]},{"@type":"ImageObject","inLanguage":"fr-FR","@id":"https:\/\/www.ativ.pt\/fr\/2024\/10\/09\/ativ-participe-au-sommet-international-sur-lefficacite-hydrique\/#primaryimage","url":"https:\/\/www.ativ.pt\/wp-content\/uploads\/2024\/10\/eficieynciahidrica_1920x1080px_16285237166d8a91f911cb-1.png","contentUrl":"https:\/\/www.ativ.pt\/wp-content\/uploads\/2024\/10\/eficieynciahidrica_1920x1080px_16285237166d8a91f911cb-1.png","width":701,"height":413},{"@type":"BreadcrumbList","@id":"https:\/\/www.ativ.pt\/fr\/2024\/10\/09\/ativ-participe-au-sommet-international-sur-lefficacite-hydrique\/#breadcrumb","itemListElement":[{"@type":"ListItem","position":1,"name":"In\u00edcio","item":"https:\/\/www.ativ.pt\/fr\/"},{"@type":"ListItem","position":2,"name":"ATIV participe au Sommet International sur l&rsquo;Efficacit\u00e9 Hydrique"}]},{"@type":"WebSite","@id":"https:\/\/www.ativ.pt\/fr\/#website","url":"https:\/\/www.ativ.pt\/fr\/","name":"Mota-Engil ATIV","description":"Gest\u00e3o e Manuten\u00e7\u00e3o de Ativos","publisher":{"@id":"https:\/\/www.ativ.pt\/fr\/#organization"},"potentialAction":[{"@type":"SearchAction","target":{"@type":"EntryPoint","urlTemplate":"https:\/\/www.ativ.pt\/fr\/?s={search_term_string}"},"query-input":{"@type":"PropertyValueSpecification","valueRequired":true,"valueName":"search_term_string"}}],"inLanguage":"fr-FR"},{"@type":"Organization","@id":"https:\/\/www.ativ.pt\/fr\/#organization","name":"Mota-Engil ATIV","url":"https:\/\/www.ativ.pt\/fr\/","logo":{"@type":"ImageObject","inLanguage":"fr-FR","@id":"https:\/\/www.ativ.pt\/fr\/#\/schema\/logo\/image\/","url":"https:\/\/www.ativ.pt\/wp-content\/uploads\/2022\/04\/logo-ativ-cor-1.svg","contentUrl":"https:\/\/www.ativ.pt\/wp-content\/uploads\/2022\/04\/logo-ativ-cor-1.svg","width":250,"height":100,"caption":"Mota-Engil ATIV"},"image":{"@id":"https:\/\/www.ativ.pt\/fr\/#\/schema\/logo\/image\/"},"sameAs":["https:\/\/www.facebook.com\/MotaEngilATIV\/","https:\/\/www.instagram.com\/mota_engil_ativ\/","https:\/\/www.linkedin.com\/company\/motaengil-ativ"]},{"@type":"Person","@id":"https:\/\/www.ativ.pt\/fr\/#\/schema\/person\/76cd49f91ef96b6902453415264f0c55","name":"Susana Guerreiro"}]}},"_links":{"self":[{"href":"https:\/\/www.ativ.pt\/fr\/wp-json\/wp\/v2\/posts\/13033","targetHints":{"allow":["GET"]}}],"collection":[{"href":"https:\/\/www.ativ.pt\/fr\/wp-json\/wp\/v2\/posts"}],"about":[{"href":"https:\/\/www.ativ.pt\/fr\/wp-json\/wp\/v2\/types\/post"}],"author":[{"embeddable":true,"href":"https:\/\/www.ativ.pt\/fr\/wp-json\/wp\/v2\/users\/2"}],"replies":[{"embeddable":true,"href":"https:\/\/www.ativ.pt\/fr\/wp-json\/wp\/v2\/comments?post=13033"}],"version-history":[{"count":1,"href":"https:\/\/www.ativ.pt\/fr\/wp-json\/wp\/v2\/posts\/13033\/revisions"}],"predecessor-version":[{"id":13034,"href":"https:\/\/www.ativ.pt\/fr\/wp-json\/wp\/v2\/posts\/13033\/revisions\/13034"}],"wp:featuredmedia":[{"embeddable":true,"href":"https:\/\/www.ativ.pt\/fr\/wp-json\/wp\/v2\/media\/12561"}],"wp:attachment":[{"href":"https:\/\/www.ativ.pt\/fr\/wp-json\/wp\/v2\/media?parent=13033"}],"wp:term":[{"taxonomy":"category","embeddable":true,"href":"https:\/\/www.ativ.pt\/fr\/wp-json\/wp\/v2\/categories?post=13033"},{"taxonomy":"post_tag","embeddable":true,"href":"https:\/\/www.ativ.pt\/fr\/wp-json\/wp\/v2\/tags?post=13033"}],"curies":[{"name":"wp","href":"https:\/\/api.w.org\/{rel}","templated":true}]}}