{"id":11764,"date":"2024-07-25T12:00:39","date_gmt":"2024-07-25T12:00:39","guid":{"rendered":"https:\/\/www.ativ.pt\/2024\/07\/25\/mota-engil-ativ-remporte-le-prix-ascendi-sst-securite-sur-le-chantier-2024\/"},"modified":"2024-11-20T15:18:18","modified_gmt":"2024-11-20T15:18:18","slug":"mota-engil-ativ-remporte-le-prix-ascendi-sst-securite-sur-le-chantier-2024","status":"publish","type":"post","link":"https:\/\/www.ativ.pt\/fr\/2024\/07\/25\/mota-engil-ativ-remporte-le-prix-ascendi-sst-securite-sur-le-chantier-2024\/","title":{"rendered":"Mota-Engil ATIV remporte le Prix ASCENDI SST \u2013 S\u00e9curit\u00e9 sur le Chantier 2024"},"content":{"rendered":"\n<p>Les prix d&rsquo;excellence sont attribu\u00e9s aux entreprises qui ont d\u00e9montr\u00e9 les meilleures performances dans les contrats \u00e9tablis avec Ascendi, qui reconna\u00eet les performances m\u00e9ritoires de ses partenaires, cherchant \u00e0 les encourager \u00e0 augmenter les niveaux de s\u00e9curit\u00e9 de leurs travailleurs.<\/p>\n\n<p>Partenaire d&rsquo;Ascendi depuis environ 20 ans, c&rsquo;est un honneur et une fiert\u00e9 pour Mota-Engil ATIV de recevoir cette distinction, en adressant un remerciement sp\u00e9cial \u00e0 tous les collaborateurs impliqu\u00e9s dans cette activit\u00e9.<\/p>\n\n<p>Sous le slogan \u00ab S\u00e9curit\u00e9 sur le Chantier \u00bb, Ascendi d\u00e9fie ses partenaires d&rsquo;adh\u00e9rer \u00e0 cette campagne, en cours depuis juin 2019, afin d&rsquo;adopter de bonnes pratiques de s\u00e9curit\u00e9 pour ceux qui travaillent sur les routes, cherchant ainsi \u00e0 d\u00e9velopper une Norme Ascendi en S\u00e9curit\u00e9 au Travail.<\/p>\n\n<p>Cette campagne, qui vise \u00e0 promouvoir l&rsquo;engagement et l&rsquo;implication de chacun sur le th\u00e8me de la s\u00e9curit\u00e9 au travail, contribuant \u00e0 la r\u00e9duction des risques et des accidents du travail, est align\u00e9e avec la vision de Mota-Engil ATIV, pour qui cette question est une priorit\u00e9.<\/p>\n\n<div class=\"wp-block-columns is-layout-flex wp-container-core-columns-is-layout-9d6595d7 wp-block-columns-is-layout-flex\">\n<div class=\"wp-block-column is-vertically-aligned-center is-layout-flow wp-block-column-is-layout-flow\"><div class=\"wp-block-image\">\n<figure class=\"aligncenter size-large is-resized\"><img fetchpriority=\"high\" decoding=\"async\" width=\"1024\" height=\"725\" src=\"https:\/\/spcdn.shortpixel.ai\/spio\/ret_img,q_cdnize,to_auto,s_webp:avif\/www.ativ.pt\/wp-content\/uploads\/2024\/07\/CertificadoExcelencia_Seguranca_ASCENDI-1-1024x725.jpg\" alt=\"\" class=\"wp-image-11753\" style=\"width:638px;height:auto\" srcset=\"https:\/\/spcdn.shortpixel.ai\/spio\/ret_img,q_cdnize,to_auto,s_webp:avif\/www.ativ.pt\/wp-content\/uploads\/2024\/07\/CertificadoExcelencia_Seguranca_ASCENDI-1-1024x725.jpg 1024w, https:\/\/spcdn.shortpixel.ai\/spio\/ret_img,q_cdnize,to_auto,s_webp:avif\/www.ativ.pt\/wp-content\/uploads\/2024\/07\/CertificadoExcelencia_Seguranca_ASCENDI-1-300x212.jpg 300w, https:\/\/spcdn.shortpixel.ai\/spio\/ret_img,q_cdnize,to_auto,s_webp:avif\/www.ativ.pt\/wp-content\/uploads\/2024\/07\/CertificadoExcelencia_Seguranca_ASCENDI-1-768x543.jpg 768w, https:\/\/spcdn.shortpixel.ai\/spio\/ret_img,q_cdnize,to_auto,s_webp:avif\/www.ativ.pt\/wp-content\/uploads\/2024\/07\/CertificadoExcelencia_Seguranca_ASCENDI-1-1536x1087.jpg 1536w, https:\/\/spcdn.shortpixel.ai\/spio\/ret_img,q_cdnize,to_auto,s_webp:avif\/www.ativ.pt\/wp-content\/uploads\/2024\/07\/CertificadoExcelencia_Seguranca_ASCENDI-1-rotated.jpg 1754w\" sizes=\"(max-width: 1024px) 100vw, 1024px\" \/><\/figure>\n<\/div><\/div>\n<\/div>\n\n<p><\/p>\n","protected":false},"excerpt":{"rendered":"<p>Les prix d&rsquo;excellence sont attribu\u00e9s aux entreprises qui ont d\u00e9montr\u00e9 les meilleures performances dans les contrats \u00e9tablis avec Ascendi, qui reconna\u00eet les performances m\u00e9ritoires de ses partenaires, cherchant \u00e0 les encourager \u00e0 augmenter les niveaux de s\u00e9curit\u00e9 de leurs travailleurs.Mota-Engil ATIV a \u00e9t\u00e9 distingu\u00e9e avec le Certificat d&rsquo;Excellence pour les r\u00e9sultats obtenus dans le cadre de la \u00ab Campagne ASCENDI SST \u2013 S\u00e9curit\u00e9 sur le Chantier \u00bb.<\/p>\n<p> <\/p>\n","protected":false},"author":2,"featured_media":11750,"comment_status":"open","ping_status":"open","sticky":false,"template":"","format":"standard","meta":{"_acf_changed":false,"footnotes":""},"categories":[15],"tags":[],"class_list":["post-11764","post","type-post","status-publish","format-standard","has-post-thumbnail","hentry","category-articles"],"acf":[],"yoast_head":"<!-- This site is optimized with the Yoast SEO plugin v27.5 - https:\/\/yoast.com\/product\/yoast-seo-wordpress\/ -->\n<title>Mota-Engil ATIV remporte le Prix ASCENDI SST \u2013 S\u00e9curit\u00e9 sur le Chantier 2024 - Mota-Engil ATIV<\/title>\n<meta name=\"robots\" content=\"index, follow, max-snippet:-1, max-image-preview:large, max-video-preview:-1\" \/>\n<link rel=\"canonical\" href=\"https:\/\/www.ativ.pt\/fr\/2024\/07\/25\/mota-engil-ativ-remporte-le-prix-ascendi-sst-securite-sur-le-chantier-2024\/\" \/>\n<meta property=\"og:locale\" content=\"fr_FR\" \/>\n<meta property=\"og:type\" content=\"article\" \/>\n<meta property=\"og:title\" content=\"Mota-Engil ATIV remporte le Prix ASCENDI SST \u2013 S\u00e9curit\u00e9 sur le Chantier 2024 - Mota-Engil ATIV\" \/>\n<meta property=\"og:description\" content=\"Les prix d&#039;excellence sont attribu\u00e9s aux entreprises qui ont d\u00e9montr\u00e9 les meilleures performances dans les contrats \u00e9tablis avec Ascendi, qui reconna\u00eet les performances m\u00e9ritoires de ses partenaires, cherchant \u00e0 les encourager \u00e0 augmenter les niveaux de s\u00e9curit\u00e9 de leurs travailleurs.Mota-Engil ATIV a \u00e9t\u00e9 distingu\u00e9e avec le Certificat d&#039;Excellence pour les r\u00e9sultats obtenus dans le cadre de la \u00ab Campagne ASCENDI SST \u2013 S\u00e9curit\u00e9 sur le Chantier \u00bb.\" \/>\n<meta property=\"og:url\" content=\"https:\/\/www.ativ.pt\/fr\/2024\/07\/25\/mota-engil-ativ-remporte-le-prix-ascendi-sst-securite-sur-le-chantier-2024\/\" \/>\n<meta property=\"og:site_name\" content=\"Mota-Engil ATIV\" \/>\n<meta property=\"article:publisher\" content=\"https:\/\/www.facebook.com\/MotaEngilATIV\/\" \/>\n<meta property=\"article:published_time\" content=\"2024-07-25T12:00:39+00:00\" \/>\n<meta property=\"article:modified_time\" content=\"2024-11-20T15:18:18+00:00\" \/>\n<meta property=\"og:image\" content=\"https:\/\/www.ativ.pt\/wp-content\/uploads\/2024\/07\/ascendi-areas-de-negocio-scaled.jpg\" \/>\n\t<meta property=\"og:image:width\" content=\"2560\" \/>\n\t<meta property=\"og:image:height\" content=\"1703\" \/>\n\t<meta property=\"og:image:type\" content=\"image\/jpeg\" \/>\n<meta name=\"author\" content=\"Susana Guerreiro\" \/>\n<meta name=\"twitter:card\" content=\"summary_large_image\" \/>\n<meta name=\"twitter:label1\" content=\"\u00c9crit par\" \/>\n\t<meta name=\"twitter:data1\" content=\"Susana Guerreiro\" \/>\n\t<meta name=\"twitter:label2\" content=\"Dur\u00e9e de lecture estim\u00e9e\" \/>\n\t<meta name=\"twitter:data2\" content=\"1 minute\" \/>\n<script type=\"application\/ld+json\" class=\"yoast-schema-graph\">{\"@context\":\"https:\\\/\\\/schema.org\",\"@graph\":[{\"@type\":\"Article\",\"@id\":\"https:\\\/\\\/www.ativ.pt\\\/fr\\\/2024\\\/07\\\/25\\\/mota-engil-ativ-remporte-le-prix-ascendi-sst-securite-sur-le-chantier-2024\\\/#article\",\"isPartOf\":{\"@id\":\"https:\\\/\\\/www.ativ.pt\\\/fr\\\/2024\\\/07\\\/25\\\/mota-engil-ativ-remporte-le-prix-ascendi-sst-securite-sur-le-chantier-2024\\\/\"},\"author\":{\"name\":\"Susana Guerreiro\",\"@id\":\"https:\\\/\\\/www.ativ.pt\\\/fr\\\/#\\\/schema\\\/person\\\/76cd49f91ef96b6902453415264f0c55\"},\"headline\":\"Mota-Engil ATIV remporte le Prix ASCENDI SST \u2013 S\u00e9curit\u00e9 sur le Chantier 2024\",\"datePublished\":\"2024-07-25T12:00:39+00:00\",\"dateModified\":\"2024-11-20T15:18:18+00:00\",\"mainEntityOfPage\":{\"@id\":\"https:\\\/\\\/www.ativ.pt\\\/fr\\\/2024\\\/07\\\/25\\\/mota-engil-ativ-remporte-le-prix-ascendi-sst-securite-sur-le-chantier-2024\\\/\"},\"wordCount\":189,\"commentCount\":0,\"publisher\":{\"@id\":\"https:\\\/\\\/www.ativ.pt\\\/fr\\\/#organization\"},\"image\":{\"@id\":\"https:\\\/\\\/www.ativ.pt\\\/fr\\\/2024\\\/07\\\/25\\\/mota-engil-ativ-remporte-le-prix-ascendi-sst-securite-sur-le-chantier-2024\\\/#primaryimage\"},\"thumbnailUrl\":\"https:\\\/\\\/www.ativ.pt\\\/wp-content\\\/uploads\\\/2024\\\/07\\\/ascendi-areas-de-negocio-scaled.jpg\",\"articleSection\":[\"Article\"],\"inLanguage\":\"fr-FR\",\"potentialAction\":[{\"@type\":\"CommentAction\",\"name\":\"Comment\",\"target\":[\"https:\\\/\\\/www.ativ.pt\\\/fr\\\/2024\\\/07\\\/25\\\/mota-engil-ativ-remporte-le-prix-ascendi-sst-securite-sur-le-chantier-2024\\\/#respond\"]}]},{\"@type\":\"WebPage\",\"@id\":\"https:\\\/\\\/www.ativ.pt\\\/fr\\\/2024\\\/07\\\/25\\\/mota-engil-ativ-remporte-le-prix-ascendi-sst-securite-sur-le-chantier-2024\\\/\",\"url\":\"https:\\\/\\\/www.ativ.pt\\\/fr\\\/2024\\\/07\\\/25\\\/mota-engil-ativ-remporte-le-prix-ascendi-sst-securite-sur-le-chantier-2024\\\/\",\"name\":\"Mota-Engil ATIV remporte le Prix ASCENDI SST \u2013 S\u00e9curit\u00e9 sur le Chantier 2024 - Mota-Engil ATIV\",\"isPartOf\":{\"@id\":\"https:\\\/\\\/www.ativ.pt\\\/fr\\\/#website\"},\"primaryImageOfPage\":{\"@id\":\"https:\\\/\\\/www.ativ.pt\\\/fr\\\/2024\\\/07\\\/25\\\/mota-engil-ativ-remporte-le-prix-ascendi-sst-securite-sur-le-chantier-2024\\\/#primaryimage\"},\"image\":{\"@id\":\"https:\\\/\\\/www.ativ.pt\\\/fr\\\/2024\\\/07\\\/25\\\/mota-engil-ativ-remporte-le-prix-ascendi-sst-securite-sur-le-chantier-2024\\\/#primaryimage\"},\"thumbnailUrl\":\"https:\\\/\\\/www.ativ.pt\\\/wp-content\\\/uploads\\\/2024\\\/07\\\/ascendi-areas-de-negocio-scaled.jpg\",\"datePublished\":\"2024-07-25T12:00:39+00:00\",\"dateModified\":\"2024-11-20T15:18:18+00:00\",\"breadcrumb\":{\"@id\":\"https:\\\/\\\/www.ativ.pt\\\/fr\\\/2024\\\/07\\\/25\\\/mota-engil-ativ-remporte-le-prix-ascendi-sst-securite-sur-le-chantier-2024\\\/#breadcrumb\"},\"inLanguage\":\"fr-FR\",\"potentialAction\":[{\"@type\":\"ReadAction\",\"target\":[\"https:\\\/\\\/www.ativ.pt\\\/fr\\\/2024\\\/07\\\/25\\\/mota-engil-ativ-remporte-le-prix-ascendi-sst-securite-sur-le-chantier-2024\\\/\"]}]},{\"@type\":\"ImageObject\",\"inLanguage\":\"fr-FR\",\"@id\":\"https:\\\/\\\/www.ativ.pt\\\/fr\\\/2024\\\/07\\\/25\\\/mota-engil-ativ-remporte-le-prix-ascendi-sst-securite-sur-le-chantier-2024\\\/#primaryimage\",\"url\":\"https:\\\/\\\/www.ativ.pt\\\/wp-content\\\/uploads\\\/2024\\\/07\\\/ascendi-areas-de-negocio-scaled.jpg\",\"contentUrl\":\"https:\\\/\\\/www.ativ.pt\\\/wp-content\\\/uploads\\\/2024\\\/07\\\/ascendi-areas-de-negocio-scaled.jpg\",\"width\":1924,\"height\":1280},{\"@type\":\"BreadcrumbList\",\"@id\":\"https:\\\/\\\/www.ativ.pt\\\/fr\\\/2024\\\/07\\\/25\\\/mota-engil-ativ-remporte-le-prix-ascendi-sst-securite-sur-le-chantier-2024\\\/#breadcrumb\",\"itemListElement\":[{\"@type\":\"ListItem\",\"position\":1,\"name\":\"In\u00edcio\",\"item\":\"https:\\\/\\\/www.ativ.pt\\\/fr\\\/\"},{\"@type\":\"ListItem\",\"position\":2,\"name\":\"Mota-Engil ATIV remporte le Prix ASCENDI SST \u2013 S\u00e9curit\u00e9 sur le Chantier 2024\"}]},{\"@type\":\"WebSite\",\"@id\":\"https:\\\/\\\/www.ativ.pt\\\/fr\\\/#website\",\"url\":\"https:\\\/\\\/www.ativ.pt\\\/fr\\\/\",\"name\":\"Mota-Engil ATIV\",\"description\":\"Gest\u00e3o e Manuten\u00e7\u00e3o de Ativos\",\"publisher\":{\"@id\":\"https:\\\/\\\/www.ativ.pt\\\/fr\\\/#organization\"},\"potentialAction\":[{\"@type\":\"SearchAction\",\"target\":{\"@type\":\"EntryPoint\",\"urlTemplate\":\"https:\\\/\\\/www.ativ.pt\\\/fr\\\/?s={search_term_string}\"},\"query-input\":{\"@type\":\"PropertyValueSpecification\",\"valueRequired\":true,\"valueName\":\"search_term_string\"}}],\"inLanguage\":\"fr-FR\"},{\"@type\":\"Organization\",\"@id\":\"https:\\\/\\\/www.ativ.pt\\\/fr\\\/#organization\",\"name\":\"Mota-Engil ATIV\",\"url\":\"https:\\\/\\\/www.ativ.pt\\\/fr\\\/\",\"logo\":{\"@type\":\"ImageObject\",\"inLanguage\":\"fr-FR\",\"@id\":\"https:\\\/\\\/www.ativ.pt\\\/fr\\\/#\\\/schema\\\/logo\\\/image\\\/\",\"url\":\"https:\\\/\\\/www.ativ.pt\\\/wp-content\\\/uploads\\\/2022\\\/04\\\/logo-ativ-cor-1.svg\",\"contentUrl\":\"https:\\\/\\\/www.ativ.pt\\\/wp-content\\\/uploads\\\/2022\\\/04\\\/logo-ativ-cor-1.svg\",\"width\":250,\"height\":100,\"caption\":\"Mota-Engil ATIV\"},\"image\":{\"@id\":\"https:\\\/\\\/www.ativ.pt\\\/fr\\\/#\\\/schema\\\/logo\\\/image\\\/\"},\"sameAs\":[\"https:\\\/\\\/www.facebook.com\\\/MotaEngilATIV\\\/\",\"https:\\\/\\\/www.instagram.com\\\/mota_engil_ativ\\\/\",\"https:\\\/\\\/www.linkedin.com\\\/company\\\/motaengil-ativ\"]},{\"@type\":\"Person\",\"@id\":\"https:\\\/\\\/www.ativ.pt\\\/fr\\\/#\\\/schema\\\/person\\\/76cd49f91ef96b6902453415264f0c55\",\"name\":\"Susana Guerreiro\"}]}<\/script>\n<!-- \/ Yoast SEO plugin. -->","yoast_head_json":{"title":"Mota-Engil ATIV remporte le Prix ASCENDI SST \u2013 S\u00e9curit\u00e9 sur le Chantier 2024 - Mota-Engil ATIV","robots":{"index":"index","follow":"follow","max-snippet":"max-snippet:-1","max-image-preview":"max-image-preview:large","max-video-preview":"max-video-preview:-1"},"canonical":"https:\/\/www.ativ.pt\/fr\/2024\/07\/25\/mota-engil-ativ-remporte-le-prix-ascendi-sst-securite-sur-le-chantier-2024\/","og_locale":"fr_FR","og_type":"article","og_title":"Mota-Engil ATIV remporte le Prix ASCENDI SST \u2013 S\u00e9curit\u00e9 sur le Chantier 2024 - Mota-Engil ATIV","og_description":"Les prix d'excellence sont attribu\u00e9s aux entreprises qui ont d\u00e9montr\u00e9 les meilleures performances dans les contrats \u00e9tablis avec Ascendi, qui reconna\u00eet les performances m\u00e9ritoires de ses partenaires, cherchant \u00e0 les encourager \u00e0 augmenter les niveaux de s\u00e9curit\u00e9 de leurs travailleurs.Mota-Engil ATIV a \u00e9t\u00e9 distingu\u00e9e avec le Certificat d'Excellence pour les r\u00e9sultats obtenus dans le cadre de la \u00ab Campagne ASCENDI SST \u2013 S\u00e9curit\u00e9 sur le Chantier \u00bb.","og_url":"https:\/\/www.ativ.pt\/fr\/2024\/07\/25\/mota-engil-ativ-remporte-le-prix-ascendi-sst-securite-sur-le-chantier-2024\/","og_site_name":"Mota-Engil ATIV","article_publisher":"https:\/\/www.facebook.com\/MotaEngilATIV\/","article_published_time":"2024-07-25T12:00:39+00:00","article_modified_time":"2024-11-20T15:18:18+00:00","og_image":[{"width":2560,"height":1703,"url":"https:\/\/www.ativ.pt\/wp-content\/uploads\/2024\/07\/ascendi-areas-de-negocio-scaled.jpg","type":"image\/jpeg"}],"author":"Susana Guerreiro","twitter_card":"summary_large_image","twitter_misc":{"\u00c9crit par":"Susana Guerreiro","Dur\u00e9e de lecture estim\u00e9e":"1 minute"},"schema":{"@context":"https:\/\/schema.org","@graph":[{"@type":"Article","@id":"https:\/\/www.ativ.pt\/fr\/2024\/07\/25\/mota-engil-ativ-remporte-le-prix-ascendi-sst-securite-sur-le-chantier-2024\/#article","isPartOf":{"@id":"https:\/\/www.ativ.pt\/fr\/2024\/07\/25\/mota-engil-ativ-remporte-le-prix-ascendi-sst-securite-sur-le-chantier-2024\/"},"author":{"name":"Susana Guerreiro","@id":"https:\/\/www.ativ.pt\/fr\/#\/schema\/person\/76cd49f91ef96b6902453415264f0c55"},"headline":"Mota-Engil ATIV remporte le Prix ASCENDI SST \u2013 S\u00e9curit\u00e9 sur le Chantier 2024","datePublished":"2024-07-25T12:00:39+00:00","dateModified":"2024-11-20T15:18:18+00:00","mainEntityOfPage":{"@id":"https:\/\/www.ativ.pt\/fr\/2024\/07\/25\/mota-engil-ativ-remporte-le-prix-ascendi-sst-securite-sur-le-chantier-2024\/"},"wordCount":189,"commentCount":0,"publisher":{"@id":"https:\/\/www.ativ.pt\/fr\/#organization"},"image":{"@id":"https:\/\/www.ativ.pt\/fr\/2024\/07\/25\/mota-engil-ativ-remporte-le-prix-ascendi-sst-securite-sur-le-chantier-2024\/#primaryimage"},"thumbnailUrl":"https:\/\/www.ativ.pt\/wp-content\/uploads\/2024\/07\/ascendi-areas-de-negocio-scaled.jpg","articleSection":["Article"],"inLanguage":"fr-FR","potentialAction":[{"@type":"CommentAction","name":"Comment","target":["https:\/\/www.ativ.pt\/fr\/2024\/07\/25\/mota-engil-ativ-remporte-le-prix-ascendi-sst-securite-sur-le-chantier-2024\/#respond"]}]},{"@type":"WebPage","@id":"https:\/\/www.ativ.pt\/fr\/2024\/07\/25\/mota-engil-ativ-remporte-le-prix-ascendi-sst-securite-sur-le-chantier-2024\/","url":"https:\/\/www.ativ.pt\/fr\/2024\/07\/25\/mota-engil-ativ-remporte-le-prix-ascendi-sst-securite-sur-le-chantier-2024\/","name":"Mota-Engil ATIV remporte le Prix ASCENDI SST \u2013 S\u00e9curit\u00e9 sur le Chantier 2024 - Mota-Engil ATIV","isPartOf":{"@id":"https:\/\/www.ativ.pt\/fr\/#website"},"primaryImageOfPage":{"@id":"https:\/\/www.ativ.pt\/fr\/2024\/07\/25\/mota-engil-ativ-remporte-le-prix-ascendi-sst-securite-sur-le-chantier-2024\/#primaryimage"},"image":{"@id":"https:\/\/www.ativ.pt\/fr\/2024\/07\/25\/mota-engil-ativ-remporte-le-prix-ascendi-sst-securite-sur-le-chantier-2024\/#primaryimage"},"thumbnailUrl":"https:\/\/www.ativ.pt\/wp-content\/uploads\/2024\/07\/ascendi-areas-de-negocio-scaled.jpg","datePublished":"2024-07-25T12:00:39+00:00","dateModified":"2024-11-20T15:18:18+00:00","breadcrumb":{"@id":"https:\/\/www.ativ.pt\/fr\/2024\/07\/25\/mota-engil-ativ-remporte-le-prix-ascendi-sst-securite-sur-le-chantier-2024\/#breadcrumb"},"inLanguage":"fr-FR","potentialAction":[{"@type":"ReadAction","target":["https:\/\/www.ativ.pt\/fr\/2024\/07\/25\/mota-engil-ativ-remporte-le-prix-ascendi-sst-securite-sur-le-chantier-2024\/"]}]},{"@type":"ImageObject","inLanguage":"fr-FR","@id":"https:\/\/www.ativ.pt\/fr\/2024\/07\/25\/mota-engil-ativ-remporte-le-prix-ascendi-sst-securite-sur-le-chantier-2024\/#primaryimage","url":"https:\/\/www.ativ.pt\/wp-content\/uploads\/2024\/07\/ascendi-areas-de-negocio-scaled.jpg","contentUrl":"https:\/\/www.ativ.pt\/wp-content\/uploads\/2024\/07\/ascendi-areas-de-negocio-scaled.jpg","width":1924,"height":1280},{"@type":"BreadcrumbList","@id":"https:\/\/www.ativ.pt\/fr\/2024\/07\/25\/mota-engil-ativ-remporte-le-prix-ascendi-sst-securite-sur-le-chantier-2024\/#breadcrumb","itemListElement":[{"@type":"ListItem","position":1,"name":"In\u00edcio","item":"https:\/\/www.ativ.pt\/fr\/"},{"@type":"ListItem","position":2,"name":"Mota-Engil ATIV remporte le Prix ASCENDI SST \u2013 S\u00e9curit\u00e9 sur le Chantier 2024"}]},{"@type":"WebSite","@id":"https:\/\/www.ativ.pt\/fr\/#website","url":"https:\/\/www.ativ.pt\/fr\/","name":"Mota-Engil ATIV","description":"Gest\u00e3o e Manuten\u00e7\u00e3o de Ativos","publisher":{"@id":"https:\/\/www.ativ.pt\/fr\/#organization"},"potentialAction":[{"@type":"SearchAction","target":{"@type":"EntryPoint","urlTemplate":"https:\/\/www.ativ.pt\/fr\/?s={search_term_string}"},"query-input":{"@type":"PropertyValueSpecification","valueRequired":true,"valueName":"search_term_string"}}],"inLanguage":"fr-FR"},{"@type":"Organization","@id":"https:\/\/www.ativ.pt\/fr\/#organization","name":"Mota-Engil ATIV","url":"https:\/\/www.ativ.pt\/fr\/","logo":{"@type":"ImageObject","inLanguage":"fr-FR","@id":"https:\/\/www.ativ.pt\/fr\/#\/schema\/logo\/image\/","url":"https:\/\/www.ativ.pt\/wp-content\/uploads\/2022\/04\/logo-ativ-cor-1.svg","contentUrl":"https:\/\/www.ativ.pt\/wp-content\/uploads\/2022\/04\/logo-ativ-cor-1.svg","width":250,"height":100,"caption":"Mota-Engil ATIV"},"image":{"@id":"https:\/\/www.ativ.pt\/fr\/#\/schema\/logo\/image\/"},"sameAs":["https:\/\/www.facebook.com\/MotaEngilATIV\/","https:\/\/www.instagram.com\/mota_engil_ativ\/","https:\/\/www.linkedin.com\/company\/motaengil-ativ"]},{"@type":"Person","@id":"https:\/\/www.ativ.pt\/fr\/#\/schema\/person\/76cd49f91ef96b6902453415264f0c55","name":"Susana Guerreiro"}]}},"_links":{"self":[{"href":"https:\/\/www.ativ.pt\/fr\/wp-json\/wp\/v2\/posts\/11764","targetHints":{"allow":["GET"]}}],"collection":[{"href":"https:\/\/www.ativ.pt\/fr\/wp-json\/wp\/v2\/posts"}],"about":[{"href":"https:\/\/www.ativ.pt\/fr\/wp-json\/wp\/v2\/types\/post"}],"author":[{"embeddable":true,"href":"https:\/\/www.ativ.pt\/fr\/wp-json\/wp\/v2\/users\/2"}],"replies":[{"embeddable":true,"href":"https:\/\/www.ativ.pt\/fr\/wp-json\/wp\/v2\/comments?post=11764"}],"version-history":[{"count":1,"href":"https:\/\/www.ativ.pt\/fr\/wp-json\/wp\/v2\/posts\/11764\/revisions"}],"predecessor-version":[{"id":11765,"href":"https:\/\/www.ativ.pt\/fr\/wp-json\/wp\/v2\/posts\/11764\/revisions\/11765"}],"wp:featuredmedia":[{"embeddable":true,"href":"https:\/\/www.ativ.pt\/fr\/wp-json\/wp\/v2\/media\/11750"}],"wp:attachment":[{"href":"https:\/\/www.ativ.pt\/fr\/wp-json\/wp\/v2\/media?parent=11764"}],"wp:term":[{"taxonomy":"category","embeddable":true,"href":"https:\/\/www.ativ.pt\/fr\/wp-json\/wp\/v2\/categories?post=11764"},{"taxonomy":"post_tag","embeddable":true,"href":"https:\/\/www.ativ.pt\/fr\/wp-json\/wp\/v2\/tags?post=11764"}],"curies":[{"name":"wp","href":"https:\/\/api.w.org\/{rel}","templated":true}]}}