{"id":11577,"date":"2024-07-04T08:33:54","date_gmt":"2024-07-04T08:33:54","guid":{"rendered":"https:\/\/www.ativ.pt\/2024\/07\/04\/construction-de-la-voie-verte-du-littoral-de-lalgarve\/"},"modified":"2024-07-08T16:01:20","modified_gmt":"2024-07-08T16:01:20","slug":"construction-de-la-voie-verte-du-littoral-de-lalgarve","status":"publish","type":"post","link":"https:\/\/www.ativ.pt\/fr\/2024\/07\/04\/construction-de-la-voie-verte-du-littoral-de-lalgarve\/","title":{"rendered":"Construction de la Voie Verte du Littoral de l&rsquo;Algarve"},"content":{"rendered":"\n<p>La construction de l\u2019Ecovia du Littoral Algarvio, dans la municipalit\u00e9 de Lagos, a \u00e9t\u00e9 r\u00e9alis\u00e9e par Mota-Engil ATIV et vise \u00e0 contribuer \u00e0 l\u2019augmentation de la mobilit\u00e9 active cyclable, cruciale pour la d\u00e9carbonisation de la mobilit\u00e9, et en m\u00eame temps \u00e0 maximiser les b\u00e9n\u00e9fices pour le bien-\u00eatre des citoyens, en leur offrant des habitudes de vie plus saines.<\/p>\n\n<p>L\u2019Ecovia du Littoral Algarvio commence au Cap Saint-Vincent et se termine \u00e0 Vila Real de Santo Ant\u00f3nio, totalisant environ 214 km, et est int\u00e9gr\u00e9e dans le r\u00e9seau de routes municipales, de rues urbaines et de chemins ruraux existants<\/p>\n\n<figure class=\"wp-block-gallery has-nested-images columns-default is-cropped wp-block-gallery-1 is-layout-flex wp-block-gallery-is-layout-flex\">\n<figure class=\"wp-block-image size-large\"><img fetchpriority=\"high\" decoding=\"async\" width=\"250\" height=\"535\" data-id=\"11396\" src=\"https:\/\/www.ativ.pt\/wp-content\/uploads\/2024\/07\/ecovia_ativ-1.jpg\" alt=\"\" class=\"wp-image-11396\" srcset=\"https:\/\/www.ativ.pt\/wp-content\/uploads\/2024\/07\/ecovia_ativ-1.jpg 250w, https:\/\/www.ativ.pt\/wp-content\/uploads\/2024\/07\/ecovia_ativ-1-140x300.jpg 140w\" sizes=\"(max-width: 250px) 100vw, 250px\" \/><\/figure>\n\n\n\n<figure class=\"wp-block-image size-large\"><img decoding=\"async\" width=\"250\" height=\"536\" data-id=\"11395\" src=\"https:\/\/www.ativ.pt\/wp-content\/uploads\/2024\/07\/ecovia_ativ_-1.jpg\" alt=\"\" class=\"wp-image-11395\" srcset=\"https:\/\/www.ativ.pt\/wp-content\/uploads\/2024\/07\/ecovia_ativ_-1.jpg 250w, https:\/\/www.ativ.pt\/wp-content\/uploads\/2024\/07\/ecovia_ativ_-1-140x300.jpg 140w\" sizes=\"(max-width: 250px) 100vw, 250px\" \/><\/figure>\n<\/figure>\n\n<p>Mota-Engil ATIV \u00e9tait responsable de la construction du tron\u00e7on qui traverse la municipalit\u00e9 de Lagos, l\u2019intersectant entre la localit\u00e9 de Burgau (\u00e0 la limite de la fronti\u00e8re entre les municipalit\u00e9s de Vila do Bispo et Lagos) et la Ribeira de Odi\u00e1xere, en passant par Vila da Luz, Lagos et Meia Praia, sur une longueur totale de 15,1 kilom\u00e8tres.<\/p>\n\n<p>L\u2019intervention s\u2019est caract\u00e9ris\u00e9e par des travaux de d\u00e9limitation du trac\u00e9 de l\u2019Ecovia, par la mise en place de signalisation verticale et horizontale, la cr\u00e9ation de nouveaux itin\u00e9raires pi\u00e9tonniers\/cyclables et l\u2019am\u00e9lioration des plateformes et des pavements existants.<\/p>\n\n<figure class=\"wp-block-gallery has-nested-images columns-default is-cropped wp-block-gallery-2 is-layout-flex wp-block-gallery-is-layout-flex\">\n<figure class=\"wp-block-image size-large\"><img decoding=\"async\" width=\"650\" height=\"365\" data-id=\"11405\" src=\"https:\/\/www.ativ.pt\/wp-content\/uploads\/2024\/07\/ecovia_ativ1.jpg\" alt=\"\" class=\"wp-image-11405\" srcset=\"https:\/\/www.ativ.pt\/wp-content\/uploads\/2024\/07\/ecovia_ativ1.jpg 650w, https:\/\/www.ativ.pt\/wp-content\/uploads\/2024\/07\/ecovia_ativ1-300x168.jpg 300w\" sizes=\"(max-width: 650px) 100vw, 650px\" \/><\/figure>\n\n\n\n<figure class=\"wp-block-image size-large\"><img loading=\"lazy\" decoding=\"async\" width=\"650\" height=\"365\" data-id=\"11407\" src=\"https:\/\/www.ativ.pt\/wp-content\/uploads\/2024\/07\/ecovia_ativ2.jpg\" alt=\"\" class=\"wp-image-11407\" srcset=\"https:\/\/www.ativ.pt\/wp-content\/uploads\/2024\/07\/ecovia_ativ2.jpg 650w, https:\/\/www.ativ.pt\/wp-content\/uploads\/2024\/07\/ecovia_ativ2-300x168.jpg 300w\" sizes=\"(max-width: 650px) 100vw, 650px\" \/><\/figure>\n<\/figure>\n\n<p>Cette intervention vise \u00e0 assurer l\u2019accessibilit\u00e9 et la transitabilit\u00e9 en toute s\u00e9curit\u00e9 pour les futurs utilisateurs de l\u2019Ecovia, de mani\u00e8re continue et pendant le plus grand nombre d\u2019ann\u00e9es possible<\/p>\n\n<p>Mota-Engil ATIV a embrass\u00e9 un autre projet stimulant, soutenu par des solutions interdisciplinaires qui combinent la valorisation du territoire, le d\u00e9veloppement durable et la qualit\u00e9 de vie des utilisateurs des espaces qu\u2019elle con\u00e7oit, construit et maintient.<\/p>\n\n<p>D\u00e9couvrez ici les travaux: <a href=\"https:\/\/youtu.be\/BKtKOqOZB0E\" target=\"_blank\" rel=\"noreferrer noopener\">https:\/\/youtu.be\/BKtKOqOZB0E<\/a><\/p>\n","protected":false},"excerpt":{"rendered":"<p>Mota-Engil ATIV \u00e9tait responsable de la construction de la section traversant la municipalit\u00e9 de Lagos, sur une longueur totale de 15,1 kilom\u00e8tres<\/p>\n","protected":false},"author":2,"featured_media":11417,"comment_status":"open","ping_status":"open","sticky":false,"template":"","format":"standard","meta":{"_acf_changed":false,"footnotes":""},"categories":[15],"tags":[],"class_list":["post-11577","post","type-post","status-publish","format-standard","has-post-thumbnail","hentry","category-articles"],"acf":[],"yoast_head":"<!-- This site is optimized with the Yoast SEO plugin v27.5 - https:\/\/yoast.com\/product\/yoast-seo-wordpress\/ -->\n<title>Construction de la Voie Verte du Littoral de l&#039;Algarve - Mota-Engil ATIV<\/title>\n<meta name=\"robots\" content=\"index, follow, max-snippet:-1, max-image-preview:large, max-video-preview:-1\" \/>\n<link rel=\"canonical\" href=\"https:\/\/www.ativ.pt\/fr\/2024\/07\/04\/construction-de-la-voie-verte-du-littoral-de-lalgarve\/\" \/>\n<meta property=\"og:locale\" content=\"fr_FR\" \/>\n<meta property=\"og:type\" content=\"article\" \/>\n<meta property=\"og:title\" content=\"Construction de la Voie Verte du Littoral de l&#039;Algarve - Mota-Engil ATIV\" \/>\n<meta property=\"og:description\" content=\"Mota-Engil ATIV \u00e9tait responsable de la construction de la section traversant la municipalit\u00e9 de Lagos, sur une longueur totale de 15,1 kilom\u00e8tres\" \/>\n<meta property=\"og:url\" content=\"https:\/\/www.ativ.pt\/fr\/2024\/07\/04\/construction-de-la-voie-verte-du-littoral-de-lalgarve\/\" \/>\n<meta property=\"og:site_name\" content=\"Mota-Engil ATIV\" \/>\n<meta property=\"article:publisher\" content=\"https:\/\/www.facebook.com\/MotaEngilATIV\/\" \/>\n<meta property=\"article:published_time\" content=\"2024-07-04T08:33:54+00:00\" \/>\n<meta property=\"article:modified_time\" content=\"2024-07-08T16:01:20+00:00\" \/>\n<meta property=\"og:image\" content=\"https:\/\/www.ativ.pt\/wp-content\/uploads\/2024\/07\/IMG-20240704-WA0004.jpg\" \/>\n\t<meta property=\"og:image:width\" content=\"1600\" \/>\n\t<meta property=\"og:image:height\" content=\"900\" \/>\n\t<meta property=\"og:image:type\" content=\"image\/jpeg\" \/>\n<meta name=\"author\" content=\"Susana Guerreiro\" \/>\n<meta name=\"twitter:card\" content=\"summary_large_image\" \/>\n<meta name=\"twitter:label1\" content=\"\u00c9crit par\" \/>\n\t<meta name=\"twitter:data1\" content=\"Susana Guerreiro\" \/>\n\t<meta name=\"twitter:label2\" content=\"Dur\u00e9e de lecture estim\u00e9e\" \/>\n\t<meta name=\"twitter:data2\" content=\"1 minute\" \/>\n<script type=\"application\/ld+json\" class=\"yoast-schema-graph\">{\"@context\":\"https:\\\/\\\/schema.org\",\"@graph\":[{\"@type\":\"Article\",\"@id\":\"https:\\\/\\\/www.ativ.pt\\\/fr\\\/2024\\\/07\\\/04\\\/construction-de-la-voie-verte-du-littoral-de-lalgarve\\\/#article\",\"isPartOf\":{\"@id\":\"https:\\\/\\\/www.ativ.pt\\\/fr\\\/2024\\\/07\\\/04\\\/construction-de-la-voie-verte-du-littoral-de-lalgarve\\\/\"},\"author\":{\"name\":\"Susana Guerreiro\",\"@id\":\"https:\\\/\\\/www.ativ.pt\\\/fr\\\/#\\\/schema\\\/person\\\/76cd49f91ef96b6902453415264f0c55\"},\"headline\":\"Construction de la Voie Verte du Littoral de l&rsquo;Algarve\",\"datePublished\":\"2024-07-04T08:33:54+00:00\",\"dateModified\":\"2024-07-08T16:01:20+00:00\",\"mainEntityOfPage\":{\"@id\":\"https:\\\/\\\/www.ativ.pt\\\/fr\\\/2024\\\/07\\\/04\\\/construction-de-la-voie-verte-du-littoral-de-lalgarve\\\/\"},\"wordCount\":308,\"commentCount\":0,\"publisher\":{\"@id\":\"https:\\\/\\\/www.ativ.pt\\\/fr\\\/#organization\"},\"image\":{\"@id\":\"https:\\\/\\\/www.ativ.pt\\\/fr\\\/2024\\\/07\\\/04\\\/construction-de-la-voie-verte-du-littoral-de-lalgarve\\\/#primaryimage\"},\"thumbnailUrl\":\"https:\\\/\\\/www.ativ.pt\\\/wp-content\\\/uploads\\\/2024\\\/07\\\/IMG-20240704-WA0004.jpg\",\"articleSection\":[\"Article\"],\"inLanguage\":\"fr-FR\",\"potentialAction\":[{\"@type\":\"CommentAction\",\"name\":\"Comment\",\"target\":[\"https:\\\/\\\/www.ativ.pt\\\/fr\\\/2024\\\/07\\\/04\\\/construction-de-la-voie-verte-du-littoral-de-lalgarve\\\/#respond\"]}]},{\"@type\":\"WebPage\",\"@id\":\"https:\\\/\\\/www.ativ.pt\\\/fr\\\/2024\\\/07\\\/04\\\/construction-de-la-voie-verte-du-littoral-de-lalgarve\\\/\",\"url\":\"https:\\\/\\\/www.ativ.pt\\\/fr\\\/2024\\\/07\\\/04\\\/construction-de-la-voie-verte-du-littoral-de-lalgarve\\\/\",\"name\":\"Construction de la Voie Verte du Littoral de l'Algarve - Mota-Engil ATIV\",\"isPartOf\":{\"@id\":\"https:\\\/\\\/www.ativ.pt\\\/fr\\\/#website\"},\"primaryImageOfPage\":{\"@id\":\"https:\\\/\\\/www.ativ.pt\\\/fr\\\/2024\\\/07\\\/04\\\/construction-de-la-voie-verte-du-littoral-de-lalgarve\\\/#primaryimage\"},\"image\":{\"@id\":\"https:\\\/\\\/www.ativ.pt\\\/fr\\\/2024\\\/07\\\/04\\\/construction-de-la-voie-verte-du-littoral-de-lalgarve\\\/#primaryimage\"},\"thumbnailUrl\":\"https:\\\/\\\/www.ativ.pt\\\/wp-content\\\/uploads\\\/2024\\\/07\\\/IMG-20240704-WA0004.jpg\",\"datePublished\":\"2024-07-04T08:33:54+00:00\",\"dateModified\":\"2024-07-08T16:01:20+00:00\",\"breadcrumb\":{\"@id\":\"https:\\\/\\\/www.ativ.pt\\\/fr\\\/2024\\\/07\\\/04\\\/construction-de-la-voie-verte-du-littoral-de-lalgarve\\\/#breadcrumb\"},\"inLanguage\":\"fr-FR\",\"potentialAction\":[{\"@type\":\"ReadAction\",\"target\":[\"https:\\\/\\\/www.ativ.pt\\\/fr\\\/2024\\\/07\\\/04\\\/construction-de-la-voie-verte-du-littoral-de-lalgarve\\\/\"]}]},{\"@type\":\"ImageObject\",\"inLanguage\":\"fr-FR\",\"@id\":\"https:\\\/\\\/www.ativ.pt\\\/fr\\\/2024\\\/07\\\/04\\\/construction-de-la-voie-verte-du-littoral-de-lalgarve\\\/#primaryimage\",\"url\":\"https:\\\/\\\/www.ativ.pt\\\/wp-content\\\/uploads\\\/2024\\\/07\\\/IMG-20240704-WA0004.jpg\",\"contentUrl\":\"https:\\\/\\\/www.ativ.pt\\\/wp-content\\\/uploads\\\/2024\\\/07\\\/IMG-20240704-WA0004.jpg\",\"width\":1600,\"height\":900},{\"@type\":\"BreadcrumbList\",\"@id\":\"https:\\\/\\\/www.ativ.pt\\\/fr\\\/2024\\\/07\\\/04\\\/construction-de-la-voie-verte-du-littoral-de-lalgarve\\\/#breadcrumb\",\"itemListElement\":[{\"@type\":\"ListItem\",\"position\":1,\"name\":\"In\u00edcio\",\"item\":\"https:\\\/\\\/www.ativ.pt\\\/fr\\\/\"},{\"@type\":\"ListItem\",\"position\":2,\"name\":\"Construction de la Voie Verte du Littoral de l&rsquo;Algarve\"}]},{\"@type\":\"WebSite\",\"@id\":\"https:\\\/\\\/www.ativ.pt\\\/fr\\\/#website\",\"url\":\"https:\\\/\\\/www.ativ.pt\\\/fr\\\/\",\"name\":\"Mota-Engil ATIV\",\"description\":\"Gest\u00e3o e Manuten\u00e7\u00e3o de Ativos\",\"publisher\":{\"@id\":\"https:\\\/\\\/www.ativ.pt\\\/fr\\\/#organization\"},\"potentialAction\":[{\"@type\":\"SearchAction\",\"target\":{\"@type\":\"EntryPoint\",\"urlTemplate\":\"https:\\\/\\\/www.ativ.pt\\\/fr\\\/?s={search_term_string}\"},\"query-input\":{\"@type\":\"PropertyValueSpecification\",\"valueRequired\":true,\"valueName\":\"search_term_string\"}}],\"inLanguage\":\"fr-FR\"},{\"@type\":\"Organization\",\"@id\":\"https:\\\/\\\/www.ativ.pt\\\/fr\\\/#organization\",\"name\":\"Mota-Engil ATIV\",\"url\":\"https:\\\/\\\/www.ativ.pt\\\/fr\\\/\",\"logo\":{\"@type\":\"ImageObject\",\"inLanguage\":\"fr-FR\",\"@id\":\"https:\\\/\\\/www.ativ.pt\\\/fr\\\/#\\\/schema\\\/logo\\\/image\\\/\",\"url\":\"https:\\\/\\\/www.ativ.pt\\\/wp-content\\\/uploads\\\/2022\\\/04\\\/logo-ativ-cor-1.svg\",\"contentUrl\":\"https:\\\/\\\/www.ativ.pt\\\/wp-content\\\/uploads\\\/2022\\\/04\\\/logo-ativ-cor-1.svg\",\"width\":250,\"height\":100,\"caption\":\"Mota-Engil ATIV\"},\"image\":{\"@id\":\"https:\\\/\\\/www.ativ.pt\\\/fr\\\/#\\\/schema\\\/logo\\\/image\\\/\"},\"sameAs\":[\"https:\\\/\\\/www.facebook.com\\\/MotaEngilATIV\\\/\",\"https:\\\/\\\/www.instagram.com\\\/mota_engil_ativ\\\/\",\"https:\\\/\\\/www.linkedin.com\\\/company\\\/motaengil-ativ\"]},{\"@type\":\"Person\",\"@id\":\"https:\\\/\\\/www.ativ.pt\\\/fr\\\/#\\\/schema\\\/person\\\/76cd49f91ef96b6902453415264f0c55\",\"name\":\"Susana Guerreiro\"}]}<\/script>\n<!-- \/ Yoast SEO plugin. -->","yoast_head_json":{"title":"Construction de la Voie Verte du Littoral de l'Algarve - Mota-Engil ATIV","robots":{"index":"index","follow":"follow","max-snippet":"max-snippet:-1","max-image-preview":"max-image-preview:large","max-video-preview":"max-video-preview:-1"},"canonical":"https:\/\/www.ativ.pt\/fr\/2024\/07\/04\/construction-de-la-voie-verte-du-littoral-de-lalgarve\/","og_locale":"fr_FR","og_type":"article","og_title":"Construction de la Voie Verte du Littoral de l'Algarve - Mota-Engil ATIV","og_description":"Mota-Engil ATIV \u00e9tait responsable de la construction de la section traversant la municipalit\u00e9 de Lagos, sur une longueur totale de 15,1 kilom\u00e8tres","og_url":"https:\/\/www.ativ.pt\/fr\/2024\/07\/04\/construction-de-la-voie-verte-du-littoral-de-lalgarve\/","og_site_name":"Mota-Engil ATIV","article_publisher":"https:\/\/www.facebook.com\/MotaEngilATIV\/","article_published_time":"2024-07-04T08:33:54+00:00","article_modified_time":"2024-07-08T16:01:20+00:00","og_image":[{"width":1600,"height":900,"url":"https:\/\/www.ativ.pt\/wp-content\/uploads\/2024\/07\/IMG-20240704-WA0004.jpg","type":"image\/jpeg"}],"author":"Susana Guerreiro","twitter_card":"summary_large_image","twitter_misc":{"\u00c9crit par":"Susana Guerreiro","Dur\u00e9e de lecture estim\u00e9e":"1 minute"},"schema":{"@context":"https:\/\/schema.org","@graph":[{"@type":"Article","@id":"https:\/\/www.ativ.pt\/fr\/2024\/07\/04\/construction-de-la-voie-verte-du-littoral-de-lalgarve\/#article","isPartOf":{"@id":"https:\/\/www.ativ.pt\/fr\/2024\/07\/04\/construction-de-la-voie-verte-du-littoral-de-lalgarve\/"},"author":{"name":"Susana Guerreiro","@id":"https:\/\/www.ativ.pt\/fr\/#\/schema\/person\/76cd49f91ef96b6902453415264f0c55"},"headline":"Construction de la Voie Verte du Littoral de l&rsquo;Algarve","datePublished":"2024-07-04T08:33:54+00:00","dateModified":"2024-07-08T16:01:20+00:00","mainEntityOfPage":{"@id":"https:\/\/www.ativ.pt\/fr\/2024\/07\/04\/construction-de-la-voie-verte-du-littoral-de-lalgarve\/"},"wordCount":308,"commentCount":0,"publisher":{"@id":"https:\/\/www.ativ.pt\/fr\/#organization"},"image":{"@id":"https:\/\/www.ativ.pt\/fr\/2024\/07\/04\/construction-de-la-voie-verte-du-littoral-de-lalgarve\/#primaryimage"},"thumbnailUrl":"https:\/\/www.ativ.pt\/wp-content\/uploads\/2024\/07\/IMG-20240704-WA0004.jpg","articleSection":["Article"],"inLanguage":"fr-FR","potentialAction":[{"@type":"CommentAction","name":"Comment","target":["https:\/\/www.ativ.pt\/fr\/2024\/07\/04\/construction-de-la-voie-verte-du-littoral-de-lalgarve\/#respond"]}]},{"@type":"WebPage","@id":"https:\/\/www.ativ.pt\/fr\/2024\/07\/04\/construction-de-la-voie-verte-du-littoral-de-lalgarve\/","url":"https:\/\/www.ativ.pt\/fr\/2024\/07\/04\/construction-de-la-voie-verte-du-littoral-de-lalgarve\/","name":"Construction de la Voie Verte du Littoral de l'Algarve - Mota-Engil ATIV","isPartOf":{"@id":"https:\/\/www.ativ.pt\/fr\/#website"},"primaryImageOfPage":{"@id":"https:\/\/www.ativ.pt\/fr\/2024\/07\/04\/construction-de-la-voie-verte-du-littoral-de-lalgarve\/#primaryimage"},"image":{"@id":"https:\/\/www.ativ.pt\/fr\/2024\/07\/04\/construction-de-la-voie-verte-du-littoral-de-lalgarve\/#primaryimage"},"thumbnailUrl":"https:\/\/www.ativ.pt\/wp-content\/uploads\/2024\/07\/IMG-20240704-WA0004.jpg","datePublished":"2024-07-04T08:33:54+00:00","dateModified":"2024-07-08T16:01:20+00:00","breadcrumb":{"@id":"https:\/\/www.ativ.pt\/fr\/2024\/07\/04\/construction-de-la-voie-verte-du-littoral-de-lalgarve\/#breadcrumb"},"inLanguage":"fr-FR","potentialAction":[{"@type":"ReadAction","target":["https:\/\/www.ativ.pt\/fr\/2024\/07\/04\/construction-de-la-voie-verte-du-littoral-de-lalgarve\/"]}]},{"@type":"ImageObject","inLanguage":"fr-FR","@id":"https:\/\/www.ativ.pt\/fr\/2024\/07\/04\/construction-de-la-voie-verte-du-littoral-de-lalgarve\/#primaryimage","url":"https:\/\/www.ativ.pt\/wp-content\/uploads\/2024\/07\/IMG-20240704-WA0004.jpg","contentUrl":"https:\/\/www.ativ.pt\/wp-content\/uploads\/2024\/07\/IMG-20240704-WA0004.jpg","width":1600,"height":900},{"@type":"BreadcrumbList","@id":"https:\/\/www.ativ.pt\/fr\/2024\/07\/04\/construction-de-la-voie-verte-du-littoral-de-lalgarve\/#breadcrumb","itemListElement":[{"@type":"ListItem","position":1,"name":"In\u00edcio","item":"https:\/\/www.ativ.pt\/fr\/"},{"@type":"ListItem","position":2,"name":"Construction de la Voie Verte du Littoral de l&rsquo;Algarve"}]},{"@type":"WebSite","@id":"https:\/\/www.ativ.pt\/fr\/#website","url":"https:\/\/www.ativ.pt\/fr\/","name":"Mota-Engil ATIV","description":"Gest\u00e3o e Manuten\u00e7\u00e3o de Ativos","publisher":{"@id":"https:\/\/www.ativ.pt\/fr\/#organization"},"potentialAction":[{"@type":"SearchAction","target":{"@type":"EntryPoint","urlTemplate":"https:\/\/www.ativ.pt\/fr\/?s={search_term_string}"},"query-input":{"@type":"PropertyValueSpecification","valueRequired":true,"valueName":"search_term_string"}}],"inLanguage":"fr-FR"},{"@type":"Organization","@id":"https:\/\/www.ativ.pt\/fr\/#organization","name":"Mota-Engil ATIV","url":"https:\/\/www.ativ.pt\/fr\/","logo":{"@type":"ImageObject","inLanguage":"fr-FR","@id":"https:\/\/www.ativ.pt\/fr\/#\/schema\/logo\/image\/","url":"https:\/\/www.ativ.pt\/wp-content\/uploads\/2022\/04\/logo-ativ-cor-1.svg","contentUrl":"https:\/\/www.ativ.pt\/wp-content\/uploads\/2022\/04\/logo-ativ-cor-1.svg","width":250,"height":100,"caption":"Mota-Engil ATIV"},"image":{"@id":"https:\/\/www.ativ.pt\/fr\/#\/schema\/logo\/image\/"},"sameAs":["https:\/\/www.facebook.com\/MotaEngilATIV\/","https:\/\/www.instagram.com\/mota_engil_ativ\/","https:\/\/www.linkedin.com\/company\/motaengil-ativ"]},{"@type":"Person","@id":"https:\/\/www.ativ.pt\/fr\/#\/schema\/person\/76cd49f91ef96b6902453415264f0c55","name":"Susana Guerreiro"}]}},"_links":{"self":[{"href":"https:\/\/www.ativ.pt\/fr\/wp-json\/wp\/v2\/posts\/11577","targetHints":{"allow":["GET"]}}],"collection":[{"href":"https:\/\/www.ativ.pt\/fr\/wp-json\/wp\/v2\/posts"}],"about":[{"href":"https:\/\/www.ativ.pt\/fr\/wp-json\/wp\/v2\/types\/post"}],"author":[{"embeddable":true,"href":"https:\/\/www.ativ.pt\/fr\/wp-json\/wp\/v2\/users\/2"}],"replies":[{"embeddable":true,"href":"https:\/\/www.ativ.pt\/fr\/wp-json\/wp\/v2\/comments?post=11577"}],"version-history":[{"count":1,"href":"https:\/\/www.ativ.pt\/fr\/wp-json\/wp\/v2\/posts\/11577\/revisions"}],"predecessor-version":[{"id":11578,"href":"https:\/\/www.ativ.pt\/fr\/wp-json\/wp\/v2\/posts\/11577\/revisions\/11578"}],"wp:featuredmedia":[{"embeddable":true,"href":"https:\/\/www.ativ.pt\/fr\/wp-json\/wp\/v2\/media\/11417"}],"wp:attachment":[{"href":"https:\/\/www.ativ.pt\/fr\/wp-json\/wp\/v2\/media?parent=11577"}],"wp:term":[{"taxonomy":"category","embeddable":true,"href":"https:\/\/www.ativ.pt\/fr\/wp-json\/wp\/v2\/categories?post=11577"},{"taxonomy":"post_tag","embeddable":true,"href":"https:\/\/www.ativ.pt\/fr\/wp-json\/wp\/v2\/tags?post=11577"}],"curies":[{"name":"wp","href":"https:\/\/api.w.org\/{rel}","templated":true}]}}