{"id":11568,"date":"2024-07-04T08:55:32","date_gmt":"2024-07-04T08:55:32","guid":{"rendered":"https:\/\/www.ativ.pt\/2024\/07\/04\/regles-pour-proteger-les-travailleurs-de-la-chaleur-extreme\/"},"modified":"2024-07-08T14:05:34","modified_gmt":"2024-07-08T14:05:34","slug":"regles-pour-proteger-les-travailleurs-de-la-chaleur-extreme","status":"publish","type":"post","link":"https:\/\/www.ativ.pt\/fr\/2024\/07\/04\/regles-pour-proteger-les-travailleurs-de-la-chaleur-extreme\/","title":{"rendered":"R\u00e8gles pour prot\u00e9ger les travailleurs de la chaleur extr\u00eame"},"content":{"rendered":"\n<p>Les changements climatiques sont de plus en plus une pr\u00e9occupation g\u00e9n\u00e9rale, cependant, avec l&rsquo;arriv\u00e9e de l&rsquo;\u00e9t\u00e9, nous constatons une augmentation naturelle des temp\u00e9ratures, de l&rsquo;exposition solaire et de ses effets, de plus en plus nocifs.<\/p>\n\n<p>L&rsquo;Agence europ\u00e9enne pour la s\u00e9curit\u00e9 et la sant\u00e9 (EU OSHA) a r\u00e9cemment lanc\u00e9 une campagne de sensibilisation destin\u00e9e aux travailleurs expos\u00e9s aux rayons solaires et aux temp\u00e9ratures \u00e9lev\u00e9es, en diffusant un guide pour les lieux de travail avec des temp\u00e9ratures \u00e9lev\u00e9es.<\/p>\n\n<p>Ce guide inclut \u00e9galement des mesures de premiers secours pour divers sc\u00e9narios, notamment l&rsquo;insolation, l&rsquo;\u00e9puisement d\u00fb \u00e0 la chaleur, les crampes ou m\u00eame l&rsquo;\u00e9ruption cutan\u00e9e, entre autres.<\/p>\n<div class=\"wp-block-image\">\n<figure class=\"alignleft size-full\"><img fetchpriority=\"high\" decoding=\"async\" width=\"555\" height=\"312\" src=\"https:\/\/www.ativ.pt\/wp-content\/uploads\/2024\/07\/HEAT-STRESS_FRAME_04.png\" alt=\"\" class=\"wp-image-11422\" srcset=\"https:\/\/www.ativ.pt\/wp-content\/uploads\/2024\/07\/HEAT-STRESS_FRAME_04.png 555w, https:\/\/www.ativ.pt\/wp-content\/uploads\/2024\/07\/HEAT-STRESS_FRAME_04-300x169.png 300w\" sizes=\"(max-width: 555px) 100vw, 555px\" \/><\/figure>\n<\/div>\n<p>Le stress thermique est un risque pour les travailleurs dans tous les secteurs d&rsquo;activit\u00e9, sa gravit\u00e9 d\u00e9pendant du lieu de travail, mais aussi de caract\u00e9ristiques individuelles telles que l&rsquo;\u00e2ge, le poids et la condition physique (ant\u00e9c\u00e9dents de sant\u00e9).<\/p>\n\n<p>Il est important d&rsquo;agir en pr\u00e9vention, en adoptant des habitudes alimentaires saines, en maintenant des niveaux \u00e9lev\u00e9s d&rsquo;hydratation et en prot\u00e9geant la peau des rayons solaires.<\/p>\n\n<p>La protection contre les rayons solaires doit id\u00e9alement se faire par l&rsquo;ombre ou des v\u00eatements appropri\u00e9s, si cela n&rsquo;est pas possible, en dernier recours, une protection solaire \u00e0 haute efficacit\u00e9, par exemple un facteur 50, doit \u00eatre utilis\u00e9e. Une autre mesure pourrait \u00eatre l&rsquo;adaptation des horaires de travail afin d&rsquo;\u00e9viter l&rsquo;exposition au soleil et \u00e0 la chaleur.<\/p>\n\n<p>L&rsquo;exposition aux rayons solaires provoque des br\u00fblures lentes qui ne sont pas toujours d\u00e9tect\u00e9es \u00e0 temps pour \u00e9viter des dommages \u00e0 la peau, mais leurs cons\u00e9quences sont prolong\u00e9es dans le temps, avec beaucoup d&rsquo;inconfort et une probabilit\u00e9 de complications futures sur la peau, comme par exemple le cancer de la peau.<\/p>\n\n<p>Avec l&rsquo;augmentation des temp\u00e9ratures, nous nous rappelons du film <a href=\"https:\/\/www.youtube.com\/watch?v=q58GEIURB4M\">Napo en&#8230; Il fait tellement chaud qu&rsquo;on ne peut m\u00eame pas travailler!<\/a> qui, dans son style humoristique habituel, nous donne une id\u00e9e de ce qui doit \u00eatre fait pour contr\u00f4ler le stress thermique sur le lieu de travail et prot\u00e9ger les travailleurs, notamment par l&rsquo;adaptation des horaires de travail, l&rsquo;augmentation de l&rsquo;hydratation, la protection contre la lumi\u00e8re solaire, etc.<\/p>\n\n<p> (Re)consultez \u00e9galement le<a href=\"https:\/\/eur02.safelinks.protection.outlook.com\/?url=http%3A%2F%2Fr.sb.cec.org.pt%2Fmk%2Fcl%2Ff%2Fsh%2F1t6Af4OiGsHKgQTMRqS1azNHlU0SKf%2FQIgXRRlxcxs5&amp;data=05%7C02%7Corlando.martins%40ativ.pt%7Cbcc23954a46a454649bc08dc99d2ac8d%7Ce8ff29bfb7964b2791e128784df16151%7C0%7C0%7C638554377689624494%7CUnknown%7CTWFpbGZsb3d8eyJWIjoiMC4wLjAwMDAiLCJQIjoiV2luMzIiLCJBTiI6Ik1haWwiLCJXVCI6Mn0%3D%7C0%7C%7C%7C&amp;sdata=efUh83oHdZ3zeayLF%2FeNJb8SRsfbhprAc9qjSqg87k4%3D&amp;reserved=0\" target=\"_blank\" rel=\"noreferrer noopener\"><strong>Guide pratique : Temp\u00e9ratures \u00e9lev\u00e9es de l&rsquo;EU-OSHA<\/strong><\/a><strong> avec des orientations pratiques sur la gestion des risques associ\u00e9s au travail dans des conditions d&rsquo;exposition \u00e0 la chaleur.<\/strong><\/p>\n\n<p>En plus d&rsquo;\u00eatre disponible en portugais, vous pouvez \u00e9galement le trouver <a href=\"https:\/\/eur02.safelinks.protection.outlook.com\/?url=http%3A%2F%2Fr.sb.cec.org.pt%2Fmk%2Fcl%2Ff%2Fsh%2F1t6Af4OiGsHn18fmqCXwlFR79IzC2j%2F3UB_h7GtzGIH&amp;data=05%7C02%7Corlando.martins%40ativ.pt%7Cbcc23954a46a454649bc08dc99d2ac8d%7Ce8ff29bfb7964b2791e128784df16151%7C0%7C0%7C638554377689631350%7CUnknown%7CTWFpbGZsb3d8eyJWIjoiMC4wLjAwMDAiLCJQIjoiV2luMzIiLCJBTiI6Ik1haWwiLCJXVCI6Mn0%3D%7C0%7C%7C%7C&amp;sdata=YM6QfYqFEW%2B347oGG3JjGmsHoy0EFpiHCwlZsEFkuLQ%3D&amp;reserved=0\" target=\"_blank\" rel=\"noreferrer noopener\"><strong>ici<\/strong><\/a> dans d&rsquo;autres langues.<\/p>\n\n<p>Prot\u00e9gez l&rsquo;actif le plus important de Mota-Engil ATIV, prot\u00e9gez-vous vous-m\u00eame !<\/p>\n","protected":false},"excerpt":{"rendered":"<p>L&rsquo;Agence europ\u00e9enne pour la s\u00e9curit\u00e9 et la sant\u00e9 (EU OSHA) a r\u00e9cemment lanc\u00e9 une campagne de sensibilisation destin\u00e9e aux travailleurs expos\u00e9s aux rayons solaires et aux temp\u00e9ratures \u00e9lev\u00e9es, en diffusant un guide pour les lieux de travail avec des temp\u00e9ratures \u00e9lev\u00e9es.<\/p>\n","protected":false},"author":2,"featured_media":11424,"comment_status":"open","ping_status":"open","sticky":false,"template":"","format":"standard","meta":{"_acf_changed":false,"footnotes":""},"categories":[15],"tags":[],"class_list":["post-11568","post","type-post","status-publish","format-standard","has-post-thumbnail","hentry","category-articles"],"acf":[],"yoast_head":"<!-- This site is optimized with the Yoast SEO plugin v27.5 - https:\/\/yoast.com\/product\/yoast-seo-wordpress\/ -->\n<title>R\u00e8gles pour prot\u00e9ger les travailleurs de la chaleur extr\u00eame - Mota-Engil ATIV<\/title>\n<meta name=\"robots\" content=\"index, follow, max-snippet:-1, max-image-preview:large, max-video-preview:-1\" \/>\n<link rel=\"canonical\" href=\"https:\/\/www.ativ.pt\/fr\/2024\/07\/04\/regles-pour-proteger-les-travailleurs-de-la-chaleur-extreme\/\" \/>\n<meta property=\"og:locale\" content=\"fr_FR\" \/>\n<meta property=\"og:type\" content=\"article\" \/>\n<meta property=\"og:title\" content=\"R\u00e8gles pour prot\u00e9ger les travailleurs de la chaleur extr\u00eame - Mota-Engil ATIV\" \/>\n<meta property=\"og:description\" content=\"L&#039;Agence europ\u00e9enne pour la s\u00e9curit\u00e9 et la sant\u00e9 (EU OSHA) a r\u00e9cemment lanc\u00e9 une campagne de sensibilisation destin\u00e9e aux travailleurs expos\u00e9s aux rayons solaires et aux temp\u00e9ratures \u00e9lev\u00e9es, en diffusant un guide pour les lieux de travail avec des temp\u00e9ratures \u00e9lev\u00e9es.\" \/>\n<meta property=\"og:url\" content=\"https:\/\/www.ativ.pt\/fr\/2024\/07\/04\/regles-pour-proteger-les-travailleurs-de-la-chaleur-extreme\/\" \/>\n<meta property=\"og:site_name\" content=\"Mota-Engil ATIV\" \/>\n<meta property=\"article:publisher\" content=\"https:\/\/www.facebook.com\/MotaEngilATIV\/\" \/>\n<meta property=\"article:published_time\" content=\"2024-07-04T08:55:32+00:00\" \/>\n<meta property=\"article:modified_time\" content=\"2024-07-08T14:05:34+00:00\" \/>\n<meta property=\"og:image\" content=\"https:\/\/www.ativ.pt\/wp-content\/uploads\/2024\/07\/HEAT-STRESS_FRAME_04.png\" \/>\n\t<meta property=\"og:image:width\" content=\"555\" \/>\n\t<meta property=\"og:image:height\" content=\"312\" \/>\n\t<meta property=\"og:image:type\" content=\"image\/png\" \/>\n<meta name=\"author\" content=\"Susana Guerreiro\" \/>\n<meta name=\"twitter:card\" content=\"summary_large_image\" \/>\n<meta name=\"twitter:label1\" content=\"\u00c9crit par\" \/>\n\t<meta name=\"twitter:data1\" content=\"Susana Guerreiro\" \/>\n\t<meta name=\"twitter:label2\" content=\"Dur\u00e9e de lecture estim\u00e9e\" \/>\n\t<meta name=\"twitter:data2\" content=\"2 minutes\" \/>\n<script type=\"application\/ld+json\" class=\"yoast-schema-graph\">{\"@context\":\"https:\\\/\\\/schema.org\",\"@graph\":[{\"@type\":\"Article\",\"@id\":\"https:\\\/\\\/www.ativ.pt\\\/fr\\\/2024\\\/07\\\/04\\\/regles-pour-proteger-les-travailleurs-de-la-chaleur-extreme\\\/#article\",\"isPartOf\":{\"@id\":\"https:\\\/\\\/www.ativ.pt\\\/fr\\\/2024\\\/07\\\/04\\\/regles-pour-proteger-les-travailleurs-de-la-chaleur-extreme\\\/\"},\"author\":{\"name\":\"Susana Guerreiro\",\"@id\":\"https:\\\/\\\/www.ativ.pt\\\/fr\\\/#\\\/schema\\\/person\\\/76cd49f91ef96b6902453415264f0c55\"},\"headline\":\"R\u00e8gles pour prot\u00e9ger les travailleurs de la chaleur extr\u00eame\",\"datePublished\":\"2024-07-04T08:55:32+00:00\",\"dateModified\":\"2024-07-08T14:05:34+00:00\",\"mainEntityOfPage\":{\"@id\":\"https:\\\/\\\/www.ativ.pt\\\/fr\\\/2024\\\/07\\\/04\\\/regles-pour-proteger-les-travailleurs-de-la-chaleur-extreme\\\/\"},\"wordCount\":475,\"commentCount\":0,\"publisher\":{\"@id\":\"https:\\\/\\\/www.ativ.pt\\\/fr\\\/#organization\"},\"image\":{\"@id\":\"https:\\\/\\\/www.ativ.pt\\\/fr\\\/2024\\\/07\\\/04\\\/regles-pour-proteger-les-travailleurs-de-la-chaleur-extreme\\\/#primaryimage\"},\"thumbnailUrl\":\"https:\\\/\\\/www.ativ.pt\\\/wp-content\\\/uploads\\\/2024\\\/07\\\/HEAT-STRESS_FRAME_04.png\",\"articleSection\":[\"Article\"],\"inLanguage\":\"fr-FR\",\"potentialAction\":[{\"@type\":\"CommentAction\",\"name\":\"Comment\",\"target\":[\"https:\\\/\\\/www.ativ.pt\\\/fr\\\/2024\\\/07\\\/04\\\/regles-pour-proteger-les-travailleurs-de-la-chaleur-extreme\\\/#respond\"]}]},{\"@type\":\"WebPage\",\"@id\":\"https:\\\/\\\/www.ativ.pt\\\/fr\\\/2024\\\/07\\\/04\\\/regles-pour-proteger-les-travailleurs-de-la-chaleur-extreme\\\/\",\"url\":\"https:\\\/\\\/www.ativ.pt\\\/fr\\\/2024\\\/07\\\/04\\\/regles-pour-proteger-les-travailleurs-de-la-chaleur-extreme\\\/\",\"name\":\"R\u00e8gles pour prot\u00e9ger les travailleurs de la chaleur extr\u00eame - Mota-Engil ATIV\",\"isPartOf\":{\"@id\":\"https:\\\/\\\/www.ativ.pt\\\/fr\\\/#website\"},\"primaryImageOfPage\":{\"@id\":\"https:\\\/\\\/www.ativ.pt\\\/fr\\\/2024\\\/07\\\/04\\\/regles-pour-proteger-les-travailleurs-de-la-chaleur-extreme\\\/#primaryimage\"},\"image\":{\"@id\":\"https:\\\/\\\/www.ativ.pt\\\/fr\\\/2024\\\/07\\\/04\\\/regles-pour-proteger-les-travailleurs-de-la-chaleur-extreme\\\/#primaryimage\"},\"thumbnailUrl\":\"https:\\\/\\\/www.ativ.pt\\\/wp-content\\\/uploads\\\/2024\\\/07\\\/HEAT-STRESS_FRAME_04.png\",\"datePublished\":\"2024-07-04T08:55:32+00:00\",\"dateModified\":\"2024-07-08T14:05:34+00:00\",\"breadcrumb\":{\"@id\":\"https:\\\/\\\/www.ativ.pt\\\/fr\\\/2024\\\/07\\\/04\\\/regles-pour-proteger-les-travailleurs-de-la-chaleur-extreme\\\/#breadcrumb\"},\"inLanguage\":\"fr-FR\",\"potentialAction\":[{\"@type\":\"ReadAction\",\"target\":[\"https:\\\/\\\/www.ativ.pt\\\/fr\\\/2024\\\/07\\\/04\\\/regles-pour-proteger-les-travailleurs-de-la-chaleur-extreme\\\/\"]}]},{\"@type\":\"ImageObject\",\"inLanguage\":\"fr-FR\",\"@id\":\"https:\\\/\\\/www.ativ.pt\\\/fr\\\/2024\\\/07\\\/04\\\/regles-pour-proteger-les-travailleurs-de-la-chaleur-extreme\\\/#primaryimage\",\"url\":\"https:\\\/\\\/www.ativ.pt\\\/wp-content\\\/uploads\\\/2024\\\/07\\\/HEAT-STRESS_FRAME_04.png\",\"contentUrl\":\"https:\\\/\\\/www.ativ.pt\\\/wp-content\\\/uploads\\\/2024\\\/07\\\/HEAT-STRESS_FRAME_04.png\",\"width\":555,\"height\":312},{\"@type\":\"BreadcrumbList\",\"@id\":\"https:\\\/\\\/www.ativ.pt\\\/fr\\\/2024\\\/07\\\/04\\\/regles-pour-proteger-les-travailleurs-de-la-chaleur-extreme\\\/#breadcrumb\",\"itemListElement\":[{\"@type\":\"ListItem\",\"position\":1,\"name\":\"In\u00edcio\",\"item\":\"https:\\\/\\\/www.ativ.pt\\\/fr\\\/\"},{\"@type\":\"ListItem\",\"position\":2,\"name\":\"R\u00e8gles pour prot\u00e9ger les travailleurs de la chaleur extr\u00eame\"}]},{\"@type\":\"WebSite\",\"@id\":\"https:\\\/\\\/www.ativ.pt\\\/fr\\\/#website\",\"url\":\"https:\\\/\\\/www.ativ.pt\\\/fr\\\/\",\"name\":\"Mota-Engil ATIV\",\"description\":\"Gest\u00e3o e Manuten\u00e7\u00e3o de Ativos\",\"publisher\":{\"@id\":\"https:\\\/\\\/www.ativ.pt\\\/fr\\\/#organization\"},\"potentialAction\":[{\"@type\":\"SearchAction\",\"target\":{\"@type\":\"EntryPoint\",\"urlTemplate\":\"https:\\\/\\\/www.ativ.pt\\\/fr\\\/?s={search_term_string}\"},\"query-input\":{\"@type\":\"PropertyValueSpecification\",\"valueRequired\":true,\"valueName\":\"search_term_string\"}}],\"inLanguage\":\"fr-FR\"},{\"@type\":\"Organization\",\"@id\":\"https:\\\/\\\/www.ativ.pt\\\/fr\\\/#organization\",\"name\":\"Mota-Engil ATIV\",\"url\":\"https:\\\/\\\/www.ativ.pt\\\/fr\\\/\",\"logo\":{\"@type\":\"ImageObject\",\"inLanguage\":\"fr-FR\",\"@id\":\"https:\\\/\\\/www.ativ.pt\\\/fr\\\/#\\\/schema\\\/logo\\\/image\\\/\",\"url\":\"https:\\\/\\\/www.ativ.pt\\\/wp-content\\\/uploads\\\/2022\\\/04\\\/logo-ativ-cor-1.svg\",\"contentUrl\":\"https:\\\/\\\/www.ativ.pt\\\/wp-content\\\/uploads\\\/2022\\\/04\\\/logo-ativ-cor-1.svg\",\"width\":250,\"height\":100,\"caption\":\"Mota-Engil ATIV\"},\"image\":{\"@id\":\"https:\\\/\\\/www.ativ.pt\\\/fr\\\/#\\\/schema\\\/logo\\\/image\\\/\"},\"sameAs\":[\"https:\\\/\\\/www.facebook.com\\\/MotaEngilATIV\\\/\",\"https:\\\/\\\/www.instagram.com\\\/mota_engil_ativ\\\/\",\"https:\\\/\\\/www.linkedin.com\\\/company\\\/motaengil-ativ\"]},{\"@type\":\"Person\",\"@id\":\"https:\\\/\\\/www.ativ.pt\\\/fr\\\/#\\\/schema\\\/person\\\/76cd49f91ef96b6902453415264f0c55\",\"name\":\"Susana Guerreiro\"}]}<\/script>\n<!-- \/ Yoast SEO plugin. -->","yoast_head_json":{"title":"R\u00e8gles pour prot\u00e9ger les travailleurs de la chaleur extr\u00eame - Mota-Engil ATIV","robots":{"index":"index","follow":"follow","max-snippet":"max-snippet:-1","max-image-preview":"max-image-preview:large","max-video-preview":"max-video-preview:-1"},"canonical":"https:\/\/www.ativ.pt\/fr\/2024\/07\/04\/regles-pour-proteger-les-travailleurs-de-la-chaleur-extreme\/","og_locale":"fr_FR","og_type":"article","og_title":"R\u00e8gles pour prot\u00e9ger les travailleurs de la chaleur extr\u00eame - Mota-Engil ATIV","og_description":"L'Agence europ\u00e9enne pour la s\u00e9curit\u00e9 et la sant\u00e9 (EU OSHA) a r\u00e9cemment lanc\u00e9 une campagne de sensibilisation destin\u00e9e aux travailleurs expos\u00e9s aux rayons solaires et aux temp\u00e9ratures \u00e9lev\u00e9es, en diffusant un guide pour les lieux de travail avec des temp\u00e9ratures \u00e9lev\u00e9es.","og_url":"https:\/\/www.ativ.pt\/fr\/2024\/07\/04\/regles-pour-proteger-les-travailleurs-de-la-chaleur-extreme\/","og_site_name":"Mota-Engil ATIV","article_publisher":"https:\/\/www.facebook.com\/MotaEngilATIV\/","article_published_time":"2024-07-04T08:55:32+00:00","article_modified_time":"2024-07-08T14:05:34+00:00","og_image":[{"width":555,"height":312,"url":"https:\/\/www.ativ.pt\/wp-content\/uploads\/2024\/07\/HEAT-STRESS_FRAME_04.png","type":"image\/png"}],"author":"Susana Guerreiro","twitter_card":"summary_large_image","twitter_misc":{"\u00c9crit par":"Susana Guerreiro","Dur\u00e9e de lecture estim\u00e9e":"2 minutes"},"schema":{"@context":"https:\/\/schema.org","@graph":[{"@type":"Article","@id":"https:\/\/www.ativ.pt\/fr\/2024\/07\/04\/regles-pour-proteger-les-travailleurs-de-la-chaleur-extreme\/#article","isPartOf":{"@id":"https:\/\/www.ativ.pt\/fr\/2024\/07\/04\/regles-pour-proteger-les-travailleurs-de-la-chaleur-extreme\/"},"author":{"name":"Susana Guerreiro","@id":"https:\/\/www.ativ.pt\/fr\/#\/schema\/person\/76cd49f91ef96b6902453415264f0c55"},"headline":"R\u00e8gles pour prot\u00e9ger les travailleurs de la chaleur extr\u00eame","datePublished":"2024-07-04T08:55:32+00:00","dateModified":"2024-07-08T14:05:34+00:00","mainEntityOfPage":{"@id":"https:\/\/www.ativ.pt\/fr\/2024\/07\/04\/regles-pour-proteger-les-travailleurs-de-la-chaleur-extreme\/"},"wordCount":475,"commentCount":0,"publisher":{"@id":"https:\/\/www.ativ.pt\/fr\/#organization"},"image":{"@id":"https:\/\/www.ativ.pt\/fr\/2024\/07\/04\/regles-pour-proteger-les-travailleurs-de-la-chaleur-extreme\/#primaryimage"},"thumbnailUrl":"https:\/\/www.ativ.pt\/wp-content\/uploads\/2024\/07\/HEAT-STRESS_FRAME_04.png","articleSection":["Article"],"inLanguage":"fr-FR","potentialAction":[{"@type":"CommentAction","name":"Comment","target":["https:\/\/www.ativ.pt\/fr\/2024\/07\/04\/regles-pour-proteger-les-travailleurs-de-la-chaleur-extreme\/#respond"]}]},{"@type":"WebPage","@id":"https:\/\/www.ativ.pt\/fr\/2024\/07\/04\/regles-pour-proteger-les-travailleurs-de-la-chaleur-extreme\/","url":"https:\/\/www.ativ.pt\/fr\/2024\/07\/04\/regles-pour-proteger-les-travailleurs-de-la-chaleur-extreme\/","name":"R\u00e8gles pour prot\u00e9ger les travailleurs de la chaleur extr\u00eame - Mota-Engil ATIV","isPartOf":{"@id":"https:\/\/www.ativ.pt\/fr\/#website"},"primaryImageOfPage":{"@id":"https:\/\/www.ativ.pt\/fr\/2024\/07\/04\/regles-pour-proteger-les-travailleurs-de-la-chaleur-extreme\/#primaryimage"},"image":{"@id":"https:\/\/www.ativ.pt\/fr\/2024\/07\/04\/regles-pour-proteger-les-travailleurs-de-la-chaleur-extreme\/#primaryimage"},"thumbnailUrl":"https:\/\/www.ativ.pt\/wp-content\/uploads\/2024\/07\/HEAT-STRESS_FRAME_04.png","datePublished":"2024-07-04T08:55:32+00:00","dateModified":"2024-07-08T14:05:34+00:00","breadcrumb":{"@id":"https:\/\/www.ativ.pt\/fr\/2024\/07\/04\/regles-pour-proteger-les-travailleurs-de-la-chaleur-extreme\/#breadcrumb"},"inLanguage":"fr-FR","potentialAction":[{"@type":"ReadAction","target":["https:\/\/www.ativ.pt\/fr\/2024\/07\/04\/regles-pour-proteger-les-travailleurs-de-la-chaleur-extreme\/"]}]},{"@type":"ImageObject","inLanguage":"fr-FR","@id":"https:\/\/www.ativ.pt\/fr\/2024\/07\/04\/regles-pour-proteger-les-travailleurs-de-la-chaleur-extreme\/#primaryimage","url":"https:\/\/www.ativ.pt\/wp-content\/uploads\/2024\/07\/HEAT-STRESS_FRAME_04.png","contentUrl":"https:\/\/www.ativ.pt\/wp-content\/uploads\/2024\/07\/HEAT-STRESS_FRAME_04.png","width":555,"height":312},{"@type":"BreadcrumbList","@id":"https:\/\/www.ativ.pt\/fr\/2024\/07\/04\/regles-pour-proteger-les-travailleurs-de-la-chaleur-extreme\/#breadcrumb","itemListElement":[{"@type":"ListItem","position":1,"name":"In\u00edcio","item":"https:\/\/www.ativ.pt\/fr\/"},{"@type":"ListItem","position":2,"name":"R\u00e8gles pour prot\u00e9ger les travailleurs de la chaleur extr\u00eame"}]},{"@type":"WebSite","@id":"https:\/\/www.ativ.pt\/fr\/#website","url":"https:\/\/www.ativ.pt\/fr\/","name":"Mota-Engil ATIV","description":"Gest\u00e3o e Manuten\u00e7\u00e3o de Ativos","publisher":{"@id":"https:\/\/www.ativ.pt\/fr\/#organization"},"potentialAction":[{"@type":"SearchAction","target":{"@type":"EntryPoint","urlTemplate":"https:\/\/www.ativ.pt\/fr\/?s={search_term_string}"},"query-input":{"@type":"PropertyValueSpecification","valueRequired":true,"valueName":"search_term_string"}}],"inLanguage":"fr-FR"},{"@type":"Organization","@id":"https:\/\/www.ativ.pt\/fr\/#organization","name":"Mota-Engil ATIV","url":"https:\/\/www.ativ.pt\/fr\/","logo":{"@type":"ImageObject","inLanguage":"fr-FR","@id":"https:\/\/www.ativ.pt\/fr\/#\/schema\/logo\/image\/","url":"https:\/\/www.ativ.pt\/wp-content\/uploads\/2022\/04\/logo-ativ-cor-1.svg","contentUrl":"https:\/\/www.ativ.pt\/wp-content\/uploads\/2022\/04\/logo-ativ-cor-1.svg","width":250,"height":100,"caption":"Mota-Engil ATIV"},"image":{"@id":"https:\/\/www.ativ.pt\/fr\/#\/schema\/logo\/image\/"},"sameAs":["https:\/\/www.facebook.com\/MotaEngilATIV\/","https:\/\/www.instagram.com\/mota_engil_ativ\/","https:\/\/www.linkedin.com\/company\/motaengil-ativ"]},{"@type":"Person","@id":"https:\/\/www.ativ.pt\/fr\/#\/schema\/person\/76cd49f91ef96b6902453415264f0c55","name":"Susana Guerreiro"}]}},"_links":{"self":[{"href":"https:\/\/www.ativ.pt\/fr\/wp-json\/wp\/v2\/posts\/11568","targetHints":{"allow":["GET"]}}],"collection":[{"href":"https:\/\/www.ativ.pt\/fr\/wp-json\/wp\/v2\/posts"}],"about":[{"href":"https:\/\/www.ativ.pt\/fr\/wp-json\/wp\/v2\/types\/post"}],"author":[{"embeddable":true,"href":"https:\/\/www.ativ.pt\/fr\/wp-json\/wp\/v2\/users\/2"}],"replies":[{"embeddable":true,"href":"https:\/\/www.ativ.pt\/fr\/wp-json\/wp\/v2\/comments?post=11568"}],"version-history":[{"count":1,"href":"https:\/\/www.ativ.pt\/fr\/wp-json\/wp\/v2\/posts\/11568\/revisions"}],"predecessor-version":[{"id":11569,"href":"https:\/\/www.ativ.pt\/fr\/wp-json\/wp\/v2\/posts\/11568\/revisions\/11569"}],"wp:featuredmedia":[{"embeddable":true,"href":"https:\/\/www.ativ.pt\/fr\/wp-json\/wp\/v2\/media\/11424"}],"wp:attachment":[{"href":"https:\/\/www.ativ.pt\/fr\/wp-json\/wp\/v2\/media?parent=11568"}],"wp:term":[{"taxonomy":"category","embeddable":true,"href":"https:\/\/www.ativ.pt\/fr\/wp-json\/wp\/v2\/categories?post=11568"},{"taxonomy":"post_tag","embeddable":true,"href":"https:\/\/www.ativ.pt\/fr\/wp-json\/wp\/v2\/tags?post=11568"}],"curies":[{"name":"wp","href":"https:\/\/api.w.org\/{rel}","templated":true}]}}