{"id":11009,"date":"2024-06-26T13:23:45","date_gmt":"2024-06-26T13:23:45","guid":{"rendered":"https:\/\/www.ativ.pt\/2024\/06\/26\/inauguree-la-plage-fluviale-de-moura-realisee-par-mota-engil-ativ\/"},"modified":"2024-07-01T09:52:47","modified_gmt":"2024-07-01T09:52:47","slug":"inauguree-la-plage-fluviale-de-moura-realisee-par-mota-engil-ativ","status":"publish","type":"post","link":"https:\/\/www.ativ.pt\/fr\/2024\/06\/26\/inauguree-la-plage-fluviale-de-moura-realisee-par-mota-engil-ativ\/","title":{"rendered":"Inaugur\u00e9e, la plage fluviale de Moura r\u00e9alis\u00e9e par Mota-Engil ATIV"},"content":{"rendered":"\n<p>Avec une vaste zone sablonneuse, deux piscines flottantes \u2014 l&rsquo;une pour les adultes, avec une profondeur de 1,60 m\u00e8tre, et l&rsquo;autre pour les enfants, avec une profondeur de 0,60 m\u00e8tre \u2014 reli\u00e9es par une passerelle, la nouvelle installation sera anim\u00e9e par des activit\u00e9s tout au long de l&rsquo;ann\u00e9e.<\/p>\n\n<div class=\"wp-block-columns is-layout-flex wp-container-core-columns-is-layout-9d6595d7 wp-block-columns-is-layout-flex\">\n<div class=\"wp-block-column is-layout-flow wp-block-column-is-layout-flow\" style=\"flex-basis:50%\">\n<figure class=\"wp-block-image size-large is-resized\"><img fetchpriority=\"high\" decoding=\"async\" width=\"1024\" height=\"768\" src=\"https:\/\/spcdn.shortpixel.ai\/spio\/ret_img,q_cdnize,to_auto,s_webp:avif\/www.ativ.pt\/wp-content\/uploads\/2024\/06\/20240619_111605-3-1024x768.jpg\" alt=\"\" class=\"wp-image-10970\" style=\"width:546px;height:auto\" srcset=\"https:\/\/spcdn.shortpixel.ai\/spio\/ret_img,q_cdnize,to_auto,s_webp:avif\/www.ativ.pt\/wp-content\/uploads\/2024\/06\/20240619_111605-3-1024x768.jpg 1024w, https:\/\/spcdn.shortpixel.ai\/spio\/ret_img,q_cdnize,to_auto,s_webp:avif\/www.ativ.pt\/wp-content\/uploads\/2024\/06\/20240619_111605-3-300x225.jpg 300w, https:\/\/spcdn.shortpixel.ai\/spio\/ret_img,q_cdnize,to_auto,s_webp:avif\/www.ativ.pt\/wp-content\/uploads\/2024\/06\/20240619_111605-3-768x576.jpg 768w, https:\/\/spcdn.shortpixel.ai\/spio\/ret_img,q_cdnize,to_auto,s_webp:avif\/www.ativ.pt\/wp-content\/uploads\/2024\/06\/20240619_111605-3-1536x1152.jpg 1536w, https:\/\/spcdn.shortpixel.ai\/spio\/ret_img,q_cdnize,to_auto,s_webp:avif\/www.ativ.pt\/wp-content\/uploads\/2024\/06\/20240619_111605-3-scaled.jpg 1920w\" sizes=\"(max-width: 1024px) 100vw, 1024px\" \/><\/figure>\n<\/div>\n\n\n\n<div class=\"wp-block-column is-layout-flow wp-block-column-is-layout-flow\" style=\"flex-basis:50%\">\n<figure class=\"wp-block-image size-large\"><img decoding=\"async\" width=\"1024\" height=\"768\" src=\"https:\/\/spcdn.shortpixel.ai\/spio\/ret_img,q_cdnize,to_auto,s_webp:avif\/www.ativ.pt\/wp-content\/uploads\/2024\/06\/20240619_115857-2-1024x768.jpg\" alt=\"\" class=\"wp-image-10978\" srcset=\"https:\/\/spcdn.shortpixel.ai\/spio\/ret_img,q_cdnize,to_auto,s_webp:avif\/www.ativ.pt\/wp-content\/uploads\/2024\/06\/20240619_115857-2-1024x768.jpg 1024w, https:\/\/spcdn.shortpixel.ai\/spio\/ret_img,q_cdnize,to_auto,s_webp:avif\/www.ativ.pt\/wp-content\/uploads\/2024\/06\/20240619_115857-2-300x225.jpg 300w, https:\/\/spcdn.shortpixel.ai\/spio\/ret_img,q_cdnize,to_auto,s_webp:avif\/www.ativ.pt\/wp-content\/uploads\/2024\/06\/20240619_115857-2-768x576.jpg 768w, https:\/\/spcdn.shortpixel.ai\/spio\/ret_img,q_cdnize,to_auto,s_webp:avif\/www.ativ.pt\/wp-content\/uploads\/2024\/06\/20240619_115857-2-1536x1152.jpg 1536w, https:\/\/spcdn.shortpixel.ai\/spio\/ret_img,q_cdnize,to_auto,s_webp:avif\/www.ativ.pt\/wp-content\/uploads\/2024\/06\/20240619_115857-2-scaled.jpg 1920w\" sizes=\"(max-width: 1024px) 100vw, 1024px\" \/><\/figure>\n<\/div>\n<\/div>\n\n<p>Ce projet de Mota-Engil ATIV a combin\u00e9 les comp\u00e9tences en am\u00e9nagement paysager et en construction, incluant des travaux d&rsquo;irrigation, de plantation et de semis, ainsi que des travaux de terrassement, d&rsquo;infrastructures \u00e9lectriques, d&rsquo;\u00e9clairage, de r\u00e9seau d&rsquo;irrigation et de b\u00e2timents de soutien \u00e0 la plage.<\/p>\n\n<p>Avec un pr\u00e9cieux patrimoine naturel et culturel et offrant des conditions id\u00e9ales pour diverses activit\u00e9s aquatiques, la Station Nautique de Moura est un projet coordonn\u00e9 par la Mairie de Moura et d\u00e9velopp\u00e9 en partenariat avec l&rsquo;Entreprise de D\u00e9veloppement et d&rsquo;Infrastructures d&rsquo;Alqueva (EDIA).<\/p>\n\n<p>Na inaugura\u00e7\u00e3o estiveram presentes o Secret\u00e1rio de Estado do Turismo, Pedro Machado e dos presidentes da EDIA, Jos\u00e9 Pedro Salema e da C\u00e2mara Municipal de Moura, \u00c1lvaro Azedo, bem como outras entidades p\u00fablicas e privadas. \u00c0 l&rsquo;inauguration \u00e9taient pr\u00e9sents le Secr\u00e9taire d&rsquo;\u00c9tat au Tourisme, Pedro Machado, les pr\u00e9sidents de l&rsquo;EDIA, Jos\u00e9 Pedro Salema, et de la Mairie de Moura, \u00c1lvaro Azedo, ainsi que d&rsquo;autres entit\u00e9s publiques et priv\u00e9es.<\/p>\n\n<p>\u00ab\u00a0\u00c9 um projeto que n\u00e3o est\u00e1 terminado e em que vamos somando novos investimentos para consolidar as infraestruturas\u00a0\u00bb, sublinhou o presidente do Munic\u00edpio de Moura, \u00c1lvaro Azedo. Il a ajout\u00e9 que cela \u00ab\u00a0diversifiera l&rsquo;offre touristique dans la municipalit\u00e9 de Moura et requalifiera la zone environnante du barrage d&rsquo;Alqueva, en promouvant le d\u00e9veloppement \u00e9conomique, social et culturel de la r\u00e9gion\u00a0\u00bb.<\/p>\n\n<p>Mais um desafio da Mota-Engil ATIV que vem contribuir para um Alentejo mais rico, tur\u00edstico e diversificado. &#8212; Un autre d\u00e9fi pour Mota-Engil ATIV, qui contribue \u00e0 un Alentejo plus riche, plus touristique et diversifi\u00e9.<\/p>\n","protected":false},"excerpt":{"rendered":"<p>L&rsquo;Alentejo a une nouvelle plage fluviale : la Praia do Lago.<br \/>\nSous la responsabilit\u00e9 de Mota-Engil ATIV, cet espace de loisirs et de d\u00e9tente est situ\u00e9 pr\u00e8s de la cr\u00eate du barrage d&rsquo;Alqueva et fait partie int\u00e9grante de la Station Nautique de Moura, qui comprend \u00e9galement un parc de camping-cars.<\/p>\n","protected":false},"author":2,"featured_media":11003,"comment_status":"open","ping_status":"open","sticky":false,"template":"","format":"standard","meta":{"_acf_changed":false,"footnotes":""},"categories":[15],"tags":[],"class_list":["post-11009","post","type-post","status-publish","format-standard","has-post-thumbnail","hentry","category-articles"],"acf":[],"yoast_head":"<!-- This site is optimized with the Yoast SEO plugin v27.5 - https:\/\/yoast.com\/product\/yoast-seo-wordpress\/ -->\n<title>Inaugur\u00e9e, la plage fluviale de Moura r\u00e9alis\u00e9e par Mota-Engil ATIV - Mota-Engil ATIV<\/title>\n<meta name=\"robots\" content=\"index, follow, max-snippet:-1, max-image-preview:large, max-video-preview:-1\" \/>\n<link rel=\"canonical\" href=\"https:\/\/www.ativ.pt\/fr\/2024\/06\/26\/inauguree-la-plage-fluviale-de-moura-realisee-par-mota-engil-ativ\/\" \/>\n<meta property=\"og:locale\" content=\"fr_FR\" \/>\n<meta property=\"og:type\" content=\"article\" \/>\n<meta property=\"og:title\" content=\"Inaugur\u00e9e, la plage fluviale de Moura r\u00e9alis\u00e9e par Mota-Engil ATIV - Mota-Engil ATIV\" \/>\n<meta property=\"og:description\" content=\"L&#039;Alentejo a une nouvelle plage fluviale : la Praia do Lago. Sous la responsabilit\u00e9 de Mota-Engil ATIV, cet espace de loisirs et de d\u00e9tente est situ\u00e9 pr\u00e8s de la cr\u00eate du barrage d&#039;Alqueva et fait partie int\u00e9grante de la Station Nautique de Moura, qui comprend \u00e9galement un parc de camping-cars.\" \/>\n<meta property=\"og:url\" content=\"https:\/\/www.ativ.pt\/fr\/2024\/06\/26\/inauguree-la-plage-fluviale-de-moura-realisee-par-mota-engil-ativ\/\" \/>\n<meta property=\"og:site_name\" content=\"Mota-Engil ATIV\" \/>\n<meta property=\"article:publisher\" content=\"https:\/\/www.facebook.com\/MotaEngilATIV\/\" \/>\n<meta property=\"article:published_time\" content=\"2024-06-26T13:23:45+00:00\" \/>\n<meta property=\"article:modified_time\" content=\"2024-07-01T09:52:47+00:00\" \/>\n<meta property=\"og:image\" content=\"https:\/\/www.ativ.pt\/wp-content\/uploads\/2024\/06\/20240619_110536-scaled.jpg\" \/>\n\t<meta property=\"og:image:width\" content=\"2560\" \/>\n\t<meta property=\"og:image:height\" content=\"1920\" \/>\n\t<meta property=\"og:image:type\" content=\"image\/jpeg\" \/>\n<meta name=\"author\" content=\"Susana Guerreiro\" \/>\n<meta name=\"twitter:card\" content=\"summary_large_image\" \/>\n<meta name=\"twitter:label1\" content=\"\u00c9crit par\" \/>\n\t<meta name=\"twitter:data1\" content=\"Susana Guerreiro\" \/>\n\t<meta name=\"twitter:label2\" content=\"Dur\u00e9e de lecture estim\u00e9e\" \/>\n\t<meta name=\"twitter:data2\" content=\"2 minutes\" \/>\n<script type=\"application\/ld+json\" class=\"yoast-schema-graph\">{\"@context\":\"https:\\\/\\\/schema.org\",\"@graph\":[{\"@type\":\"Article\",\"@id\":\"https:\\\/\\\/www.ativ.pt\\\/fr\\\/2024\\\/06\\\/26\\\/inauguree-la-plage-fluviale-de-moura-realisee-par-mota-engil-ativ\\\/#article\",\"isPartOf\":{\"@id\":\"https:\\\/\\\/www.ativ.pt\\\/fr\\\/2024\\\/06\\\/26\\\/inauguree-la-plage-fluviale-de-moura-realisee-par-mota-engil-ativ\\\/\"},\"author\":{\"name\":\"Susana Guerreiro\",\"@id\":\"https:\\\/\\\/www.ativ.pt\\\/fr\\\/#\\\/schema\\\/person\\\/76cd49f91ef96b6902453415264f0c55\"},\"headline\":\"Inaugur\u00e9e, la plage fluviale de Moura r\u00e9alis\u00e9e par Mota-Engil ATIV\",\"datePublished\":\"2024-06-26T13:23:45+00:00\",\"dateModified\":\"2024-07-01T09:52:47+00:00\",\"mainEntityOfPage\":{\"@id\":\"https:\\\/\\\/www.ativ.pt\\\/fr\\\/2024\\\/06\\\/26\\\/inauguree-la-plage-fluviale-de-moura-realisee-par-mota-engil-ativ\\\/\"},\"wordCount\":347,\"commentCount\":0,\"publisher\":{\"@id\":\"https:\\\/\\\/www.ativ.pt\\\/fr\\\/#organization\"},\"image\":{\"@id\":\"https:\\\/\\\/www.ativ.pt\\\/fr\\\/2024\\\/06\\\/26\\\/inauguree-la-plage-fluviale-de-moura-realisee-par-mota-engil-ativ\\\/#primaryimage\"},\"thumbnailUrl\":\"https:\\\/\\\/www.ativ.pt\\\/wp-content\\\/uploads\\\/2024\\\/06\\\/20240619_110536-scaled.jpg\",\"articleSection\":[\"Article\"],\"inLanguage\":\"fr-FR\",\"potentialAction\":[{\"@type\":\"CommentAction\",\"name\":\"Comment\",\"target\":[\"https:\\\/\\\/www.ativ.pt\\\/fr\\\/2024\\\/06\\\/26\\\/inauguree-la-plage-fluviale-de-moura-realisee-par-mota-engil-ativ\\\/#respond\"]}]},{\"@type\":\"WebPage\",\"@id\":\"https:\\\/\\\/www.ativ.pt\\\/fr\\\/2024\\\/06\\\/26\\\/inauguree-la-plage-fluviale-de-moura-realisee-par-mota-engil-ativ\\\/\",\"url\":\"https:\\\/\\\/www.ativ.pt\\\/fr\\\/2024\\\/06\\\/26\\\/inauguree-la-plage-fluviale-de-moura-realisee-par-mota-engil-ativ\\\/\",\"name\":\"Inaugur\u00e9e, la plage fluviale de Moura r\u00e9alis\u00e9e par Mota-Engil ATIV - Mota-Engil ATIV\",\"isPartOf\":{\"@id\":\"https:\\\/\\\/www.ativ.pt\\\/fr\\\/#website\"},\"primaryImageOfPage\":{\"@id\":\"https:\\\/\\\/www.ativ.pt\\\/fr\\\/2024\\\/06\\\/26\\\/inauguree-la-plage-fluviale-de-moura-realisee-par-mota-engil-ativ\\\/#primaryimage\"},\"image\":{\"@id\":\"https:\\\/\\\/www.ativ.pt\\\/fr\\\/2024\\\/06\\\/26\\\/inauguree-la-plage-fluviale-de-moura-realisee-par-mota-engil-ativ\\\/#primaryimage\"},\"thumbnailUrl\":\"https:\\\/\\\/www.ativ.pt\\\/wp-content\\\/uploads\\\/2024\\\/06\\\/20240619_110536-scaled.jpg\",\"datePublished\":\"2024-06-26T13:23:45+00:00\",\"dateModified\":\"2024-07-01T09:52:47+00:00\",\"breadcrumb\":{\"@id\":\"https:\\\/\\\/www.ativ.pt\\\/fr\\\/2024\\\/06\\\/26\\\/inauguree-la-plage-fluviale-de-moura-realisee-par-mota-engil-ativ\\\/#breadcrumb\"},\"inLanguage\":\"fr-FR\",\"potentialAction\":[{\"@type\":\"ReadAction\",\"target\":[\"https:\\\/\\\/www.ativ.pt\\\/fr\\\/2024\\\/06\\\/26\\\/inauguree-la-plage-fluviale-de-moura-realisee-par-mota-engil-ativ\\\/\"]}]},{\"@type\":\"ImageObject\",\"inLanguage\":\"fr-FR\",\"@id\":\"https:\\\/\\\/www.ativ.pt\\\/fr\\\/2024\\\/06\\\/26\\\/inauguree-la-plage-fluviale-de-moura-realisee-par-mota-engil-ativ\\\/#primaryimage\",\"url\":\"https:\\\/\\\/www.ativ.pt\\\/wp-content\\\/uploads\\\/2024\\\/06\\\/20240619_110536-scaled.jpg\",\"contentUrl\":\"https:\\\/\\\/www.ativ.pt\\\/wp-content\\\/uploads\\\/2024\\\/06\\\/20240619_110536-scaled.jpg\",\"width\":1920,\"height\":1440},{\"@type\":\"BreadcrumbList\",\"@id\":\"https:\\\/\\\/www.ativ.pt\\\/fr\\\/2024\\\/06\\\/26\\\/inauguree-la-plage-fluviale-de-moura-realisee-par-mota-engil-ativ\\\/#breadcrumb\",\"itemListElement\":[{\"@type\":\"ListItem\",\"position\":1,\"name\":\"In\u00edcio\",\"item\":\"https:\\\/\\\/www.ativ.pt\\\/fr\\\/\"},{\"@type\":\"ListItem\",\"position\":2,\"name\":\"Inaugur\u00e9e, la plage fluviale de Moura r\u00e9alis\u00e9e par Mota-Engil ATIV\"}]},{\"@type\":\"WebSite\",\"@id\":\"https:\\\/\\\/www.ativ.pt\\\/fr\\\/#website\",\"url\":\"https:\\\/\\\/www.ativ.pt\\\/fr\\\/\",\"name\":\"Mota-Engil ATIV\",\"description\":\"Gest\u00e3o e Manuten\u00e7\u00e3o de Ativos\",\"publisher\":{\"@id\":\"https:\\\/\\\/www.ativ.pt\\\/fr\\\/#organization\"},\"potentialAction\":[{\"@type\":\"SearchAction\",\"target\":{\"@type\":\"EntryPoint\",\"urlTemplate\":\"https:\\\/\\\/www.ativ.pt\\\/fr\\\/?s={search_term_string}\"},\"query-input\":{\"@type\":\"PropertyValueSpecification\",\"valueRequired\":true,\"valueName\":\"search_term_string\"}}],\"inLanguage\":\"fr-FR\"},{\"@type\":\"Organization\",\"@id\":\"https:\\\/\\\/www.ativ.pt\\\/fr\\\/#organization\",\"name\":\"Mota-Engil ATIV\",\"url\":\"https:\\\/\\\/www.ativ.pt\\\/fr\\\/\",\"logo\":{\"@type\":\"ImageObject\",\"inLanguage\":\"fr-FR\",\"@id\":\"https:\\\/\\\/www.ativ.pt\\\/fr\\\/#\\\/schema\\\/logo\\\/image\\\/\",\"url\":\"https:\\\/\\\/www.ativ.pt\\\/wp-content\\\/uploads\\\/2022\\\/04\\\/logo-ativ-cor-1.svg\",\"contentUrl\":\"https:\\\/\\\/www.ativ.pt\\\/wp-content\\\/uploads\\\/2022\\\/04\\\/logo-ativ-cor-1.svg\",\"width\":250,\"height\":100,\"caption\":\"Mota-Engil ATIV\"},\"image\":{\"@id\":\"https:\\\/\\\/www.ativ.pt\\\/fr\\\/#\\\/schema\\\/logo\\\/image\\\/\"},\"sameAs\":[\"https:\\\/\\\/www.facebook.com\\\/MotaEngilATIV\\\/\",\"https:\\\/\\\/www.instagram.com\\\/mota_engil_ativ\\\/\",\"https:\\\/\\\/www.linkedin.com\\\/company\\\/motaengil-ativ\"]},{\"@type\":\"Person\",\"@id\":\"https:\\\/\\\/www.ativ.pt\\\/fr\\\/#\\\/schema\\\/person\\\/76cd49f91ef96b6902453415264f0c55\",\"name\":\"Susana Guerreiro\"}]}<\/script>\n<!-- \/ Yoast SEO plugin. -->","yoast_head_json":{"title":"Inaugur\u00e9e, la plage fluviale de Moura r\u00e9alis\u00e9e par Mota-Engil ATIV - Mota-Engil ATIV","robots":{"index":"index","follow":"follow","max-snippet":"max-snippet:-1","max-image-preview":"max-image-preview:large","max-video-preview":"max-video-preview:-1"},"canonical":"https:\/\/www.ativ.pt\/fr\/2024\/06\/26\/inauguree-la-plage-fluviale-de-moura-realisee-par-mota-engil-ativ\/","og_locale":"fr_FR","og_type":"article","og_title":"Inaugur\u00e9e, la plage fluviale de Moura r\u00e9alis\u00e9e par Mota-Engil ATIV - Mota-Engil ATIV","og_description":"L'Alentejo a une nouvelle plage fluviale : la Praia do Lago. Sous la responsabilit\u00e9 de Mota-Engil ATIV, cet espace de loisirs et de d\u00e9tente est situ\u00e9 pr\u00e8s de la cr\u00eate du barrage d'Alqueva et fait partie int\u00e9grante de la Station Nautique de Moura, qui comprend \u00e9galement un parc de camping-cars.","og_url":"https:\/\/www.ativ.pt\/fr\/2024\/06\/26\/inauguree-la-plage-fluviale-de-moura-realisee-par-mota-engil-ativ\/","og_site_name":"Mota-Engil ATIV","article_publisher":"https:\/\/www.facebook.com\/MotaEngilATIV\/","article_published_time":"2024-06-26T13:23:45+00:00","article_modified_time":"2024-07-01T09:52:47+00:00","og_image":[{"width":2560,"height":1920,"url":"https:\/\/www.ativ.pt\/wp-content\/uploads\/2024\/06\/20240619_110536-scaled.jpg","type":"image\/jpeg"}],"author":"Susana Guerreiro","twitter_card":"summary_large_image","twitter_misc":{"\u00c9crit par":"Susana Guerreiro","Dur\u00e9e de lecture estim\u00e9e":"2 minutes"},"schema":{"@context":"https:\/\/schema.org","@graph":[{"@type":"Article","@id":"https:\/\/www.ativ.pt\/fr\/2024\/06\/26\/inauguree-la-plage-fluviale-de-moura-realisee-par-mota-engil-ativ\/#article","isPartOf":{"@id":"https:\/\/www.ativ.pt\/fr\/2024\/06\/26\/inauguree-la-plage-fluviale-de-moura-realisee-par-mota-engil-ativ\/"},"author":{"name":"Susana Guerreiro","@id":"https:\/\/www.ativ.pt\/fr\/#\/schema\/person\/76cd49f91ef96b6902453415264f0c55"},"headline":"Inaugur\u00e9e, la plage fluviale de Moura r\u00e9alis\u00e9e par Mota-Engil ATIV","datePublished":"2024-06-26T13:23:45+00:00","dateModified":"2024-07-01T09:52:47+00:00","mainEntityOfPage":{"@id":"https:\/\/www.ativ.pt\/fr\/2024\/06\/26\/inauguree-la-plage-fluviale-de-moura-realisee-par-mota-engil-ativ\/"},"wordCount":347,"commentCount":0,"publisher":{"@id":"https:\/\/www.ativ.pt\/fr\/#organization"},"image":{"@id":"https:\/\/www.ativ.pt\/fr\/2024\/06\/26\/inauguree-la-plage-fluviale-de-moura-realisee-par-mota-engil-ativ\/#primaryimage"},"thumbnailUrl":"https:\/\/www.ativ.pt\/wp-content\/uploads\/2024\/06\/20240619_110536-scaled.jpg","articleSection":["Article"],"inLanguage":"fr-FR","potentialAction":[{"@type":"CommentAction","name":"Comment","target":["https:\/\/www.ativ.pt\/fr\/2024\/06\/26\/inauguree-la-plage-fluviale-de-moura-realisee-par-mota-engil-ativ\/#respond"]}]},{"@type":"WebPage","@id":"https:\/\/www.ativ.pt\/fr\/2024\/06\/26\/inauguree-la-plage-fluviale-de-moura-realisee-par-mota-engil-ativ\/","url":"https:\/\/www.ativ.pt\/fr\/2024\/06\/26\/inauguree-la-plage-fluviale-de-moura-realisee-par-mota-engil-ativ\/","name":"Inaugur\u00e9e, la plage fluviale de Moura r\u00e9alis\u00e9e par Mota-Engil ATIV - Mota-Engil ATIV","isPartOf":{"@id":"https:\/\/www.ativ.pt\/fr\/#website"},"primaryImageOfPage":{"@id":"https:\/\/www.ativ.pt\/fr\/2024\/06\/26\/inauguree-la-plage-fluviale-de-moura-realisee-par-mota-engil-ativ\/#primaryimage"},"image":{"@id":"https:\/\/www.ativ.pt\/fr\/2024\/06\/26\/inauguree-la-plage-fluviale-de-moura-realisee-par-mota-engil-ativ\/#primaryimage"},"thumbnailUrl":"https:\/\/www.ativ.pt\/wp-content\/uploads\/2024\/06\/20240619_110536-scaled.jpg","datePublished":"2024-06-26T13:23:45+00:00","dateModified":"2024-07-01T09:52:47+00:00","breadcrumb":{"@id":"https:\/\/www.ativ.pt\/fr\/2024\/06\/26\/inauguree-la-plage-fluviale-de-moura-realisee-par-mota-engil-ativ\/#breadcrumb"},"inLanguage":"fr-FR","potentialAction":[{"@type":"ReadAction","target":["https:\/\/www.ativ.pt\/fr\/2024\/06\/26\/inauguree-la-plage-fluviale-de-moura-realisee-par-mota-engil-ativ\/"]}]},{"@type":"ImageObject","inLanguage":"fr-FR","@id":"https:\/\/www.ativ.pt\/fr\/2024\/06\/26\/inauguree-la-plage-fluviale-de-moura-realisee-par-mota-engil-ativ\/#primaryimage","url":"https:\/\/www.ativ.pt\/wp-content\/uploads\/2024\/06\/20240619_110536-scaled.jpg","contentUrl":"https:\/\/www.ativ.pt\/wp-content\/uploads\/2024\/06\/20240619_110536-scaled.jpg","width":1920,"height":1440},{"@type":"BreadcrumbList","@id":"https:\/\/www.ativ.pt\/fr\/2024\/06\/26\/inauguree-la-plage-fluviale-de-moura-realisee-par-mota-engil-ativ\/#breadcrumb","itemListElement":[{"@type":"ListItem","position":1,"name":"In\u00edcio","item":"https:\/\/www.ativ.pt\/fr\/"},{"@type":"ListItem","position":2,"name":"Inaugur\u00e9e, la plage fluviale de Moura r\u00e9alis\u00e9e par Mota-Engil ATIV"}]},{"@type":"WebSite","@id":"https:\/\/www.ativ.pt\/fr\/#website","url":"https:\/\/www.ativ.pt\/fr\/","name":"Mota-Engil ATIV","description":"Gest\u00e3o e Manuten\u00e7\u00e3o de Ativos","publisher":{"@id":"https:\/\/www.ativ.pt\/fr\/#organization"},"potentialAction":[{"@type":"SearchAction","target":{"@type":"EntryPoint","urlTemplate":"https:\/\/www.ativ.pt\/fr\/?s={search_term_string}"},"query-input":{"@type":"PropertyValueSpecification","valueRequired":true,"valueName":"search_term_string"}}],"inLanguage":"fr-FR"},{"@type":"Organization","@id":"https:\/\/www.ativ.pt\/fr\/#organization","name":"Mota-Engil ATIV","url":"https:\/\/www.ativ.pt\/fr\/","logo":{"@type":"ImageObject","inLanguage":"fr-FR","@id":"https:\/\/www.ativ.pt\/fr\/#\/schema\/logo\/image\/","url":"https:\/\/www.ativ.pt\/wp-content\/uploads\/2022\/04\/logo-ativ-cor-1.svg","contentUrl":"https:\/\/www.ativ.pt\/wp-content\/uploads\/2022\/04\/logo-ativ-cor-1.svg","width":250,"height":100,"caption":"Mota-Engil ATIV"},"image":{"@id":"https:\/\/www.ativ.pt\/fr\/#\/schema\/logo\/image\/"},"sameAs":["https:\/\/www.facebook.com\/MotaEngilATIV\/","https:\/\/www.instagram.com\/mota_engil_ativ\/","https:\/\/www.linkedin.com\/company\/motaengil-ativ"]},{"@type":"Person","@id":"https:\/\/www.ativ.pt\/fr\/#\/schema\/person\/76cd49f91ef96b6902453415264f0c55","name":"Susana Guerreiro"}]}},"_links":{"self":[{"href":"https:\/\/www.ativ.pt\/fr\/wp-json\/wp\/v2\/posts\/11009","targetHints":{"allow":["GET"]}}],"collection":[{"href":"https:\/\/www.ativ.pt\/fr\/wp-json\/wp\/v2\/posts"}],"about":[{"href":"https:\/\/www.ativ.pt\/fr\/wp-json\/wp\/v2\/types\/post"}],"author":[{"embeddable":true,"href":"https:\/\/www.ativ.pt\/fr\/wp-json\/wp\/v2\/users\/2"}],"replies":[{"embeddable":true,"href":"https:\/\/www.ativ.pt\/fr\/wp-json\/wp\/v2\/comments?post=11009"}],"version-history":[{"count":1,"href":"https:\/\/www.ativ.pt\/fr\/wp-json\/wp\/v2\/posts\/11009\/revisions"}],"predecessor-version":[{"id":11010,"href":"https:\/\/www.ativ.pt\/fr\/wp-json\/wp\/v2\/posts\/11009\/revisions\/11010"}],"wp:featuredmedia":[{"embeddable":true,"href":"https:\/\/www.ativ.pt\/fr\/wp-json\/wp\/v2\/media\/11003"}],"wp:attachment":[{"href":"https:\/\/www.ativ.pt\/fr\/wp-json\/wp\/v2\/media?parent=11009"}],"wp:term":[{"taxonomy":"category","embeddable":true,"href":"https:\/\/www.ativ.pt\/fr\/wp-json\/wp\/v2\/categories?post=11009"},{"taxonomy":"post_tag","embeddable":true,"href":"https:\/\/www.ativ.pt\/fr\/wp-json\/wp\/v2\/tags?post=11009"}],"curies":[{"name":"wp","href":"https:\/\/api.w.org\/{rel}","templated":true}]}}