{"id":10892,"date":"2024-06-18T17:31:46","date_gmt":"2024-06-18T17:31:46","guid":{"rendered":"https:\/\/www.ativ.pt\/2024\/06\/18\/projet-de-biodiversite-dans-la-decharge-de-figueira-da-foz\/"},"modified":"2024-06-24T13:11:21","modified_gmt":"2024-06-24T13:11:21","slug":"projet-de-biodiversite-dans-la-decharge-de-figueira-da-foz","status":"publish","type":"post","link":"https:\/\/www.ativ.pt\/fr\/2024\/06\/18\/projet-de-biodiversite-dans-la-decharge-de-figueira-da-foz\/","title":{"rendered":"Projet de Biodiversit\u00e9 dans la D\u00e9charge de Figueira da Foz"},"content":{"rendered":"\n<p>L&rsquo;objectif principal est la r\u00e9cup\u00e9ration et la pr\u00e9servation des terres modifi\u00e9es par l&rsquo;activit\u00e9 humaine, suivant une strat\u00e9gie de restauration de la flore et de la faune indig\u00e8nes.<\/p>\n\n<p>Pour la r\u00e9cup\u00e9ration de ce type de zones, plusieurs approches peuvent \u00eatre utilis\u00e9es. Cependant, apr\u00e8s analyse des \u00e9tudes pr\u00e9liminaires, il a \u00e9t\u00e9 d\u00e9cid\u00e9 de contr\u00f4ler les esp\u00e8ces envahissantes en r\u00e9cup\u00e9rant la zone par la plantation d&rsquo;esp\u00e8ces natives, r\u00e9tablissant ainsi la flore autochtone.<\/p>\n\n<p>Les activit\u00e9s ont commenc\u00e9 en mars 2024 avec le contr\u00f4le\/l&rsquo;\u00e9radication des esp\u00e8ces exotiques envahissantes, sur la base de l&rsquo;\u00e9tude pr\u00e9liminaire men\u00e9e par Mota-Engil ATIV.<\/p>\n\n<figure class=\"wp-block-gallery has-nested-images columns-default is-cropped wp-block-gallery-1 is-layout-flex wp-block-gallery-is-layout-flex\">\n<figure class=\"wp-block-image size-large\"><img fetchpriority=\"high\" decoding=\"async\" width=\"650\" height=\"325\" data-id=\"10903\" src=\"https:\/\/www.ativ.pt\/wp-content\/uploads\/2024\/06\/ersuc_biodiversidade_-1.jpg\" alt=\"\" class=\"wp-image-10903\" srcset=\"https:\/\/www.ativ.pt\/wp-content\/uploads\/2024\/06\/ersuc_biodiversidade_-1.jpg 650w, https:\/\/www.ativ.pt\/wp-content\/uploads\/2024\/06\/ersuc_biodiversidade_-1-300x150.jpg 300w\" sizes=\"(max-width: 650px) 100vw, 650px\" \/><figcaption class=\"wp-element-caption\">default<\/figcaption><\/figure>\n\n\n\n<figure class=\"wp-block-image size-large\"><img decoding=\"async\" width=\"650\" height=\"365\" data-id=\"10899\" src=\"https:\/\/www.ativ.pt\/wp-content\/uploads\/2024\/06\/ersuc_biodiversidade_1.jpg\" alt=\"\" class=\"wp-image-10899\" srcset=\"https:\/\/www.ativ.pt\/wp-content\/uploads\/2024\/06\/ersuc_biodiversidade_1.jpg 650w, https:\/\/www.ativ.pt\/wp-content\/uploads\/2024\/06\/ersuc_biodiversidade_1-300x168.jpg 300w\" sizes=\"(max-width: 650px) 100vw, 650px\" \/><figcaption class=\"wp-element-caption\">default<\/figcaption><\/figure>\n<\/figure>\n\n<p>En juin, la base de r\u00e9f\u00e9rence de la faune et de la flore sera \u00e9tablie sur tout le p\u00e9rim\u00e8tre de la D\u00e9charge Sanitaire de Figueira da Foz.<\/p>\n\n<p>Il est \u00e9galement pr\u00e9vu d&rsquo;installer des mares peu profondes pour cr\u00e9er des habitats pour la faune, ainsi qu&rsquo;une prairie s\u00e8che (par hydrosablage) avec des esp\u00e8ces indig\u00e8nes, visant \u00e0 stabiliser le sol et \u00e0 restaurer la flore et la faune sauvages, r\u00e9cup\u00e9rant ainsi l&rsquo;\u00e9cosyst\u00e8me.<\/p>\n\n<p>Le projet comprend \u00e9galement l&rsquo;inventaire de la r\u00e9g\u00e9n\u00e9ration naturelle et la surveillance pour \u00e9valuer la r\u00e9cup\u00e9ration du sol, de la faune et de la flore, et \u00e9tablir de nouvelles actions si n\u00e9cessaire.<\/p>\n\n<p>Il pourrait \u00e9galement \u00eatre possible de r\u00e9cup\u00e9rer ainsi la fonctionnalit\u00e9 environnementale et les \u00e9cosyst\u00e8mes de cette zone, potentiellement en la transformant en une zone de loisirs pour la population.<\/p>\n\n<p>C&rsquo;est un autre projet ambitieux visant \u00e0 promouvoir la durabilit\u00e9 dans les aspects environnementaux, sociaux et \u00e9conomiques.<\/p>\n","protected":false},"excerpt":{"rendered":"<p>Mota-Engil ATIV est responsable du projet de biodiversit\u00e9 dans la d\u00e9charge sanitaire de Figueira da Foz, int\u00e9gr\u00e9 dans l&rsquo;ERSUC, et qui \u00e9tait d\u00e9sactiv\u00e9.<\/p>\n","protected":false},"author":2,"featured_media":10886,"comment_status":"open","ping_status":"open","sticky":false,"template":"","format":"standard","meta":{"_acf_changed":false,"footnotes":""},"categories":[15],"tags":[],"class_list":["post-10892","post","type-post","status-publish","format-standard","has-post-thumbnail","hentry","category-articles"],"acf":[],"yoast_head":"<!-- This site is optimized with the Yoast SEO plugin v27.5 - https:\/\/yoast.com\/product\/yoast-seo-wordpress\/ -->\n<title>Projet de Biodiversit\u00e9 dans la D\u00e9charge de Figueira da Foz - Mota-Engil ATIV<\/title>\n<meta name=\"robots\" content=\"index, follow, max-snippet:-1, max-image-preview:large, max-video-preview:-1\" \/>\n<link rel=\"canonical\" href=\"https:\/\/www.ativ.pt\/fr\/2024\/06\/18\/projet-de-biodiversite-dans-la-decharge-de-figueira-da-foz\/\" \/>\n<meta property=\"og:locale\" content=\"fr_FR\" \/>\n<meta property=\"og:type\" content=\"article\" \/>\n<meta property=\"og:title\" content=\"Projet de Biodiversit\u00e9 dans la D\u00e9charge de Figueira da Foz - Mota-Engil ATIV\" \/>\n<meta property=\"og:description\" content=\"Mota-Engil ATIV est responsable du projet de biodiversit\u00e9 dans la d\u00e9charge sanitaire de Figueira da Foz, int\u00e9gr\u00e9 dans l&#039;ERSUC, et qui \u00e9tait d\u00e9sactiv\u00e9.\" \/>\n<meta property=\"og:url\" content=\"https:\/\/www.ativ.pt\/fr\/2024\/06\/18\/projet-de-biodiversite-dans-la-decharge-de-figueira-da-foz\/\" \/>\n<meta property=\"og:site_name\" content=\"Mota-Engil ATIV\" \/>\n<meta property=\"article:publisher\" content=\"https:\/\/www.facebook.com\/MotaEngilATIV\/\" \/>\n<meta property=\"article:published_time\" content=\"2024-06-18T17:31:46+00:00\" \/>\n<meta property=\"article:modified_time\" content=\"2024-06-24T13:11:21+00:00\" \/>\n<meta property=\"og:image\" content=\"https:\/\/www.ativ.pt\/wp-content\/uploads\/2024\/06\/ersuc_biodiversidade_destaque-1.jpg\" \/>\n\t<meta property=\"og:image:width\" content=\"1500\" \/>\n\t<meta property=\"og:image:height\" content=\"430\" \/>\n\t<meta property=\"og:image:type\" content=\"image\/jpeg\" \/>\n<meta name=\"author\" content=\"Susana Guerreiro\" \/>\n<meta name=\"twitter:card\" content=\"summary_large_image\" \/>\n<meta name=\"twitter:label1\" content=\"\u00c9crit par\" \/>\n\t<meta name=\"twitter:data1\" content=\"Susana Guerreiro\" \/>\n\t<meta name=\"twitter:label2\" content=\"Dur\u00e9e de lecture estim\u00e9e\" \/>\n\t<meta name=\"twitter:data2\" content=\"1 minute\" \/>\n<script type=\"application\/ld+json\" class=\"yoast-schema-graph\">{\"@context\":\"https:\\\/\\\/schema.org\",\"@graph\":[{\"@type\":\"Article\",\"@id\":\"https:\\\/\\\/www.ativ.pt\\\/fr\\\/2024\\\/06\\\/18\\\/projet-de-biodiversite-dans-la-decharge-de-figueira-da-foz\\\/#article\",\"isPartOf\":{\"@id\":\"https:\\\/\\\/www.ativ.pt\\\/fr\\\/2024\\\/06\\\/18\\\/projet-de-biodiversite-dans-la-decharge-de-figueira-da-foz\\\/\"},\"author\":{\"name\":\"Susana Guerreiro\",\"@id\":\"https:\\\/\\\/www.ativ.pt\\\/fr\\\/#\\\/schema\\\/person\\\/76cd49f91ef96b6902453415264f0c55\"},\"headline\":\"Projet de Biodiversit\u00e9 dans la D\u00e9charge de Figueira da Foz\",\"datePublished\":\"2024-06-18T17:31:46+00:00\",\"dateModified\":\"2024-06-24T13:11:21+00:00\",\"mainEntityOfPage\":{\"@id\":\"https:\\\/\\\/www.ativ.pt\\\/fr\\\/2024\\\/06\\\/18\\\/projet-de-biodiversite-dans-la-decharge-de-figueira-da-foz\\\/\"},\"wordCount\":306,\"commentCount\":0,\"publisher\":{\"@id\":\"https:\\\/\\\/www.ativ.pt\\\/fr\\\/#organization\"},\"image\":{\"@id\":\"https:\\\/\\\/www.ativ.pt\\\/fr\\\/2024\\\/06\\\/18\\\/projet-de-biodiversite-dans-la-decharge-de-figueira-da-foz\\\/#primaryimage\"},\"thumbnailUrl\":\"https:\\\/\\\/www.ativ.pt\\\/wp-content\\\/uploads\\\/2024\\\/06\\\/ersuc_biodiversidade_destaque-1.jpg\",\"articleSection\":[\"Article\"],\"inLanguage\":\"fr-FR\",\"potentialAction\":[{\"@type\":\"CommentAction\",\"name\":\"Comment\",\"target\":[\"https:\\\/\\\/www.ativ.pt\\\/fr\\\/2024\\\/06\\\/18\\\/projet-de-biodiversite-dans-la-decharge-de-figueira-da-foz\\\/#respond\"]}]},{\"@type\":\"WebPage\",\"@id\":\"https:\\\/\\\/www.ativ.pt\\\/fr\\\/2024\\\/06\\\/18\\\/projet-de-biodiversite-dans-la-decharge-de-figueira-da-foz\\\/\",\"url\":\"https:\\\/\\\/www.ativ.pt\\\/fr\\\/2024\\\/06\\\/18\\\/projet-de-biodiversite-dans-la-decharge-de-figueira-da-foz\\\/\",\"name\":\"Projet de Biodiversit\u00e9 dans la D\u00e9charge de Figueira da Foz - Mota-Engil ATIV\",\"isPartOf\":{\"@id\":\"https:\\\/\\\/www.ativ.pt\\\/fr\\\/#website\"},\"primaryImageOfPage\":{\"@id\":\"https:\\\/\\\/www.ativ.pt\\\/fr\\\/2024\\\/06\\\/18\\\/projet-de-biodiversite-dans-la-decharge-de-figueira-da-foz\\\/#primaryimage\"},\"image\":{\"@id\":\"https:\\\/\\\/www.ativ.pt\\\/fr\\\/2024\\\/06\\\/18\\\/projet-de-biodiversite-dans-la-decharge-de-figueira-da-foz\\\/#primaryimage\"},\"thumbnailUrl\":\"https:\\\/\\\/www.ativ.pt\\\/wp-content\\\/uploads\\\/2024\\\/06\\\/ersuc_biodiversidade_destaque-1.jpg\",\"datePublished\":\"2024-06-18T17:31:46+00:00\",\"dateModified\":\"2024-06-24T13:11:21+00:00\",\"breadcrumb\":{\"@id\":\"https:\\\/\\\/www.ativ.pt\\\/fr\\\/2024\\\/06\\\/18\\\/projet-de-biodiversite-dans-la-decharge-de-figueira-da-foz\\\/#breadcrumb\"},\"inLanguage\":\"fr-FR\",\"potentialAction\":[{\"@type\":\"ReadAction\",\"target\":[\"https:\\\/\\\/www.ativ.pt\\\/fr\\\/2024\\\/06\\\/18\\\/projet-de-biodiversite-dans-la-decharge-de-figueira-da-foz\\\/\"]}]},{\"@type\":\"ImageObject\",\"inLanguage\":\"fr-FR\",\"@id\":\"https:\\\/\\\/www.ativ.pt\\\/fr\\\/2024\\\/06\\\/18\\\/projet-de-biodiversite-dans-la-decharge-de-figueira-da-foz\\\/#primaryimage\",\"url\":\"https:\\\/\\\/www.ativ.pt\\\/wp-content\\\/uploads\\\/2024\\\/06\\\/ersuc_biodiversidade_destaque-1.jpg\",\"contentUrl\":\"https:\\\/\\\/www.ativ.pt\\\/wp-content\\\/uploads\\\/2024\\\/06\\\/ersuc_biodiversidade_destaque-1.jpg\",\"width\":1500,\"height\":430,\"caption\":\"default\"},{\"@type\":\"BreadcrumbList\",\"@id\":\"https:\\\/\\\/www.ativ.pt\\\/fr\\\/2024\\\/06\\\/18\\\/projet-de-biodiversite-dans-la-decharge-de-figueira-da-foz\\\/#breadcrumb\",\"itemListElement\":[{\"@type\":\"ListItem\",\"position\":1,\"name\":\"In\u00edcio\",\"item\":\"https:\\\/\\\/www.ativ.pt\\\/fr\\\/\"},{\"@type\":\"ListItem\",\"position\":2,\"name\":\"Projet de Biodiversit\u00e9 dans la D\u00e9charge de Figueira da Foz\"}]},{\"@type\":\"WebSite\",\"@id\":\"https:\\\/\\\/www.ativ.pt\\\/fr\\\/#website\",\"url\":\"https:\\\/\\\/www.ativ.pt\\\/fr\\\/\",\"name\":\"Mota-Engil ATIV\",\"description\":\"Gest\u00e3o e Manuten\u00e7\u00e3o de Ativos\",\"publisher\":{\"@id\":\"https:\\\/\\\/www.ativ.pt\\\/fr\\\/#organization\"},\"potentialAction\":[{\"@type\":\"SearchAction\",\"target\":{\"@type\":\"EntryPoint\",\"urlTemplate\":\"https:\\\/\\\/www.ativ.pt\\\/fr\\\/?s={search_term_string}\"},\"query-input\":{\"@type\":\"PropertyValueSpecification\",\"valueRequired\":true,\"valueName\":\"search_term_string\"}}],\"inLanguage\":\"fr-FR\"},{\"@type\":\"Organization\",\"@id\":\"https:\\\/\\\/www.ativ.pt\\\/fr\\\/#organization\",\"name\":\"Mota-Engil ATIV\",\"url\":\"https:\\\/\\\/www.ativ.pt\\\/fr\\\/\",\"logo\":{\"@type\":\"ImageObject\",\"inLanguage\":\"fr-FR\",\"@id\":\"https:\\\/\\\/www.ativ.pt\\\/fr\\\/#\\\/schema\\\/logo\\\/image\\\/\",\"url\":\"https:\\\/\\\/www.ativ.pt\\\/wp-content\\\/uploads\\\/2022\\\/04\\\/logo-ativ-cor-1.svg\",\"contentUrl\":\"https:\\\/\\\/www.ativ.pt\\\/wp-content\\\/uploads\\\/2022\\\/04\\\/logo-ativ-cor-1.svg\",\"width\":250,\"height\":100,\"caption\":\"Mota-Engil ATIV\"},\"image\":{\"@id\":\"https:\\\/\\\/www.ativ.pt\\\/fr\\\/#\\\/schema\\\/logo\\\/image\\\/\"},\"sameAs\":[\"https:\\\/\\\/www.facebook.com\\\/MotaEngilATIV\\\/\",\"https:\\\/\\\/www.instagram.com\\\/mota_engil_ativ\\\/\",\"https:\\\/\\\/www.linkedin.com\\\/company\\\/motaengil-ativ\"]},{\"@type\":\"Person\",\"@id\":\"https:\\\/\\\/www.ativ.pt\\\/fr\\\/#\\\/schema\\\/person\\\/76cd49f91ef96b6902453415264f0c55\",\"name\":\"Susana Guerreiro\"}]}<\/script>\n<!-- \/ Yoast SEO plugin. -->","yoast_head_json":{"title":"Projet de Biodiversit\u00e9 dans la D\u00e9charge de Figueira da Foz - Mota-Engil ATIV","robots":{"index":"index","follow":"follow","max-snippet":"max-snippet:-1","max-image-preview":"max-image-preview:large","max-video-preview":"max-video-preview:-1"},"canonical":"https:\/\/www.ativ.pt\/fr\/2024\/06\/18\/projet-de-biodiversite-dans-la-decharge-de-figueira-da-foz\/","og_locale":"fr_FR","og_type":"article","og_title":"Projet de Biodiversit\u00e9 dans la D\u00e9charge de Figueira da Foz - Mota-Engil ATIV","og_description":"Mota-Engil ATIV est responsable du projet de biodiversit\u00e9 dans la d\u00e9charge sanitaire de Figueira da Foz, int\u00e9gr\u00e9 dans l'ERSUC, et qui \u00e9tait d\u00e9sactiv\u00e9.","og_url":"https:\/\/www.ativ.pt\/fr\/2024\/06\/18\/projet-de-biodiversite-dans-la-decharge-de-figueira-da-foz\/","og_site_name":"Mota-Engil ATIV","article_publisher":"https:\/\/www.facebook.com\/MotaEngilATIV\/","article_published_time":"2024-06-18T17:31:46+00:00","article_modified_time":"2024-06-24T13:11:21+00:00","og_image":[{"width":1500,"height":430,"url":"https:\/\/www.ativ.pt\/wp-content\/uploads\/2024\/06\/ersuc_biodiversidade_destaque-1.jpg","type":"image\/jpeg"}],"author":"Susana Guerreiro","twitter_card":"summary_large_image","twitter_misc":{"\u00c9crit par":"Susana Guerreiro","Dur\u00e9e de lecture estim\u00e9e":"1 minute"},"schema":{"@context":"https:\/\/schema.org","@graph":[{"@type":"Article","@id":"https:\/\/www.ativ.pt\/fr\/2024\/06\/18\/projet-de-biodiversite-dans-la-decharge-de-figueira-da-foz\/#article","isPartOf":{"@id":"https:\/\/www.ativ.pt\/fr\/2024\/06\/18\/projet-de-biodiversite-dans-la-decharge-de-figueira-da-foz\/"},"author":{"name":"Susana Guerreiro","@id":"https:\/\/www.ativ.pt\/fr\/#\/schema\/person\/76cd49f91ef96b6902453415264f0c55"},"headline":"Projet de Biodiversit\u00e9 dans la D\u00e9charge de Figueira da Foz","datePublished":"2024-06-18T17:31:46+00:00","dateModified":"2024-06-24T13:11:21+00:00","mainEntityOfPage":{"@id":"https:\/\/www.ativ.pt\/fr\/2024\/06\/18\/projet-de-biodiversite-dans-la-decharge-de-figueira-da-foz\/"},"wordCount":306,"commentCount":0,"publisher":{"@id":"https:\/\/www.ativ.pt\/fr\/#organization"},"image":{"@id":"https:\/\/www.ativ.pt\/fr\/2024\/06\/18\/projet-de-biodiversite-dans-la-decharge-de-figueira-da-foz\/#primaryimage"},"thumbnailUrl":"https:\/\/www.ativ.pt\/wp-content\/uploads\/2024\/06\/ersuc_biodiversidade_destaque-1.jpg","articleSection":["Article"],"inLanguage":"fr-FR","potentialAction":[{"@type":"CommentAction","name":"Comment","target":["https:\/\/www.ativ.pt\/fr\/2024\/06\/18\/projet-de-biodiversite-dans-la-decharge-de-figueira-da-foz\/#respond"]}]},{"@type":"WebPage","@id":"https:\/\/www.ativ.pt\/fr\/2024\/06\/18\/projet-de-biodiversite-dans-la-decharge-de-figueira-da-foz\/","url":"https:\/\/www.ativ.pt\/fr\/2024\/06\/18\/projet-de-biodiversite-dans-la-decharge-de-figueira-da-foz\/","name":"Projet de Biodiversit\u00e9 dans la D\u00e9charge de Figueira da Foz - Mota-Engil ATIV","isPartOf":{"@id":"https:\/\/www.ativ.pt\/fr\/#website"},"primaryImageOfPage":{"@id":"https:\/\/www.ativ.pt\/fr\/2024\/06\/18\/projet-de-biodiversite-dans-la-decharge-de-figueira-da-foz\/#primaryimage"},"image":{"@id":"https:\/\/www.ativ.pt\/fr\/2024\/06\/18\/projet-de-biodiversite-dans-la-decharge-de-figueira-da-foz\/#primaryimage"},"thumbnailUrl":"https:\/\/www.ativ.pt\/wp-content\/uploads\/2024\/06\/ersuc_biodiversidade_destaque-1.jpg","datePublished":"2024-06-18T17:31:46+00:00","dateModified":"2024-06-24T13:11:21+00:00","breadcrumb":{"@id":"https:\/\/www.ativ.pt\/fr\/2024\/06\/18\/projet-de-biodiversite-dans-la-decharge-de-figueira-da-foz\/#breadcrumb"},"inLanguage":"fr-FR","potentialAction":[{"@type":"ReadAction","target":["https:\/\/www.ativ.pt\/fr\/2024\/06\/18\/projet-de-biodiversite-dans-la-decharge-de-figueira-da-foz\/"]}]},{"@type":"ImageObject","inLanguage":"fr-FR","@id":"https:\/\/www.ativ.pt\/fr\/2024\/06\/18\/projet-de-biodiversite-dans-la-decharge-de-figueira-da-foz\/#primaryimage","url":"https:\/\/www.ativ.pt\/wp-content\/uploads\/2024\/06\/ersuc_biodiversidade_destaque-1.jpg","contentUrl":"https:\/\/www.ativ.pt\/wp-content\/uploads\/2024\/06\/ersuc_biodiversidade_destaque-1.jpg","width":1500,"height":430,"caption":"default"},{"@type":"BreadcrumbList","@id":"https:\/\/www.ativ.pt\/fr\/2024\/06\/18\/projet-de-biodiversite-dans-la-decharge-de-figueira-da-foz\/#breadcrumb","itemListElement":[{"@type":"ListItem","position":1,"name":"In\u00edcio","item":"https:\/\/www.ativ.pt\/fr\/"},{"@type":"ListItem","position":2,"name":"Projet de Biodiversit\u00e9 dans la D\u00e9charge de Figueira da Foz"}]},{"@type":"WebSite","@id":"https:\/\/www.ativ.pt\/fr\/#website","url":"https:\/\/www.ativ.pt\/fr\/","name":"Mota-Engil ATIV","description":"Gest\u00e3o e Manuten\u00e7\u00e3o de Ativos","publisher":{"@id":"https:\/\/www.ativ.pt\/fr\/#organization"},"potentialAction":[{"@type":"SearchAction","target":{"@type":"EntryPoint","urlTemplate":"https:\/\/www.ativ.pt\/fr\/?s={search_term_string}"},"query-input":{"@type":"PropertyValueSpecification","valueRequired":true,"valueName":"search_term_string"}}],"inLanguage":"fr-FR"},{"@type":"Organization","@id":"https:\/\/www.ativ.pt\/fr\/#organization","name":"Mota-Engil ATIV","url":"https:\/\/www.ativ.pt\/fr\/","logo":{"@type":"ImageObject","inLanguage":"fr-FR","@id":"https:\/\/www.ativ.pt\/fr\/#\/schema\/logo\/image\/","url":"https:\/\/www.ativ.pt\/wp-content\/uploads\/2022\/04\/logo-ativ-cor-1.svg","contentUrl":"https:\/\/www.ativ.pt\/wp-content\/uploads\/2022\/04\/logo-ativ-cor-1.svg","width":250,"height":100,"caption":"Mota-Engil ATIV"},"image":{"@id":"https:\/\/www.ativ.pt\/fr\/#\/schema\/logo\/image\/"},"sameAs":["https:\/\/www.facebook.com\/MotaEngilATIV\/","https:\/\/www.instagram.com\/mota_engil_ativ\/","https:\/\/www.linkedin.com\/company\/motaengil-ativ"]},{"@type":"Person","@id":"https:\/\/www.ativ.pt\/fr\/#\/schema\/person\/76cd49f91ef96b6902453415264f0c55","name":"Susana Guerreiro"}]}},"_links":{"self":[{"href":"https:\/\/www.ativ.pt\/fr\/wp-json\/wp\/v2\/posts\/10892","targetHints":{"allow":["GET"]}}],"collection":[{"href":"https:\/\/www.ativ.pt\/fr\/wp-json\/wp\/v2\/posts"}],"about":[{"href":"https:\/\/www.ativ.pt\/fr\/wp-json\/wp\/v2\/types\/post"}],"author":[{"embeddable":true,"href":"https:\/\/www.ativ.pt\/fr\/wp-json\/wp\/v2\/users\/2"}],"replies":[{"embeddable":true,"href":"https:\/\/www.ativ.pt\/fr\/wp-json\/wp\/v2\/comments?post=10892"}],"version-history":[{"count":2,"href":"https:\/\/www.ativ.pt\/fr\/wp-json\/wp\/v2\/posts\/10892\/revisions"}],"predecessor-version":[{"id":10930,"href":"https:\/\/www.ativ.pt\/fr\/wp-json\/wp\/v2\/posts\/10892\/revisions\/10930"}],"wp:featuredmedia":[{"embeddable":true,"href":"https:\/\/www.ativ.pt\/fr\/wp-json\/wp\/v2\/media\/10886"}],"wp:attachment":[{"href":"https:\/\/www.ativ.pt\/fr\/wp-json\/wp\/v2\/media?parent=10892"}],"wp:term":[{"taxonomy":"category","embeddable":true,"href":"https:\/\/www.ativ.pt\/fr\/wp-json\/wp\/v2\/categories?post=10892"},{"taxonomy":"post_tag","embeddable":true,"href":"https:\/\/www.ativ.pt\/fr\/wp-json\/wp\/v2\/tags?post=10892"}],"curies":[{"name":"wp","href":"https:\/\/api.w.org\/{rel}","templated":true}]}}