{"id":10825,"date":"2024-05-08T16:58:42","date_gmt":"2024-05-08T16:58:42","guid":{"rendered":"https:\/\/www.ativ.pt\/2024\/05\/08\/journee-mondiale-de-la-fm\/"},"modified":"2024-06-17T12:55:17","modified_gmt":"2024-06-17T12:55:17","slug":"journee-mondiale-de-la-fm","status":"publish","type":"post","link":"https:\/\/www.ativ.pt\/fr\/2024\/05\/08\/journee-mondiale-de-la-fm\/","title":{"rendered":"Journ\u00e9e mondiale de la FM"},"content":{"rendered":"\n<p>Mota-Engil ATIV souligne l&rsquo;importance de la r\u00e9duction des d\u00e9chets, de l&rsquo;optimisation des ressources et de la promotion de la durabilit\u00e9 \u00e0 l&rsquo;occasion de la Journ\u00e9e mondiale de la FM<\/p>\n\n<p>Au cours des derni\u00e8res ann\u00e9es, la pr\u00e9occupation croissante face aux changements climatiques et le besoin urgent de r\u00e9duire les \u00e9missions de carbone ont plac\u00e9 les b\u00e2timents au centre des pr\u00e9occupations. Les b\u00e2timents sont responsables d&rsquo;une partie importante des \u00e9missions mondiales de carbone en raison de leur consommation \u00e9nerg\u00e9tique \u00e9lev\u00e9e et de leurs op\u00e9rations quotidiennes. Dans ce contexte, le Facility Management (FM) appara\u00eet comme un \u00e9l\u00e9ment cl\u00e9 dans la r\u00e9duction de l&#8217;empreinte carbone des b\u00e2timents. Souvent sous-estim\u00e9, le FM joue un r\u00f4le crucial dans la mise en \u0153uvre de strat\u00e9gies et de pratiques qui favorisent l&rsquo;efficacit\u00e9 \u00e9nerg\u00e9tique et la durabilit\u00e9 des b\u00e2timents.e promovem a efici\u00eancia energ\u00e9tica e a sustentabilidade dos edif\u00edcios.<\/p>\n\n<p>Efficacit\u00e9 \u00e9nerg\u00e9tique et optimisation des ressources et maintenance et gestion proactive<\/p>\n\n<figure class=\"wp-block-image size-large\"><img fetchpriority=\"high\" decoding=\"async\" width=\"1024\" height=\"683\" src=\"https:\/\/spcdn.shortpixel.ai\/spio\/ret_img,q_cdnize,to_auto,s_webp:avif\/www.ativ.pt\/wp-content\/uploads\/2024\/05\/Estrategias-Sustentaveis-1024x683.jpg\" alt=\"\" class=\"wp-image-10508\" srcset=\"https:\/\/spcdn.shortpixel.ai\/spio\/ret_img,q_cdnize,to_auto,s_webp:avif\/www.ativ.pt\/wp-content\/uploads\/2024\/05\/Estrategias-Sustentaveis-1024x683.jpg 1024w, https:\/\/spcdn.shortpixel.ai\/spio\/ret_img,q_cdnize,to_auto,s_webp:avif\/www.ativ.pt\/wp-content\/uploads\/2024\/05\/Estrategias-Sustentaveis-300x200.jpg 300w, https:\/\/spcdn.shortpixel.ai\/spio\/ret_img,q_cdnize,to_auto,s_webp:avif\/www.ativ.pt\/wp-content\/uploads\/2024\/05\/Estrategias-Sustentaveis-768x512.jpg 768w, https:\/\/spcdn.shortpixel.ai\/spio\/ret_img,q_cdnize,to_auto,s_webp:avif\/www.ativ.pt\/wp-content\/uploads\/2024\/05\/Estrategias-Sustentaveis-1536x1024.jpg 1536w, https:\/\/spcdn.shortpixel.ai\/spio\/ret_img,q_cdnize,to_auto,s_webp:avif\/www.ativ.pt\/wp-content\/uploads\/2024\/05\/Estrategias-Sustentaveis.jpg 1920w\" sizes=\"(max-width: 1024px) 100vw, 1024px\" \/><\/figure>\n\n<p>Le FM joue un r\u00f4le crucial dans la gestion efficace des ressources dans les b\u00e2timents, l&rsquo;optimisation de l&rsquo;utilisation de l&rsquo;\u00e9nergie \u00e9tant l&rsquo;un de ses principaux domaines d&rsquo;intervention. Les gestionnaires d&rsquo;installations sont impliqu\u00e9s dans la surveillance et le contr\u00f4le des syst\u00e8mes HVAC, de l&rsquo;\u00e9clairage et d&rsquo;autres infrastructures consommatrices d&rsquo;\u00e9nergie. En mettant en \u0153uvre des pratiques de gestion \u00e9nerg\u00e9tique efficace, telles que la programmation des syst\u00e8mes d&rsquo;\u00e9clairage et de CVC en fonction de l&rsquo;occupation, l&rsquo;installation d&rsquo;\u00e9quipements \u00e9conomes en \u00e9nergie et l&rsquo;identification des fuites d&rsquo;eau, le Facility Management a un impact direct sur les \u00e9missions de carbone associ\u00e9es, non seulement en r\u00e9duisant les co\u00fbts d&rsquo;exploitation, mais aussi en jouant un r\u00f4le crucial dans l&rsquo;att\u00e9nuation du changement climatique.<\/p>\n\n<p>Un \u00e9l\u00e9ment essentiel de la gestion du carbone est la maintenance proactive des installations. La gestion des installations (FM) garantit que les \u00e9quipements et les syst\u00e8mes des b\u00e2timents fonctionnent de mani\u00e8re optimale. La maintenance pr\u00e9ventive et pr\u00e9dictive permet non seulement de prolonger la dur\u00e9e de vie des syst\u00e8mes et des installations, mais aussi de garantir leur fonctionnement avec une efficacit\u00e9 maximale, r\u00e9duisant ainsi le gaspillage. Pr\u00e9venir le remplacement pr\u00e9matur\u00e9 de composants et de pi\u00e8ces permet non seulement d&rsquo;\u00e9viter les pannes inattendues qui entra\u00eenent des co\u00fbts suppl\u00e9mentaires, mais \u00e9galement d&rsquo;\u00e9viter l&rsquo;augmentation des \u00e9missions qui en d\u00e9coulent.<\/p>\n\n<p>Mise en \u0153uvre de strat\u00e9gies durables<\/p>\n\n<p>La gestion des installations (FM) ne se limite pas \u00e0 la simple maintenance physique des b\u00e2timents, elle joue \u00e9galement un r\u00f4le strat\u00e9gique dans la mise en \u0153uvre de politiques durables. Cela comprend la promotion d&rsquo;une culture d&rsquo;entreprise ax\u00e9e sur la durabilit\u00e9, la formation des collaborateurs et la sensibilisation de toutes les parties prenantes aux meilleures pratiques \u00e0 adopter. Les progr\u00e8s technologiques r\u00e9volutionnent la gestion des installations. L&rsquo;introduction de capteurs intelligents, de syst\u00e8mes d&rsquo;automatisation et d&rsquo;analyse de donn\u00e9es a permis une gestion plus pr\u00e9cise et efficace des op\u00e9rations des b\u00e2timents, contribuant \u00e0 une r\u00e9duction des \u00e9missions de carbone.<\/p>\n\n<p>Surveillance et Am\u00e9lioration Continue<\/p>\n\n<p>La surveillance continue et l&rsquo;analyse des donn\u00e9es sont des aspects fondamentaux de la gestion du carbone. La gestion des installations (FM) peut mettre en \u0153uvre des syst\u00e8mes de suivi de la performance environnementale dans les b\u00e2timents, en suivant la consommation d&rsquo;\u00e9nergie, les \u00e9missions de gaz \u00e0 effet de serre et d&rsquo;autres indicateurs pertinents. Sur la base de ces informations, la FM peut identifier des opportunit\u00e9s d&rsquo;am\u00e9lioration et mettre en \u0153uvre des mesures correctives pour optimiser encore plus la performance environnementale des b\u00e2timents.<\/p>\n","protected":false},"excerpt":{"rendered":"<p>L&rsquo;importance de la gestion des installations (FM) dans la gestion du carbone des b\u00e2timents<\/p>\n","protected":false},"author":2,"featured_media":10510,"comment_status":"open","ping_status":"open","sticky":false,"template":"","format":"standard","meta":{"_acf_changed":false,"footnotes":""},"categories":[15],"tags":[],"class_list":["post-10825","post","type-post","status-publish","format-standard","has-post-thumbnail","hentry","category-articles"],"acf":[],"yoast_head":"<!-- This site is optimized with the Yoast SEO plugin v27.5 - https:\/\/yoast.com\/product\/yoast-seo-wordpress\/ -->\n<title>Journ\u00e9e mondiale de la FM - Mota-Engil ATIV<\/title>\n<meta name=\"robots\" content=\"index, follow, max-snippet:-1, max-image-preview:large, max-video-preview:-1\" \/>\n<link rel=\"canonical\" href=\"https:\/\/www.ativ.pt\/fr\/2024\/05\/08\/journee-mondiale-de-la-fm\/\" \/>\n<meta property=\"og:locale\" content=\"fr_FR\" \/>\n<meta property=\"og:type\" content=\"article\" \/>\n<meta property=\"og:title\" content=\"Journ\u00e9e mondiale de la FM - Mota-Engil ATIV\" \/>\n<meta property=\"og:description\" content=\"L&#039;importance de la gestion des installations (FM) dans la gestion du carbone des b\u00e2timents\" \/>\n<meta property=\"og:url\" content=\"https:\/\/www.ativ.pt\/fr\/2024\/05\/08\/journee-mondiale-de-la-fm\/\" \/>\n<meta property=\"og:site_name\" content=\"Mota-Engil ATIV\" \/>\n<meta property=\"article:publisher\" content=\"https:\/\/www.facebook.com\/MotaEngilATIV\/\" \/>\n<meta property=\"article:published_time\" content=\"2024-05-08T16:58:42+00:00\" \/>\n<meta property=\"article:modified_time\" content=\"2024-06-17T12:55:17+00:00\" \/>\n<meta property=\"og:image\" content=\"https:\/\/www.ativ.pt\/wp-content\/uploads\/2024\/05\/Estrategias-Sustentaveis.jpg\" \/>\n\t<meta property=\"og:image:width\" content=\"1920\" \/>\n\t<meta property=\"og:image:height\" content=\"1280\" \/>\n\t<meta property=\"og:image:type\" content=\"image\/jpeg\" \/>\n<meta name=\"author\" content=\"Susana Guerreiro\" \/>\n<meta name=\"twitter:card\" content=\"summary_large_image\" \/>\n<meta name=\"twitter:label1\" content=\"\u00c9crit par\" \/>\n\t<meta name=\"twitter:data1\" content=\"Susana Guerreiro\" \/>\n\t<meta name=\"twitter:label2\" content=\"Dur\u00e9e de lecture estim\u00e9e\" \/>\n\t<meta name=\"twitter:data2\" content=\"3 minutes\" \/>\n<script type=\"application\/ld+json\" class=\"yoast-schema-graph\">{\"@context\":\"https:\\\/\\\/schema.org\",\"@graph\":[{\"@type\":\"Article\",\"@id\":\"https:\\\/\\\/www.ativ.pt\\\/fr\\\/2024\\\/05\\\/08\\\/journee-mondiale-de-la-fm\\\/#article\",\"isPartOf\":{\"@id\":\"https:\\\/\\\/www.ativ.pt\\\/fr\\\/2024\\\/05\\\/08\\\/journee-mondiale-de-la-fm\\\/\"},\"author\":{\"name\":\"Susana Guerreiro\",\"@id\":\"https:\\\/\\\/www.ativ.pt\\\/fr\\\/#\\\/schema\\\/person\\\/76cd49f91ef96b6902453415264f0c55\"},\"headline\":\"Journ\u00e9e mondiale de la FM\",\"datePublished\":\"2024-05-08T16:58:42+00:00\",\"dateModified\":\"2024-06-17T12:55:17+00:00\",\"mainEntityOfPage\":{\"@id\":\"https:\\\/\\\/www.ativ.pt\\\/fr\\\/2024\\\/05\\\/08\\\/journee-mondiale-de-la-fm\\\/\"},\"wordCount\":658,\"commentCount\":0,\"publisher\":{\"@id\":\"https:\\\/\\\/www.ativ.pt\\\/fr\\\/#organization\"},\"image\":{\"@id\":\"https:\\\/\\\/www.ativ.pt\\\/fr\\\/2024\\\/05\\\/08\\\/journee-mondiale-de-la-fm\\\/#primaryimage\"},\"thumbnailUrl\":\"https:\\\/\\\/www.ativ.pt\\\/wp-content\\\/uploads\\\/2024\\\/05\\\/Estrategias-Sustentaveis.jpg\",\"articleSection\":[\"Article\"],\"inLanguage\":\"fr-FR\",\"potentialAction\":[{\"@type\":\"CommentAction\",\"name\":\"Comment\",\"target\":[\"https:\\\/\\\/www.ativ.pt\\\/fr\\\/2024\\\/05\\\/08\\\/journee-mondiale-de-la-fm\\\/#respond\"]}]},{\"@type\":\"WebPage\",\"@id\":\"https:\\\/\\\/www.ativ.pt\\\/fr\\\/2024\\\/05\\\/08\\\/journee-mondiale-de-la-fm\\\/\",\"url\":\"https:\\\/\\\/www.ativ.pt\\\/fr\\\/2024\\\/05\\\/08\\\/journee-mondiale-de-la-fm\\\/\",\"name\":\"Journ\u00e9e mondiale de la FM - Mota-Engil ATIV\",\"isPartOf\":{\"@id\":\"https:\\\/\\\/www.ativ.pt\\\/fr\\\/#website\"},\"primaryImageOfPage\":{\"@id\":\"https:\\\/\\\/www.ativ.pt\\\/fr\\\/2024\\\/05\\\/08\\\/journee-mondiale-de-la-fm\\\/#primaryimage\"},\"image\":{\"@id\":\"https:\\\/\\\/www.ativ.pt\\\/fr\\\/2024\\\/05\\\/08\\\/journee-mondiale-de-la-fm\\\/#primaryimage\"},\"thumbnailUrl\":\"https:\\\/\\\/www.ativ.pt\\\/wp-content\\\/uploads\\\/2024\\\/05\\\/Estrategias-Sustentaveis.jpg\",\"datePublished\":\"2024-05-08T16:58:42+00:00\",\"dateModified\":\"2024-06-17T12:55:17+00:00\",\"breadcrumb\":{\"@id\":\"https:\\\/\\\/www.ativ.pt\\\/fr\\\/2024\\\/05\\\/08\\\/journee-mondiale-de-la-fm\\\/#breadcrumb\"},\"inLanguage\":\"fr-FR\",\"potentialAction\":[{\"@type\":\"ReadAction\",\"target\":[\"https:\\\/\\\/www.ativ.pt\\\/fr\\\/2024\\\/05\\\/08\\\/journee-mondiale-de-la-fm\\\/\"]}]},{\"@type\":\"ImageObject\",\"inLanguage\":\"fr-FR\",\"@id\":\"https:\\\/\\\/www.ativ.pt\\\/fr\\\/2024\\\/05\\\/08\\\/journee-mondiale-de-la-fm\\\/#primaryimage\",\"url\":\"https:\\\/\\\/www.ativ.pt\\\/wp-content\\\/uploads\\\/2024\\\/05\\\/Estrategias-Sustentaveis.jpg\",\"contentUrl\":\"https:\\\/\\\/www.ativ.pt\\\/wp-content\\\/uploads\\\/2024\\\/05\\\/Estrategias-Sustentaveis.jpg\",\"width\":1920,\"height\":1280},{\"@type\":\"BreadcrumbList\",\"@id\":\"https:\\\/\\\/www.ativ.pt\\\/fr\\\/2024\\\/05\\\/08\\\/journee-mondiale-de-la-fm\\\/#breadcrumb\",\"itemListElement\":[{\"@type\":\"ListItem\",\"position\":1,\"name\":\"In\u00edcio\",\"item\":\"https:\\\/\\\/www.ativ.pt\\\/fr\\\/\"},{\"@type\":\"ListItem\",\"position\":2,\"name\":\"Journ\u00e9e mondiale de la FM\"}]},{\"@type\":\"WebSite\",\"@id\":\"https:\\\/\\\/www.ativ.pt\\\/fr\\\/#website\",\"url\":\"https:\\\/\\\/www.ativ.pt\\\/fr\\\/\",\"name\":\"Mota-Engil ATIV\",\"description\":\"Gest\u00e3o e Manuten\u00e7\u00e3o de Ativos\",\"publisher\":{\"@id\":\"https:\\\/\\\/www.ativ.pt\\\/fr\\\/#organization\"},\"potentialAction\":[{\"@type\":\"SearchAction\",\"target\":{\"@type\":\"EntryPoint\",\"urlTemplate\":\"https:\\\/\\\/www.ativ.pt\\\/fr\\\/?s={search_term_string}\"},\"query-input\":{\"@type\":\"PropertyValueSpecification\",\"valueRequired\":true,\"valueName\":\"search_term_string\"}}],\"inLanguage\":\"fr-FR\"},{\"@type\":\"Organization\",\"@id\":\"https:\\\/\\\/www.ativ.pt\\\/fr\\\/#organization\",\"name\":\"Mota-Engil ATIV\",\"url\":\"https:\\\/\\\/www.ativ.pt\\\/fr\\\/\",\"logo\":{\"@type\":\"ImageObject\",\"inLanguage\":\"fr-FR\",\"@id\":\"https:\\\/\\\/www.ativ.pt\\\/fr\\\/#\\\/schema\\\/logo\\\/image\\\/\",\"url\":\"https:\\\/\\\/www.ativ.pt\\\/wp-content\\\/uploads\\\/2022\\\/04\\\/logo-ativ-cor-1.svg\",\"contentUrl\":\"https:\\\/\\\/www.ativ.pt\\\/wp-content\\\/uploads\\\/2022\\\/04\\\/logo-ativ-cor-1.svg\",\"width\":250,\"height\":100,\"caption\":\"Mota-Engil ATIV\"},\"image\":{\"@id\":\"https:\\\/\\\/www.ativ.pt\\\/fr\\\/#\\\/schema\\\/logo\\\/image\\\/\"},\"sameAs\":[\"https:\\\/\\\/www.facebook.com\\\/MotaEngilATIV\\\/\",\"https:\\\/\\\/www.instagram.com\\\/mota_engil_ativ\\\/\",\"https:\\\/\\\/www.linkedin.com\\\/company\\\/motaengil-ativ\"]},{\"@type\":\"Person\",\"@id\":\"https:\\\/\\\/www.ativ.pt\\\/fr\\\/#\\\/schema\\\/person\\\/76cd49f91ef96b6902453415264f0c55\",\"name\":\"Susana Guerreiro\"}]}<\/script>\n<!-- \/ Yoast SEO plugin. -->","yoast_head_json":{"title":"Journ\u00e9e mondiale de la FM - Mota-Engil ATIV","robots":{"index":"index","follow":"follow","max-snippet":"max-snippet:-1","max-image-preview":"max-image-preview:large","max-video-preview":"max-video-preview:-1"},"canonical":"https:\/\/www.ativ.pt\/fr\/2024\/05\/08\/journee-mondiale-de-la-fm\/","og_locale":"fr_FR","og_type":"article","og_title":"Journ\u00e9e mondiale de la FM - Mota-Engil ATIV","og_description":"L'importance de la gestion des installations (FM) dans la gestion du carbone des b\u00e2timents","og_url":"https:\/\/www.ativ.pt\/fr\/2024\/05\/08\/journee-mondiale-de-la-fm\/","og_site_name":"Mota-Engil ATIV","article_publisher":"https:\/\/www.facebook.com\/MotaEngilATIV\/","article_published_time":"2024-05-08T16:58:42+00:00","article_modified_time":"2024-06-17T12:55:17+00:00","og_image":[{"width":1920,"height":1280,"url":"https:\/\/www.ativ.pt\/wp-content\/uploads\/2024\/05\/Estrategias-Sustentaveis.jpg","type":"image\/jpeg"}],"author":"Susana Guerreiro","twitter_card":"summary_large_image","twitter_misc":{"\u00c9crit par":"Susana Guerreiro","Dur\u00e9e de lecture estim\u00e9e":"3 minutes"},"schema":{"@context":"https:\/\/schema.org","@graph":[{"@type":"Article","@id":"https:\/\/www.ativ.pt\/fr\/2024\/05\/08\/journee-mondiale-de-la-fm\/#article","isPartOf":{"@id":"https:\/\/www.ativ.pt\/fr\/2024\/05\/08\/journee-mondiale-de-la-fm\/"},"author":{"name":"Susana Guerreiro","@id":"https:\/\/www.ativ.pt\/fr\/#\/schema\/person\/76cd49f91ef96b6902453415264f0c55"},"headline":"Journ\u00e9e mondiale de la FM","datePublished":"2024-05-08T16:58:42+00:00","dateModified":"2024-06-17T12:55:17+00:00","mainEntityOfPage":{"@id":"https:\/\/www.ativ.pt\/fr\/2024\/05\/08\/journee-mondiale-de-la-fm\/"},"wordCount":658,"commentCount":0,"publisher":{"@id":"https:\/\/www.ativ.pt\/fr\/#organization"},"image":{"@id":"https:\/\/www.ativ.pt\/fr\/2024\/05\/08\/journee-mondiale-de-la-fm\/#primaryimage"},"thumbnailUrl":"https:\/\/www.ativ.pt\/wp-content\/uploads\/2024\/05\/Estrategias-Sustentaveis.jpg","articleSection":["Article"],"inLanguage":"fr-FR","potentialAction":[{"@type":"CommentAction","name":"Comment","target":["https:\/\/www.ativ.pt\/fr\/2024\/05\/08\/journee-mondiale-de-la-fm\/#respond"]}]},{"@type":"WebPage","@id":"https:\/\/www.ativ.pt\/fr\/2024\/05\/08\/journee-mondiale-de-la-fm\/","url":"https:\/\/www.ativ.pt\/fr\/2024\/05\/08\/journee-mondiale-de-la-fm\/","name":"Journ\u00e9e mondiale de la FM - Mota-Engil ATIV","isPartOf":{"@id":"https:\/\/www.ativ.pt\/fr\/#website"},"primaryImageOfPage":{"@id":"https:\/\/www.ativ.pt\/fr\/2024\/05\/08\/journee-mondiale-de-la-fm\/#primaryimage"},"image":{"@id":"https:\/\/www.ativ.pt\/fr\/2024\/05\/08\/journee-mondiale-de-la-fm\/#primaryimage"},"thumbnailUrl":"https:\/\/www.ativ.pt\/wp-content\/uploads\/2024\/05\/Estrategias-Sustentaveis.jpg","datePublished":"2024-05-08T16:58:42+00:00","dateModified":"2024-06-17T12:55:17+00:00","breadcrumb":{"@id":"https:\/\/www.ativ.pt\/fr\/2024\/05\/08\/journee-mondiale-de-la-fm\/#breadcrumb"},"inLanguage":"fr-FR","potentialAction":[{"@type":"ReadAction","target":["https:\/\/www.ativ.pt\/fr\/2024\/05\/08\/journee-mondiale-de-la-fm\/"]}]},{"@type":"ImageObject","inLanguage":"fr-FR","@id":"https:\/\/www.ativ.pt\/fr\/2024\/05\/08\/journee-mondiale-de-la-fm\/#primaryimage","url":"https:\/\/www.ativ.pt\/wp-content\/uploads\/2024\/05\/Estrategias-Sustentaveis.jpg","contentUrl":"https:\/\/www.ativ.pt\/wp-content\/uploads\/2024\/05\/Estrategias-Sustentaveis.jpg","width":1920,"height":1280},{"@type":"BreadcrumbList","@id":"https:\/\/www.ativ.pt\/fr\/2024\/05\/08\/journee-mondiale-de-la-fm\/#breadcrumb","itemListElement":[{"@type":"ListItem","position":1,"name":"In\u00edcio","item":"https:\/\/www.ativ.pt\/fr\/"},{"@type":"ListItem","position":2,"name":"Journ\u00e9e mondiale de la FM"}]},{"@type":"WebSite","@id":"https:\/\/www.ativ.pt\/fr\/#website","url":"https:\/\/www.ativ.pt\/fr\/","name":"Mota-Engil ATIV","description":"Gest\u00e3o e Manuten\u00e7\u00e3o de Ativos","publisher":{"@id":"https:\/\/www.ativ.pt\/fr\/#organization"},"potentialAction":[{"@type":"SearchAction","target":{"@type":"EntryPoint","urlTemplate":"https:\/\/www.ativ.pt\/fr\/?s={search_term_string}"},"query-input":{"@type":"PropertyValueSpecification","valueRequired":true,"valueName":"search_term_string"}}],"inLanguage":"fr-FR"},{"@type":"Organization","@id":"https:\/\/www.ativ.pt\/fr\/#organization","name":"Mota-Engil ATIV","url":"https:\/\/www.ativ.pt\/fr\/","logo":{"@type":"ImageObject","inLanguage":"fr-FR","@id":"https:\/\/www.ativ.pt\/fr\/#\/schema\/logo\/image\/","url":"https:\/\/www.ativ.pt\/wp-content\/uploads\/2022\/04\/logo-ativ-cor-1.svg","contentUrl":"https:\/\/www.ativ.pt\/wp-content\/uploads\/2022\/04\/logo-ativ-cor-1.svg","width":250,"height":100,"caption":"Mota-Engil ATIV"},"image":{"@id":"https:\/\/www.ativ.pt\/fr\/#\/schema\/logo\/image\/"},"sameAs":["https:\/\/www.facebook.com\/MotaEngilATIV\/","https:\/\/www.instagram.com\/mota_engil_ativ\/","https:\/\/www.linkedin.com\/company\/motaengil-ativ"]},{"@type":"Person","@id":"https:\/\/www.ativ.pt\/fr\/#\/schema\/person\/76cd49f91ef96b6902453415264f0c55","name":"Susana Guerreiro"}]}},"_links":{"self":[{"href":"https:\/\/www.ativ.pt\/fr\/wp-json\/wp\/v2\/posts\/10825","targetHints":{"allow":["GET"]}}],"collection":[{"href":"https:\/\/www.ativ.pt\/fr\/wp-json\/wp\/v2\/posts"}],"about":[{"href":"https:\/\/www.ativ.pt\/fr\/wp-json\/wp\/v2\/types\/post"}],"author":[{"embeddable":true,"href":"https:\/\/www.ativ.pt\/fr\/wp-json\/wp\/v2\/users\/2"}],"replies":[{"embeddable":true,"href":"https:\/\/www.ativ.pt\/fr\/wp-json\/wp\/v2\/comments?post=10825"}],"version-history":[{"count":2,"href":"https:\/\/www.ativ.pt\/fr\/wp-json\/wp\/v2\/posts\/10825\/revisions"}],"predecessor-version":[{"id":10828,"href":"https:\/\/www.ativ.pt\/fr\/wp-json\/wp\/v2\/posts\/10825\/revisions\/10828"}],"wp:featuredmedia":[{"embeddable":true,"href":"https:\/\/www.ativ.pt\/fr\/wp-json\/wp\/v2\/media\/10510"}],"wp:attachment":[{"href":"https:\/\/www.ativ.pt\/fr\/wp-json\/wp\/v2\/media?parent=10825"}],"wp:term":[{"taxonomy":"category","embeddable":true,"href":"https:\/\/www.ativ.pt\/fr\/wp-json\/wp\/v2\/categories?post=10825"},{"taxonomy":"post_tag","embeddable":true,"href":"https:\/\/www.ativ.pt\/fr\/wp-json\/wp\/v2\/tags?post=10825"}],"curies":[{"name":"wp","href":"https:\/\/api.w.org\/{rel}","templated":true}]}}