{"id":10810,"date":"2024-06-04T16:41:28","date_gmt":"2024-06-04T16:41:28","guid":{"rendered":"https:\/\/www.ativ.pt\/2024\/06\/04\/ensemencement-aerien-et-plantation-darbres-par-drone\/"},"modified":"2024-06-11T13:54:27","modified_gmt":"2024-06-11T13:54:27","slug":"ensemencement-aerien-et-plantation-darbres-par-drone","status":"publish","type":"post","link":"https:\/\/www.ativ.pt\/fr\/2024\/06\/04\/ensemencement-aerien-et-plantation-darbres-par-drone\/","title":{"rendered":"Ensemencement a\u00e9rien et plantation d\u2019arbres par drone"},"content":{"rendered":"\n<p>Dans le cadre du projet de reforestation de Corvaceira, situ\u00e9 \u00e0 Mangualde \u00e0 Viseu, et dans la poursuite de la r\u00e9duction de l\u2019empreinte carbone dans la r\u00e9alisation de ses projets de reforestation, Mota-Engil ATIV a fait appel \u00e0 des technologies innovantes \u00e0 empreinte carbone neutre.<\/p>\n\n<p>En partenariat avec l\u2019entreprise TerraFarmers, des drones ont \u00e9t\u00e9 utilis\u00e9s pour permettre la plantation d\u2019arbres \u00e0 travers des boules de graines, une technologie qui prot\u00e8ge la semence jusqu\u2019\u00e0 son enracinement dans le sol.<\/p>\n\n<p>En ce qui concerne la biodiversit\u00e9 et en utilisant le m\u00eame processus, des graines de plantes mellif\u00e8res et de c\u00e9r\u00e9ales ont \u00e9t\u00e9 utilis\u00e9es, ce qui permet d\u2019attirer et de retenir la faune existante.<\/p>\n\n<figure class=\"wp-block-gallery has-nested-images columns-default is-cropped wp-block-gallery-1 is-layout-flex wp-block-gallery-is-layout-flex\">\n<figure class=\"wp-block-image size-large\"><img fetchpriority=\"high\" decoding=\"async\" width=\"650\" height=\"866\" data-id=\"10519\" src=\"https:\/\/www.ativ.pt\/wp-content\/uploads\/2024\/05\/sementes_drone_.jpg\" alt=\"\" class=\"wp-image-10519\" srcset=\"https:\/\/www.ativ.pt\/wp-content\/uploads\/2024\/05\/sementes_drone_.jpg 650w, https:\/\/www.ativ.pt\/wp-content\/uploads\/2024\/05\/sementes_drone_-225x300.jpg 225w\" sizes=\"(max-width: 650px) 100vw, 650px\" \/><\/figure>\n\n\n\n<figure class=\"wp-block-image size-large\"><img decoding=\"async\" width=\"650\" height=\"866\" data-id=\"10515\" src=\"https:\/\/www.ativ.pt\/wp-content\/uploads\/2024\/05\/sementes_drone.jpg\" alt=\"\" class=\"wp-image-10515\" srcset=\"https:\/\/www.ativ.pt\/wp-content\/uploads\/2024\/05\/sementes_drone.jpg 650w, https:\/\/www.ativ.pt\/wp-content\/uploads\/2024\/05\/sementes_drone-225x300.jpg 225w\" sizes=\"(max-width: 650px) 100vw, 650px\" \/><\/figure>\n<\/figure>\n\n<p>La plantation avec des seedballs est une solution \u00e0 faible co\u00fbt et \u00e0 faible impact pour la reforestation d\u2019esp\u00e8ces indig\u00e8nes, fournissant divers nutriments suppl\u00e9mentaires, min\u00e9raux et autres additifs si n\u00e9cessaire.<\/p>\n\n<p>En outre, la r\u00e9duction de l\u2019empreinte carbone est significative, \u00e9tant donn\u00e9 que les drones sont \u00e9lectriques et ne consomment pas de combustibles fossiles. D\u2019autre part, c\u2019est \u00e9galement un atout, permettant la reforestation sur des terrains ou dans des zones plus sauvages, escarp\u00e9es et difficiles d\u2019acc\u00e8s, pour les personnes et les machines.<\/p>\n\n<figure class=\"wp-block-gallery has-nested-images columns-default is-cropped wp-block-gallery-2 is-layout-flex wp-block-gallery-is-layout-flex\">\n<figure class=\"wp-block-image size-large\"><img decoding=\"async\" width=\"650\" height=\"487\" data-id=\"10596\" src=\"https:\/\/www.ativ.pt\/wp-content\/uploads\/2024\/06\/drone_1.jpg\" alt=\"\" class=\"wp-image-10596\" srcset=\"https:\/\/www.ativ.pt\/wp-content\/uploads\/2024\/06\/drone_1.jpg 650w, https:\/\/www.ativ.pt\/wp-content\/uploads\/2024\/06\/drone_1-300x225.jpg 300w\" sizes=\"(max-width: 650px) 100vw, 650px\" \/><\/figure>\n\n\n\n<figure class=\"wp-block-image size-large\"><img loading=\"lazy\" decoding=\"async\" width=\"650\" height=\"487\" data-id=\"10592\" src=\"https:\/\/www.ativ.pt\/wp-content\/uploads\/2024\/06\/drone_.jpg\" alt=\"\" class=\"wp-image-10592\" srcset=\"https:\/\/www.ativ.pt\/wp-content\/uploads\/2024\/06\/drone_.jpg 650w, https:\/\/www.ativ.pt\/wp-content\/uploads\/2024\/06\/drone_-300x225.jpg 300w\" sizes=\"(max-width: 650px) 100vw, 650px\" \/><\/figure>\n<\/figure>\n\n<p>Le d\u00e9veloppement de projets tels que Corvaceira permet \u00e0 Mota-Engil ATIV de contribuer \u00e0 la r\u00e9cup\u00e9ration de terrains d\u00e9grad\u00e9s par des facteurs biotiques et abiotiques, ainsi qu\u2019\u00e0 la restauration du paysage forestier avec des esp\u00e8ces end\u00e9miques, en cr\u00e9ant un boisement biodiversifi\u00e9 et des habitats d\u00e9di\u00e9s \u00e0 la pr\u00e9servation de la faune sauvage.<\/p>\n\n<p>Voir plus \u00e0 : <a href=\"https:\/\/www.youtube.com\/watch?v=haeMhXS-eto&amp;t=10s\">https:\/\/www.youtube.com\/watch?v=haeMhXS-eto&amp;t=10s<\/a><\/p>\n","protected":false},"excerpt":{"rendered":"<p>En partenariat avec l\u2019entreprise TerraFarmers, des drones ont \u00e9t\u00e9 utilis\u00e9s pour permettre la plantation d\u2019arbres \u00e0 travers des boules de graines, une technologie qui prot\u00e8ge la semence jusqu\u2019\u00e0 son enracinement dans le sol.<\/p>\n","protected":false},"author":2,"featured_media":10533,"comment_status":"open","ping_status":"open","sticky":false,"template":"","format":"standard","meta":{"_acf_changed":false,"footnotes":""},"categories":[15],"tags":[],"class_list":["post-10810","post","type-post","status-publish","format-standard","has-post-thumbnail","hentry","category-articles"],"acf":[],"yoast_head":"<!-- This site is optimized with the Yoast SEO plugin v27.5 - https:\/\/yoast.com\/product\/yoast-seo-wordpress\/ -->\n<title>Ensemencement a\u00e9rien et plantation d\u2019arbres par drone - Mota-Engil ATIV<\/title>\n<meta name=\"robots\" content=\"index, follow, max-snippet:-1, max-image-preview:large, max-video-preview:-1\" \/>\n<link rel=\"canonical\" href=\"https:\/\/www.ativ.pt\/fr\/2024\/06\/04\/ensemencement-aerien-et-plantation-darbres-par-drone\/\" \/>\n<meta property=\"og:locale\" content=\"fr_FR\" \/>\n<meta property=\"og:type\" content=\"article\" \/>\n<meta property=\"og:title\" content=\"Ensemencement a\u00e9rien et plantation d\u2019arbres par drone - Mota-Engil ATIV\" \/>\n<meta property=\"og:description\" content=\"En partenariat avec l\u2019entreprise TerraFarmers, des drones ont \u00e9t\u00e9 utilis\u00e9s pour permettre la plantation d\u2019arbres \u00e0 travers des boules de graines, une technologie qui prot\u00e8ge la semence jusqu\u2019\u00e0 son enracinement dans le sol.\" \/>\n<meta property=\"og:url\" content=\"https:\/\/www.ativ.pt\/fr\/2024\/06\/04\/ensemencement-aerien-et-plantation-darbres-par-drone\/\" \/>\n<meta property=\"og:site_name\" content=\"Mota-Engil ATIV\" \/>\n<meta property=\"article:publisher\" content=\"https:\/\/www.facebook.com\/MotaEngilATIV\/\" \/>\n<meta property=\"article:published_time\" content=\"2024-06-04T16:41:28+00:00\" \/>\n<meta property=\"article:modified_time\" content=\"2024-06-11T13:54:27+00:00\" \/>\n<meta property=\"og:image\" content=\"https:\/\/www.ativ.pt\/wp-content\/uploads\/2024\/05\/20240424_120434-scaled.jpg\" \/>\n\t<meta property=\"og:image:width\" content=\"2560\" \/>\n\t<meta property=\"og:image:height\" content=\"1920\" \/>\n\t<meta property=\"og:image:type\" content=\"image\/jpeg\" \/>\n<meta name=\"author\" content=\"Susana Guerreiro\" \/>\n<meta name=\"twitter:card\" content=\"summary_large_image\" \/>\n<meta name=\"twitter:label1\" content=\"\u00c9crit par\" \/>\n\t<meta name=\"twitter:data1\" content=\"Susana Guerreiro\" \/>\n\t<meta name=\"twitter:label2\" content=\"Dur\u00e9e de lecture estim\u00e9e\" \/>\n\t<meta name=\"twitter:data2\" content=\"1 minute\" \/>\n<script type=\"application\/ld+json\" class=\"yoast-schema-graph\">{\"@context\":\"https:\\\/\\\/schema.org\",\"@graph\":[{\"@type\":\"Article\",\"@id\":\"https:\\\/\\\/www.ativ.pt\\\/fr\\\/2024\\\/06\\\/04\\\/ensemencement-aerien-et-plantation-darbres-par-drone\\\/#article\",\"isPartOf\":{\"@id\":\"https:\\\/\\\/www.ativ.pt\\\/fr\\\/2024\\\/06\\\/04\\\/ensemencement-aerien-et-plantation-darbres-par-drone\\\/\"},\"author\":{\"name\":\"Susana Guerreiro\",\"@id\":\"https:\\\/\\\/www.ativ.pt\\\/fr\\\/#\\\/schema\\\/person\\\/76cd49f91ef96b6902453415264f0c55\"},\"headline\":\"Ensemencement a\u00e9rien et plantation d\u2019arbres par drone\",\"datePublished\":\"2024-06-04T16:41:28+00:00\",\"dateModified\":\"2024-06-11T13:54:27+00:00\",\"mainEntityOfPage\":{\"@id\":\"https:\\\/\\\/www.ativ.pt\\\/fr\\\/2024\\\/06\\\/04\\\/ensemencement-aerien-et-plantation-darbres-par-drone\\\/\"},\"wordCount\":293,\"commentCount\":0,\"publisher\":{\"@id\":\"https:\\\/\\\/www.ativ.pt\\\/fr\\\/#organization\"},\"image\":{\"@id\":\"https:\\\/\\\/www.ativ.pt\\\/fr\\\/2024\\\/06\\\/04\\\/ensemencement-aerien-et-plantation-darbres-par-drone\\\/#primaryimage\"},\"thumbnailUrl\":\"https:\\\/\\\/www.ativ.pt\\\/wp-content\\\/uploads\\\/2024\\\/05\\\/20240424_120434-scaled.jpg\",\"articleSection\":[\"Article\"],\"inLanguage\":\"fr-FR\",\"potentialAction\":[{\"@type\":\"CommentAction\",\"name\":\"Comment\",\"target\":[\"https:\\\/\\\/www.ativ.pt\\\/fr\\\/2024\\\/06\\\/04\\\/ensemencement-aerien-et-plantation-darbres-par-drone\\\/#respond\"]}]},{\"@type\":\"WebPage\",\"@id\":\"https:\\\/\\\/www.ativ.pt\\\/fr\\\/2024\\\/06\\\/04\\\/ensemencement-aerien-et-plantation-darbres-par-drone\\\/\",\"url\":\"https:\\\/\\\/www.ativ.pt\\\/fr\\\/2024\\\/06\\\/04\\\/ensemencement-aerien-et-plantation-darbres-par-drone\\\/\",\"name\":\"Ensemencement a\u00e9rien et plantation d\u2019arbres par drone - Mota-Engil ATIV\",\"isPartOf\":{\"@id\":\"https:\\\/\\\/www.ativ.pt\\\/fr\\\/#website\"},\"primaryImageOfPage\":{\"@id\":\"https:\\\/\\\/www.ativ.pt\\\/fr\\\/2024\\\/06\\\/04\\\/ensemencement-aerien-et-plantation-darbres-par-drone\\\/#primaryimage\"},\"image\":{\"@id\":\"https:\\\/\\\/www.ativ.pt\\\/fr\\\/2024\\\/06\\\/04\\\/ensemencement-aerien-et-plantation-darbres-par-drone\\\/#primaryimage\"},\"thumbnailUrl\":\"https:\\\/\\\/www.ativ.pt\\\/wp-content\\\/uploads\\\/2024\\\/05\\\/20240424_120434-scaled.jpg\",\"datePublished\":\"2024-06-04T16:41:28+00:00\",\"dateModified\":\"2024-06-11T13:54:27+00:00\",\"breadcrumb\":{\"@id\":\"https:\\\/\\\/www.ativ.pt\\\/fr\\\/2024\\\/06\\\/04\\\/ensemencement-aerien-et-plantation-darbres-par-drone\\\/#breadcrumb\"},\"inLanguage\":\"fr-FR\",\"potentialAction\":[{\"@type\":\"ReadAction\",\"target\":[\"https:\\\/\\\/www.ativ.pt\\\/fr\\\/2024\\\/06\\\/04\\\/ensemencement-aerien-et-plantation-darbres-par-drone\\\/\"]}]},{\"@type\":\"ImageObject\",\"inLanguage\":\"fr-FR\",\"@id\":\"https:\\\/\\\/www.ativ.pt\\\/fr\\\/2024\\\/06\\\/04\\\/ensemencement-aerien-et-plantation-darbres-par-drone\\\/#primaryimage\",\"url\":\"https:\\\/\\\/www.ativ.pt\\\/wp-content\\\/uploads\\\/2024\\\/05\\\/20240424_120434-scaled.jpg\",\"contentUrl\":\"https:\\\/\\\/www.ativ.pt\\\/wp-content\\\/uploads\\\/2024\\\/05\\\/20240424_120434-scaled.jpg\",\"width\":1920,\"height\":1440},{\"@type\":\"BreadcrumbList\",\"@id\":\"https:\\\/\\\/www.ativ.pt\\\/fr\\\/2024\\\/06\\\/04\\\/ensemencement-aerien-et-plantation-darbres-par-drone\\\/#breadcrumb\",\"itemListElement\":[{\"@type\":\"ListItem\",\"position\":1,\"name\":\"In\u00edcio\",\"item\":\"https:\\\/\\\/www.ativ.pt\\\/fr\\\/\"},{\"@type\":\"ListItem\",\"position\":2,\"name\":\"Ensemencement a\u00e9rien et plantation d\u2019arbres par drone\"}]},{\"@type\":\"WebSite\",\"@id\":\"https:\\\/\\\/www.ativ.pt\\\/fr\\\/#website\",\"url\":\"https:\\\/\\\/www.ativ.pt\\\/fr\\\/\",\"name\":\"Mota-Engil ATIV\",\"description\":\"Gest\u00e3o e Manuten\u00e7\u00e3o de Ativos\",\"publisher\":{\"@id\":\"https:\\\/\\\/www.ativ.pt\\\/fr\\\/#organization\"},\"potentialAction\":[{\"@type\":\"SearchAction\",\"target\":{\"@type\":\"EntryPoint\",\"urlTemplate\":\"https:\\\/\\\/www.ativ.pt\\\/fr\\\/?s={search_term_string}\"},\"query-input\":{\"@type\":\"PropertyValueSpecification\",\"valueRequired\":true,\"valueName\":\"search_term_string\"}}],\"inLanguage\":\"fr-FR\"},{\"@type\":\"Organization\",\"@id\":\"https:\\\/\\\/www.ativ.pt\\\/fr\\\/#organization\",\"name\":\"Mota-Engil ATIV\",\"url\":\"https:\\\/\\\/www.ativ.pt\\\/fr\\\/\",\"logo\":{\"@type\":\"ImageObject\",\"inLanguage\":\"fr-FR\",\"@id\":\"https:\\\/\\\/www.ativ.pt\\\/fr\\\/#\\\/schema\\\/logo\\\/image\\\/\",\"url\":\"https:\\\/\\\/www.ativ.pt\\\/wp-content\\\/uploads\\\/2022\\\/04\\\/logo-ativ-cor-1.svg\",\"contentUrl\":\"https:\\\/\\\/www.ativ.pt\\\/wp-content\\\/uploads\\\/2022\\\/04\\\/logo-ativ-cor-1.svg\",\"width\":250,\"height\":100,\"caption\":\"Mota-Engil ATIV\"},\"image\":{\"@id\":\"https:\\\/\\\/www.ativ.pt\\\/fr\\\/#\\\/schema\\\/logo\\\/image\\\/\"},\"sameAs\":[\"https:\\\/\\\/www.facebook.com\\\/MotaEngilATIV\\\/\",\"https:\\\/\\\/www.instagram.com\\\/mota_engil_ativ\\\/\",\"https:\\\/\\\/www.linkedin.com\\\/company\\\/motaengil-ativ\"]},{\"@type\":\"Person\",\"@id\":\"https:\\\/\\\/www.ativ.pt\\\/fr\\\/#\\\/schema\\\/person\\\/76cd49f91ef96b6902453415264f0c55\",\"name\":\"Susana Guerreiro\"}]}<\/script>\n<!-- \/ Yoast SEO plugin. -->","yoast_head_json":{"title":"Ensemencement a\u00e9rien et plantation d\u2019arbres par drone - Mota-Engil ATIV","robots":{"index":"index","follow":"follow","max-snippet":"max-snippet:-1","max-image-preview":"max-image-preview:large","max-video-preview":"max-video-preview:-1"},"canonical":"https:\/\/www.ativ.pt\/fr\/2024\/06\/04\/ensemencement-aerien-et-plantation-darbres-par-drone\/","og_locale":"fr_FR","og_type":"article","og_title":"Ensemencement a\u00e9rien et plantation d\u2019arbres par drone - Mota-Engil ATIV","og_description":"En partenariat avec l\u2019entreprise TerraFarmers, des drones ont \u00e9t\u00e9 utilis\u00e9s pour permettre la plantation d\u2019arbres \u00e0 travers des boules de graines, une technologie qui prot\u00e8ge la semence jusqu\u2019\u00e0 son enracinement dans le sol.","og_url":"https:\/\/www.ativ.pt\/fr\/2024\/06\/04\/ensemencement-aerien-et-plantation-darbres-par-drone\/","og_site_name":"Mota-Engil ATIV","article_publisher":"https:\/\/www.facebook.com\/MotaEngilATIV\/","article_published_time":"2024-06-04T16:41:28+00:00","article_modified_time":"2024-06-11T13:54:27+00:00","og_image":[{"width":2560,"height":1920,"url":"https:\/\/www.ativ.pt\/wp-content\/uploads\/2024\/05\/20240424_120434-scaled.jpg","type":"image\/jpeg"}],"author":"Susana Guerreiro","twitter_card":"summary_large_image","twitter_misc":{"\u00c9crit par":"Susana Guerreiro","Dur\u00e9e de lecture estim\u00e9e":"1 minute"},"schema":{"@context":"https:\/\/schema.org","@graph":[{"@type":"Article","@id":"https:\/\/www.ativ.pt\/fr\/2024\/06\/04\/ensemencement-aerien-et-plantation-darbres-par-drone\/#article","isPartOf":{"@id":"https:\/\/www.ativ.pt\/fr\/2024\/06\/04\/ensemencement-aerien-et-plantation-darbres-par-drone\/"},"author":{"name":"Susana Guerreiro","@id":"https:\/\/www.ativ.pt\/fr\/#\/schema\/person\/76cd49f91ef96b6902453415264f0c55"},"headline":"Ensemencement a\u00e9rien et plantation d\u2019arbres par drone","datePublished":"2024-06-04T16:41:28+00:00","dateModified":"2024-06-11T13:54:27+00:00","mainEntityOfPage":{"@id":"https:\/\/www.ativ.pt\/fr\/2024\/06\/04\/ensemencement-aerien-et-plantation-darbres-par-drone\/"},"wordCount":293,"commentCount":0,"publisher":{"@id":"https:\/\/www.ativ.pt\/fr\/#organization"},"image":{"@id":"https:\/\/www.ativ.pt\/fr\/2024\/06\/04\/ensemencement-aerien-et-plantation-darbres-par-drone\/#primaryimage"},"thumbnailUrl":"https:\/\/www.ativ.pt\/wp-content\/uploads\/2024\/05\/20240424_120434-scaled.jpg","articleSection":["Article"],"inLanguage":"fr-FR","potentialAction":[{"@type":"CommentAction","name":"Comment","target":["https:\/\/www.ativ.pt\/fr\/2024\/06\/04\/ensemencement-aerien-et-plantation-darbres-par-drone\/#respond"]}]},{"@type":"WebPage","@id":"https:\/\/www.ativ.pt\/fr\/2024\/06\/04\/ensemencement-aerien-et-plantation-darbres-par-drone\/","url":"https:\/\/www.ativ.pt\/fr\/2024\/06\/04\/ensemencement-aerien-et-plantation-darbres-par-drone\/","name":"Ensemencement a\u00e9rien et plantation d\u2019arbres par drone - Mota-Engil ATIV","isPartOf":{"@id":"https:\/\/www.ativ.pt\/fr\/#website"},"primaryImageOfPage":{"@id":"https:\/\/www.ativ.pt\/fr\/2024\/06\/04\/ensemencement-aerien-et-plantation-darbres-par-drone\/#primaryimage"},"image":{"@id":"https:\/\/www.ativ.pt\/fr\/2024\/06\/04\/ensemencement-aerien-et-plantation-darbres-par-drone\/#primaryimage"},"thumbnailUrl":"https:\/\/www.ativ.pt\/wp-content\/uploads\/2024\/05\/20240424_120434-scaled.jpg","datePublished":"2024-06-04T16:41:28+00:00","dateModified":"2024-06-11T13:54:27+00:00","breadcrumb":{"@id":"https:\/\/www.ativ.pt\/fr\/2024\/06\/04\/ensemencement-aerien-et-plantation-darbres-par-drone\/#breadcrumb"},"inLanguage":"fr-FR","potentialAction":[{"@type":"ReadAction","target":["https:\/\/www.ativ.pt\/fr\/2024\/06\/04\/ensemencement-aerien-et-plantation-darbres-par-drone\/"]}]},{"@type":"ImageObject","inLanguage":"fr-FR","@id":"https:\/\/www.ativ.pt\/fr\/2024\/06\/04\/ensemencement-aerien-et-plantation-darbres-par-drone\/#primaryimage","url":"https:\/\/www.ativ.pt\/wp-content\/uploads\/2024\/05\/20240424_120434-scaled.jpg","contentUrl":"https:\/\/www.ativ.pt\/wp-content\/uploads\/2024\/05\/20240424_120434-scaled.jpg","width":1920,"height":1440},{"@type":"BreadcrumbList","@id":"https:\/\/www.ativ.pt\/fr\/2024\/06\/04\/ensemencement-aerien-et-plantation-darbres-par-drone\/#breadcrumb","itemListElement":[{"@type":"ListItem","position":1,"name":"In\u00edcio","item":"https:\/\/www.ativ.pt\/fr\/"},{"@type":"ListItem","position":2,"name":"Ensemencement a\u00e9rien et plantation d\u2019arbres par drone"}]},{"@type":"WebSite","@id":"https:\/\/www.ativ.pt\/fr\/#website","url":"https:\/\/www.ativ.pt\/fr\/","name":"Mota-Engil ATIV","description":"Gest\u00e3o e Manuten\u00e7\u00e3o de Ativos","publisher":{"@id":"https:\/\/www.ativ.pt\/fr\/#organization"},"potentialAction":[{"@type":"SearchAction","target":{"@type":"EntryPoint","urlTemplate":"https:\/\/www.ativ.pt\/fr\/?s={search_term_string}"},"query-input":{"@type":"PropertyValueSpecification","valueRequired":true,"valueName":"search_term_string"}}],"inLanguage":"fr-FR"},{"@type":"Organization","@id":"https:\/\/www.ativ.pt\/fr\/#organization","name":"Mota-Engil ATIV","url":"https:\/\/www.ativ.pt\/fr\/","logo":{"@type":"ImageObject","inLanguage":"fr-FR","@id":"https:\/\/www.ativ.pt\/fr\/#\/schema\/logo\/image\/","url":"https:\/\/www.ativ.pt\/wp-content\/uploads\/2022\/04\/logo-ativ-cor-1.svg","contentUrl":"https:\/\/www.ativ.pt\/wp-content\/uploads\/2022\/04\/logo-ativ-cor-1.svg","width":250,"height":100,"caption":"Mota-Engil ATIV"},"image":{"@id":"https:\/\/www.ativ.pt\/fr\/#\/schema\/logo\/image\/"},"sameAs":["https:\/\/www.facebook.com\/MotaEngilATIV\/","https:\/\/www.instagram.com\/mota_engil_ativ\/","https:\/\/www.linkedin.com\/company\/motaengil-ativ"]},{"@type":"Person","@id":"https:\/\/www.ativ.pt\/fr\/#\/schema\/person\/76cd49f91ef96b6902453415264f0c55","name":"Susana Guerreiro"}]}},"_links":{"self":[{"href":"https:\/\/www.ativ.pt\/fr\/wp-json\/wp\/v2\/posts\/10810","targetHints":{"allow":["GET"]}}],"collection":[{"href":"https:\/\/www.ativ.pt\/fr\/wp-json\/wp\/v2\/posts"}],"about":[{"href":"https:\/\/www.ativ.pt\/fr\/wp-json\/wp\/v2\/types\/post"}],"author":[{"embeddable":true,"href":"https:\/\/www.ativ.pt\/fr\/wp-json\/wp\/v2\/users\/2"}],"replies":[{"embeddable":true,"href":"https:\/\/www.ativ.pt\/fr\/wp-json\/wp\/v2\/comments?post=10810"}],"version-history":[{"count":1,"href":"https:\/\/www.ativ.pt\/fr\/wp-json\/wp\/v2\/posts\/10810\/revisions"}],"predecessor-version":[{"id":10811,"href":"https:\/\/www.ativ.pt\/fr\/wp-json\/wp\/v2\/posts\/10810\/revisions\/10811"}],"wp:featuredmedia":[{"embeddable":true,"href":"https:\/\/www.ativ.pt\/fr\/wp-json\/wp\/v2\/media\/10533"}],"wp:attachment":[{"href":"https:\/\/www.ativ.pt\/fr\/wp-json\/wp\/v2\/media?parent=10810"}],"wp:term":[{"taxonomy":"category","embeddable":true,"href":"https:\/\/www.ativ.pt\/fr\/wp-json\/wp\/v2\/categories?post=10810"},{"taxonomy":"post_tag","embeddable":true,"href":"https:\/\/www.ativ.pt\/fr\/wp-json\/wp\/v2\/tags?post=10810"}],"curies":[{"name":"wp","href":"https:\/\/api.w.org\/{rel}","templated":true}]}}