{"id":10736,"date":"2024-06-06T09:33:06","date_gmt":"2024-06-06T09:33:06","guid":{"rendered":"https:\/\/www.ativ.pt\/2024\/06\/06\/approvisionnement-en-eau-a-braga-partenariat-entre-mota-engil-ativ-et-agere\/"},"modified":"2024-06-06T14:16:00","modified_gmt":"2024-06-06T14:16:00","slug":"approvisionnement-en-eau-a-braga-partenariat-entre-mota-engil-ativ-et-agere","status":"publish","type":"post","link":"https:\/\/www.ativ.pt\/fr\/2024\/06\/06\/approvisionnement-en-eau-a-braga-partenariat-entre-mota-engil-ativ-et-agere\/","title":{"rendered":"Approvisionnement en eau \u00e0 Braga : Partenariat entre Mota-Engil ATIV et AGERE"},"content":{"rendered":"\n<p>Ce contrat couvre des services essentiels, y compris la maintenance pr\u00e9ventive et la conservation des syst\u00e8mes \u00e9lectriques, des \u00e9quipements, de l&rsquo;instrumentation, de l&rsquo;automatisation et de la supervision, \u00e0 la Station de Traitement de l&rsquo;Eau (STE) de Ponte do Bico, 27 r\u00e9servoirs et 18 stations de surpression hydro\u00e9lectriques.<\/p>\n\n<p>La Mota-Engil ATIV se distingue par son offre de service personnalis\u00e9 et adapt\u00e9 aux besoins sp\u00e9cifiques de la r\u00e9gion, mettant l&rsquo;accent sur la syst\u00e9matisation, l&rsquo;organisation et le contr\u00f4le rigoureux des processus. La s\u00e9curit\u00e9 dans toutes les actions de maintenance est une priorit\u00e9, garantissant que l&rsquo;approvisionnement en eau de la municipalit\u00e9 soit fiable et continu.<\/p>\n\n<figure class=\"wp-block-gallery has-nested-images columns-default is-cropped wp-block-gallery-1 is-layout-flex wp-block-gallery-is-layout-flex\">\n<figure class=\"wp-block-image size-large\"><img fetchpriority=\"high\" decoding=\"async\" width=\"650\" height=\"866\" data-id=\"10675\" src=\"https:\/\/www.ativ.pt\/wp-content\/uploads\/2024\/06\/agere_man.jpg\" alt=\"\" class=\"wp-image-10675\" srcset=\"https:\/\/www.ativ.pt\/wp-content\/uploads\/2024\/06\/agere_man.jpg 650w, https:\/\/www.ativ.pt\/wp-content\/uploads\/2024\/06\/agere_man-225x300.jpg 225w\" sizes=\"(max-width: 650px) 100vw, 650px\" \/><\/figure>\n\n\n\n<figure class=\"wp-block-image size-large\"><img decoding=\"async\" width=\"650\" height=\"866\" data-id=\"10679\" src=\"https:\/\/www.ativ.pt\/wp-content\/uploads\/2024\/06\/agere_man_.jpg\" alt=\"\" class=\"wp-image-10679\" srcset=\"https:\/\/www.ativ.pt\/wp-content\/uploads\/2024\/06\/agere_man_.jpg 650w, https:\/\/www.ativ.pt\/wp-content\/uploads\/2024\/06\/agere_man_-225x300.jpg 225w\" sizes=\"(max-width: 650px) 100vw, 650px\" \/><\/figure>\n<\/figure>\n\n<p>Avec une vaste exp\u00e9rience dans ce type de contrats, Mota-Engil ATIV allie expertise technologique et approche pluridisciplinaire pour r\u00e9pondre efficacement aux exigences du secteur de l&rsquo;eau. Cette comp\u00e9tence permet une r\u00e9ponse rapide et efficace, cr\u00e9ant de la valeur pour toutes les parties impliqu\u00e9es.<\/p>\n\n<p>Dans un contexte mondial o\u00f9 la durabilit\u00e9 est une priorit\u00e9, Mota-Engil ATIV assume un r\u00f4le fondamental. L&rsquo;entreprise d\u00e9veloppe des solutions \u00e0 toutes les \u00e9tapes critiques de la gestion de l&rsquo;eau, de la planification \u00e0 la construction, en passant par l&rsquo;exploitation, la maintenance et la gestion des pertes des syst\u00e8mes. La promotion de la circularit\u00e9 de l&rsquo;eau est au c\u0153ur de ses op\u00e9rations, en accord avec les engagements mondiaux en mati\u00e8re de durabilit\u00e9.<\/p>\n\n<p>Ce contrat, en plus d&rsquo;\u00eatre stimulant, est une source de fiert\u00e9 pour Mota-Engil ATIV, qui continue de contribuer de mani\u00e8re significative \u00e0 la gestion efficiente et durable des ressources en eau \u00e0 Braga.<\/p>\n\n<p>Nous valorisons les actifs en transformant la communaut\u00e9 vers un avenir plus durable !<\/p>\n","protected":false},"excerpt":{"rendered":"<p>Depuis 2017, Mota-Engil ATIV, en partenariat avec AGERE, est responsable de la maintenance des infrastructures d&rsquo;approvisionnement en eau dans la municipalit\u00e9 de Braga. <\/p>\n","protected":false},"author":2,"featured_media":10690,"comment_status":"open","ping_status":"open","sticky":false,"template":"","format":"standard","meta":{"_acf_changed":false,"footnotes":""},"categories":[15],"tags":[],"class_list":["post-10736","post","type-post","status-publish","format-standard","has-post-thumbnail","hentry","category-articles"],"acf":[],"yoast_head":"<!-- This site is optimized with the Yoast SEO plugin v27.5 - https:\/\/yoast.com\/product\/yoast-seo-wordpress\/ -->\n<title>Approvisionnement en eau \u00e0 Braga : Partenariat entre Mota-Engil ATIV et AGERE - Mota-Engil ATIV<\/title>\n<meta name=\"robots\" content=\"index, follow, max-snippet:-1, max-image-preview:large, max-video-preview:-1\" \/>\n<link rel=\"canonical\" href=\"https:\/\/www.ativ.pt\/fr\/2024\/06\/06\/approvisionnement-en-eau-a-braga-partenariat-entre-mota-engil-ativ-et-agere\/\" \/>\n<meta property=\"og:locale\" content=\"fr_FR\" \/>\n<meta property=\"og:type\" content=\"article\" \/>\n<meta property=\"og:title\" content=\"Approvisionnement en eau \u00e0 Braga : Partenariat entre Mota-Engil ATIV et AGERE - Mota-Engil ATIV\" \/>\n<meta property=\"og:description\" content=\"Depuis 2017, Mota-Engil ATIV, en partenariat avec AGERE, est responsable de la maintenance des infrastructures d&#039;approvisionnement en eau dans la municipalit\u00e9 de Braga.\" \/>\n<meta property=\"og:url\" content=\"https:\/\/www.ativ.pt\/fr\/2024\/06\/06\/approvisionnement-en-eau-a-braga-partenariat-entre-mota-engil-ativ-et-agere\/\" \/>\n<meta property=\"og:site_name\" content=\"Mota-Engil ATIV\" \/>\n<meta property=\"article:publisher\" content=\"https:\/\/www.facebook.com\/MotaEngilATIV\/\" \/>\n<meta property=\"article:published_time\" content=\"2024-06-06T09:33:06+00:00\" \/>\n<meta property=\"article:modified_time\" content=\"2024-06-06T14:16:00+00:00\" \/>\n<meta property=\"og:image\" content=\"https:\/\/www.ativ.pt\/wp-content\/uploads\/2024\/06\/agere_man_destaque.jpg\" \/>\n\t<meta property=\"og:image:width\" content=\"1496\" \/>\n\t<meta property=\"og:image:height\" content=\"451\" \/>\n\t<meta property=\"og:image:type\" content=\"image\/jpeg\" \/>\n<meta name=\"author\" content=\"Susana Guerreiro\" \/>\n<meta name=\"twitter:card\" content=\"summary_large_image\" \/>\n<meta name=\"twitter:label1\" content=\"\u00c9crit par\" \/>\n\t<meta name=\"twitter:data1\" content=\"Susana Guerreiro\" \/>\n\t<meta name=\"twitter:label2\" content=\"Dur\u00e9e de lecture estim\u00e9e\" \/>\n\t<meta name=\"twitter:data2\" content=\"1 minute\" \/>\n<script type=\"application\/ld+json\" class=\"yoast-schema-graph\">{\"@context\":\"https:\\\/\\\/schema.org\",\"@graph\":[{\"@type\":\"Article\",\"@id\":\"https:\\\/\\\/www.ativ.pt\\\/fr\\\/2024\\\/06\\\/06\\\/approvisionnement-en-eau-a-braga-partenariat-entre-mota-engil-ativ-et-agere\\\/#article\",\"isPartOf\":{\"@id\":\"https:\\\/\\\/www.ativ.pt\\\/fr\\\/2024\\\/06\\\/06\\\/approvisionnement-en-eau-a-braga-partenariat-entre-mota-engil-ativ-et-agere\\\/\"},\"author\":{\"name\":\"Susana Guerreiro\",\"@id\":\"https:\\\/\\\/www.ativ.pt\\\/fr\\\/#\\\/schema\\\/person\\\/76cd49f91ef96b6902453415264f0c55\"},\"headline\":\"Approvisionnement en eau \u00e0 Braga : Partenariat entre Mota-Engil ATIV et AGERE\",\"datePublished\":\"2024-06-06T09:33:06+00:00\",\"dateModified\":\"2024-06-06T14:16:00+00:00\",\"mainEntityOfPage\":{\"@id\":\"https:\\\/\\\/www.ativ.pt\\\/fr\\\/2024\\\/06\\\/06\\\/approvisionnement-en-eau-a-braga-partenariat-entre-mota-engil-ativ-et-agere\\\/\"},\"wordCount\":299,\"commentCount\":0,\"publisher\":{\"@id\":\"https:\\\/\\\/www.ativ.pt\\\/fr\\\/#organization\"},\"image\":{\"@id\":\"https:\\\/\\\/www.ativ.pt\\\/fr\\\/2024\\\/06\\\/06\\\/approvisionnement-en-eau-a-braga-partenariat-entre-mota-engil-ativ-et-agere\\\/#primaryimage\"},\"thumbnailUrl\":\"https:\\\/\\\/www.ativ.pt\\\/wp-content\\\/uploads\\\/2024\\\/06\\\/agere_man_destaque.jpg\",\"articleSection\":[\"Article\"],\"inLanguage\":\"fr-FR\",\"potentialAction\":[{\"@type\":\"CommentAction\",\"name\":\"Comment\",\"target\":[\"https:\\\/\\\/www.ativ.pt\\\/fr\\\/2024\\\/06\\\/06\\\/approvisionnement-en-eau-a-braga-partenariat-entre-mota-engil-ativ-et-agere\\\/#respond\"]}]},{\"@type\":\"WebPage\",\"@id\":\"https:\\\/\\\/www.ativ.pt\\\/fr\\\/2024\\\/06\\\/06\\\/approvisionnement-en-eau-a-braga-partenariat-entre-mota-engil-ativ-et-agere\\\/\",\"url\":\"https:\\\/\\\/www.ativ.pt\\\/fr\\\/2024\\\/06\\\/06\\\/approvisionnement-en-eau-a-braga-partenariat-entre-mota-engil-ativ-et-agere\\\/\",\"name\":\"Approvisionnement en eau \u00e0 Braga : Partenariat entre Mota-Engil ATIV et AGERE - Mota-Engil ATIV\",\"isPartOf\":{\"@id\":\"https:\\\/\\\/www.ativ.pt\\\/fr\\\/#website\"},\"primaryImageOfPage\":{\"@id\":\"https:\\\/\\\/www.ativ.pt\\\/fr\\\/2024\\\/06\\\/06\\\/approvisionnement-en-eau-a-braga-partenariat-entre-mota-engil-ativ-et-agere\\\/#primaryimage\"},\"image\":{\"@id\":\"https:\\\/\\\/www.ativ.pt\\\/fr\\\/2024\\\/06\\\/06\\\/approvisionnement-en-eau-a-braga-partenariat-entre-mota-engil-ativ-et-agere\\\/#primaryimage\"},\"thumbnailUrl\":\"https:\\\/\\\/www.ativ.pt\\\/wp-content\\\/uploads\\\/2024\\\/06\\\/agere_man_destaque.jpg\",\"datePublished\":\"2024-06-06T09:33:06+00:00\",\"dateModified\":\"2024-06-06T14:16:00+00:00\",\"breadcrumb\":{\"@id\":\"https:\\\/\\\/www.ativ.pt\\\/fr\\\/2024\\\/06\\\/06\\\/approvisionnement-en-eau-a-braga-partenariat-entre-mota-engil-ativ-et-agere\\\/#breadcrumb\"},\"inLanguage\":\"fr-FR\",\"potentialAction\":[{\"@type\":\"ReadAction\",\"target\":[\"https:\\\/\\\/www.ativ.pt\\\/fr\\\/2024\\\/06\\\/06\\\/approvisionnement-en-eau-a-braga-partenariat-entre-mota-engil-ativ-et-agere\\\/\"]}]},{\"@type\":\"ImageObject\",\"inLanguage\":\"fr-FR\",\"@id\":\"https:\\\/\\\/www.ativ.pt\\\/fr\\\/2024\\\/06\\\/06\\\/approvisionnement-en-eau-a-braga-partenariat-entre-mota-engil-ativ-et-agere\\\/#primaryimage\",\"url\":\"https:\\\/\\\/www.ativ.pt\\\/wp-content\\\/uploads\\\/2024\\\/06\\\/agere_man_destaque.jpg\",\"contentUrl\":\"https:\\\/\\\/www.ativ.pt\\\/wp-content\\\/uploads\\\/2024\\\/06\\\/agere_man_destaque.jpg\",\"width\":1496,\"height\":451},{\"@type\":\"BreadcrumbList\",\"@id\":\"https:\\\/\\\/www.ativ.pt\\\/fr\\\/2024\\\/06\\\/06\\\/approvisionnement-en-eau-a-braga-partenariat-entre-mota-engil-ativ-et-agere\\\/#breadcrumb\",\"itemListElement\":[{\"@type\":\"ListItem\",\"position\":1,\"name\":\"In\u00edcio\",\"item\":\"https:\\\/\\\/www.ativ.pt\\\/fr\\\/\"},{\"@type\":\"ListItem\",\"position\":2,\"name\":\"Approvisionnement en eau \u00e0 Braga : Partenariat entre Mota-Engil ATIV et AGERE\"}]},{\"@type\":\"WebSite\",\"@id\":\"https:\\\/\\\/www.ativ.pt\\\/fr\\\/#website\",\"url\":\"https:\\\/\\\/www.ativ.pt\\\/fr\\\/\",\"name\":\"Mota-Engil ATIV\",\"description\":\"Gest\u00e3o e Manuten\u00e7\u00e3o de Ativos\",\"publisher\":{\"@id\":\"https:\\\/\\\/www.ativ.pt\\\/fr\\\/#organization\"},\"potentialAction\":[{\"@type\":\"SearchAction\",\"target\":{\"@type\":\"EntryPoint\",\"urlTemplate\":\"https:\\\/\\\/www.ativ.pt\\\/fr\\\/?s={search_term_string}\"},\"query-input\":{\"@type\":\"PropertyValueSpecification\",\"valueRequired\":true,\"valueName\":\"search_term_string\"}}],\"inLanguage\":\"fr-FR\"},{\"@type\":\"Organization\",\"@id\":\"https:\\\/\\\/www.ativ.pt\\\/fr\\\/#organization\",\"name\":\"Mota-Engil ATIV\",\"url\":\"https:\\\/\\\/www.ativ.pt\\\/fr\\\/\",\"logo\":{\"@type\":\"ImageObject\",\"inLanguage\":\"fr-FR\",\"@id\":\"https:\\\/\\\/www.ativ.pt\\\/fr\\\/#\\\/schema\\\/logo\\\/image\\\/\",\"url\":\"https:\\\/\\\/www.ativ.pt\\\/wp-content\\\/uploads\\\/2022\\\/04\\\/logo-ativ-cor-1.svg\",\"contentUrl\":\"https:\\\/\\\/www.ativ.pt\\\/wp-content\\\/uploads\\\/2022\\\/04\\\/logo-ativ-cor-1.svg\",\"width\":250,\"height\":100,\"caption\":\"Mota-Engil ATIV\"},\"image\":{\"@id\":\"https:\\\/\\\/www.ativ.pt\\\/fr\\\/#\\\/schema\\\/logo\\\/image\\\/\"},\"sameAs\":[\"https:\\\/\\\/www.facebook.com\\\/MotaEngilATIV\\\/\",\"https:\\\/\\\/www.instagram.com\\\/mota_engil_ativ\\\/\",\"https:\\\/\\\/www.linkedin.com\\\/company\\\/motaengil-ativ\"]},{\"@type\":\"Person\",\"@id\":\"https:\\\/\\\/www.ativ.pt\\\/fr\\\/#\\\/schema\\\/person\\\/76cd49f91ef96b6902453415264f0c55\",\"name\":\"Susana Guerreiro\"}]}<\/script>\n<!-- \/ Yoast SEO plugin. -->","yoast_head_json":{"title":"Approvisionnement en eau \u00e0 Braga : Partenariat entre Mota-Engil ATIV et AGERE - Mota-Engil ATIV","robots":{"index":"index","follow":"follow","max-snippet":"max-snippet:-1","max-image-preview":"max-image-preview:large","max-video-preview":"max-video-preview:-1"},"canonical":"https:\/\/www.ativ.pt\/fr\/2024\/06\/06\/approvisionnement-en-eau-a-braga-partenariat-entre-mota-engil-ativ-et-agere\/","og_locale":"fr_FR","og_type":"article","og_title":"Approvisionnement en eau \u00e0 Braga : Partenariat entre Mota-Engil ATIV et AGERE - Mota-Engil ATIV","og_description":"Depuis 2017, Mota-Engil ATIV, en partenariat avec AGERE, est responsable de la maintenance des infrastructures d'approvisionnement en eau dans la municipalit\u00e9 de Braga.","og_url":"https:\/\/www.ativ.pt\/fr\/2024\/06\/06\/approvisionnement-en-eau-a-braga-partenariat-entre-mota-engil-ativ-et-agere\/","og_site_name":"Mota-Engil ATIV","article_publisher":"https:\/\/www.facebook.com\/MotaEngilATIV\/","article_published_time":"2024-06-06T09:33:06+00:00","article_modified_time":"2024-06-06T14:16:00+00:00","og_image":[{"width":1496,"height":451,"url":"https:\/\/www.ativ.pt\/wp-content\/uploads\/2024\/06\/agere_man_destaque.jpg","type":"image\/jpeg"}],"author":"Susana Guerreiro","twitter_card":"summary_large_image","twitter_misc":{"\u00c9crit par":"Susana Guerreiro","Dur\u00e9e de lecture estim\u00e9e":"1 minute"},"schema":{"@context":"https:\/\/schema.org","@graph":[{"@type":"Article","@id":"https:\/\/www.ativ.pt\/fr\/2024\/06\/06\/approvisionnement-en-eau-a-braga-partenariat-entre-mota-engil-ativ-et-agere\/#article","isPartOf":{"@id":"https:\/\/www.ativ.pt\/fr\/2024\/06\/06\/approvisionnement-en-eau-a-braga-partenariat-entre-mota-engil-ativ-et-agere\/"},"author":{"name":"Susana Guerreiro","@id":"https:\/\/www.ativ.pt\/fr\/#\/schema\/person\/76cd49f91ef96b6902453415264f0c55"},"headline":"Approvisionnement en eau \u00e0 Braga : Partenariat entre Mota-Engil ATIV et AGERE","datePublished":"2024-06-06T09:33:06+00:00","dateModified":"2024-06-06T14:16:00+00:00","mainEntityOfPage":{"@id":"https:\/\/www.ativ.pt\/fr\/2024\/06\/06\/approvisionnement-en-eau-a-braga-partenariat-entre-mota-engil-ativ-et-agere\/"},"wordCount":299,"commentCount":0,"publisher":{"@id":"https:\/\/www.ativ.pt\/fr\/#organization"},"image":{"@id":"https:\/\/www.ativ.pt\/fr\/2024\/06\/06\/approvisionnement-en-eau-a-braga-partenariat-entre-mota-engil-ativ-et-agere\/#primaryimage"},"thumbnailUrl":"https:\/\/www.ativ.pt\/wp-content\/uploads\/2024\/06\/agere_man_destaque.jpg","articleSection":["Article"],"inLanguage":"fr-FR","potentialAction":[{"@type":"CommentAction","name":"Comment","target":["https:\/\/www.ativ.pt\/fr\/2024\/06\/06\/approvisionnement-en-eau-a-braga-partenariat-entre-mota-engil-ativ-et-agere\/#respond"]}]},{"@type":"WebPage","@id":"https:\/\/www.ativ.pt\/fr\/2024\/06\/06\/approvisionnement-en-eau-a-braga-partenariat-entre-mota-engil-ativ-et-agere\/","url":"https:\/\/www.ativ.pt\/fr\/2024\/06\/06\/approvisionnement-en-eau-a-braga-partenariat-entre-mota-engil-ativ-et-agere\/","name":"Approvisionnement en eau \u00e0 Braga : Partenariat entre Mota-Engil ATIV et AGERE - Mota-Engil ATIV","isPartOf":{"@id":"https:\/\/www.ativ.pt\/fr\/#website"},"primaryImageOfPage":{"@id":"https:\/\/www.ativ.pt\/fr\/2024\/06\/06\/approvisionnement-en-eau-a-braga-partenariat-entre-mota-engil-ativ-et-agere\/#primaryimage"},"image":{"@id":"https:\/\/www.ativ.pt\/fr\/2024\/06\/06\/approvisionnement-en-eau-a-braga-partenariat-entre-mota-engil-ativ-et-agere\/#primaryimage"},"thumbnailUrl":"https:\/\/www.ativ.pt\/wp-content\/uploads\/2024\/06\/agere_man_destaque.jpg","datePublished":"2024-06-06T09:33:06+00:00","dateModified":"2024-06-06T14:16:00+00:00","breadcrumb":{"@id":"https:\/\/www.ativ.pt\/fr\/2024\/06\/06\/approvisionnement-en-eau-a-braga-partenariat-entre-mota-engil-ativ-et-agere\/#breadcrumb"},"inLanguage":"fr-FR","potentialAction":[{"@type":"ReadAction","target":["https:\/\/www.ativ.pt\/fr\/2024\/06\/06\/approvisionnement-en-eau-a-braga-partenariat-entre-mota-engil-ativ-et-agere\/"]}]},{"@type":"ImageObject","inLanguage":"fr-FR","@id":"https:\/\/www.ativ.pt\/fr\/2024\/06\/06\/approvisionnement-en-eau-a-braga-partenariat-entre-mota-engil-ativ-et-agere\/#primaryimage","url":"https:\/\/www.ativ.pt\/wp-content\/uploads\/2024\/06\/agere_man_destaque.jpg","contentUrl":"https:\/\/www.ativ.pt\/wp-content\/uploads\/2024\/06\/agere_man_destaque.jpg","width":1496,"height":451},{"@type":"BreadcrumbList","@id":"https:\/\/www.ativ.pt\/fr\/2024\/06\/06\/approvisionnement-en-eau-a-braga-partenariat-entre-mota-engil-ativ-et-agere\/#breadcrumb","itemListElement":[{"@type":"ListItem","position":1,"name":"In\u00edcio","item":"https:\/\/www.ativ.pt\/fr\/"},{"@type":"ListItem","position":2,"name":"Approvisionnement en eau \u00e0 Braga : Partenariat entre Mota-Engil ATIV et AGERE"}]},{"@type":"WebSite","@id":"https:\/\/www.ativ.pt\/fr\/#website","url":"https:\/\/www.ativ.pt\/fr\/","name":"Mota-Engil ATIV","description":"Gest\u00e3o e Manuten\u00e7\u00e3o de Ativos","publisher":{"@id":"https:\/\/www.ativ.pt\/fr\/#organization"},"potentialAction":[{"@type":"SearchAction","target":{"@type":"EntryPoint","urlTemplate":"https:\/\/www.ativ.pt\/fr\/?s={search_term_string}"},"query-input":{"@type":"PropertyValueSpecification","valueRequired":true,"valueName":"search_term_string"}}],"inLanguage":"fr-FR"},{"@type":"Organization","@id":"https:\/\/www.ativ.pt\/fr\/#organization","name":"Mota-Engil ATIV","url":"https:\/\/www.ativ.pt\/fr\/","logo":{"@type":"ImageObject","inLanguage":"fr-FR","@id":"https:\/\/www.ativ.pt\/fr\/#\/schema\/logo\/image\/","url":"https:\/\/www.ativ.pt\/wp-content\/uploads\/2022\/04\/logo-ativ-cor-1.svg","contentUrl":"https:\/\/www.ativ.pt\/wp-content\/uploads\/2022\/04\/logo-ativ-cor-1.svg","width":250,"height":100,"caption":"Mota-Engil ATIV"},"image":{"@id":"https:\/\/www.ativ.pt\/fr\/#\/schema\/logo\/image\/"},"sameAs":["https:\/\/www.facebook.com\/MotaEngilATIV\/","https:\/\/www.instagram.com\/mota_engil_ativ\/","https:\/\/www.linkedin.com\/company\/motaengil-ativ"]},{"@type":"Person","@id":"https:\/\/www.ativ.pt\/fr\/#\/schema\/person\/76cd49f91ef96b6902453415264f0c55","name":"Susana Guerreiro"}]}},"_links":{"self":[{"href":"https:\/\/www.ativ.pt\/fr\/wp-json\/wp\/v2\/posts\/10736","targetHints":{"allow":["GET"]}}],"collection":[{"href":"https:\/\/www.ativ.pt\/fr\/wp-json\/wp\/v2\/posts"}],"about":[{"href":"https:\/\/www.ativ.pt\/fr\/wp-json\/wp\/v2\/types\/post"}],"author":[{"embeddable":true,"href":"https:\/\/www.ativ.pt\/fr\/wp-json\/wp\/v2\/users\/2"}],"replies":[{"embeddable":true,"href":"https:\/\/www.ativ.pt\/fr\/wp-json\/wp\/v2\/comments?post=10736"}],"version-history":[{"count":1,"href":"https:\/\/www.ativ.pt\/fr\/wp-json\/wp\/v2\/posts\/10736\/revisions"}],"predecessor-version":[{"id":10737,"href":"https:\/\/www.ativ.pt\/fr\/wp-json\/wp\/v2\/posts\/10736\/revisions\/10737"}],"wp:featuredmedia":[{"embeddable":true,"href":"https:\/\/www.ativ.pt\/fr\/wp-json\/wp\/v2\/media\/10690"}],"wp:attachment":[{"href":"https:\/\/www.ativ.pt\/fr\/wp-json\/wp\/v2\/media?parent=10736"}],"wp:term":[{"taxonomy":"category","embeddable":true,"href":"https:\/\/www.ativ.pt\/fr\/wp-json\/wp\/v2\/categories?post=10736"},{"taxonomy":"post_tag","embeddable":true,"href":"https:\/\/www.ativ.pt\/fr\/wp-json\/wp\/v2\/tags?post=10736"}],"curies":[{"name":"wp","href":"https:\/\/api.w.org\/{rel}","templated":true}]}}