{"id":8152,"date":"2023-03-02T15:17:21","date_gmt":"2023-03-02T15:17:21","guid":{"rendered":"https:\/\/www.ativ.pt\/2023\/03\/02\/recualificacion-del-frente-fluvial-de-vila-franca-de-xira\/"},"modified":"2023-06-20T14:57:11","modified_gmt":"2023-06-20T14:57:11","slug":"recualificacion-del-frente-fluvial-de-vila-franca-de-xira","status":"publish","type":"post","link":"https:\/\/www.ativ.pt\/es\/2023\/03\/02\/recualificacion-del-frente-fluvial-de-vila-franca-de-xira\/","title":{"rendered":"Recualificaci\u00f3n del Frente Fluvial de Vila Franca de Xira"},"content":{"rendered":"\n<p>El acuerdo de consignaci\u00f3n fue firmado el 23 de febrero en el Dep\u00f3sito de Material General del Ej\u00e9rcito del Aire, en Alverca do Ribatejo, e inicia la recalificaci\u00f3n y conservaci\u00f3n ambiental y paisaj\u00edstica de otro tramo de la ribera entre Alverca y Sobralinho, en una extensi\u00f3n de unos 4,9 km y en un \u00e1rea aproximada de 14.1 hect\u00e1reas.<\/p>\n\n<div class=\"wp-block-columns is-layout-flex wp-container-core-columns-is-layout-9d6595d7 wp-block-columns-is-layout-flex\">\n<div class=\"wp-block-column is-layout-flow wp-block-column-is-layout-flow\">\n<figure class=\"wp-block-image size-full\"><img fetchpriority=\"high\" decoding=\"async\" width=\"1024\" height=\"768\" src=\"https:\/\/www.ativ.pt\/wp-content\/uploads\/2023\/03\/IMG-20230224-WA0002.jpg\" alt=\"\" class=\"wp-image-7304\" srcset=\"https:\/\/www.ativ.pt\/wp-content\/uploads\/2023\/03\/IMG-20230224-WA0002.jpg 1024w, https:\/\/www.ativ.pt\/wp-content\/uploads\/2023\/03\/IMG-20230224-WA0002-300x225.jpg 300w, https:\/\/www.ativ.pt\/wp-content\/uploads\/2023\/03\/IMG-20230224-WA0002-768x576.jpg 768w\" sizes=\"(max-width: 1024px) 100vw, 1024px\" \/><\/figure>\n<\/div>\n\n\n\n<div class=\"wp-block-column is-layout-flow wp-block-column-is-layout-flow\">\n<figure class=\"wp-block-image size-full\"><img decoding=\"async\" width=\"1024\" height=\"768\" src=\"https:\/\/www.ativ.pt\/wp-content\/uploads\/2023\/03\/IMG-20230224-WA0018.jpg\" alt=\"\" class=\"wp-image-7308\" srcset=\"https:\/\/www.ativ.pt\/wp-content\/uploads\/2023\/03\/IMG-20230224-WA0018.jpg 1024w, https:\/\/www.ativ.pt\/wp-content\/uploads\/2023\/03\/IMG-20230224-WA0018-300x225.jpg 300w, https:\/\/www.ativ.pt\/wp-content\/uploads\/2023\/03\/IMG-20230224-WA0018-768x576.jpg 768w\" sizes=\"(max-width: 1024px) 100vw, 1024px\" \/><\/figure>\n<\/div>\n<\/div>\n\n<p>Este proyecto pretende valorar el patrimonio natural y paisaj\u00edstico, promover el Turismo de Naturaleza, construir infraestructuras de acceso y dinamizar las actividades en el r\u00edo a trav\u00e9s de una oferta diversificada de espacios, crear zonas de estancia y contemplar la avifauna y el paisaje, garantizar la continuidad de la movilidad fluida a lo largo de la ribera, implementar medidas para minimizar el impacto del aumento del nivel del mar como resultado del cambio clim\u00e1tico.<\/p>\n\n<p>En esta primera fase se realizar\u00e1n movimientos de tierra, infraestructura, pavimentaci\u00f3n, pasarelas de madera, plantaciones y puentes mixtos.<\/p>\n\n<p>El proyecto tambi\u00e9n prev\u00e9 la aplicaci\u00f3n de equipos de iluminaci\u00f3n LED capaces de producir su propia energ\u00eda del tipo fotovoltaica\/e\u00f3lica, que servir\u00e1n para alimentar las luminarias integradas en estas columnas, as\u00ed como el sistema de videovigilancia. Apoy\u00e1ndose en soluciones interdisciplinares que combinan la valorizaci\u00f3n del territorio, el desarrollo sostenible y la calidad de vida de los usuarios de los espacios que dise\u00f1a, construye y mantiene, Mota-Engil ATIV abraza un nuevo contrato desafiante.<\/p>\n","protected":false},"excerpt":{"rendered":"<p>Mota-Engil ATIV es la empresa responsable de la ejecuci\u00f3n de la 1\u00aa fase del Parque Lineal Ribeirinho do Estu\u00e1rio do Tejo, Alverca do Ribatejo\/Sobralinho.<\/p>\n","protected":false},"author":2,"featured_media":7311,"comment_status":"open","ping_status":"open","sticky":false,"template":"","format":"standard","meta":{"_acf_changed":false,"footnotes":""},"categories":[16],"tags":[],"class_list":["post-8152","post","type-post","status-publish","format-standard","has-post-thumbnail","hentry","category-articulo"],"acf":[],"yoast_head":"<!-- This site is optimized with the Yoast SEO plugin v27.5 - https:\/\/yoast.com\/product\/yoast-seo-wordpress\/ -->\n<title>Recualificaci\u00f3n del Frente Fluvial de Vila Franca de Xira - Mota-Engil ATIV<\/title>\n<meta name=\"robots\" content=\"index, follow, max-snippet:-1, max-image-preview:large, max-video-preview:-1\" \/>\n<link rel=\"canonical\" href=\"https:\/\/www.ativ.pt\/es\/2023\/03\/02\/recualificacion-del-frente-fluvial-de-vila-franca-de-xira\/\" \/>\n<meta property=\"og:locale\" content=\"es_ES\" \/>\n<meta property=\"og:type\" content=\"article\" \/>\n<meta property=\"og:title\" content=\"Recualificaci\u00f3n del Frente Fluvial de Vila Franca de Xira - Mota-Engil ATIV\" \/>\n<meta property=\"og:description\" content=\"Mota-Engil ATIV es la empresa responsable de la ejecuci\u00f3n de la 1\u00aa fase del Parque Lineal Ribeirinho do Estu\u00e1rio do Tejo, Alverca do Ribatejo\/Sobralinho.\" \/>\n<meta property=\"og:url\" content=\"https:\/\/www.ativ.pt\/es\/2023\/03\/02\/recualificacion-del-frente-fluvial-de-vila-franca-de-xira\/\" \/>\n<meta property=\"og:site_name\" content=\"Mota-Engil ATIV\" \/>\n<meta property=\"article:publisher\" content=\"https:\/\/www.facebook.com\/MotaEngilATIV\/\" \/>\n<meta property=\"article:published_time\" content=\"2023-03-02T15:17:21+00:00\" \/>\n<meta property=\"article:modified_time\" content=\"2023-06-20T14:57:11+00:00\" \/>\n<meta property=\"og:image\" content=\"https:\/\/www.ativ.pt\/wp-content\/uploads\/2023\/03\/IMG-20230224-WA0018.jpg\" \/>\n\t<meta property=\"og:image:width\" content=\"1024\" \/>\n\t<meta property=\"og:image:height\" content=\"768\" \/>\n\t<meta property=\"og:image:type\" content=\"image\/jpeg\" \/>\n<meta name=\"author\" content=\"Susana Guerreiro\" \/>\n<meta name=\"twitter:card\" content=\"summary_large_image\" \/>\n<meta name=\"twitter:label1\" content=\"Escrito por\" \/>\n\t<meta name=\"twitter:data1\" content=\"Susana Guerreiro\" \/>\n\t<meta name=\"twitter:label2\" content=\"Tiempo de lectura\" \/>\n\t<meta name=\"twitter:data2\" content=\"1 minuto\" \/>\n<script type=\"application\/ld+json\" class=\"yoast-schema-graph\">{\"@context\":\"https:\\\/\\\/schema.org\",\"@graph\":[{\"@type\":\"Article\",\"@id\":\"https:\\\/\\\/www.ativ.pt\\\/es\\\/2023\\\/03\\\/02\\\/recualificacion-del-frente-fluvial-de-vila-franca-de-xira\\\/#article\",\"isPartOf\":{\"@id\":\"https:\\\/\\\/www.ativ.pt\\\/es\\\/2023\\\/03\\\/02\\\/recualificacion-del-frente-fluvial-de-vila-franca-de-xira\\\/\"},\"author\":{\"name\":\"Susana Guerreiro\",\"@id\":\"https:\\\/\\\/www.ativ.pt\\\/es\\\/#\\\/schema\\\/person\\\/76cd49f91ef96b6902453415264f0c55\"},\"headline\":\"Recualificaci\u00f3n del Frente Fluvial de Vila Franca de Xira\",\"datePublished\":\"2023-03-02T15:17:21+00:00\",\"dateModified\":\"2023-06-20T14:57:11+00:00\",\"mainEntityOfPage\":{\"@id\":\"https:\\\/\\\/www.ativ.pt\\\/es\\\/2023\\\/03\\\/02\\\/recualificacion-del-frente-fluvial-de-vila-franca-de-xira\\\/\"},\"wordCount\":253,\"commentCount\":0,\"publisher\":{\"@id\":\"https:\\\/\\\/www.ativ.pt\\\/es\\\/#organization\"},\"image\":{\"@id\":\"https:\\\/\\\/www.ativ.pt\\\/es\\\/2023\\\/03\\\/02\\\/recualificacion-del-frente-fluvial-de-vila-franca-de-xira\\\/#primaryimage\"},\"thumbnailUrl\":\"https:\\\/\\\/www.ativ.pt\\\/wp-content\\\/uploads\\\/2023\\\/03\\\/IMG-20230224-WA0018.jpg\",\"articleSection\":[\"Art\u00edculo\"],\"inLanguage\":\"es\",\"potentialAction\":[{\"@type\":\"CommentAction\",\"name\":\"Comment\",\"target\":[\"https:\\\/\\\/www.ativ.pt\\\/es\\\/2023\\\/03\\\/02\\\/recualificacion-del-frente-fluvial-de-vila-franca-de-xira\\\/#respond\"]}]},{\"@type\":\"WebPage\",\"@id\":\"https:\\\/\\\/www.ativ.pt\\\/es\\\/2023\\\/03\\\/02\\\/recualificacion-del-frente-fluvial-de-vila-franca-de-xira\\\/\",\"url\":\"https:\\\/\\\/www.ativ.pt\\\/es\\\/2023\\\/03\\\/02\\\/recualificacion-del-frente-fluvial-de-vila-franca-de-xira\\\/\",\"name\":\"Recualificaci\u00f3n del Frente Fluvial de Vila Franca de Xira - Mota-Engil ATIV\",\"isPartOf\":{\"@id\":\"https:\\\/\\\/www.ativ.pt\\\/es\\\/#website\"},\"primaryImageOfPage\":{\"@id\":\"https:\\\/\\\/www.ativ.pt\\\/es\\\/2023\\\/03\\\/02\\\/recualificacion-del-frente-fluvial-de-vila-franca-de-xira\\\/#primaryimage\"},\"image\":{\"@id\":\"https:\\\/\\\/www.ativ.pt\\\/es\\\/2023\\\/03\\\/02\\\/recualificacion-del-frente-fluvial-de-vila-franca-de-xira\\\/#primaryimage\"},\"thumbnailUrl\":\"https:\\\/\\\/www.ativ.pt\\\/wp-content\\\/uploads\\\/2023\\\/03\\\/IMG-20230224-WA0018.jpg\",\"datePublished\":\"2023-03-02T15:17:21+00:00\",\"dateModified\":\"2023-06-20T14:57:11+00:00\",\"breadcrumb\":{\"@id\":\"https:\\\/\\\/www.ativ.pt\\\/es\\\/2023\\\/03\\\/02\\\/recualificacion-del-frente-fluvial-de-vila-franca-de-xira\\\/#breadcrumb\"},\"inLanguage\":\"es\",\"potentialAction\":[{\"@type\":\"ReadAction\",\"target\":[\"https:\\\/\\\/www.ativ.pt\\\/es\\\/2023\\\/03\\\/02\\\/recualificacion-del-frente-fluvial-de-vila-franca-de-xira\\\/\"]}]},{\"@type\":\"ImageObject\",\"inLanguage\":\"es\",\"@id\":\"https:\\\/\\\/www.ativ.pt\\\/es\\\/2023\\\/03\\\/02\\\/recualificacion-del-frente-fluvial-de-vila-franca-de-xira\\\/#primaryimage\",\"url\":\"https:\\\/\\\/www.ativ.pt\\\/wp-content\\\/uploads\\\/2023\\\/03\\\/IMG-20230224-WA0018.jpg\",\"contentUrl\":\"https:\\\/\\\/www.ativ.pt\\\/wp-content\\\/uploads\\\/2023\\\/03\\\/IMG-20230224-WA0018.jpg\",\"width\":1024,\"height\":768},{\"@type\":\"BreadcrumbList\",\"@id\":\"https:\\\/\\\/www.ativ.pt\\\/es\\\/2023\\\/03\\\/02\\\/recualificacion-del-frente-fluvial-de-vila-franca-de-xira\\\/#breadcrumb\",\"itemListElement\":[{\"@type\":\"ListItem\",\"position\":1,\"name\":\"In\u00edcio\",\"item\":\"https:\\\/\\\/www.ativ.pt\\\/es\\\/\"},{\"@type\":\"ListItem\",\"position\":2,\"name\":\"Recualificaci\u00f3n del Frente Fluvial de Vila Franca de Xira\"}]},{\"@type\":\"WebSite\",\"@id\":\"https:\\\/\\\/www.ativ.pt\\\/es\\\/#website\",\"url\":\"https:\\\/\\\/www.ativ.pt\\\/es\\\/\",\"name\":\"Mota-Engil ATIV\",\"description\":\"Gest\u00e3o e Manuten\u00e7\u00e3o de Ativos\",\"publisher\":{\"@id\":\"https:\\\/\\\/www.ativ.pt\\\/es\\\/#organization\"},\"potentialAction\":[{\"@type\":\"SearchAction\",\"target\":{\"@type\":\"EntryPoint\",\"urlTemplate\":\"https:\\\/\\\/www.ativ.pt\\\/es\\\/?s={search_term_string}\"},\"query-input\":{\"@type\":\"PropertyValueSpecification\",\"valueRequired\":true,\"valueName\":\"search_term_string\"}}],\"inLanguage\":\"es\"},{\"@type\":\"Organization\",\"@id\":\"https:\\\/\\\/www.ativ.pt\\\/es\\\/#organization\",\"name\":\"Mota-Engil ATIV\",\"url\":\"https:\\\/\\\/www.ativ.pt\\\/es\\\/\",\"logo\":{\"@type\":\"ImageObject\",\"inLanguage\":\"es\",\"@id\":\"https:\\\/\\\/www.ativ.pt\\\/es\\\/#\\\/schema\\\/logo\\\/image\\\/\",\"url\":\"https:\\\/\\\/www.ativ.pt\\\/wp-content\\\/uploads\\\/2022\\\/04\\\/logo-ativ-cor-1.svg\",\"contentUrl\":\"https:\\\/\\\/www.ativ.pt\\\/wp-content\\\/uploads\\\/2022\\\/04\\\/logo-ativ-cor-1.svg\",\"width\":250,\"height\":100,\"caption\":\"Mota-Engil ATIV\"},\"image\":{\"@id\":\"https:\\\/\\\/www.ativ.pt\\\/es\\\/#\\\/schema\\\/logo\\\/image\\\/\"},\"sameAs\":[\"https:\\\/\\\/www.facebook.com\\\/MotaEngilATIV\\\/\",\"https:\\\/\\\/www.instagram.com\\\/mota_engil_ativ\\\/\",\"https:\\\/\\\/www.linkedin.com\\\/company\\\/motaengil-ativ\"]},{\"@type\":\"Person\",\"@id\":\"https:\\\/\\\/www.ativ.pt\\\/es\\\/#\\\/schema\\\/person\\\/76cd49f91ef96b6902453415264f0c55\",\"name\":\"Susana Guerreiro\"}]}<\/script>\n<!-- \/ Yoast SEO plugin. -->","yoast_head_json":{"title":"Recualificaci\u00f3n del Frente Fluvial de Vila Franca de Xira - Mota-Engil ATIV","robots":{"index":"index","follow":"follow","max-snippet":"max-snippet:-1","max-image-preview":"max-image-preview:large","max-video-preview":"max-video-preview:-1"},"canonical":"https:\/\/www.ativ.pt\/es\/2023\/03\/02\/recualificacion-del-frente-fluvial-de-vila-franca-de-xira\/","og_locale":"es_ES","og_type":"article","og_title":"Recualificaci\u00f3n del Frente Fluvial de Vila Franca de Xira - Mota-Engil ATIV","og_description":"Mota-Engil ATIV es la empresa responsable de la ejecuci\u00f3n de la 1\u00aa fase del Parque Lineal Ribeirinho do Estu\u00e1rio do Tejo, Alverca do Ribatejo\/Sobralinho.","og_url":"https:\/\/www.ativ.pt\/es\/2023\/03\/02\/recualificacion-del-frente-fluvial-de-vila-franca-de-xira\/","og_site_name":"Mota-Engil ATIV","article_publisher":"https:\/\/www.facebook.com\/MotaEngilATIV\/","article_published_time":"2023-03-02T15:17:21+00:00","article_modified_time":"2023-06-20T14:57:11+00:00","og_image":[{"width":1024,"height":768,"url":"https:\/\/www.ativ.pt\/wp-content\/uploads\/2023\/03\/IMG-20230224-WA0018.jpg","type":"image\/jpeg"}],"author":"Susana Guerreiro","twitter_card":"summary_large_image","twitter_misc":{"Escrito por":"Susana Guerreiro","Tiempo de lectura":"1 minuto"},"schema":{"@context":"https:\/\/schema.org","@graph":[{"@type":"Article","@id":"https:\/\/www.ativ.pt\/es\/2023\/03\/02\/recualificacion-del-frente-fluvial-de-vila-franca-de-xira\/#article","isPartOf":{"@id":"https:\/\/www.ativ.pt\/es\/2023\/03\/02\/recualificacion-del-frente-fluvial-de-vila-franca-de-xira\/"},"author":{"name":"Susana Guerreiro","@id":"https:\/\/www.ativ.pt\/es\/#\/schema\/person\/76cd49f91ef96b6902453415264f0c55"},"headline":"Recualificaci\u00f3n del Frente Fluvial de Vila Franca de Xira","datePublished":"2023-03-02T15:17:21+00:00","dateModified":"2023-06-20T14:57:11+00:00","mainEntityOfPage":{"@id":"https:\/\/www.ativ.pt\/es\/2023\/03\/02\/recualificacion-del-frente-fluvial-de-vila-franca-de-xira\/"},"wordCount":253,"commentCount":0,"publisher":{"@id":"https:\/\/www.ativ.pt\/es\/#organization"},"image":{"@id":"https:\/\/www.ativ.pt\/es\/2023\/03\/02\/recualificacion-del-frente-fluvial-de-vila-franca-de-xira\/#primaryimage"},"thumbnailUrl":"https:\/\/www.ativ.pt\/wp-content\/uploads\/2023\/03\/IMG-20230224-WA0018.jpg","articleSection":["Art\u00edculo"],"inLanguage":"es","potentialAction":[{"@type":"CommentAction","name":"Comment","target":["https:\/\/www.ativ.pt\/es\/2023\/03\/02\/recualificacion-del-frente-fluvial-de-vila-franca-de-xira\/#respond"]}]},{"@type":"WebPage","@id":"https:\/\/www.ativ.pt\/es\/2023\/03\/02\/recualificacion-del-frente-fluvial-de-vila-franca-de-xira\/","url":"https:\/\/www.ativ.pt\/es\/2023\/03\/02\/recualificacion-del-frente-fluvial-de-vila-franca-de-xira\/","name":"Recualificaci\u00f3n del Frente Fluvial de Vila Franca de Xira - Mota-Engil ATIV","isPartOf":{"@id":"https:\/\/www.ativ.pt\/es\/#website"},"primaryImageOfPage":{"@id":"https:\/\/www.ativ.pt\/es\/2023\/03\/02\/recualificacion-del-frente-fluvial-de-vila-franca-de-xira\/#primaryimage"},"image":{"@id":"https:\/\/www.ativ.pt\/es\/2023\/03\/02\/recualificacion-del-frente-fluvial-de-vila-franca-de-xira\/#primaryimage"},"thumbnailUrl":"https:\/\/www.ativ.pt\/wp-content\/uploads\/2023\/03\/IMG-20230224-WA0018.jpg","datePublished":"2023-03-02T15:17:21+00:00","dateModified":"2023-06-20T14:57:11+00:00","breadcrumb":{"@id":"https:\/\/www.ativ.pt\/es\/2023\/03\/02\/recualificacion-del-frente-fluvial-de-vila-franca-de-xira\/#breadcrumb"},"inLanguage":"es","potentialAction":[{"@type":"ReadAction","target":["https:\/\/www.ativ.pt\/es\/2023\/03\/02\/recualificacion-del-frente-fluvial-de-vila-franca-de-xira\/"]}]},{"@type":"ImageObject","inLanguage":"es","@id":"https:\/\/www.ativ.pt\/es\/2023\/03\/02\/recualificacion-del-frente-fluvial-de-vila-franca-de-xira\/#primaryimage","url":"https:\/\/www.ativ.pt\/wp-content\/uploads\/2023\/03\/IMG-20230224-WA0018.jpg","contentUrl":"https:\/\/www.ativ.pt\/wp-content\/uploads\/2023\/03\/IMG-20230224-WA0018.jpg","width":1024,"height":768},{"@type":"BreadcrumbList","@id":"https:\/\/www.ativ.pt\/es\/2023\/03\/02\/recualificacion-del-frente-fluvial-de-vila-franca-de-xira\/#breadcrumb","itemListElement":[{"@type":"ListItem","position":1,"name":"In\u00edcio","item":"https:\/\/www.ativ.pt\/es\/"},{"@type":"ListItem","position":2,"name":"Recualificaci\u00f3n del Frente Fluvial de Vila Franca de Xira"}]},{"@type":"WebSite","@id":"https:\/\/www.ativ.pt\/es\/#website","url":"https:\/\/www.ativ.pt\/es\/","name":"Mota-Engil ATIV","description":"Gest\u00e3o e Manuten\u00e7\u00e3o de Ativos","publisher":{"@id":"https:\/\/www.ativ.pt\/es\/#organization"},"potentialAction":[{"@type":"SearchAction","target":{"@type":"EntryPoint","urlTemplate":"https:\/\/www.ativ.pt\/es\/?s={search_term_string}"},"query-input":{"@type":"PropertyValueSpecification","valueRequired":true,"valueName":"search_term_string"}}],"inLanguage":"es"},{"@type":"Organization","@id":"https:\/\/www.ativ.pt\/es\/#organization","name":"Mota-Engil ATIV","url":"https:\/\/www.ativ.pt\/es\/","logo":{"@type":"ImageObject","inLanguage":"es","@id":"https:\/\/www.ativ.pt\/es\/#\/schema\/logo\/image\/","url":"https:\/\/www.ativ.pt\/wp-content\/uploads\/2022\/04\/logo-ativ-cor-1.svg","contentUrl":"https:\/\/www.ativ.pt\/wp-content\/uploads\/2022\/04\/logo-ativ-cor-1.svg","width":250,"height":100,"caption":"Mota-Engil ATIV"},"image":{"@id":"https:\/\/www.ativ.pt\/es\/#\/schema\/logo\/image\/"},"sameAs":["https:\/\/www.facebook.com\/MotaEngilATIV\/","https:\/\/www.instagram.com\/mota_engil_ativ\/","https:\/\/www.linkedin.com\/company\/motaengil-ativ"]},{"@type":"Person","@id":"https:\/\/www.ativ.pt\/es\/#\/schema\/person\/76cd49f91ef96b6902453415264f0c55","name":"Susana Guerreiro"}]}},"_links":{"self":[{"href":"https:\/\/www.ativ.pt\/es\/wp-json\/wp\/v2\/posts\/8152","targetHints":{"allow":["GET"]}}],"collection":[{"href":"https:\/\/www.ativ.pt\/es\/wp-json\/wp\/v2\/posts"}],"about":[{"href":"https:\/\/www.ativ.pt\/es\/wp-json\/wp\/v2\/types\/post"}],"author":[{"embeddable":true,"href":"https:\/\/www.ativ.pt\/es\/wp-json\/wp\/v2\/users\/2"}],"replies":[{"embeddable":true,"href":"https:\/\/www.ativ.pt\/es\/wp-json\/wp\/v2\/comments?post=8152"}],"version-history":[{"count":1,"href":"https:\/\/www.ativ.pt\/es\/wp-json\/wp\/v2\/posts\/8152\/revisions"}],"predecessor-version":[{"id":8153,"href":"https:\/\/www.ativ.pt\/es\/wp-json\/wp\/v2\/posts\/8152\/revisions\/8153"}],"wp:featuredmedia":[{"embeddable":true,"href":"https:\/\/www.ativ.pt\/es\/wp-json\/wp\/v2\/media\/7311"}],"wp:attachment":[{"href":"https:\/\/www.ativ.pt\/es\/wp-json\/wp\/v2\/media?parent=8152"}],"wp:term":[{"taxonomy":"category","embeddable":true,"href":"https:\/\/www.ativ.pt\/es\/wp-json\/wp\/v2\/categories?post=8152"},{"taxonomy":"post_tag","embeddable":true,"href":"https:\/\/www.ativ.pt\/es\/wp-json\/wp\/v2\/tags?post=8152"}],"curies":[{"name":"wp","href":"https:\/\/api.w.org\/{rel}","templated":true}]}}