{"id":7095,"date":"2022-12-27T12:45:50","date_gmt":"2022-12-27T12:45:50","guid":{"rendered":"https:\/\/www.ativ.pt\/2022\/12\/27\/finalizacion-de-la-recalificacion-del-estadio-municipal-de-fontelo\/"},"modified":"2023-02-01T11:16:58","modified_gmt":"2023-02-01T11:16:58","slug":"finalizacion-de-la-recalificacion-del-estadio-municipal-de-fontelo","status":"publish","type":"post","link":"https:\/\/www.ativ.pt\/es\/2022\/12\/27\/finalizacion-de-la-recalificacion-del-estadio-municipal-de-fontelo\/","title":{"rendered":"Finalizaci\u00f3n de la recalificaci\u00f3n del Estadio Municipal de Fontelo"},"content":{"rendered":"\n<div class=\"wp-block-columns is-layout-flex wp-container-core-columns-is-layout-9d6595d7 wp-block-columns-is-layout-flex\">\n<div class=\"wp-block-column is-layout-flow wp-block-column-is-layout-flow\">\n<figure class=\"wp-block-image size-large\"><img fetchpriority=\"high\" decoding=\"async\" width=\"1024\" height=\"478\" src=\"https:\/\/spcdn.shortpixel.ai\/spio\/ret_img,q_cdnize,to_auto,s_webp:avif\/www.ativ.pt\/wp-content\/uploads\/2022\/12\/IMG-20221218-WA0005-1024x478.jpg\" alt=\"\" class=\"wp-image-6882\" srcset=\"https:\/\/spcdn.shortpixel.ai\/spio\/ret_img,q_cdnize,to_auto,s_webp:avif\/www.ativ.pt\/wp-content\/uploads\/2022\/12\/IMG-20221218-WA0005-1024x478.jpg 1024w, https:\/\/spcdn.shortpixel.ai\/spio\/ret_img,q_cdnize,to_auto,s_webp:avif\/www.ativ.pt\/wp-content\/uploads\/2022\/12\/IMG-20221218-WA0005-300x140.jpg 300w, https:\/\/spcdn.shortpixel.ai\/spio\/ret_img,q_cdnize,to_auto,s_webp:avif\/www.ativ.pt\/wp-content\/uploads\/2022\/12\/IMG-20221218-WA0005-768x359.jpg 768w, https:\/\/spcdn.shortpixel.ai\/spio\/ret_img,q_cdnize,to_auto,s_webp:avif\/www.ativ.pt\/wp-content\/uploads\/2022\/12\/IMG-20221218-WA0005-1536x717.jpg 1536w, https:\/\/spcdn.shortpixel.ai\/spio\/ret_img,q_cdnize,to_auto,s_webp:avif\/www.ativ.pt\/wp-content\/uploads\/2022\/12\/IMG-20221218-WA0005.jpg 2000w\" sizes=\"(max-width: 1024px) 100vw, 1024px\" \/><\/figure>\n<\/div>\n\n\n\n<div class=\"wp-block-column is-layout-flow wp-block-column-is-layout-flow\">\n<figure class=\"wp-block-image size-large\"><img decoding=\"async\" width=\"1024\" height=\"478\" src=\"https:\/\/spcdn.shortpixel.ai\/spio\/ret_img,q_cdnize,to_auto,s_webp:avif\/www.ativ.pt\/wp-content\/uploads\/2022\/12\/IMG-20221218-WA0009-1024x478.jpg\" alt=\"\" class=\"wp-image-6886\" srcset=\"https:\/\/spcdn.shortpixel.ai\/spio\/ret_img,q_cdnize,to_auto,s_webp:avif\/www.ativ.pt\/wp-content\/uploads\/2022\/12\/IMG-20221218-WA0009-1024x478.jpg 1024w, https:\/\/spcdn.shortpixel.ai\/spio\/ret_img,q_cdnize,to_auto,s_webp:avif\/www.ativ.pt\/wp-content\/uploads\/2022\/12\/IMG-20221218-WA0009-300x140.jpg 300w, https:\/\/spcdn.shortpixel.ai\/spio\/ret_img,q_cdnize,to_auto,s_webp:avif\/www.ativ.pt\/wp-content\/uploads\/2022\/12\/IMG-20221218-WA0009-768x359.jpg 768w, https:\/\/spcdn.shortpixel.ai\/spio\/ret_img,q_cdnize,to_auto,s_webp:avif\/www.ativ.pt\/wp-content\/uploads\/2022\/12\/IMG-20221218-WA0009-1536x717.jpg 1536w, https:\/\/spcdn.shortpixel.ai\/spio\/ret_img,q_cdnize,to_auto,s_webp:avif\/www.ativ.pt\/wp-content\/uploads\/2022\/12\/IMG-20221218-WA0009.jpg 2000w\" sizes=\"(max-width: 1024px) 100vw, 1024px\" \/><\/figure>\n<\/div>\n<\/div>\n\n<p>Apoy\u00e1ndose en soluciones interdisciplinares que combinan la valorizaci\u00f3n del territorio, el desarrollo sostenible y la calidad de vida de los usuarios de los espacios que dise\u00f1a, construye y mantiene, Mota-Engil ATIV asumi\u00f3 un reto culminado con \u00e9xito.<\/p>\n\n<p> Las obras realizadas en los \u00faltimos meses permitieron mejorar los pavimentos deportivos, implantar infraestructuras de drenaje de aguas pluviales, redes de abastecimiento de agua y de riego en el Estadio Municipal y repavimentar la Avenida Anacleto Pinto.<\/p>\n\n<div class=\"wp-block-columns is-layout-flex wp-container-core-columns-is-layout-9d6595d7 wp-block-columns-is-layout-flex\">\n<div class=\"wp-block-column is-layout-flow wp-block-column-is-layout-flow\">\n<figure class=\"wp-block-image size-large\"><img decoding=\"async\" width=\"478\" height=\"1024\" src=\"https:\/\/www.ativ.pt\/wp-content\/uploads\/2022\/12\/IMG-20221218-WA0001-478x1024.jpg\" alt=\"\" class=\"wp-image-6890\" srcset=\"https:\/\/www.ativ.pt\/wp-content\/uploads\/2022\/12\/IMG-20221218-WA0001-478x1024.jpg 478w, https:\/\/www.ativ.pt\/wp-content\/uploads\/2022\/12\/IMG-20221218-WA0001-140x300.jpg 140w, https:\/\/www.ativ.pt\/wp-content\/uploads\/2022\/12\/IMG-20221218-WA0001-768x1645.jpg 768w, https:\/\/www.ativ.pt\/wp-content\/uploads\/2022\/12\/IMG-20221218-WA0001-717x1536.jpg 717w, https:\/\/www.ativ.pt\/wp-content\/uploads\/2022\/12\/IMG-20221218-WA0001.jpg 934w\" sizes=\"(max-width: 478px) 100vw, 478px\" \/><\/figure>\n<\/div>\n\n\n\n<div class=\"wp-block-column is-layout-flow wp-block-column-is-layout-flow\">\n<figure class=\"wp-block-image size-large\"><img loading=\"lazy\" decoding=\"async\" width=\"478\" height=\"1024\" src=\"https:\/\/www.ativ.pt\/wp-content\/uploads\/2022\/12\/IMG-20221218-WA0004-478x1024.jpg\" alt=\"\" class=\"wp-image-6894\" srcset=\"https:\/\/www.ativ.pt\/wp-content\/uploads\/2022\/12\/IMG-20221218-WA0004-478x1024.jpg 478w, https:\/\/www.ativ.pt\/wp-content\/uploads\/2022\/12\/IMG-20221218-WA0004-140x300.jpg 140w, https:\/\/www.ativ.pt\/wp-content\/uploads\/2022\/12\/IMG-20221218-WA0004-768x1645.jpg 768w, https:\/\/www.ativ.pt\/wp-content\/uploads\/2022\/12\/IMG-20221218-WA0004-717x1536.jpg 717w, https:\/\/www.ativ.pt\/wp-content\/uploads\/2022\/12\/IMG-20221218-WA0004.jpg 934w\" sizes=\"(max-width: 478px) 100vw, 478px\" \/><\/figure>\n<\/div>\n<\/div>\n\n<p>Con esta intervenci\u00f3n, el complejo se dot\u00f3 de nuevos pavimentos deportivos aptos para la pr\u00e1ctica del F\u00fatbol y de diversas modalidades de Atletismo, y cuenta ahora con una nueva pista sint\u00e9tica y un nuevo c\u00e9sped con sistema de riego autom\u00e1tico, adem\u00e1s de mejoras en cuanto a infraestructuras de apoyo, vestuarios y WC del estadio, entre otras. En los alrededores del estadio, se rehabilit\u00f3 la Rua Anacleto Pinto, en lo que respecta a aceras, infraestructuras de recogida de aguas residuales y red de alumbrado p\u00fablico.<\/p>\n","protected":false},"excerpt":{"rendered":"<p>Mota-Engil ATIV concluy\u00f3 las obras de reforma del Estadio Municipal de Fontelo, Pista de Atletismo y su entorno, que fueron inauguradas por el alcalde de Viseu, Fernando Ruas, destacando que estos trabajos \u00abpermitieron una notable evoluci\u00f3n en las cualidades de este equipamiento\u00bb.<\/p>\n","protected":false},"author":2,"featured_media":6889,"comment_status":"open","ping_status":"open","sticky":false,"template":"","format":"standard","meta":{"_acf_changed":false,"footnotes":""},"categories":[16],"tags":[],"class_list":["post-7095","post","type-post","status-publish","format-standard","has-post-thumbnail","hentry","category-articulo"],"acf":[],"yoast_head":"<!-- This site is optimized with the Yoast SEO plugin v27.5 - https:\/\/yoast.com\/product\/yoast-seo-wordpress\/ -->\n<title>Finalizaci\u00f3n de la recalificaci\u00f3n del Estadio Municipal de Fontelo - Mota-Engil ATIV<\/title>\n<meta name=\"robots\" content=\"index, follow, max-snippet:-1, max-image-preview:large, max-video-preview:-1\" \/>\n<link rel=\"canonical\" href=\"https:\/\/www.ativ.pt\/es\/2022\/12\/27\/finalizacion-de-la-recalificacion-del-estadio-municipal-de-fontelo\/\" \/>\n<meta property=\"og:locale\" content=\"es_ES\" \/>\n<meta property=\"og:type\" content=\"article\" \/>\n<meta property=\"og:title\" content=\"Finalizaci\u00f3n de la recalificaci\u00f3n del Estadio Municipal de Fontelo - Mota-Engil ATIV\" \/>\n<meta property=\"og:description\" content=\"Mota-Engil ATIV concluy\u00f3 las obras de reforma del Estadio Municipal de Fontelo, Pista de Atletismo y su entorno, que fueron inauguradas por el alcalde de Viseu, Fernando Ruas, destacando que estos trabajos &quot;permitieron una notable evoluci\u00f3n en las cualidades de este equipamiento&quot;.\" \/>\n<meta property=\"og:url\" content=\"https:\/\/www.ativ.pt\/es\/2022\/12\/27\/finalizacion-de-la-recalificacion-del-estadio-municipal-de-fontelo\/\" \/>\n<meta property=\"og:site_name\" content=\"Mota-Engil ATIV\" \/>\n<meta property=\"article:publisher\" content=\"https:\/\/www.facebook.com\/MotaEngilATIV\/\" \/>\n<meta property=\"article:published_time\" content=\"2022-12-27T12:45:50+00:00\" \/>\n<meta property=\"article:modified_time\" content=\"2023-02-01T11:16:58+00:00\" \/>\n<meta property=\"og:image\" content=\"https:\/\/www.ativ.pt\/wp-content\/uploads\/2022\/12\/IMG-20221218-WA0009.jpg\" \/>\n\t<meta property=\"og:image:width\" content=\"2000\" \/>\n\t<meta property=\"og:image:height\" content=\"934\" \/>\n\t<meta property=\"og:image:type\" content=\"image\/jpeg\" \/>\n<meta name=\"author\" content=\"Susana Guerreiro\" \/>\n<meta name=\"twitter:card\" content=\"summary_large_image\" \/>\n<meta name=\"twitter:label1\" content=\"Escrito por\" \/>\n\t<meta name=\"twitter:data1\" content=\"Susana Guerreiro\" \/>\n\t<meta name=\"twitter:label2\" content=\"Tiempo de lectura\" \/>\n\t<meta name=\"twitter:data2\" content=\"1 minuto\" \/>\n<script type=\"application\/ld+json\" class=\"yoast-schema-graph\">{\"@context\":\"https:\\\/\\\/schema.org\",\"@graph\":[{\"@type\":\"Article\",\"@id\":\"https:\\\/\\\/www.ativ.pt\\\/es\\\/2022\\\/12\\\/27\\\/finalizacion-de-la-recalificacion-del-estadio-municipal-de-fontelo\\\/#article\",\"isPartOf\":{\"@id\":\"https:\\\/\\\/www.ativ.pt\\\/es\\\/2022\\\/12\\\/27\\\/finalizacion-de-la-recalificacion-del-estadio-municipal-de-fontelo\\\/\"},\"author\":{\"name\":\"Susana Guerreiro\",\"@id\":\"https:\\\/\\\/www.ativ.pt\\\/es\\\/#\\\/schema\\\/person\\\/76cd49f91ef96b6902453415264f0c55\"},\"headline\":\"Finalizaci\u00f3n de la recalificaci\u00f3n del Estadio Municipal de Fontelo\",\"datePublished\":\"2022-12-27T12:45:50+00:00\",\"dateModified\":\"2023-02-01T11:16:58+00:00\",\"mainEntityOfPage\":{\"@id\":\"https:\\\/\\\/www.ativ.pt\\\/es\\\/2022\\\/12\\\/27\\\/finalizacion-de-la-recalificacion-del-estadio-municipal-de-fontelo\\\/\"},\"wordCount\":180,\"commentCount\":0,\"publisher\":{\"@id\":\"https:\\\/\\\/www.ativ.pt\\\/es\\\/#organization\"},\"image\":{\"@id\":\"https:\\\/\\\/www.ativ.pt\\\/es\\\/2022\\\/12\\\/27\\\/finalizacion-de-la-recalificacion-del-estadio-municipal-de-fontelo\\\/#primaryimage\"},\"thumbnailUrl\":\"https:\\\/\\\/www.ativ.pt\\\/wp-content\\\/uploads\\\/2022\\\/12\\\/IMG-20221218-WA0009.jpg\",\"articleSection\":[\"Art\u00edculo\"],\"inLanguage\":\"es\",\"potentialAction\":[{\"@type\":\"CommentAction\",\"name\":\"Comment\",\"target\":[\"https:\\\/\\\/www.ativ.pt\\\/es\\\/2022\\\/12\\\/27\\\/finalizacion-de-la-recalificacion-del-estadio-municipal-de-fontelo\\\/#respond\"]}]},{\"@type\":\"WebPage\",\"@id\":\"https:\\\/\\\/www.ativ.pt\\\/es\\\/2022\\\/12\\\/27\\\/finalizacion-de-la-recalificacion-del-estadio-municipal-de-fontelo\\\/\",\"url\":\"https:\\\/\\\/www.ativ.pt\\\/es\\\/2022\\\/12\\\/27\\\/finalizacion-de-la-recalificacion-del-estadio-municipal-de-fontelo\\\/\",\"name\":\"Finalizaci\u00f3n de la recalificaci\u00f3n del Estadio Municipal de Fontelo - Mota-Engil ATIV\",\"isPartOf\":{\"@id\":\"https:\\\/\\\/www.ativ.pt\\\/es\\\/#website\"},\"primaryImageOfPage\":{\"@id\":\"https:\\\/\\\/www.ativ.pt\\\/es\\\/2022\\\/12\\\/27\\\/finalizacion-de-la-recalificacion-del-estadio-municipal-de-fontelo\\\/#primaryimage\"},\"image\":{\"@id\":\"https:\\\/\\\/www.ativ.pt\\\/es\\\/2022\\\/12\\\/27\\\/finalizacion-de-la-recalificacion-del-estadio-municipal-de-fontelo\\\/#primaryimage\"},\"thumbnailUrl\":\"https:\\\/\\\/www.ativ.pt\\\/wp-content\\\/uploads\\\/2022\\\/12\\\/IMG-20221218-WA0009.jpg\",\"datePublished\":\"2022-12-27T12:45:50+00:00\",\"dateModified\":\"2023-02-01T11:16:58+00:00\",\"breadcrumb\":{\"@id\":\"https:\\\/\\\/www.ativ.pt\\\/es\\\/2022\\\/12\\\/27\\\/finalizacion-de-la-recalificacion-del-estadio-municipal-de-fontelo\\\/#breadcrumb\"},\"inLanguage\":\"es\",\"potentialAction\":[{\"@type\":\"ReadAction\",\"target\":[\"https:\\\/\\\/www.ativ.pt\\\/es\\\/2022\\\/12\\\/27\\\/finalizacion-de-la-recalificacion-del-estadio-municipal-de-fontelo\\\/\"]}]},{\"@type\":\"ImageObject\",\"inLanguage\":\"es\",\"@id\":\"https:\\\/\\\/www.ativ.pt\\\/es\\\/2022\\\/12\\\/27\\\/finalizacion-de-la-recalificacion-del-estadio-municipal-de-fontelo\\\/#primaryimage\",\"url\":\"https:\\\/\\\/www.ativ.pt\\\/wp-content\\\/uploads\\\/2022\\\/12\\\/IMG-20221218-WA0009.jpg\",\"contentUrl\":\"https:\\\/\\\/www.ativ.pt\\\/wp-content\\\/uploads\\\/2022\\\/12\\\/IMG-20221218-WA0009.jpg\",\"width\":2000,\"height\":934},{\"@type\":\"BreadcrumbList\",\"@id\":\"https:\\\/\\\/www.ativ.pt\\\/es\\\/2022\\\/12\\\/27\\\/finalizacion-de-la-recalificacion-del-estadio-municipal-de-fontelo\\\/#breadcrumb\",\"itemListElement\":[{\"@type\":\"ListItem\",\"position\":1,\"name\":\"In\u00edcio\",\"item\":\"https:\\\/\\\/www.ativ.pt\\\/es\\\/\"},{\"@type\":\"ListItem\",\"position\":2,\"name\":\"Finalizaci\u00f3n de la recalificaci\u00f3n del Estadio Municipal de Fontelo\"}]},{\"@type\":\"WebSite\",\"@id\":\"https:\\\/\\\/www.ativ.pt\\\/es\\\/#website\",\"url\":\"https:\\\/\\\/www.ativ.pt\\\/es\\\/\",\"name\":\"Mota-Engil ATIV\",\"description\":\"Gest\u00e3o e Manuten\u00e7\u00e3o de Ativos\",\"publisher\":{\"@id\":\"https:\\\/\\\/www.ativ.pt\\\/es\\\/#organization\"},\"potentialAction\":[{\"@type\":\"SearchAction\",\"target\":{\"@type\":\"EntryPoint\",\"urlTemplate\":\"https:\\\/\\\/www.ativ.pt\\\/es\\\/?s={search_term_string}\"},\"query-input\":{\"@type\":\"PropertyValueSpecification\",\"valueRequired\":true,\"valueName\":\"search_term_string\"}}],\"inLanguage\":\"es\"},{\"@type\":\"Organization\",\"@id\":\"https:\\\/\\\/www.ativ.pt\\\/es\\\/#organization\",\"name\":\"Mota-Engil ATIV\",\"url\":\"https:\\\/\\\/www.ativ.pt\\\/es\\\/\",\"logo\":{\"@type\":\"ImageObject\",\"inLanguage\":\"es\",\"@id\":\"https:\\\/\\\/www.ativ.pt\\\/es\\\/#\\\/schema\\\/logo\\\/image\\\/\",\"url\":\"https:\\\/\\\/www.ativ.pt\\\/wp-content\\\/uploads\\\/2022\\\/04\\\/logo-ativ-cor-1.svg\",\"contentUrl\":\"https:\\\/\\\/www.ativ.pt\\\/wp-content\\\/uploads\\\/2022\\\/04\\\/logo-ativ-cor-1.svg\",\"width\":250,\"height\":100,\"caption\":\"Mota-Engil ATIV\"},\"image\":{\"@id\":\"https:\\\/\\\/www.ativ.pt\\\/es\\\/#\\\/schema\\\/logo\\\/image\\\/\"},\"sameAs\":[\"https:\\\/\\\/www.facebook.com\\\/MotaEngilATIV\\\/\",\"https:\\\/\\\/www.instagram.com\\\/mota_engil_ativ\\\/\",\"https:\\\/\\\/www.linkedin.com\\\/company\\\/motaengil-ativ\"]},{\"@type\":\"Person\",\"@id\":\"https:\\\/\\\/www.ativ.pt\\\/es\\\/#\\\/schema\\\/person\\\/76cd49f91ef96b6902453415264f0c55\",\"name\":\"Susana Guerreiro\"}]}<\/script>\n<!-- \/ Yoast SEO plugin. -->","yoast_head_json":{"title":"Finalizaci\u00f3n de la recalificaci\u00f3n del Estadio Municipal de Fontelo - Mota-Engil ATIV","robots":{"index":"index","follow":"follow","max-snippet":"max-snippet:-1","max-image-preview":"max-image-preview:large","max-video-preview":"max-video-preview:-1"},"canonical":"https:\/\/www.ativ.pt\/es\/2022\/12\/27\/finalizacion-de-la-recalificacion-del-estadio-municipal-de-fontelo\/","og_locale":"es_ES","og_type":"article","og_title":"Finalizaci\u00f3n de la recalificaci\u00f3n del Estadio Municipal de Fontelo - Mota-Engil ATIV","og_description":"Mota-Engil ATIV concluy\u00f3 las obras de reforma del Estadio Municipal de Fontelo, Pista de Atletismo y su entorno, que fueron inauguradas por el alcalde de Viseu, Fernando Ruas, destacando que estos trabajos \"permitieron una notable evoluci\u00f3n en las cualidades de este equipamiento\".","og_url":"https:\/\/www.ativ.pt\/es\/2022\/12\/27\/finalizacion-de-la-recalificacion-del-estadio-municipal-de-fontelo\/","og_site_name":"Mota-Engil ATIV","article_publisher":"https:\/\/www.facebook.com\/MotaEngilATIV\/","article_published_time":"2022-12-27T12:45:50+00:00","article_modified_time":"2023-02-01T11:16:58+00:00","og_image":[{"width":2000,"height":934,"url":"https:\/\/www.ativ.pt\/wp-content\/uploads\/2022\/12\/IMG-20221218-WA0009.jpg","type":"image\/jpeg"}],"author":"Susana Guerreiro","twitter_card":"summary_large_image","twitter_misc":{"Escrito por":"Susana Guerreiro","Tiempo de lectura":"1 minuto"},"schema":{"@context":"https:\/\/schema.org","@graph":[{"@type":"Article","@id":"https:\/\/www.ativ.pt\/es\/2022\/12\/27\/finalizacion-de-la-recalificacion-del-estadio-municipal-de-fontelo\/#article","isPartOf":{"@id":"https:\/\/www.ativ.pt\/es\/2022\/12\/27\/finalizacion-de-la-recalificacion-del-estadio-municipal-de-fontelo\/"},"author":{"name":"Susana Guerreiro","@id":"https:\/\/www.ativ.pt\/es\/#\/schema\/person\/76cd49f91ef96b6902453415264f0c55"},"headline":"Finalizaci\u00f3n de la recalificaci\u00f3n del Estadio Municipal de Fontelo","datePublished":"2022-12-27T12:45:50+00:00","dateModified":"2023-02-01T11:16:58+00:00","mainEntityOfPage":{"@id":"https:\/\/www.ativ.pt\/es\/2022\/12\/27\/finalizacion-de-la-recalificacion-del-estadio-municipal-de-fontelo\/"},"wordCount":180,"commentCount":0,"publisher":{"@id":"https:\/\/www.ativ.pt\/es\/#organization"},"image":{"@id":"https:\/\/www.ativ.pt\/es\/2022\/12\/27\/finalizacion-de-la-recalificacion-del-estadio-municipal-de-fontelo\/#primaryimage"},"thumbnailUrl":"https:\/\/www.ativ.pt\/wp-content\/uploads\/2022\/12\/IMG-20221218-WA0009.jpg","articleSection":["Art\u00edculo"],"inLanguage":"es","potentialAction":[{"@type":"CommentAction","name":"Comment","target":["https:\/\/www.ativ.pt\/es\/2022\/12\/27\/finalizacion-de-la-recalificacion-del-estadio-municipal-de-fontelo\/#respond"]}]},{"@type":"WebPage","@id":"https:\/\/www.ativ.pt\/es\/2022\/12\/27\/finalizacion-de-la-recalificacion-del-estadio-municipal-de-fontelo\/","url":"https:\/\/www.ativ.pt\/es\/2022\/12\/27\/finalizacion-de-la-recalificacion-del-estadio-municipal-de-fontelo\/","name":"Finalizaci\u00f3n de la recalificaci\u00f3n del Estadio Municipal de Fontelo - Mota-Engil ATIV","isPartOf":{"@id":"https:\/\/www.ativ.pt\/es\/#website"},"primaryImageOfPage":{"@id":"https:\/\/www.ativ.pt\/es\/2022\/12\/27\/finalizacion-de-la-recalificacion-del-estadio-municipal-de-fontelo\/#primaryimage"},"image":{"@id":"https:\/\/www.ativ.pt\/es\/2022\/12\/27\/finalizacion-de-la-recalificacion-del-estadio-municipal-de-fontelo\/#primaryimage"},"thumbnailUrl":"https:\/\/www.ativ.pt\/wp-content\/uploads\/2022\/12\/IMG-20221218-WA0009.jpg","datePublished":"2022-12-27T12:45:50+00:00","dateModified":"2023-02-01T11:16:58+00:00","breadcrumb":{"@id":"https:\/\/www.ativ.pt\/es\/2022\/12\/27\/finalizacion-de-la-recalificacion-del-estadio-municipal-de-fontelo\/#breadcrumb"},"inLanguage":"es","potentialAction":[{"@type":"ReadAction","target":["https:\/\/www.ativ.pt\/es\/2022\/12\/27\/finalizacion-de-la-recalificacion-del-estadio-municipal-de-fontelo\/"]}]},{"@type":"ImageObject","inLanguage":"es","@id":"https:\/\/www.ativ.pt\/es\/2022\/12\/27\/finalizacion-de-la-recalificacion-del-estadio-municipal-de-fontelo\/#primaryimage","url":"https:\/\/www.ativ.pt\/wp-content\/uploads\/2022\/12\/IMG-20221218-WA0009.jpg","contentUrl":"https:\/\/www.ativ.pt\/wp-content\/uploads\/2022\/12\/IMG-20221218-WA0009.jpg","width":2000,"height":934},{"@type":"BreadcrumbList","@id":"https:\/\/www.ativ.pt\/es\/2022\/12\/27\/finalizacion-de-la-recalificacion-del-estadio-municipal-de-fontelo\/#breadcrumb","itemListElement":[{"@type":"ListItem","position":1,"name":"In\u00edcio","item":"https:\/\/www.ativ.pt\/es\/"},{"@type":"ListItem","position":2,"name":"Finalizaci\u00f3n de la recalificaci\u00f3n del Estadio Municipal de Fontelo"}]},{"@type":"WebSite","@id":"https:\/\/www.ativ.pt\/es\/#website","url":"https:\/\/www.ativ.pt\/es\/","name":"Mota-Engil ATIV","description":"Gest\u00e3o e Manuten\u00e7\u00e3o de Ativos","publisher":{"@id":"https:\/\/www.ativ.pt\/es\/#organization"},"potentialAction":[{"@type":"SearchAction","target":{"@type":"EntryPoint","urlTemplate":"https:\/\/www.ativ.pt\/es\/?s={search_term_string}"},"query-input":{"@type":"PropertyValueSpecification","valueRequired":true,"valueName":"search_term_string"}}],"inLanguage":"es"},{"@type":"Organization","@id":"https:\/\/www.ativ.pt\/es\/#organization","name":"Mota-Engil ATIV","url":"https:\/\/www.ativ.pt\/es\/","logo":{"@type":"ImageObject","inLanguage":"es","@id":"https:\/\/www.ativ.pt\/es\/#\/schema\/logo\/image\/","url":"https:\/\/www.ativ.pt\/wp-content\/uploads\/2022\/04\/logo-ativ-cor-1.svg","contentUrl":"https:\/\/www.ativ.pt\/wp-content\/uploads\/2022\/04\/logo-ativ-cor-1.svg","width":250,"height":100,"caption":"Mota-Engil ATIV"},"image":{"@id":"https:\/\/www.ativ.pt\/es\/#\/schema\/logo\/image\/"},"sameAs":["https:\/\/www.facebook.com\/MotaEngilATIV\/","https:\/\/www.instagram.com\/mota_engil_ativ\/","https:\/\/www.linkedin.com\/company\/motaengil-ativ"]},{"@type":"Person","@id":"https:\/\/www.ativ.pt\/es\/#\/schema\/person\/76cd49f91ef96b6902453415264f0c55","name":"Susana Guerreiro"}]}},"_links":{"self":[{"href":"https:\/\/www.ativ.pt\/es\/wp-json\/wp\/v2\/posts\/7095","targetHints":{"allow":["GET"]}}],"collection":[{"href":"https:\/\/www.ativ.pt\/es\/wp-json\/wp\/v2\/posts"}],"about":[{"href":"https:\/\/www.ativ.pt\/es\/wp-json\/wp\/v2\/types\/post"}],"author":[{"embeddable":true,"href":"https:\/\/www.ativ.pt\/es\/wp-json\/wp\/v2\/users\/2"}],"replies":[{"embeddable":true,"href":"https:\/\/www.ativ.pt\/es\/wp-json\/wp\/v2\/comments?post=7095"}],"version-history":[{"count":1,"href":"https:\/\/www.ativ.pt\/es\/wp-json\/wp\/v2\/posts\/7095\/revisions"}],"predecessor-version":[{"id":7096,"href":"https:\/\/www.ativ.pt\/es\/wp-json\/wp\/v2\/posts\/7095\/revisions\/7096"}],"wp:featuredmedia":[{"embeddable":true,"href":"https:\/\/www.ativ.pt\/es\/wp-json\/wp\/v2\/media\/6889"}],"wp:attachment":[{"href":"https:\/\/www.ativ.pt\/es\/wp-json\/wp\/v2\/media?parent=7095"}],"wp:term":[{"taxonomy":"category","embeddable":true,"href":"https:\/\/www.ativ.pt\/es\/wp-json\/wp\/v2\/categories?post=7095"},{"taxonomy":"post_tag","embeddable":true,"href":"https:\/\/www.ativ.pt\/es\/wp-json\/wp\/v2\/tags?post=7095"}],"curies":[{"name":"wp","href":"https:\/\/api.w.org\/{rel}","templated":true}]}}