{"id":7038,"date":"2022-11-22T09:51:51","date_gmt":"2022-11-22T09:51:51","guid":{"rendered":"https:\/\/www.ativ.pt\/2022\/11\/22\/tecnologia-dryject-en-el-xxi-congreso-de-la-asociacion-portuguesa-de-greenkeepers\/"},"modified":"2023-01-05T13:03:46","modified_gmt":"2023-01-05T13:03:46","slug":"tecnologia-dryject-en-el-xxi-congreso-de-la-asociacion-portuguesa-de-greenkeepers","status":"publish","type":"post","link":"https:\/\/www.ativ.pt\/es\/2022\/11\/22\/tecnologia-dryject-en-el-xxi-congreso-de-la-asociacion-portuguesa-de-greenkeepers\/","title":{"rendered":"Tecnolog\u00eda Dryject en el XXI Congreso de la Asociaci\u00f3n Portuguesa de Greenkeepers"},"content":{"rendered":"\n<p><\/p>\n\n<p>Como una de las empresas con fuerte presencia en el mercado del golf, en t\u00e9rminos de construcci\u00f3n, mantenimiento y recalificaci\u00f3n, Mota-Engil ATIV comparti\u00f3 la tecnolog\u00eda Dryject y Dryject+SAP, con soluciones para optimizar las operaciones de mantenimiento y su conciliaci\u00f3n en la reducci\u00f3n del consumo de agua en el riego de c\u00e9spedes (campos de golf, deportivos o de encuadramiento).<\/p>\n\n<p>La tecnolog\u00eda DryJect permite airear el suelo en una sola pasada creando canales de aireaci\u00f3n con agua a alta presi\u00f3n que permiten inyectar simult\u00e1neamente arena, aditivos o correctivos, con la ventaja de que el c\u00e9sped queda apto para la pr\u00e1ctica deportiva tras la operaci\u00f3n, lo que optimiza la rentabilidad del campo. Por otro lado, permite la introducci\u00f3n de otros componentes, como los SAP (poliacrilatos de potasio), que son esenciales para la gesti\u00f3n eficaz de los recursos h\u00eddricos.<\/p>\n\n<div class=\"wp-block-columns is-layout-flex wp-container-core-columns-is-layout-9d6595d7 wp-block-columns-is-layout-flex\">\n<div class=\"wp-block-column is-layout-flow wp-block-column-is-layout-flow\">\n<figure class=\"wp-block-image size-large\"><img fetchpriority=\"high\" decoding=\"async\" width=\"1024\" height=\"683\" src=\"https:\/\/spcdn.shortpixel.ai\/spio\/ret_img,q_cdnize,to_auto,s_webp:avif\/www.ativ.pt\/wp-content\/uploads\/2022\/11\/troia_-1024x683.jpg\" alt=\"\" class=\"wp-image-6647\" srcset=\"https:\/\/spcdn.shortpixel.ai\/spio\/ret_img,q_cdnize,to_auto,s_webp:avif\/www.ativ.pt\/wp-content\/uploads\/2022\/11\/troia_-1024x683.jpg 1024w, https:\/\/spcdn.shortpixel.ai\/spio\/ret_img,q_cdnize,to_auto,s_webp:avif\/www.ativ.pt\/wp-content\/uploads\/2022\/11\/troia_-300x200.jpg 300w, https:\/\/spcdn.shortpixel.ai\/spio\/ret_img,q_cdnize,to_auto,s_webp:avif\/www.ativ.pt\/wp-content\/uploads\/2022\/11\/troia_-768x512.jpg 768w, https:\/\/spcdn.shortpixel.ai\/spio\/ret_img,q_cdnize,to_auto,s_webp:avif\/www.ativ.pt\/wp-content\/uploads\/2022\/11\/troia_-1536x1024.jpg 1536w, https:\/\/spcdn.shortpixel.ai\/spio\/ret_img,q_cdnize,to_auto,s_webp:avif\/www.ativ.pt\/wp-content\/uploads\/2022\/11\/troia_-scaled.jpg 1920w\" sizes=\"(max-width: 1024px) 100vw, 1024px\" \/><\/figure>\n<\/div>\n\n\n\n<div class=\"wp-block-column is-layout-flow wp-block-column-is-layout-flow\">\n<figure class=\"wp-block-image size-large\"><img decoding=\"async\" width=\"1024\" height=\"683\" src=\"https:\/\/spcdn.shortpixel.ai\/spio\/ret_img,q_cdnize,to_auto,s_webp:avif\/www.ativ.pt\/wp-content\/uploads\/2022\/11\/DSC_0309-1024x683.jpg\" alt=\"\" class=\"wp-image-6651\" srcset=\"https:\/\/spcdn.shortpixel.ai\/spio\/ret_img,q_cdnize,to_auto,s_webp:avif\/www.ativ.pt\/wp-content\/uploads\/2022\/11\/DSC_0309-1024x683.jpg 1024w, https:\/\/spcdn.shortpixel.ai\/spio\/ret_img,q_cdnize,to_auto,s_webp:avif\/www.ativ.pt\/wp-content\/uploads\/2022\/11\/DSC_0309-300x200.jpg 300w, https:\/\/spcdn.shortpixel.ai\/spio\/ret_img,q_cdnize,to_auto,s_webp:avif\/www.ativ.pt\/wp-content\/uploads\/2022\/11\/DSC_0309-768x512.jpg 768w, https:\/\/spcdn.shortpixel.ai\/spio\/ret_img,q_cdnize,to_auto,s_webp:avif\/www.ativ.pt\/wp-content\/uploads\/2022\/11\/DSC_0309-1536x1024.jpg 1536w, https:\/\/spcdn.shortpixel.ai\/spio\/ret_img,q_cdnize,to_auto,s_webp:avif\/www.ativ.pt\/wp-content\/uploads\/2022\/11\/DSC_0309-scaled.jpg 1920w\" sizes=\"(max-width: 1024px) 100vw, 1024px\" \/><\/figure>\n<\/div>\n<\/div>\n\n<p>En Mota-Engil ATIV, la Eficiencia del Agua es uno de los pilares de la Sostenibilidad y uno de los vectores estrat\u00e9gicos, reforzando la concienciaci\u00f3n y aportando soluciones eficaces para el ahorro de agua.<\/p>\n\n<p>El golf es una actividad muy relevante en la econom\u00eda nacional, que a\u00fan presenta algunas vulnerabilidades, como el consumo de agua y el uso de fertilizantes y fitof\u00e1rmacos.<\/p>\n\n<p>Para superar esta realidad, es esencial el uso de tecnolog\u00edas que promuevan la eficiencia de la aplicaci\u00f3n del agua y la reducci\u00f3n de la contaminaci\u00f3n difusa.<\/p>\n\n<p>En este sentido, Mota-Engil ATIV cree que la tecnolog\u00eda Dryject+SAP es un activo para los campos de golf, ya que puede considerarse esencial para el mantenimiento de c\u00e9spedes de alta calidad con bajo consumo de agua, contribuyendo a la reducci\u00f3n de la Huella H\u00eddrica y Ambiental.<\/p>\n\n<p>Actualmente, existen numerosas aplicaciones de la tecnolog\u00eda Dryject en varios campos de golf de norte a sur de Portugal y Espa\u00f1a con resultados probados tanto en la mejora como en la calidad del c\u00e9sped.<\/p>\n\n<p>Con la tecnolog\u00eda Dryject+SAP, ya existen varias aplicaciones con resultados muy positivos que se traducen en una reducci\u00f3n significativa de las necesidades de agua, ya que el uso de Dryject+SAP modifica significativamente la capacidad de almacenamiento de agua, reduciendo la cantidad y el momento del riego.<\/p>\n","protected":false},"excerpt":{"rendered":"<p>Mota-Engil ATIV estuvo presente como ponente en el XXI Congreso de la Asociaci\u00f3n Portuguesa de Greenkeepers, que tuvo lugar los d\u00edas 2 y 3 de noviembre, en Solverde SPA &amp; Welness Center, en Espinho.<\/p>\n","protected":false},"author":2,"featured_media":6654,"comment_status":"open","ping_status":"open","sticky":false,"template":"","format":"standard","meta":{"_acf_changed":false,"footnotes":""},"categories":[16],"tags":[],"class_list":["post-7038","post","type-post","status-publish","format-standard","has-post-thumbnail","hentry","category-articulo"],"acf":[],"yoast_head":"<!-- This site is optimized with the Yoast SEO plugin v27.5 - https:\/\/yoast.com\/product\/yoast-seo-wordpress\/ -->\n<title>Tecnolog\u00eda Dryject en el XXI Congreso de la Asociaci\u00f3n Portuguesa de Greenkeepers - Mota-Engil ATIV<\/title>\n<meta name=\"robots\" content=\"index, follow, max-snippet:-1, max-image-preview:large, max-video-preview:-1\" \/>\n<link rel=\"canonical\" href=\"https:\/\/www.ativ.pt\/es\/2022\/11\/22\/tecnologia-dryject-en-el-xxi-congreso-de-la-asociacion-portuguesa-de-greenkeepers\/\" \/>\n<meta property=\"og:locale\" content=\"es_ES\" \/>\n<meta property=\"og:type\" content=\"article\" \/>\n<meta property=\"og:title\" content=\"Tecnolog\u00eda Dryject en el XXI Congreso de la Asociaci\u00f3n Portuguesa de Greenkeepers - Mota-Engil ATIV\" \/>\n<meta property=\"og:description\" content=\"Mota-Engil ATIV estuvo presente como ponente en el XXI Congreso de la Asociaci\u00f3n Portuguesa de Greenkeepers, que tuvo lugar los d\u00edas 2 y 3 de noviembre, en Solverde SPA &amp; Welness Center, en Espinho.\" \/>\n<meta property=\"og:url\" content=\"https:\/\/www.ativ.pt\/es\/2022\/11\/22\/tecnologia-dryject-en-el-xxi-congreso-de-la-asociacion-portuguesa-de-greenkeepers\/\" \/>\n<meta property=\"og:site_name\" content=\"Mota-Engil ATIV\" \/>\n<meta property=\"article:publisher\" content=\"https:\/\/www.facebook.com\/MotaEngilATIV\/\" \/>\n<meta property=\"article:published_time\" content=\"2022-11-22T09:51:51+00:00\" \/>\n<meta property=\"article:modified_time\" content=\"2023-01-05T13:03:46+00:00\" \/>\n<meta property=\"og:image\" content=\"https:\/\/www.ativ.pt\/wp-content\/uploads\/2022\/11\/DSC_0309-scaled.jpg\" \/>\n\t<meta property=\"og:image:width\" content=\"2560\" \/>\n\t<meta property=\"og:image:height\" content=\"1707\" \/>\n\t<meta property=\"og:image:type\" content=\"image\/jpeg\" \/>\n<meta name=\"author\" content=\"Susana Guerreiro\" \/>\n<meta name=\"twitter:card\" content=\"summary_large_image\" \/>\n<meta name=\"twitter:label1\" content=\"Escrito por\" \/>\n\t<meta name=\"twitter:data1\" content=\"Susana Guerreiro\" \/>\n\t<meta name=\"twitter:label2\" content=\"Tiempo de lectura\" \/>\n\t<meta name=\"twitter:data2\" content=\"2 minutos\" \/>\n<script type=\"application\/ld+json\" class=\"yoast-schema-graph\">{\"@context\":\"https:\\\/\\\/schema.org\",\"@graph\":[{\"@type\":\"Article\",\"@id\":\"https:\\\/\\\/www.ativ.pt\\\/es\\\/2022\\\/11\\\/22\\\/tecnologia-dryject-en-el-xxi-congreso-de-la-asociacion-portuguesa-de-greenkeepers\\\/#article\",\"isPartOf\":{\"@id\":\"https:\\\/\\\/www.ativ.pt\\\/es\\\/2022\\\/11\\\/22\\\/tecnologia-dryject-en-el-xxi-congreso-de-la-asociacion-portuguesa-de-greenkeepers\\\/\"},\"author\":{\"name\":\"Susana Guerreiro\",\"@id\":\"https:\\\/\\\/www.ativ.pt\\\/es\\\/#\\\/schema\\\/person\\\/76cd49f91ef96b6902453415264f0c55\"},\"headline\":\"Tecnolog\u00eda Dryject en el XXI Congreso de la Asociaci\u00f3n Portuguesa de Greenkeepers\",\"datePublished\":\"2022-11-22T09:51:51+00:00\",\"dateModified\":\"2023-01-05T13:03:46+00:00\",\"mainEntityOfPage\":{\"@id\":\"https:\\\/\\\/www.ativ.pt\\\/es\\\/2022\\\/11\\\/22\\\/tecnologia-dryject-en-el-xxi-congreso-de-la-asociacion-portuguesa-de-greenkeepers\\\/\"},\"wordCount\":401,\"commentCount\":0,\"publisher\":{\"@id\":\"https:\\\/\\\/www.ativ.pt\\\/es\\\/#organization\"},\"image\":{\"@id\":\"https:\\\/\\\/www.ativ.pt\\\/es\\\/2022\\\/11\\\/22\\\/tecnologia-dryject-en-el-xxi-congreso-de-la-asociacion-portuguesa-de-greenkeepers\\\/#primaryimage\"},\"thumbnailUrl\":\"https:\\\/\\\/www.ativ.pt\\\/wp-content\\\/uploads\\\/2022\\\/11\\\/DSC_0309-scaled.jpg\",\"articleSection\":[\"Art\u00edculo\"],\"inLanguage\":\"es\",\"potentialAction\":[{\"@type\":\"CommentAction\",\"name\":\"Comment\",\"target\":[\"https:\\\/\\\/www.ativ.pt\\\/es\\\/2022\\\/11\\\/22\\\/tecnologia-dryject-en-el-xxi-congreso-de-la-asociacion-portuguesa-de-greenkeepers\\\/#respond\"]}]},{\"@type\":\"WebPage\",\"@id\":\"https:\\\/\\\/www.ativ.pt\\\/es\\\/2022\\\/11\\\/22\\\/tecnologia-dryject-en-el-xxi-congreso-de-la-asociacion-portuguesa-de-greenkeepers\\\/\",\"url\":\"https:\\\/\\\/www.ativ.pt\\\/es\\\/2022\\\/11\\\/22\\\/tecnologia-dryject-en-el-xxi-congreso-de-la-asociacion-portuguesa-de-greenkeepers\\\/\",\"name\":\"Tecnolog\u00eda Dryject en el XXI Congreso de la Asociaci\u00f3n Portuguesa de Greenkeepers - Mota-Engil ATIV\",\"isPartOf\":{\"@id\":\"https:\\\/\\\/www.ativ.pt\\\/es\\\/#website\"},\"primaryImageOfPage\":{\"@id\":\"https:\\\/\\\/www.ativ.pt\\\/es\\\/2022\\\/11\\\/22\\\/tecnologia-dryject-en-el-xxi-congreso-de-la-asociacion-portuguesa-de-greenkeepers\\\/#primaryimage\"},\"image\":{\"@id\":\"https:\\\/\\\/www.ativ.pt\\\/es\\\/2022\\\/11\\\/22\\\/tecnologia-dryject-en-el-xxi-congreso-de-la-asociacion-portuguesa-de-greenkeepers\\\/#primaryimage\"},\"thumbnailUrl\":\"https:\\\/\\\/www.ativ.pt\\\/wp-content\\\/uploads\\\/2022\\\/11\\\/DSC_0309-scaled.jpg\",\"datePublished\":\"2022-11-22T09:51:51+00:00\",\"dateModified\":\"2023-01-05T13:03:46+00:00\",\"breadcrumb\":{\"@id\":\"https:\\\/\\\/www.ativ.pt\\\/es\\\/2022\\\/11\\\/22\\\/tecnologia-dryject-en-el-xxi-congreso-de-la-asociacion-portuguesa-de-greenkeepers\\\/#breadcrumb\"},\"inLanguage\":\"es\",\"potentialAction\":[{\"@type\":\"ReadAction\",\"target\":[\"https:\\\/\\\/www.ativ.pt\\\/es\\\/2022\\\/11\\\/22\\\/tecnologia-dryject-en-el-xxi-congreso-de-la-asociacion-portuguesa-de-greenkeepers\\\/\"]}]},{\"@type\":\"ImageObject\",\"inLanguage\":\"es\",\"@id\":\"https:\\\/\\\/www.ativ.pt\\\/es\\\/2022\\\/11\\\/22\\\/tecnologia-dryject-en-el-xxi-congreso-de-la-asociacion-portuguesa-de-greenkeepers\\\/#primaryimage\",\"url\":\"https:\\\/\\\/www.ativ.pt\\\/wp-content\\\/uploads\\\/2022\\\/11\\\/DSC_0309-scaled.jpg\",\"contentUrl\":\"https:\\\/\\\/www.ativ.pt\\\/wp-content\\\/uploads\\\/2022\\\/11\\\/DSC_0309-scaled.jpg\",\"width\":1920,\"height\":1280},{\"@type\":\"BreadcrumbList\",\"@id\":\"https:\\\/\\\/www.ativ.pt\\\/es\\\/2022\\\/11\\\/22\\\/tecnologia-dryject-en-el-xxi-congreso-de-la-asociacion-portuguesa-de-greenkeepers\\\/#breadcrumb\",\"itemListElement\":[{\"@type\":\"ListItem\",\"position\":1,\"name\":\"In\u00edcio\",\"item\":\"https:\\\/\\\/www.ativ.pt\\\/es\\\/\"},{\"@type\":\"ListItem\",\"position\":2,\"name\":\"Tecnolog\u00eda Dryject en el XXI Congreso de la Asociaci\u00f3n Portuguesa de Greenkeepers\"}]},{\"@type\":\"WebSite\",\"@id\":\"https:\\\/\\\/www.ativ.pt\\\/es\\\/#website\",\"url\":\"https:\\\/\\\/www.ativ.pt\\\/es\\\/\",\"name\":\"Mota-Engil ATIV\",\"description\":\"Gest\u00e3o e Manuten\u00e7\u00e3o de Ativos\",\"publisher\":{\"@id\":\"https:\\\/\\\/www.ativ.pt\\\/es\\\/#organization\"},\"potentialAction\":[{\"@type\":\"SearchAction\",\"target\":{\"@type\":\"EntryPoint\",\"urlTemplate\":\"https:\\\/\\\/www.ativ.pt\\\/es\\\/?s={search_term_string}\"},\"query-input\":{\"@type\":\"PropertyValueSpecification\",\"valueRequired\":true,\"valueName\":\"search_term_string\"}}],\"inLanguage\":\"es\"},{\"@type\":\"Organization\",\"@id\":\"https:\\\/\\\/www.ativ.pt\\\/es\\\/#organization\",\"name\":\"Mota-Engil ATIV\",\"url\":\"https:\\\/\\\/www.ativ.pt\\\/es\\\/\",\"logo\":{\"@type\":\"ImageObject\",\"inLanguage\":\"es\",\"@id\":\"https:\\\/\\\/www.ativ.pt\\\/es\\\/#\\\/schema\\\/logo\\\/image\\\/\",\"url\":\"https:\\\/\\\/www.ativ.pt\\\/wp-content\\\/uploads\\\/2022\\\/04\\\/logo-ativ-cor-1.svg\",\"contentUrl\":\"https:\\\/\\\/www.ativ.pt\\\/wp-content\\\/uploads\\\/2022\\\/04\\\/logo-ativ-cor-1.svg\",\"width\":250,\"height\":100,\"caption\":\"Mota-Engil ATIV\"},\"image\":{\"@id\":\"https:\\\/\\\/www.ativ.pt\\\/es\\\/#\\\/schema\\\/logo\\\/image\\\/\"},\"sameAs\":[\"https:\\\/\\\/www.facebook.com\\\/MotaEngilATIV\\\/\",\"https:\\\/\\\/www.instagram.com\\\/mota_engil_ativ\\\/\",\"https:\\\/\\\/www.linkedin.com\\\/company\\\/motaengil-ativ\"]},{\"@type\":\"Person\",\"@id\":\"https:\\\/\\\/www.ativ.pt\\\/es\\\/#\\\/schema\\\/person\\\/76cd49f91ef96b6902453415264f0c55\",\"name\":\"Susana Guerreiro\"}]}<\/script>\n<!-- \/ Yoast SEO plugin. -->","yoast_head_json":{"title":"Tecnolog\u00eda Dryject en el XXI Congreso de la Asociaci\u00f3n Portuguesa de Greenkeepers - Mota-Engil ATIV","robots":{"index":"index","follow":"follow","max-snippet":"max-snippet:-1","max-image-preview":"max-image-preview:large","max-video-preview":"max-video-preview:-1"},"canonical":"https:\/\/www.ativ.pt\/es\/2022\/11\/22\/tecnologia-dryject-en-el-xxi-congreso-de-la-asociacion-portuguesa-de-greenkeepers\/","og_locale":"es_ES","og_type":"article","og_title":"Tecnolog\u00eda Dryject en el XXI Congreso de la Asociaci\u00f3n Portuguesa de Greenkeepers - Mota-Engil ATIV","og_description":"Mota-Engil ATIV estuvo presente como ponente en el XXI Congreso de la Asociaci\u00f3n Portuguesa de Greenkeepers, que tuvo lugar los d\u00edas 2 y 3 de noviembre, en Solverde SPA &amp; Welness Center, en Espinho.","og_url":"https:\/\/www.ativ.pt\/es\/2022\/11\/22\/tecnologia-dryject-en-el-xxi-congreso-de-la-asociacion-portuguesa-de-greenkeepers\/","og_site_name":"Mota-Engil ATIV","article_publisher":"https:\/\/www.facebook.com\/MotaEngilATIV\/","article_published_time":"2022-11-22T09:51:51+00:00","article_modified_time":"2023-01-05T13:03:46+00:00","og_image":[{"width":2560,"height":1707,"url":"https:\/\/www.ativ.pt\/wp-content\/uploads\/2022\/11\/DSC_0309-scaled.jpg","type":"image\/jpeg"}],"author":"Susana Guerreiro","twitter_card":"summary_large_image","twitter_misc":{"Escrito por":"Susana Guerreiro","Tiempo de lectura":"2 minutos"},"schema":{"@context":"https:\/\/schema.org","@graph":[{"@type":"Article","@id":"https:\/\/www.ativ.pt\/es\/2022\/11\/22\/tecnologia-dryject-en-el-xxi-congreso-de-la-asociacion-portuguesa-de-greenkeepers\/#article","isPartOf":{"@id":"https:\/\/www.ativ.pt\/es\/2022\/11\/22\/tecnologia-dryject-en-el-xxi-congreso-de-la-asociacion-portuguesa-de-greenkeepers\/"},"author":{"name":"Susana Guerreiro","@id":"https:\/\/www.ativ.pt\/es\/#\/schema\/person\/76cd49f91ef96b6902453415264f0c55"},"headline":"Tecnolog\u00eda Dryject en el XXI Congreso de la Asociaci\u00f3n Portuguesa de Greenkeepers","datePublished":"2022-11-22T09:51:51+00:00","dateModified":"2023-01-05T13:03:46+00:00","mainEntityOfPage":{"@id":"https:\/\/www.ativ.pt\/es\/2022\/11\/22\/tecnologia-dryject-en-el-xxi-congreso-de-la-asociacion-portuguesa-de-greenkeepers\/"},"wordCount":401,"commentCount":0,"publisher":{"@id":"https:\/\/www.ativ.pt\/es\/#organization"},"image":{"@id":"https:\/\/www.ativ.pt\/es\/2022\/11\/22\/tecnologia-dryject-en-el-xxi-congreso-de-la-asociacion-portuguesa-de-greenkeepers\/#primaryimage"},"thumbnailUrl":"https:\/\/www.ativ.pt\/wp-content\/uploads\/2022\/11\/DSC_0309-scaled.jpg","articleSection":["Art\u00edculo"],"inLanguage":"es","potentialAction":[{"@type":"CommentAction","name":"Comment","target":["https:\/\/www.ativ.pt\/es\/2022\/11\/22\/tecnologia-dryject-en-el-xxi-congreso-de-la-asociacion-portuguesa-de-greenkeepers\/#respond"]}]},{"@type":"WebPage","@id":"https:\/\/www.ativ.pt\/es\/2022\/11\/22\/tecnologia-dryject-en-el-xxi-congreso-de-la-asociacion-portuguesa-de-greenkeepers\/","url":"https:\/\/www.ativ.pt\/es\/2022\/11\/22\/tecnologia-dryject-en-el-xxi-congreso-de-la-asociacion-portuguesa-de-greenkeepers\/","name":"Tecnolog\u00eda Dryject en el XXI Congreso de la Asociaci\u00f3n Portuguesa de Greenkeepers - Mota-Engil ATIV","isPartOf":{"@id":"https:\/\/www.ativ.pt\/es\/#website"},"primaryImageOfPage":{"@id":"https:\/\/www.ativ.pt\/es\/2022\/11\/22\/tecnologia-dryject-en-el-xxi-congreso-de-la-asociacion-portuguesa-de-greenkeepers\/#primaryimage"},"image":{"@id":"https:\/\/www.ativ.pt\/es\/2022\/11\/22\/tecnologia-dryject-en-el-xxi-congreso-de-la-asociacion-portuguesa-de-greenkeepers\/#primaryimage"},"thumbnailUrl":"https:\/\/www.ativ.pt\/wp-content\/uploads\/2022\/11\/DSC_0309-scaled.jpg","datePublished":"2022-11-22T09:51:51+00:00","dateModified":"2023-01-05T13:03:46+00:00","breadcrumb":{"@id":"https:\/\/www.ativ.pt\/es\/2022\/11\/22\/tecnologia-dryject-en-el-xxi-congreso-de-la-asociacion-portuguesa-de-greenkeepers\/#breadcrumb"},"inLanguage":"es","potentialAction":[{"@type":"ReadAction","target":["https:\/\/www.ativ.pt\/es\/2022\/11\/22\/tecnologia-dryject-en-el-xxi-congreso-de-la-asociacion-portuguesa-de-greenkeepers\/"]}]},{"@type":"ImageObject","inLanguage":"es","@id":"https:\/\/www.ativ.pt\/es\/2022\/11\/22\/tecnologia-dryject-en-el-xxi-congreso-de-la-asociacion-portuguesa-de-greenkeepers\/#primaryimage","url":"https:\/\/www.ativ.pt\/wp-content\/uploads\/2022\/11\/DSC_0309-scaled.jpg","contentUrl":"https:\/\/www.ativ.pt\/wp-content\/uploads\/2022\/11\/DSC_0309-scaled.jpg","width":1920,"height":1280},{"@type":"BreadcrumbList","@id":"https:\/\/www.ativ.pt\/es\/2022\/11\/22\/tecnologia-dryject-en-el-xxi-congreso-de-la-asociacion-portuguesa-de-greenkeepers\/#breadcrumb","itemListElement":[{"@type":"ListItem","position":1,"name":"In\u00edcio","item":"https:\/\/www.ativ.pt\/es\/"},{"@type":"ListItem","position":2,"name":"Tecnolog\u00eda Dryject en el XXI Congreso de la Asociaci\u00f3n Portuguesa de Greenkeepers"}]},{"@type":"WebSite","@id":"https:\/\/www.ativ.pt\/es\/#website","url":"https:\/\/www.ativ.pt\/es\/","name":"Mota-Engil ATIV","description":"Gest\u00e3o e Manuten\u00e7\u00e3o de Ativos","publisher":{"@id":"https:\/\/www.ativ.pt\/es\/#organization"},"potentialAction":[{"@type":"SearchAction","target":{"@type":"EntryPoint","urlTemplate":"https:\/\/www.ativ.pt\/es\/?s={search_term_string}"},"query-input":{"@type":"PropertyValueSpecification","valueRequired":true,"valueName":"search_term_string"}}],"inLanguage":"es"},{"@type":"Organization","@id":"https:\/\/www.ativ.pt\/es\/#organization","name":"Mota-Engil ATIV","url":"https:\/\/www.ativ.pt\/es\/","logo":{"@type":"ImageObject","inLanguage":"es","@id":"https:\/\/www.ativ.pt\/es\/#\/schema\/logo\/image\/","url":"https:\/\/www.ativ.pt\/wp-content\/uploads\/2022\/04\/logo-ativ-cor-1.svg","contentUrl":"https:\/\/www.ativ.pt\/wp-content\/uploads\/2022\/04\/logo-ativ-cor-1.svg","width":250,"height":100,"caption":"Mota-Engil ATIV"},"image":{"@id":"https:\/\/www.ativ.pt\/es\/#\/schema\/logo\/image\/"},"sameAs":["https:\/\/www.facebook.com\/MotaEngilATIV\/","https:\/\/www.instagram.com\/mota_engil_ativ\/","https:\/\/www.linkedin.com\/company\/motaengil-ativ"]},{"@type":"Person","@id":"https:\/\/www.ativ.pt\/es\/#\/schema\/person\/76cd49f91ef96b6902453415264f0c55","name":"Susana Guerreiro"}]}},"_links":{"self":[{"href":"https:\/\/www.ativ.pt\/es\/wp-json\/wp\/v2\/posts\/7038","targetHints":{"allow":["GET"]}}],"collection":[{"href":"https:\/\/www.ativ.pt\/es\/wp-json\/wp\/v2\/posts"}],"about":[{"href":"https:\/\/www.ativ.pt\/es\/wp-json\/wp\/v2\/types\/post"}],"author":[{"embeddable":true,"href":"https:\/\/www.ativ.pt\/es\/wp-json\/wp\/v2\/users\/2"}],"replies":[{"embeddable":true,"href":"https:\/\/www.ativ.pt\/es\/wp-json\/wp\/v2\/comments?post=7038"}],"version-history":[{"count":1,"href":"https:\/\/www.ativ.pt\/es\/wp-json\/wp\/v2\/posts\/7038\/revisions"}],"predecessor-version":[{"id":7039,"href":"https:\/\/www.ativ.pt\/es\/wp-json\/wp\/v2\/posts\/7038\/revisions\/7039"}],"wp:featuredmedia":[{"embeddable":true,"href":"https:\/\/www.ativ.pt\/es\/wp-json\/wp\/v2\/media\/6654"}],"wp:attachment":[{"href":"https:\/\/www.ativ.pt\/es\/wp-json\/wp\/v2\/media?parent=7038"}],"wp:term":[{"taxonomy":"category","embeddable":true,"href":"https:\/\/www.ativ.pt\/es\/wp-json\/wp\/v2\/categories?post=7038"},{"taxonomy":"post_tag","embeddable":true,"href":"https:\/\/www.ativ.pt\/es\/wp-json\/wp\/v2\/tags?post=7038"}],"curies":[{"name":"wp","href":"https:\/\/api.w.org\/{rel}","templated":true}]}}