{"id":6844,"date":"2022-10-31T16:11:07","date_gmt":"2022-10-31T16:11:07","guid":{"rendered":"https:\/\/www.ativ.pt\/2022\/10\/31\/agir-plan-de-accion-para-la-gestion-de-las-aguas-residuales-industriales-en-la-gran-lisboa-y-el-oeste\/"},"modified":"2022-12-06T16:02:34","modified_gmt":"2022-12-06T16:02:34","slug":"agir-plan-de-accion-para-la-gestion-de-las-aguas-residuales-industriales-en-la-gran-lisboa-y-el-oeste","status":"publish","type":"post","link":"https:\/\/www.ativ.pt\/es\/2022\/10\/31\/agir-plan-de-accion-para-la-gestion-de-las-aguas-residuales-industriales-en-la-gran-lisboa-y-el-oeste\/","title":{"rendered":"AgIR &#8211; Plan de Acci\u00f3n para la Gesti\u00f3n de las Aguas Residuales Industriales en la Gran Lisboa y el Oeste"},"content":{"rendered":"\n<p>AgIR pretende desarrollar un trabajo conjunto con los municipios atendidos por \u00c1guas do Tejo Atl\u00e2ntico y las respectivas industrias para una adecuada gesti\u00f3n de las Aguas Residuales Industriales en esa regi\u00f3n.<\/p>\n\n<p>Se trata de un proyecto pionero de divulgaci\u00f3n, que proporciona apoyo t\u00e9cnico a las industrias, anim\u00e1ndolas a examinar su proceso de producci\u00f3n, concretamente el pretratamiento de las aguas residuales, contribuyendo a mejorar la eficacia de los procesos.<\/p>\n\n<p>El equipo de Mota-Engil ATIV, formado por 6 ingenieros con formaci\u00f3n especializada en Medio Ambiente y Qu\u00edmica y 3 t\u00e9cnicos operativos, est\u00e1 prestando apoyo t\u00e9cnico y colaborando estrechamente con \u00c1guas do Tejo Atl\u00e2ntico, con los 23 municipios de la Gran Lisboa y Oeste y con las industrias de su \u00e1rea de influencia, en el an\u00e1lisis de la eficiencia de la gesti\u00f3n de los efluentes industriales y de los procesos de producci\u00f3n.<\/p>\n\n<p>El objetivo final es minimizar las influencias industriales indebidas en las redes municipales de drenaje y los sistemas de tratamiento, que comprometen la integridad de las infraestructuras y amenazan el cumplimiento de las licencias de vertido en los medios receptores.<\/p>\n\n<p>Tambi\u00e9n se lleva a cabo un an\u00e1lisis de los procesos de producci\u00f3n de cada industria y se identifican medidas circulares para reducir el consumo de agua y energ\u00eda y la reutilizaci\u00f3n de subproductos, lo que contribuye al rendimiento medioambiental de las industrias.<\/p>\n\n<p>Este proyecto se centra en una de las principales \u00e1reas de actividad de ATIV: la sostenibilidad medioambiental. Junto con las industrias, estamos fomentando las buenas pr\u00e1cticas medioambientales y evaluando y proponiendo medidas que contribuyan a la eficiencia del agua y la energ\u00eda y a la optimizaci\u00f3n de los recursos.<\/p>\n\n<p>Las principales expectativas incluyen una mejora visible y efectiva del servicio p\u00fablico de saneamiento, as\u00ed como la protecci\u00f3n de las l\u00edneas de agua mediante la erradicaci\u00f3n de las entradas indebidas de agua industrial sin el tratamiento previo adecuado.<\/p>\n","protected":false},"excerpt":{"rendered":"<p>El proyecto AgIR &#8211; Plan de Acci\u00f3n para la Gesti\u00f3n de Aguas Residuales Industriales en la Gran Lisboa y Oeste, surge a trav\u00e9s de un concurso p\u00fablico internacional convocado por \u00c1guas do Tejo Atl\u00e2ntico, con el apoyo del Fondo de Medio Ambiente, adjudicado al consorcio liderado por Mota-Engil ATIV para el per\u00edodo de 4 a\u00f1os.<\/p>\n","protected":false},"author":1,"featured_media":6546,"comment_status":"open","ping_status":"open","sticky":false,"template":"","format":"standard","meta":{"_acf_changed":false,"footnotes":""},"categories":[16],"tags":[],"class_list":["post-6844","post","type-post","status-publish","format-standard","has-post-thumbnail","hentry","category-articulo"],"acf":[],"yoast_head":"<!-- This site is optimized with the Yoast SEO plugin v27.5 - https:\/\/yoast.com\/product\/yoast-seo-wordpress\/ -->\n<title>AgIR - Plan de Acci\u00f3n para la Gesti\u00f3n de las Aguas Residuales Industriales en la Gran Lisboa y el Oeste - Mota-Engil ATIV<\/title>\n<meta name=\"robots\" content=\"index, follow, max-snippet:-1, max-image-preview:large, max-video-preview:-1\" \/>\n<link rel=\"canonical\" href=\"https:\/\/www.ativ.pt\/es\/2022\/10\/31\/agir-plan-de-accion-para-la-gestion-de-las-aguas-residuales-industriales-en-la-gran-lisboa-y-el-oeste\/\" \/>\n<meta property=\"og:locale\" content=\"es_ES\" \/>\n<meta property=\"og:type\" content=\"article\" \/>\n<meta property=\"og:title\" content=\"AgIR - Plan de Acci\u00f3n para la Gesti\u00f3n de las Aguas Residuales Industriales en la Gran Lisboa y el Oeste - Mota-Engil ATIV\" \/>\n<meta property=\"og:description\" content=\"El proyecto AgIR - Plan de Acci\u00f3n para la Gesti\u00f3n de Aguas Residuales Industriales en la Gran Lisboa y Oeste, surge a trav\u00e9s de un concurso p\u00fablico internacional convocado por \u00c1guas do Tejo Atl\u00e2ntico, con el apoyo del Fondo de Medio Ambiente, adjudicado al consorcio liderado por Mota-Engil ATIV para el per\u00edodo de 4 a\u00f1os.\" \/>\n<meta property=\"og:url\" content=\"https:\/\/www.ativ.pt\/es\/2022\/10\/31\/agir-plan-de-accion-para-la-gestion-de-las-aguas-residuales-industriales-en-la-gran-lisboa-y-el-oeste\/\" \/>\n<meta property=\"og:site_name\" content=\"Mota-Engil ATIV\" \/>\n<meta property=\"article:publisher\" content=\"https:\/\/www.facebook.com\/MotaEngilATIV\/\" \/>\n<meta property=\"article:published_time\" content=\"2022-10-31T16:11:07+00:00\" \/>\n<meta property=\"article:modified_time\" content=\"2022-12-06T16:02:34+00:00\" \/>\n<meta property=\"og:image\" content=\"https:\/\/www.ativ.pt\/wp-content\/uploads\/2022\/10\/agir-ativ.jpg\" \/>\n\t<meta property=\"og:image:width\" content=\"1200\" \/>\n\t<meta property=\"og:image:height\" content=\"630\" \/>\n\t<meta property=\"og:image:type\" content=\"image\/jpeg\" \/>\n<meta name=\"author\" content=\"superedcadmin\" \/>\n<meta name=\"twitter:card\" content=\"summary_large_image\" \/>\n<meta name=\"twitter:label1\" content=\"Escrito por\" \/>\n\t<meta name=\"twitter:data1\" content=\"superedcadmin\" \/>\n\t<meta name=\"twitter:label2\" content=\"Tiempo de lectura\" \/>\n\t<meta name=\"twitter:data2\" content=\"2 minutos\" \/>\n<script type=\"application\/ld+json\" class=\"yoast-schema-graph\">{\"@context\":\"https:\\\/\\\/schema.org\",\"@graph\":[{\"@type\":\"Article\",\"@id\":\"https:\\\/\\\/www.ativ.pt\\\/es\\\/2022\\\/10\\\/31\\\/agir-plan-de-accion-para-la-gestion-de-las-aguas-residuales-industriales-en-la-gran-lisboa-y-el-oeste\\\/#article\",\"isPartOf\":{\"@id\":\"https:\\\/\\\/www.ativ.pt\\\/es\\\/2022\\\/10\\\/31\\\/agir-plan-de-accion-para-la-gestion-de-las-aguas-residuales-industriales-en-la-gran-lisboa-y-el-oeste\\\/\"},\"author\":{\"name\":\"superedcadmin\",\"@id\":\"https:\\\/\\\/www.ativ.pt\\\/es\\\/#\\\/schema\\\/person\\\/25537f36d67a41ef21df8c4841956ca3\"},\"headline\":\"AgIR &#8211; Plan de Acci\u00f3n para la Gesti\u00f3n de las Aguas Residuales Industriales en la Gran Lisboa y el Oeste\",\"datePublished\":\"2022-10-31T16:11:07+00:00\",\"dateModified\":\"2022-12-06T16:02:34+00:00\",\"mainEntityOfPage\":{\"@id\":\"https:\\\/\\\/www.ativ.pt\\\/es\\\/2022\\\/10\\\/31\\\/agir-plan-de-accion-para-la-gestion-de-las-aguas-residuales-industriales-en-la-gran-lisboa-y-el-oeste\\\/\"},\"wordCount\":354,\"commentCount\":0,\"publisher\":{\"@id\":\"https:\\\/\\\/www.ativ.pt\\\/es\\\/#organization\"},\"image\":{\"@id\":\"https:\\\/\\\/www.ativ.pt\\\/es\\\/2022\\\/10\\\/31\\\/agir-plan-de-accion-para-la-gestion-de-las-aguas-residuales-industriales-en-la-gran-lisboa-y-el-oeste\\\/#primaryimage\"},\"thumbnailUrl\":\"https:\\\/\\\/www.ativ.pt\\\/wp-content\\\/uploads\\\/2022\\\/10\\\/agir-ativ.jpg\",\"articleSection\":[\"Art\u00edculo\"],\"inLanguage\":\"es\",\"potentialAction\":[{\"@type\":\"CommentAction\",\"name\":\"Comment\",\"target\":[\"https:\\\/\\\/www.ativ.pt\\\/es\\\/2022\\\/10\\\/31\\\/agir-plan-de-accion-para-la-gestion-de-las-aguas-residuales-industriales-en-la-gran-lisboa-y-el-oeste\\\/#respond\"]}]},{\"@type\":\"WebPage\",\"@id\":\"https:\\\/\\\/www.ativ.pt\\\/es\\\/2022\\\/10\\\/31\\\/agir-plan-de-accion-para-la-gestion-de-las-aguas-residuales-industriales-en-la-gran-lisboa-y-el-oeste\\\/\",\"url\":\"https:\\\/\\\/www.ativ.pt\\\/es\\\/2022\\\/10\\\/31\\\/agir-plan-de-accion-para-la-gestion-de-las-aguas-residuales-industriales-en-la-gran-lisboa-y-el-oeste\\\/\",\"name\":\"AgIR - Plan de Acci\u00f3n para la Gesti\u00f3n de las Aguas Residuales Industriales en la Gran Lisboa y el Oeste - Mota-Engil ATIV\",\"isPartOf\":{\"@id\":\"https:\\\/\\\/www.ativ.pt\\\/es\\\/#website\"},\"primaryImageOfPage\":{\"@id\":\"https:\\\/\\\/www.ativ.pt\\\/es\\\/2022\\\/10\\\/31\\\/agir-plan-de-accion-para-la-gestion-de-las-aguas-residuales-industriales-en-la-gran-lisboa-y-el-oeste\\\/#primaryimage\"},\"image\":{\"@id\":\"https:\\\/\\\/www.ativ.pt\\\/es\\\/2022\\\/10\\\/31\\\/agir-plan-de-accion-para-la-gestion-de-las-aguas-residuales-industriales-en-la-gran-lisboa-y-el-oeste\\\/#primaryimage\"},\"thumbnailUrl\":\"https:\\\/\\\/www.ativ.pt\\\/wp-content\\\/uploads\\\/2022\\\/10\\\/agir-ativ.jpg\",\"datePublished\":\"2022-10-31T16:11:07+00:00\",\"dateModified\":\"2022-12-06T16:02:34+00:00\",\"breadcrumb\":{\"@id\":\"https:\\\/\\\/www.ativ.pt\\\/es\\\/2022\\\/10\\\/31\\\/agir-plan-de-accion-para-la-gestion-de-las-aguas-residuales-industriales-en-la-gran-lisboa-y-el-oeste\\\/#breadcrumb\"},\"inLanguage\":\"es\",\"potentialAction\":[{\"@type\":\"ReadAction\",\"target\":[\"https:\\\/\\\/www.ativ.pt\\\/es\\\/2022\\\/10\\\/31\\\/agir-plan-de-accion-para-la-gestion-de-las-aguas-residuales-industriales-en-la-gran-lisboa-y-el-oeste\\\/\"]}]},{\"@type\":\"ImageObject\",\"inLanguage\":\"es\",\"@id\":\"https:\\\/\\\/www.ativ.pt\\\/es\\\/2022\\\/10\\\/31\\\/agir-plan-de-accion-para-la-gestion-de-las-aguas-residuales-industriales-en-la-gran-lisboa-y-el-oeste\\\/#primaryimage\",\"url\":\"https:\\\/\\\/www.ativ.pt\\\/wp-content\\\/uploads\\\/2022\\\/10\\\/agir-ativ.jpg\",\"contentUrl\":\"https:\\\/\\\/www.ativ.pt\\\/wp-content\\\/uploads\\\/2022\\\/10\\\/agir-ativ.jpg\",\"width\":1200,\"height\":630,\"caption\":\"AgIR \u2013 Plano de A\u00e7\u00e3o para a Gest\u00e3o das \u00c1guas Industriais Residuais da Grande Lisboa e Oeste\"},{\"@type\":\"BreadcrumbList\",\"@id\":\"https:\\\/\\\/www.ativ.pt\\\/es\\\/2022\\\/10\\\/31\\\/agir-plan-de-accion-para-la-gestion-de-las-aguas-residuales-industriales-en-la-gran-lisboa-y-el-oeste\\\/#breadcrumb\",\"itemListElement\":[{\"@type\":\"ListItem\",\"position\":1,\"name\":\"In\u00edcio\",\"item\":\"https:\\\/\\\/www.ativ.pt\\\/es\\\/\"},{\"@type\":\"ListItem\",\"position\":2,\"name\":\"AgIR &#8211; Plan de Acci\u00f3n para la Gesti\u00f3n de las Aguas Residuales Industriales en la Gran Lisboa y el Oeste\"}]},{\"@type\":\"WebSite\",\"@id\":\"https:\\\/\\\/www.ativ.pt\\\/es\\\/#website\",\"url\":\"https:\\\/\\\/www.ativ.pt\\\/es\\\/\",\"name\":\"Mota-Engil ATIV\",\"description\":\"Gest\u00e3o e Manuten\u00e7\u00e3o de Ativos\",\"publisher\":{\"@id\":\"https:\\\/\\\/www.ativ.pt\\\/es\\\/#organization\"},\"potentialAction\":[{\"@type\":\"SearchAction\",\"target\":{\"@type\":\"EntryPoint\",\"urlTemplate\":\"https:\\\/\\\/www.ativ.pt\\\/es\\\/?s={search_term_string}\"},\"query-input\":{\"@type\":\"PropertyValueSpecification\",\"valueRequired\":true,\"valueName\":\"search_term_string\"}}],\"inLanguage\":\"es\"},{\"@type\":\"Organization\",\"@id\":\"https:\\\/\\\/www.ativ.pt\\\/es\\\/#organization\",\"name\":\"Mota-Engil ATIV\",\"url\":\"https:\\\/\\\/www.ativ.pt\\\/es\\\/\",\"logo\":{\"@type\":\"ImageObject\",\"inLanguage\":\"es\",\"@id\":\"https:\\\/\\\/www.ativ.pt\\\/es\\\/#\\\/schema\\\/logo\\\/image\\\/\",\"url\":\"https:\\\/\\\/www.ativ.pt\\\/wp-content\\\/uploads\\\/2022\\\/04\\\/logo-ativ-cor-1.svg\",\"contentUrl\":\"https:\\\/\\\/www.ativ.pt\\\/wp-content\\\/uploads\\\/2022\\\/04\\\/logo-ativ-cor-1.svg\",\"width\":250,\"height\":100,\"caption\":\"Mota-Engil ATIV\"},\"image\":{\"@id\":\"https:\\\/\\\/www.ativ.pt\\\/es\\\/#\\\/schema\\\/logo\\\/image\\\/\"},\"sameAs\":[\"https:\\\/\\\/www.facebook.com\\\/MotaEngilATIV\\\/\",\"https:\\\/\\\/www.instagram.com\\\/mota_engil_ativ\\\/\",\"https:\\\/\\\/www.linkedin.com\\\/company\\\/motaengil-ativ\"]},{\"@type\":\"Person\",\"@id\":\"https:\\\/\\\/www.ativ.pt\\\/es\\\/#\\\/schema\\\/person\\\/25537f36d67a41ef21df8c4841956ca3\",\"name\":\"superedcadmin\",\"sameAs\":[\"https:\\\/\\\/www.ativ.pt\"]}]}<\/script>\n<!-- \/ Yoast SEO plugin. -->","yoast_head_json":{"title":"AgIR - Plan de Acci\u00f3n para la Gesti\u00f3n de las Aguas Residuales Industriales en la Gran Lisboa y el Oeste - Mota-Engil ATIV","robots":{"index":"index","follow":"follow","max-snippet":"max-snippet:-1","max-image-preview":"max-image-preview:large","max-video-preview":"max-video-preview:-1"},"canonical":"https:\/\/www.ativ.pt\/es\/2022\/10\/31\/agir-plan-de-accion-para-la-gestion-de-las-aguas-residuales-industriales-en-la-gran-lisboa-y-el-oeste\/","og_locale":"es_ES","og_type":"article","og_title":"AgIR - Plan de Acci\u00f3n para la Gesti\u00f3n de las Aguas Residuales Industriales en la Gran Lisboa y el Oeste - Mota-Engil ATIV","og_description":"El proyecto AgIR - Plan de Acci\u00f3n para la Gesti\u00f3n de Aguas Residuales Industriales en la Gran Lisboa y Oeste, surge a trav\u00e9s de un concurso p\u00fablico internacional convocado por \u00c1guas do Tejo Atl\u00e2ntico, con el apoyo del Fondo de Medio Ambiente, adjudicado al consorcio liderado por Mota-Engil ATIV para el per\u00edodo de 4 a\u00f1os.","og_url":"https:\/\/www.ativ.pt\/es\/2022\/10\/31\/agir-plan-de-accion-para-la-gestion-de-las-aguas-residuales-industriales-en-la-gran-lisboa-y-el-oeste\/","og_site_name":"Mota-Engil ATIV","article_publisher":"https:\/\/www.facebook.com\/MotaEngilATIV\/","article_published_time":"2022-10-31T16:11:07+00:00","article_modified_time":"2022-12-06T16:02:34+00:00","og_image":[{"width":1200,"height":630,"url":"https:\/\/www.ativ.pt\/wp-content\/uploads\/2022\/10\/agir-ativ.jpg","type":"image\/jpeg"}],"author":"superedcadmin","twitter_card":"summary_large_image","twitter_misc":{"Escrito por":"superedcadmin","Tiempo de lectura":"2 minutos"},"schema":{"@context":"https:\/\/schema.org","@graph":[{"@type":"Article","@id":"https:\/\/www.ativ.pt\/es\/2022\/10\/31\/agir-plan-de-accion-para-la-gestion-de-las-aguas-residuales-industriales-en-la-gran-lisboa-y-el-oeste\/#article","isPartOf":{"@id":"https:\/\/www.ativ.pt\/es\/2022\/10\/31\/agir-plan-de-accion-para-la-gestion-de-las-aguas-residuales-industriales-en-la-gran-lisboa-y-el-oeste\/"},"author":{"name":"superedcadmin","@id":"https:\/\/www.ativ.pt\/es\/#\/schema\/person\/25537f36d67a41ef21df8c4841956ca3"},"headline":"AgIR &#8211; Plan de Acci\u00f3n para la Gesti\u00f3n de las Aguas Residuales Industriales en la Gran Lisboa y el Oeste","datePublished":"2022-10-31T16:11:07+00:00","dateModified":"2022-12-06T16:02:34+00:00","mainEntityOfPage":{"@id":"https:\/\/www.ativ.pt\/es\/2022\/10\/31\/agir-plan-de-accion-para-la-gestion-de-las-aguas-residuales-industriales-en-la-gran-lisboa-y-el-oeste\/"},"wordCount":354,"commentCount":0,"publisher":{"@id":"https:\/\/www.ativ.pt\/es\/#organization"},"image":{"@id":"https:\/\/www.ativ.pt\/es\/2022\/10\/31\/agir-plan-de-accion-para-la-gestion-de-las-aguas-residuales-industriales-en-la-gran-lisboa-y-el-oeste\/#primaryimage"},"thumbnailUrl":"https:\/\/www.ativ.pt\/wp-content\/uploads\/2022\/10\/agir-ativ.jpg","articleSection":["Art\u00edculo"],"inLanguage":"es","potentialAction":[{"@type":"CommentAction","name":"Comment","target":["https:\/\/www.ativ.pt\/es\/2022\/10\/31\/agir-plan-de-accion-para-la-gestion-de-las-aguas-residuales-industriales-en-la-gran-lisboa-y-el-oeste\/#respond"]}]},{"@type":"WebPage","@id":"https:\/\/www.ativ.pt\/es\/2022\/10\/31\/agir-plan-de-accion-para-la-gestion-de-las-aguas-residuales-industriales-en-la-gran-lisboa-y-el-oeste\/","url":"https:\/\/www.ativ.pt\/es\/2022\/10\/31\/agir-plan-de-accion-para-la-gestion-de-las-aguas-residuales-industriales-en-la-gran-lisboa-y-el-oeste\/","name":"AgIR - Plan de Acci\u00f3n para la Gesti\u00f3n de las Aguas Residuales Industriales en la Gran Lisboa y el Oeste - Mota-Engil ATIV","isPartOf":{"@id":"https:\/\/www.ativ.pt\/es\/#website"},"primaryImageOfPage":{"@id":"https:\/\/www.ativ.pt\/es\/2022\/10\/31\/agir-plan-de-accion-para-la-gestion-de-las-aguas-residuales-industriales-en-la-gran-lisboa-y-el-oeste\/#primaryimage"},"image":{"@id":"https:\/\/www.ativ.pt\/es\/2022\/10\/31\/agir-plan-de-accion-para-la-gestion-de-las-aguas-residuales-industriales-en-la-gran-lisboa-y-el-oeste\/#primaryimage"},"thumbnailUrl":"https:\/\/www.ativ.pt\/wp-content\/uploads\/2022\/10\/agir-ativ.jpg","datePublished":"2022-10-31T16:11:07+00:00","dateModified":"2022-12-06T16:02:34+00:00","breadcrumb":{"@id":"https:\/\/www.ativ.pt\/es\/2022\/10\/31\/agir-plan-de-accion-para-la-gestion-de-las-aguas-residuales-industriales-en-la-gran-lisboa-y-el-oeste\/#breadcrumb"},"inLanguage":"es","potentialAction":[{"@type":"ReadAction","target":["https:\/\/www.ativ.pt\/es\/2022\/10\/31\/agir-plan-de-accion-para-la-gestion-de-las-aguas-residuales-industriales-en-la-gran-lisboa-y-el-oeste\/"]}]},{"@type":"ImageObject","inLanguage":"es","@id":"https:\/\/www.ativ.pt\/es\/2022\/10\/31\/agir-plan-de-accion-para-la-gestion-de-las-aguas-residuales-industriales-en-la-gran-lisboa-y-el-oeste\/#primaryimage","url":"https:\/\/www.ativ.pt\/wp-content\/uploads\/2022\/10\/agir-ativ.jpg","contentUrl":"https:\/\/www.ativ.pt\/wp-content\/uploads\/2022\/10\/agir-ativ.jpg","width":1200,"height":630,"caption":"AgIR \u2013 Plano de A\u00e7\u00e3o para a Gest\u00e3o das \u00c1guas Industriais Residuais da Grande Lisboa e Oeste"},{"@type":"BreadcrumbList","@id":"https:\/\/www.ativ.pt\/es\/2022\/10\/31\/agir-plan-de-accion-para-la-gestion-de-las-aguas-residuales-industriales-en-la-gran-lisboa-y-el-oeste\/#breadcrumb","itemListElement":[{"@type":"ListItem","position":1,"name":"In\u00edcio","item":"https:\/\/www.ativ.pt\/es\/"},{"@type":"ListItem","position":2,"name":"AgIR &#8211; Plan de Acci\u00f3n para la Gesti\u00f3n de las Aguas Residuales Industriales en la Gran Lisboa y el Oeste"}]},{"@type":"WebSite","@id":"https:\/\/www.ativ.pt\/es\/#website","url":"https:\/\/www.ativ.pt\/es\/","name":"Mota-Engil ATIV","description":"Gest\u00e3o e Manuten\u00e7\u00e3o de Ativos","publisher":{"@id":"https:\/\/www.ativ.pt\/es\/#organization"},"potentialAction":[{"@type":"SearchAction","target":{"@type":"EntryPoint","urlTemplate":"https:\/\/www.ativ.pt\/es\/?s={search_term_string}"},"query-input":{"@type":"PropertyValueSpecification","valueRequired":true,"valueName":"search_term_string"}}],"inLanguage":"es"},{"@type":"Organization","@id":"https:\/\/www.ativ.pt\/es\/#organization","name":"Mota-Engil ATIV","url":"https:\/\/www.ativ.pt\/es\/","logo":{"@type":"ImageObject","inLanguage":"es","@id":"https:\/\/www.ativ.pt\/es\/#\/schema\/logo\/image\/","url":"https:\/\/www.ativ.pt\/wp-content\/uploads\/2022\/04\/logo-ativ-cor-1.svg","contentUrl":"https:\/\/www.ativ.pt\/wp-content\/uploads\/2022\/04\/logo-ativ-cor-1.svg","width":250,"height":100,"caption":"Mota-Engil ATIV"},"image":{"@id":"https:\/\/www.ativ.pt\/es\/#\/schema\/logo\/image\/"},"sameAs":["https:\/\/www.facebook.com\/MotaEngilATIV\/","https:\/\/www.instagram.com\/mota_engil_ativ\/","https:\/\/www.linkedin.com\/company\/motaengil-ativ"]},{"@type":"Person","@id":"https:\/\/www.ativ.pt\/es\/#\/schema\/person\/25537f36d67a41ef21df8c4841956ca3","name":"superedcadmin","sameAs":["https:\/\/www.ativ.pt"]}]}},"_links":{"self":[{"href":"https:\/\/www.ativ.pt\/es\/wp-json\/wp\/v2\/posts\/6844","targetHints":{"allow":["GET"]}}],"collection":[{"href":"https:\/\/www.ativ.pt\/es\/wp-json\/wp\/v2\/posts"}],"about":[{"href":"https:\/\/www.ativ.pt\/es\/wp-json\/wp\/v2\/types\/post"}],"author":[{"embeddable":true,"href":"https:\/\/www.ativ.pt\/es\/wp-json\/wp\/v2\/users\/1"}],"replies":[{"embeddable":true,"href":"https:\/\/www.ativ.pt\/es\/wp-json\/wp\/v2\/comments?post=6844"}],"version-history":[{"count":1,"href":"https:\/\/www.ativ.pt\/es\/wp-json\/wp\/v2\/posts\/6844\/revisions"}],"predecessor-version":[{"id":6845,"href":"https:\/\/www.ativ.pt\/es\/wp-json\/wp\/v2\/posts\/6844\/revisions\/6845"}],"wp:featuredmedia":[{"embeddable":true,"href":"https:\/\/www.ativ.pt\/es\/wp-json\/wp\/v2\/media\/6546"}],"wp:attachment":[{"href":"https:\/\/www.ativ.pt\/es\/wp-json\/wp\/v2\/media?parent=6844"}],"wp:term":[{"taxonomy":"category","embeddable":true,"href":"https:\/\/www.ativ.pt\/es\/wp-json\/wp\/v2\/categories?post=6844"},{"taxonomy":"post_tag","embeddable":true,"href":"https:\/\/www.ativ.pt\/es\/wp-json\/wp\/v2\/tags?post=6844"}],"curies":[{"name":"wp","href":"https:\/\/api.w.org\/{rel}","templated":true}]}}