{"id":6842,"date":"2022-10-31T14:28:20","date_gmt":"2022-10-31T14:28:20","guid":{"rendered":"https:\/\/www.ativ.pt\/2022\/10\/31\/nuevas-formas-de-trabajo-en-las-jornadas-de-la-apfm\/"},"modified":"2022-12-06T16:00:28","modified_gmt":"2022-12-06T16:00:28","slug":"nuevas-formas-de-trabajo-en-las-jornadas-de-la-apfm","status":"publish","type":"post","link":"https:\/\/www.ativ.pt\/es\/2022\/10\/31\/nuevas-formas-de-trabajo-en-las-jornadas-de-la-apfm\/","title":{"rendered":"Nuevas formas de trabajo en las Jornadas de la APFM"},"content":{"rendered":"\n<p>En esta conferencia, que tuvo lugar en el Cine NOS del Centro Comercial Colombo, se debati\u00f3 c\u00f3mo garantizar el bienestar y la productividad en estos dos modelos de trabajo y qu\u00e9 papel puede desempe\u00f1ar el FM como agente facilitador para proporcionar experiencias productivas y de bienestar a los empleados en un contexto laboral \u00abdesde cualquier lugar\u00bb.<\/p>\n\n<div class=\"wp-block-columns is-layout-flex wp-container-core-columns-is-layout-9d6595d7 wp-block-columns-is-layout-flex\">\n<div class=\"wp-block-column is-layout-flow wp-block-column-is-layout-flow\">\n<figure class=\"wp-block-image size-large\"><img fetchpriority=\"high\" decoding=\"async\" width=\"1024\" height=\"683\" src=\"https:\/\/spcdn.shortpixel.ai\/spio\/ret_img,q_cdnize,to_auto,s_webp:avif\/www.ativ.pt\/wp-content\/uploads\/2022\/10\/DSC_2648-1024x683.jpg\" alt=\"\" class=\"wp-image-6532\" srcset=\"https:\/\/spcdn.shortpixel.ai\/spio\/ret_img,q_cdnize,to_auto,s_webp:avif\/www.ativ.pt\/wp-content\/uploads\/2022\/10\/DSC_2648-1024x683.jpg 1024w, https:\/\/spcdn.shortpixel.ai\/spio\/ret_img,q_cdnize,to_auto,s_webp:avif\/www.ativ.pt\/wp-content\/uploads\/2022\/10\/DSC_2648-300x200.jpg 300w, https:\/\/spcdn.shortpixel.ai\/spio\/ret_img,q_cdnize,to_auto,s_webp:avif\/www.ativ.pt\/wp-content\/uploads\/2022\/10\/DSC_2648-768x512.jpg 768w, https:\/\/spcdn.shortpixel.ai\/spio\/ret_img,q_cdnize,to_auto,s_webp:avif\/www.ativ.pt\/wp-content\/uploads\/2022\/10\/DSC_2648-1536x1024.jpg 1536w, https:\/\/spcdn.shortpixel.ai\/spio\/ret_img,q_cdnize,to_auto,s_webp:avif\/www.ativ.pt\/wp-content\/uploads\/2022\/10\/DSC_2648-scaled.jpg 1920w\" sizes=\"(max-width: 1024px) 100vw, 1024px\" \/><\/figure>\n<\/div>\n\n\n\n<div class=\"wp-block-column is-layout-flow wp-block-column-is-layout-flow\">\n<figure class=\"wp-block-image size-large\"><img decoding=\"async\" width=\"1024\" height=\"683\" src=\"https:\/\/spcdn.shortpixel.ai\/spio\/ret_img,q_cdnize,to_auto,s_webp:avif\/www.ativ.pt\/wp-content\/uploads\/2022\/10\/DSC_2626-1024x683.jpg\" alt=\"\" class=\"wp-image-6536\" srcset=\"https:\/\/spcdn.shortpixel.ai\/spio\/ret_img,q_cdnize,to_auto,s_webp:avif\/www.ativ.pt\/wp-content\/uploads\/2022\/10\/DSC_2626-1024x683.jpg 1024w, https:\/\/spcdn.shortpixel.ai\/spio\/ret_img,q_cdnize,to_auto,s_webp:avif\/www.ativ.pt\/wp-content\/uploads\/2022\/10\/DSC_2626-300x200.jpg 300w, https:\/\/spcdn.shortpixel.ai\/spio\/ret_img,q_cdnize,to_auto,s_webp:avif\/www.ativ.pt\/wp-content\/uploads\/2022\/10\/DSC_2626-768x512.jpg 768w, https:\/\/spcdn.shortpixel.ai\/spio\/ret_img,q_cdnize,to_auto,s_webp:avif\/www.ativ.pt\/wp-content\/uploads\/2022\/10\/DSC_2626-1536x1024.jpg 1536w, https:\/\/spcdn.shortpixel.ai\/spio\/ret_img,q_cdnize,to_auto,s_webp:avif\/www.ativ.pt\/wp-content\/uploads\/2022\/10\/DSC_2626-scaled.jpg 1920w\" sizes=\"(max-width: 1024px) 100vw, 1024px\" \/><\/figure>\n<\/div>\n<\/div>\n\n<p>Impulsados por la pandemia, los modelos H\u00edbrido y Remoto han \u00abobligado\u00bb a una mayor organizaci\u00f3n del trabajo, a una mayor flexibilidad y a una profunda alteraci\u00f3n de lo que son los l\u00edmites del espacio de trabajo, siendo que actualmente \u00ab\u00a1En la mayor\u00eda de los casos el trabajo es una actividad y no un lugar!\u00bb<\/p>\n\n<p>Fue con esta premisa que, en un intercambio de experiencias y realidades diversificadas y enriquecedoras, varias empresas socias de la APFM, compartieron su visi\u00f3n y pr\u00e1cticas, y est\u00e1 claro que este es el camino a seguir, y Mota-Engil ATIV no ser\u00e1 una excepci\u00f3n.<\/p>\n\n<p>La empresa eligi\u00f3 Alverca Park como su nueva sede. Un cambio que se desarroll\u00f3 y dise\u00f1\u00f3 con la contribuci\u00f3n y participaci\u00f3n de los empleados, los futuros ocupantes del espacio. Con un sentimiento de bienestar asociado, se pretende que el nuevo espacio de trabajo sea m\u00e1s eficiente, funcional y colaborativo, reflejando los valores de la nueva organizaci\u00f3n Mota-Engil ATIV.<\/p>\n\n<p>Con nuevas formas y prop\u00f3sitos de trabajo, con estilos de vida que implican una mezcla personal\/profesional\/familiar\/social y un acceso y potencial de la tecnolog\u00eda, el enfoque debe centrarse cada vez m\u00e1s en las personas y sus experiencias.<\/p>\n\n<p>En este sentido, es importante hoy en d\u00eda, ante una \u00abnueva normalidad\u00bb, entender c\u00f3mo mantener la productividad de los equipos y la satisfacci\u00f3n de los individuos con su experiencia, independientemente del lugar en el que trabajen, proporcionando informaci\u00f3n a todos los participantes y siendo capaces de comunicar eficazmente que estas medidas son para el beneficio de todos.<\/p>\n\n<p>Estos son los retos para una nueva era que la Asociaci\u00f3n Portuguesa de Facility Management (APFM) ha querido debatir en el que es el mayor evento nacional de Facility Management y en el que Mota-Engil ATIV es un orgulloso socio. El tercer momento de las XVI Jornadas de la APFM tendr\u00e1 lugar el 23 de noviembre, en los Cines NOS de Norteshopping, en lo que ser\u00e1 la primera iniciativa de la Asociaci\u00f3n fuera de la Gran Lisboa y estar\u00e1 dedicada a la Tecnolog\u00eda. Mota-Engil ATIV volver\u00e1 a patrocinar el evento.<\/p>\n","protected":false},"excerpt":{"rendered":"<p>Insertado en la 16\u00aa Conferencia de la APFM y patrocinado por Mota-Engil ATIV, el 26 de octubre se celebr\u00f3 el segundo evento, dedicado al \u00abLugar de Trabajo: \u00abOn\/Off: Bienestar y Eficiencia en los Modelos H\u00edbridos y Remotos\u00bb.<\/p>\n","protected":false},"author":2,"featured_media":6539,"comment_status":"open","ping_status":"open","sticky":false,"template":"","format":"standard","meta":{"_acf_changed":false,"footnotes":""},"categories":[16],"tags":[],"class_list":["post-6842","post","type-post","status-publish","format-standard","has-post-thumbnail","hentry","category-articulo"],"acf":[],"yoast_head":"<!-- This site is optimized with the Yoast SEO plugin v27.5 - https:\/\/yoast.com\/product\/yoast-seo-wordpress\/ -->\n<title>Nuevas formas de trabajo en las Jornadas de la APFM - Mota-Engil ATIV<\/title>\n<meta name=\"robots\" content=\"index, follow, max-snippet:-1, max-image-preview:large, max-video-preview:-1\" \/>\n<link rel=\"canonical\" href=\"https:\/\/www.ativ.pt\/es\/2022\/10\/31\/nuevas-formas-de-trabajo-en-las-jornadas-de-la-apfm\/\" \/>\n<meta property=\"og:locale\" content=\"es_ES\" \/>\n<meta property=\"og:type\" content=\"article\" \/>\n<meta property=\"og:title\" content=\"Nuevas formas de trabajo en las Jornadas de la APFM - Mota-Engil ATIV\" \/>\n<meta property=\"og:description\" content=\"Insertado en la 16\u00aa Conferencia de la APFM y patrocinado por Mota-Engil ATIV, el 26 de octubre se celebr\u00f3 el segundo evento, dedicado al &quot;Lugar de Trabajo: &quot;On\/Off: Bienestar y Eficiencia en los Modelos H\u00edbridos y Remotos&quot;.\" \/>\n<meta property=\"og:url\" content=\"https:\/\/www.ativ.pt\/es\/2022\/10\/31\/nuevas-formas-de-trabajo-en-las-jornadas-de-la-apfm\/\" \/>\n<meta property=\"og:site_name\" content=\"Mota-Engil ATIV\" \/>\n<meta property=\"article:publisher\" content=\"https:\/\/www.facebook.com\/MotaEngilATIV\/\" \/>\n<meta property=\"article:published_time\" content=\"2022-10-31T14:28:20+00:00\" \/>\n<meta property=\"article:modified_time\" content=\"2022-12-06T16:00:28+00:00\" \/>\n<meta property=\"og:image\" content=\"https:\/\/www.ativ.pt\/wp-content\/uploads\/2022\/10\/DSC_2626-scaled.jpg\" \/>\n\t<meta property=\"og:image:width\" content=\"2560\" \/>\n\t<meta property=\"og:image:height\" content=\"1707\" \/>\n\t<meta property=\"og:image:type\" content=\"image\/jpeg\" \/>\n<meta name=\"author\" content=\"Susana Guerreiro\" \/>\n<meta name=\"twitter:card\" content=\"summary_large_image\" \/>\n<meta name=\"twitter:label1\" content=\"Escrito por\" \/>\n\t<meta name=\"twitter:data1\" content=\"Susana Guerreiro\" \/>\n\t<meta name=\"twitter:label2\" content=\"Tiempo de lectura\" \/>\n\t<meta name=\"twitter:data2\" content=\"2 minutos\" \/>\n<script type=\"application\/ld+json\" class=\"yoast-schema-graph\">{\"@context\":\"https:\\\/\\\/schema.org\",\"@graph\":[{\"@type\":\"Article\",\"@id\":\"https:\\\/\\\/www.ativ.pt\\\/es\\\/2022\\\/10\\\/31\\\/nuevas-formas-de-trabajo-en-las-jornadas-de-la-apfm\\\/#article\",\"isPartOf\":{\"@id\":\"https:\\\/\\\/www.ativ.pt\\\/es\\\/2022\\\/10\\\/31\\\/nuevas-formas-de-trabajo-en-las-jornadas-de-la-apfm\\\/\"},\"author\":{\"name\":\"Susana Guerreiro\",\"@id\":\"https:\\\/\\\/www.ativ.pt\\\/es\\\/#\\\/schema\\\/person\\\/76cd49f91ef96b6902453415264f0c55\"},\"headline\":\"Nuevas formas de trabajo en las Jornadas de la APFM\",\"datePublished\":\"2022-10-31T14:28:20+00:00\",\"dateModified\":\"2022-12-06T16:00:28+00:00\",\"mainEntityOfPage\":{\"@id\":\"https:\\\/\\\/www.ativ.pt\\\/es\\\/2022\\\/10\\\/31\\\/nuevas-formas-de-trabajo-en-las-jornadas-de-la-apfm\\\/\"},\"wordCount\":431,\"commentCount\":0,\"publisher\":{\"@id\":\"https:\\\/\\\/www.ativ.pt\\\/es\\\/#organization\"},\"image\":{\"@id\":\"https:\\\/\\\/www.ativ.pt\\\/es\\\/2022\\\/10\\\/31\\\/nuevas-formas-de-trabajo-en-las-jornadas-de-la-apfm\\\/#primaryimage\"},\"thumbnailUrl\":\"https:\\\/\\\/www.ativ.pt\\\/wp-content\\\/uploads\\\/2022\\\/10\\\/DSC_2626-scaled.jpg\",\"articleSection\":[\"Art\u00edculo\"],\"inLanguage\":\"es\",\"potentialAction\":[{\"@type\":\"CommentAction\",\"name\":\"Comment\",\"target\":[\"https:\\\/\\\/www.ativ.pt\\\/es\\\/2022\\\/10\\\/31\\\/nuevas-formas-de-trabajo-en-las-jornadas-de-la-apfm\\\/#respond\"]}]},{\"@type\":\"WebPage\",\"@id\":\"https:\\\/\\\/www.ativ.pt\\\/es\\\/2022\\\/10\\\/31\\\/nuevas-formas-de-trabajo-en-las-jornadas-de-la-apfm\\\/\",\"url\":\"https:\\\/\\\/www.ativ.pt\\\/es\\\/2022\\\/10\\\/31\\\/nuevas-formas-de-trabajo-en-las-jornadas-de-la-apfm\\\/\",\"name\":\"Nuevas formas de trabajo en las Jornadas de la APFM - Mota-Engil ATIV\",\"isPartOf\":{\"@id\":\"https:\\\/\\\/www.ativ.pt\\\/es\\\/#website\"},\"primaryImageOfPage\":{\"@id\":\"https:\\\/\\\/www.ativ.pt\\\/es\\\/2022\\\/10\\\/31\\\/nuevas-formas-de-trabajo-en-las-jornadas-de-la-apfm\\\/#primaryimage\"},\"image\":{\"@id\":\"https:\\\/\\\/www.ativ.pt\\\/es\\\/2022\\\/10\\\/31\\\/nuevas-formas-de-trabajo-en-las-jornadas-de-la-apfm\\\/#primaryimage\"},\"thumbnailUrl\":\"https:\\\/\\\/www.ativ.pt\\\/wp-content\\\/uploads\\\/2022\\\/10\\\/DSC_2626-scaled.jpg\",\"datePublished\":\"2022-10-31T14:28:20+00:00\",\"dateModified\":\"2022-12-06T16:00:28+00:00\",\"breadcrumb\":{\"@id\":\"https:\\\/\\\/www.ativ.pt\\\/es\\\/2022\\\/10\\\/31\\\/nuevas-formas-de-trabajo-en-las-jornadas-de-la-apfm\\\/#breadcrumb\"},\"inLanguage\":\"es\",\"potentialAction\":[{\"@type\":\"ReadAction\",\"target\":[\"https:\\\/\\\/www.ativ.pt\\\/es\\\/2022\\\/10\\\/31\\\/nuevas-formas-de-trabajo-en-las-jornadas-de-la-apfm\\\/\"]}]},{\"@type\":\"ImageObject\",\"inLanguage\":\"es\",\"@id\":\"https:\\\/\\\/www.ativ.pt\\\/es\\\/2022\\\/10\\\/31\\\/nuevas-formas-de-trabajo-en-las-jornadas-de-la-apfm\\\/#primaryimage\",\"url\":\"https:\\\/\\\/www.ativ.pt\\\/wp-content\\\/uploads\\\/2022\\\/10\\\/DSC_2626-scaled.jpg\",\"contentUrl\":\"https:\\\/\\\/www.ativ.pt\\\/wp-content\\\/uploads\\\/2022\\\/10\\\/DSC_2626-scaled.jpg\",\"width\":1920,\"height\":1280},{\"@type\":\"BreadcrumbList\",\"@id\":\"https:\\\/\\\/www.ativ.pt\\\/es\\\/2022\\\/10\\\/31\\\/nuevas-formas-de-trabajo-en-las-jornadas-de-la-apfm\\\/#breadcrumb\",\"itemListElement\":[{\"@type\":\"ListItem\",\"position\":1,\"name\":\"In\u00edcio\",\"item\":\"https:\\\/\\\/www.ativ.pt\\\/es\\\/\"},{\"@type\":\"ListItem\",\"position\":2,\"name\":\"Nuevas formas de trabajo en las Jornadas de la APFM\"}]},{\"@type\":\"WebSite\",\"@id\":\"https:\\\/\\\/www.ativ.pt\\\/es\\\/#website\",\"url\":\"https:\\\/\\\/www.ativ.pt\\\/es\\\/\",\"name\":\"Mota-Engil ATIV\",\"description\":\"Gest\u00e3o e Manuten\u00e7\u00e3o de Ativos\",\"publisher\":{\"@id\":\"https:\\\/\\\/www.ativ.pt\\\/es\\\/#organization\"},\"potentialAction\":[{\"@type\":\"SearchAction\",\"target\":{\"@type\":\"EntryPoint\",\"urlTemplate\":\"https:\\\/\\\/www.ativ.pt\\\/es\\\/?s={search_term_string}\"},\"query-input\":{\"@type\":\"PropertyValueSpecification\",\"valueRequired\":true,\"valueName\":\"search_term_string\"}}],\"inLanguage\":\"es\"},{\"@type\":\"Organization\",\"@id\":\"https:\\\/\\\/www.ativ.pt\\\/es\\\/#organization\",\"name\":\"Mota-Engil ATIV\",\"url\":\"https:\\\/\\\/www.ativ.pt\\\/es\\\/\",\"logo\":{\"@type\":\"ImageObject\",\"inLanguage\":\"es\",\"@id\":\"https:\\\/\\\/www.ativ.pt\\\/es\\\/#\\\/schema\\\/logo\\\/image\\\/\",\"url\":\"https:\\\/\\\/www.ativ.pt\\\/wp-content\\\/uploads\\\/2022\\\/04\\\/logo-ativ-cor-1.svg\",\"contentUrl\":\"https:\\\/\\\/www.ativ.pt\\\/wp-content\\\/uploads\\\/2022\\\/04\\\/logo-ativ-cor-1.svg\",\"width\":250,\"height\":100,\"caption\":\"Mota-Engil ATIV\"},\"image\":{\"@id\":\"https:\\\/\\\/www.ativ.pt\\\/es\\\/#\\\/schema\\\/logo\\\/image\\\/\"},\"sameAs\":[\"https:\\\/\\\/www.facebook.com\\\/MotaEngilATIV\\\/\",\"https:\\\/\\\/www.instagram.com\\\/mota_engil_ativ\\\/\",\"https:\\\/\\\/www.linkedin.com\\\/company\\\/motaengil-ativ\"]},{\"@type\":\"Person\",\"@id\":\"https:\\\/\\\/www.ativ.pt\\\/es\\\/#\\\/schema\\\/person\\\/76cd49f91ef96b6902453415264f0c55\",\"name\":\"Susana Guerreiro\"}]}<\/script>\n<!-- \/ Yoast SEO plugin. -->","yoast_head_json":{"title":"Nuevas formas de trabajo en las Jornadas de la APFM - Mota-Engil ATIV","robots":{"index":"index","follow":"follow","max-snippet":"max-snippet:-1","max-image-preview":"max-image-preview:large","max-video-preview":"max-video-preview:-1"},"canonical":"https:\/\/www.ativ.pt\/es\/2022\/10\/31\/nuevas-formas-de-trabajo-en-las-jornadas-de-la-apfm\/","og_locale":"es_ES","og_type":"article","og_title":"Nuevas formas de trabajo en las Jornadas de la APFM - Mota-Engil ATIV","og_description":"Insertado en la 16\u00aa Conferencia de la APFM y patrocinado por Mota-Engil ATIV, el 26 de octubre se celebr\u00f3 el segundo evento, dedicado al \"Lugar de Trabajo: \"On\/Off: Bienestar y Eficiencia en los Modelos H\u00edbridos y Remotos\".","og_url":"https:\/\/www.ativ.pt\/es\/2022\/10\/31\/nuevas-formas-de-trabajo-en-las-jornadas-de-la-apfm\/","og_site_name":"Mota-Engil ATIV","article_publisher":"https:\/\/www.facebook.com\/MotaEngilATIV\/","article_published_time":"2022-10-31T14:28:20+00:00","article_modified_time":"2022-12-06T16:00:28+00:00","og_image":[{"width":2560,"height":1707,"url":"https:\/\/www.ativ.pt\/wp-content\/uploads\/2022\/10\/DSC_2626-scaled.jpg","type":"image\/jpeg"}],"author":"Susana Guerreiro","twitter_card":"summary_large_image","twitter_misc":{"Escrito por":"Susana Guerreiro","Tiempo de lectura":"2 minutos"},"schema":{"@context":"https:\/\/schema.org","@graph":[{"@type":"Article","@id":"https:\/\/www.ativ.pt\/es\/2022\/10\/31\/nuevas-formas-de-trabajo-en-las-jornadas-de-la-apfm\/#article","isPartOf":{"@id":"https:\/\/www.ativ.pt\/es\/2022\/10\/31\/nuevas-formas-de-trabajo-en-las-jornadas-de-la-apfm\/"},"author":{"name":"Susana Guerreiro","@id":"https:\/\/www.ativ.pt\/es\/#\/schema\/person\/76cd49f91ef96b6902453415264f0c55"},"headline":"Nuevas formas de trabajo en las Jornadas de la APFM","datePublished":"2022-10-31T14:28:20+00:00","dateModified":"2022-12-06T16:00:28+00:00","mainEntityOfPage":{"@id":"https:\/\/www.ativ.pt\/es\/2022\/10\/31\/nuevas-formas-de-trabajo-en-las-jornadas-de-la-apfm\/"},"wordCount":431,"commentCount":0,"publisher":{"@id":"https:\/\/www.ativ.pt\/es\/#organization"},"image":{"@id":"https:\/\/www.ativ.pt\/es\/2022\/10\/31\/nuevas-formas-de-trabajo-en-las-jornadas-de-la-apfm\/#primaryimage"},"thumbnailUrl":"https:\/\/www.ativ.pt\/wp-content\/uploads\/2022\/10\/DSC_2626-scaled.jpg","articleSection":["Art\u00edculo"],"inLanguage":"es","potentialAction":[{"@type":"CommentAction","name":"Comment","target":["https:\/\/www.ativ.pt\/es\/2022\/10\/31\/nuevas-formas-de-trabajo-en-las-jornadas-de-la-apfm\/#respond"]}]},{"@type":"WebPage","@id":"https:\/\/www.ativ.pt\/es\/2022\/10\/31\/nuevas-formas-de-trabajo-en-las-jornadas-de-la-apfm\/","url":"https:\/\/www.ativ.pt\/es\/2022\/10\/31\/nuevas-formas-de-trabajo-en-las-jornadas-de-la-apfm\/","name":"Nuevas formas de trabajo en las Jornadas de la APFM - Mota-Engil ATIV","isPartOf":{"@id":"https:\/\/www.ativ.pt\/es\/#website"},"primaryImageOfPage":{"@id":"https:\/\/www.ativ.pt\/es\/2022\/10\/31\/nuevas-formas-de-trabajo-en-las-jornadas-de-la-apfm\/#primaryimage"},"image":{"@id":"https:\/\/www.ativ.pt\/es\/2022\/10\/31\/nuevas-formas-de-trabajo-en-las-jornadas-de-la-apfm\/#primaryimage"},"thumbnailUrl":"https:\/\/www.ativ.pt\/wp-content\/uploads\/2022\/10\/DSC_2626-scaled.jpg","datePublished":"2022-10-31T14:28:20+00:00","dateModified":"2022-12-06T16:00:28+00:00","breadcrumb":{"@id":"https:\/\/www.ativ.pt\/es\/2022\/10\/31\/nuevas-formas-de-trabajo-en-las-jornadas-de-la-apfm\/#breadcrumb"},"inLanguage":"es","potentialAction":[{"@type":"ReadAction","target":["https:\/\/www.ativ.pt\/es\/2022\/10\/31\/nuevas-formas-de-trabajo-en-las-jornadas-de-la-apfm\/"]}]},{"@type":"ImageObject","inLanguage":"es","@id":"https:\/\/www.ativ.pt\/es\/2022\/10\/31\/nuevas-formas-de-trabajo-en-las-jornadas-de-la-apfm\/#primaryimage","url":"https:\/\/www.ativ.pt\/wp-content\/uploads\/2022\/10\/DSC_2626-scaled.jpg","contentUrl":"https:\/\/www.ativ.pt\/wp-content\/uploads\/2022\/10\/DSC_2626-scaled.jpg","width":1920,"height":1280},{"@type":"BreadcrumbList","@id":"https:\/\/www.ativ.pt\/es\/2022\/10\/31\/nuevas-formas-de-trabajo-en-las-jornadas-de-la-apfm\/#breadcrumb","itemListElement":[{"@type":"ListItem","position":1,"name":"In\u00edcio","item":"https:\/\/www.ativ.pt\/es\/"},{"@type":"ListItem","position":2,"name":"Nuevas formas de trabajo en las Jornadas de la APFM"}]},{"@type":"WebSite","@id":"https:\/\/www.ativ.pt\/es\/#website","url":"https:\/\/www.ativ.pt\/es\/","name":"Mota-Engil ATIV","description":"Gest\u00e3o e Manuten\u00e7\u00e3o de Ativos","publisher":{"@id":"https:\/\/www.ativ.pt\/es\/#organization"},"potentialAction":[{"@type":"SearchAction","target":{"@type":"EntryPoint","urlTemplate":"https:\/\/www.ativ.pt\/es\/?s={search_term_string}"},"query-input":{"@type":"PropertyValueSpecification","valueRequired":true,"valueName":"search_term_string"}}],"inLanguage":"es"},{"@type":"Organization","@id":"https:\/\/www.ativ.pt\/es\/#organization","name":"Mota-Engil ATIV","url":"https:\/\/www.ativ.pt\/es\/","logo":{"@type":"ImageObject","inLanguage":"es","@id":"https:\/\/www.ativ.pt\/es\/#\/schema\/logo\/image\/","url":"https:\/\/www.ativ.pt\/wp-content\/uploads\/2022\/04\/logo-ativ-cor-1.svg","contentUrl":"https:\/\/www.ativ.pt\/wp-content\/uploads\/2022\/04\/logo-ativ-cor-1.svg","width":250,"height":100,"caption":"Mota-Engil ATIV"},"image":{"@id":"https:\/\/www.ativ.pt\/es\/#\/schema\/logo\/image\/"},"sameAs":["https:\/\/www.facebook.com\/MotaEngilATIV\/","https:\/\/www.instagram.com\/mota_engil_ativ\/","https:\/\/www.linkedin.com\/company\/motaengil-ativ"]},{"@type":"Person","@id":"https:\/\/www.ativ.pt\/es\/#\/schema\/person\/76cd49f91ef96b6902453415264f0c55","name":"Susana Guerreiro"}]}},"_links":{"self":[{"href":"https:\/\/www.ativ.pt\/es\/wp-json\/wp\/v2\/posts\/6842","targetHints":{"allow":["GET"]}}],"collection":[{"href":"https:\/\/www.ativ.pt\/es\/wp-json\/wp\/v2\/posts"}],"about":[{"href":"https:\/\/www.ativ.pt\/es\/wp-json\/wp\/v2\/types\/post"}],"author":[{"embeddable":true,"href":"https:\/\/www.ativ.pt\/es\/wp-json\/wp\/v2\/users\/2"}],"replies":[{"embeddable":true,"href":"https:\/\/www.ativ.pt\/es\/wp-json\/wp\/v2\/comments?post=6842"}],"version-history":[{"count":1,"href":"https:\/\/www.ativ.pt\/es\/wp-json\/wp\/v2\/posts\/6842\/revisions"}],"predecessor-version":[{"id":6843,"href":"https:\/\/www.ativ.pt\/es\/wp-json\/wp\/v2\/posts\/6842\/revisions\/6843"}],"wp:featuredmedia":[{"embeddable":true,"href":"https:\/\/www.ativ.pt\/es\/wp-json\/wp\/v2\/media\/6539"}],"wp:attachment":[{"href":"https:\/\/www.ativ.pt\/es\/wp-json\/wp\/v2\/media?parent=6842"}],"wp:term":[{"taxonomy":"category","embeddable":true,"href":"https:\/\/www.ativ.pt\/es\/wp-json\/wp\/v2\/categories?post=6842"},{"taxonomy":"post_tag","embeddable":true,"href":"https:\/\/www.ativ.pt\/es\/wp-json\/wp\/v2\/tags?post=6842"}],"curies":[{"name":"wp","href":"https:\/\/api.w.org\/{rel}","templated":true}]}}