{"id":6482,"date":"2022-10-03T10:12:26","date_gmt":"2022-10-03T10:12:26","guid":{"rendered":"https:\/\/www.ativ.pt\/2022\/10\/03\/plataformas-de-gestion-de-activos-y-mantenimiento\/"},"modified":"2022-10-20T15:59:37","modified_gmt":"2022-10-20T15:59:37","slug":"plataformas-de-gestion-de-activos-y-mantenimiento","status":"publish","type":"post","link":"https:\/\/www.ativ.pt\/es\/2022\/10\/03\/plataformas-de-gestion-de-activos-y-mantenimiento\/","title":{"rendered":"Plataformas de gesti\u00f3n de activos y mantenimiento"},"content":{"rendered":"\n<p>Los registros de activos, las \u00f3rdenes de trabajo y los informes, que en el pasado supon\u00edan imprimir literalmente resmas de papel, se sustituyen ahora por informaci\u00f3n integral e inmediata en la palma de la mano. Ya sea en una Tablet o en un Smartphone.<\/p>\n\n<p>Existen programas inform\u00e1ticos en el mercado, algunos desarrollados para la comercializaci\u00f3n en general, ejemplos de los cuales son: Infraspeak, Glose, Valuekeep, Maximo o programas inform\u00e1ticos desarrollados por los propietarios de los activos, como SIGMA, desarrollado por Parque Escolar.<\/p>\n\n<p>Con una base de trabajo com\u00fan, incluyen el registro de activos; la elaboraci\u00f3n de puntos de inspecci\u00f3n y procedimientos de mantenimiento, sirviendo de apoyo a la implementaci\u00f3n de planes de mantenimiento con bases temporales bien definidas; la emisi\u00f3n de \u00f3rdenes de trabajo preventivas; el registro de \u00f3rdenes de trabajo correctivas y mejoras, permitiendo la creaci\u00f3n de una base de datos e historial, y la posibilidad de emitir informes que puedan mostrar a los propietarios, gestores de activos y entidades auditoras, el panorama de los servicios de mantenimiento, el estado de los activos, as\u00ed como el control de las obligaciones legales.<\/p>\n\n<p>Independientemente de la plataforma elegida, su uso cuidadoso permite, en \u00faltima instancia, un conjunto de beneficios econ\u00f3micos y medioambientales que justifican ampliamente las inversiones en software, detecci\u00f3n, instalaci\u00f3n de contadores -lo que no se puede medir, no se puede controlar- y, por \u00faltimo, en servicios de mantenimiento especializados y competentes en el uso y la aplicaci\u00f3n efectiva de las tecnolog\u00edas m\u00e1s avanzadas y de reconocido valor pr\u00e1ctico.<\/p>\n\n<p><a href=\"https:\/\/www.ativ.pt\/wp-content\/uploads\/2022\/10\/artigo-tecnico_software_gestao.pdf\" target=\"_blank\" rel=\"noreferrer noopener\"><strong>Ver el art\u00edculo t\u00e9cnico<\/strong><\/a><\/p>\n","protected":false},"excerpt":{"rendered":"<p>Los gestores de activos y los t\u00e9cnicos de mantenimiento conocen y reconocen el valor intr\u00ednseco de las plataformas de gesti\u00f3n del mantenimiento.<\/p>\n","protected":false},"author":1,"featured_media":6109,"comment_status":"open","ping_status":"open","sticky":false,"template":"","format":"standard","meta":{"_acf_changed":false,"footnotes":""},"categories":[16],"tags":[],"class_list":["post-6482","post","type-post","status-publish","format-standard","has-post-thumbnail","hentry","category-articulo"],"acf":[],"yoast_head":"<!-- This site is optimized with the Yoast SEO plugin v27.5 - https:\/\/yoast.com\/product\/yoast-seo-wordpress\/ -->\n<title>Plataformas de gesti\u00f3n de activos y mantenimiento - Mota-Engil ATIV<\/title>\n<meta name=\"description\" content=\"Los gestores de activos y los t\u00e9cnicos de mantenimiento conocen y reconocen el valor intr\u00ednseco de las plataformas de gesti\u00f3n del mantenimiento.\" \/>\n<meta name=\"robots\" content=\"index, follow, max-snippet:-1, max-image-preview:large, max-video-preview:-1\" \/>\n<link rel=\"canonical\" href=\"https:\/\/www.ativ.pt\/es\/2022\/10\/03\/plataformas-de-gestion-de-activos-y-mantenimiento\/\" \/>\n<meta property=\"og:locale\" content=\"es_ES\" \/>\n<meta property=\"og:type\" content=\"article\" \/>\n<meta property=\"og:title\" content=\"Plataformas de gesti\u00f3n de activos y mantenimiento - Mota-Engil ATIV\" \/>\n<meta property=\"og:description\" content=\"Los gestores de activos y los t\u00e9cnicos de mantenimiento conocen y reconocen el valor intr\u00ednseco de las plataformas de gesti\u00f3n del mantenimiento.\" \/>\n<meta property=\"og:url\" content=\"https:\/\/www.ativ.pt\/es\/2022\/10\/03\/plataformas-de-gestion-de-activos-y-mantenimiento\/\" \/>\n<meta property=\"og:site_name\" content=\"Mota-Engil ATIV\" \/>\n<meta property=\"article:publisher\" content=\"https:\/\/www.facebook.com\/MotaEngilATIV\/\" \/>\n<meta property=\"article:published_time\" content=\"2022-10-03T10:12:26+00:00\" \/>\n<meta property=\"article:modified_time\" content=\"2022-10-20T15:59:37+00:00\" \/>\n<meta property=\"og:image\" content=\"https:\/\/www.ativ.pt\/wp-content\/uploads\/2022\/10\/artigo-tecnico_software_gestao.jpg\" \/>\n\t<meta property=\"og:image:width\" content=\"1200\" \/>\n\t<meta property=\"og:image:height\" content=\"800\" \/>\n\t<meta property=\"og:image:type\" content=\"image\/jpeg\" \/>\n<meta name=\"author\" content=\"superedcadmin\" \/>\n<meta name=\"twitter:card\" content=\"summary_large_image\" \/>\n<meta name=\"twitter:label1\" content=\"Escrito por\" \/>\n\t<meta name=\"twitter:data1\" content=\"superedcadmin\" \/>\n\t<meta name=\"twitter:label2\" content=\"Tiempo de lectura\" \/>\n\t<meta name=\"twitter:data2\" content=\"1 minuto\" \/>\n<script type=\"application\/ld+json\" class=\"yoast-schema-graph\">{\"@context\":\"https:\\\/\\\/schema.org\",\"@graph\":[{\"@type\":\"Article\",\"@id\":\"https:\\\/\\\/www.ativ.pt\\\/es\\\/2022\\\/10\\\/03\\\/plataformas-de-gestion-de-activos-y-mantenimiento\\\/#article\",\"isPartOf\":{\"@id\":\"https:\\\/\\\/www.ativ.pt\\\/es\\\/2022\\\/10\\\/03\\\/plataformas-de-gestion-de-activos-y-mantenimiento\\\/\"},\"author\":{\"name\":\"superedcadmin\",\"@id\":\"https:\\\/\\\/www.ativ.pt\\\/es\\\/#\\\/schema\\\/person\\\/25537f36d67a41ef21df8c4841956ca3\"},\"headline\":\"Plataformas de gesti\u00f3n de activos y mantenimiento\",\"datePublished\":\"2022-10-03T10:12:26+00:00\",\"dateModified\":\"2022-10-20T15:59:37+00:00\",\"mainEntityOfPage\":{\"@id\":\"https:\\\/\\\/www.ativ.pt\\\/es\\\/2022\\\/10\\\/03\\\/plataformas-de-gestion-de-activos-y-mantenimiento\\\/\"},\"wordCount\":281,\"commentCount\":0,\"publisher\":{\"@id\":\"https:\\\/\\\/www.ativ.pt\\\/es\\\/#organization\"},\"image\":{\"@id\":\"https:\\\/\\\/www.ativ.pt\\\/es\\\/2022\\\/10\\\/03\\\/plataformas-de-gestion-de-activos-y-mantenimiento\\\/#primaryimage\"},\"thumbnailUrl\":\"https:\\\/\\\/www.ativ.pt\\\/wp-content\\\/uploads\\\/2022\\\/10\\\/artigo-tecnico_software_gestao.jpg\",\"articleSection\":[\"Art\u00edculo\"],\"inLanguage\":\"es\",\"potentialAction\":[{\"@type\":\"CommentAction\",\"name\":\"Comment\",\"target\":[\"https:\\\/\\\/www.ativ.pt\\\/es\\\/2022\\\/10\\\/03\\\/plataformas-de-gestion-de-activos-y-mantenimiento\\\/#respond\"]}]},{\"@type\":\"WebPage\",\"@id\":\"https:\\\/\\\/www.ativ.pt\\\/es\\\/2022\\\/10\\\/03\\\/plataformas-de-gestion-de-activos-y-mantenimiento\\\/\",\"url\":\"https:\\\/\\\/www.ativ.pt\\\/es\\\/2022\\\/10\\\/03\\\/plataformas-de-gestion-de-activos-y-mantenimiento\\\/\",\"name\":\"Plataformas de gesti\u00f3n de activos y mantenimiento - Mota-Engil ATIV\",\"isPartOf\":{\"@id\":\"https:\\\/\\\/www.ativ.pt\\\/es\\\/#website\"},\"primaryImageOfPage\":{\"@id\":\"https:\\\/\\\/www.ativ.pt\\\/es\\\/2022\\\/10\\\/03\\\/plataformas-de-gestion-de-activos-y-mantenimiento\\\/#primaryimage\"},\"image\":{\"@id\":\"https:\\\/\\\/www.ativ.pt\\\/es\\\/2022\\\/10\\\/03\\\/plataformas-de-gestion-de-activos-y-mantenimiento\\\/#primaryimage\"},\"thumbnailUrl\":\"https:\\\/\\\/www.ativ.pt\\\/wp-content\\\/uploads\\\/2022\\\/10\\\/artigo-tecnico_software_gestao.jpg\",\"datePublished\":\"2022-10-03T10:12:26+00:00\",\"dateModified\":\"2022-10-20T15:59:37+00:00\",\"description\":\"Los gestores de activos y los t\u00e9cnicos de mantenimiento conocen y reconocen el valor intr\u00ednseco de las plataformas de gesti\u00f3n del mantenimiento.\",\"breadcrumb\":{\"@id\":\"https:\\\/\\\/www.ativ.pt\\\/es\\\/2022\\\/10\\\/03\\\/plataformas-de-gestion-de-activos-y-mantenimiento\\\/#breadcrumb\"},\"inLanguage\":\"es\",\"potentialAction\":[{\"@type\":\"ReadAction\",\"target\":[\"https:\\\/\\\/www.ativ.pt\\\/es\\\/2022\\\/10\\\/03\\\/plataformas-de-gestion-de-activos-y-mantenimiento\\\/\"]}]},{\"@type\":\"ImageObject\",\"inLanguage\":\"es\",\"@id\":\"https:\\\/\\\/www.ativ.pt\\\/es\\\/2022\\\/10\\\/03\\\/plataformas-de-gestion-de-activos-y-mantenimiento\\\/#primaryimage\",\"url\":\"https:\\\/\\\/www.ativ.pt\\\/wp-content\\\/uploads\\\/2022\\\/10\\\/artigo-tecnico_software_gestao.jpg\",\"contentUrl\":\"https:\\\/\\\/www.ativ.pt\\\/wp-content\\\/uploads\\\/2022\\\/10\\\/artigo-tecnico_software_gestao.jpg\",\"width\":1200,\"height\":800},{\"@type\":\"BreadcrumbList\",\"@id\":\"https:\\\/\\\/www.ativ.pt\\\/es\\\/2022\\\/10\\\/03\\\/plataformas-de-gestion-de-activos-y-mantenimiento\\\/#breadcrumb\",\"itemListElement\":[{\"@type\":\"ListItem\",\"position\":1,\"name\":\"In\u00edcio\",\"item\":\"https:\\\/\\\/www.ativ.pt\\\/es\\\/\"},{\"@type\":\"ListItem\",\"position\":2,\"name\":\"Plataformas de gesti\u00f3n de activos y mantenimiento\"}]},{\"@type\":\"WebSite\",\"@id\":\"https:\\\/\\\/www.ativ.pt\\\/es\\\/#website\",\"url\":\"https:\\\/\\\/www.ativ.pt\\\/es\\\/\",\"name\":\"Mota-Engil ATIV\",\"description\":\"Gest\u00e3o e Manuten\u00e7\u00e3o de Ativos\",\"publisher\":{\"@id\":\"https:\\\/\\\/www.ativ.pt\\\/es\\\/#organization\"},\"potentialAction\":[{\"@type\":\"SearchAction\",\"target\":{\"@type\":\"EntryPoint\",\"urlTemplate\":\"https:\\\/\\\/www.ativ.pt\\\/es\\\/?s={search_term_string}\"},\"query-input\":{\"@type\":\"PropertyValueSpecification\",\"valueRequired\":true,\"valueName\":\"search_term_string\"}}],\"inLanguage\":\"es\"},{\"@type\":\"Organization\",\"@id\":\"https:\\\/\\\/www.ativ.pt\\\/es\\\/#organization\",\"name\":\"Mota-Engil ATIV\",\"url\":\"https:\\\/\\\/www.ativ.pt\\\/es\\\/\",\"logo\":{\"@type\":\"ImageObject\",\"inLanguage\":\"es\",\"@id\":\"https:\\\/\\\/www.ativ.pt\\\/es\\\/#\\\/schema\\\/logo\\\/image\\\/\",\"url\":\"https:\\\/\\\/www.ativ.pt\\\/wp-content\\\/uploads\\\/2022\\\/04\\\/logo-ativ-cor-1.svg\",\"contentUrl\":\"https:\\\/\\\/www.ativ.pt\\\/wp-content\\\/uploads\\\/2022\\\/04\\\/logo-ativ-cor-1.svg\",\"width\":250,\"height\":100,\"caption\":\"Mota-Engil ATIV\"},\"image\":{\"@id\":\"https:\\\/\\\/www.ativ.pt\\\/es\\\/#\\\/schema\\\/logo\\\/image\\\/\"},\"sameAs\":[\"https:\\\/\\\/www.facebook.com\\\/MotaEngilATIV\\\/\",\"https:\\\/\\\/www.instagram.com\\\/mota_engil_ativ\\\/\",\"https:\\\/\\\/www.linkedin.com\\\/company\\\/motaengil-ativ\"]},{\"@type\":\"Person\",\"@id\":\"https:\\\/\\\/www.ativ.pt\\\/es\\\/#\\\/schema\\\/person\\\/25537f36d67a41ef21df8c4841956ca3\",\"name\":\"superedcadmin\",\"sameAs\":[\"https:\\\/\\\/www.ativ.pt\"]}]}<\/script>\n<!-- \/ Yoast SEO plugin. -->","yoast_head_json":{"title":"Plataformas de gesti\u00f3n de activos y mantenimiento - Mota-Engil ATIV","description":"Los gestores de activos y los t\u00e9cnicos de mantenimiento conocen y reconocen el valor intr\u00ednseco de las plataformas de gesti\u00f3n del mantenimiento.","robots":{"index":"index","follow":"follow","max-snippet":"max-snippet:-1","max-image-preview":"max-image-preview:large","max-video-preview":"max-video-preview:-1"},"canonical":"https:\/\/www.ativ.pt\/es\/2022\/10\/03\/plataformas-de-gestion-de-activos-y-mantenimiento\/","og_locale":"es_ES","og_type":"article","og_title":"Plataformas de gesti\u00f3n de activos y mantenimiento - Mota-Engil ATIV","og_description":"Los gestores de activos y los t\u00e9cnicos de mantenimiento conocen y reconocen el valor intr\u00ednseco de las plataformas de gesti\u00f3n del mantenimiento.","og_url":"https:\/\/www.ativ.pt\/es\/2022\/10\/03\/plataformas-de-gestion-de-activos-y-mantenimiento\/","og_site_name":"Mota-Engil ATIV","article_publisher":"https:\/\/www.facebook.com\/MotaEngilATIV\/","article_published_time":"2022-10-03T10:12:26+00:00","article_modified_time":"2022-10-20T15:59:37+00:00","og_image":[{"width":1200,"height":800,"url":"https:\/\/www.ativ.pt\/wp-content\/uploads\/2022\/10\/artigo-tecnico_software_gestao.jpg","type":"image\/jpeg"}],"author":"superedcadmin","twitter_card":"summary_large_image","twitter_misc":{"Escrito por":"superedcadmin","Tiempo de lectura":"1 minuto"},"schema":{"@context":"https:\/\/schema.org","@graph":[{"@type":"Article","@id":"https:\/\/www.ativ.pt\/es\/2022\/10\/03\/plataformas-de-gestion-de-activos-y-mantenimiento\/#article","isPartOf":{"@id":"https:\/\/www.ativ.pt\/es\/2022\/10\/03\/plataformas-de-gestion-de-activos-y-mantenimiento\/"},"author":{"name":"superedcadmin","@id":"https:\/\/www.ativ.pt\/es\/#\/schema\/person\/25537f36d67a41ef21df8c4841956ca3"},"headline":"Plataformas de gesti\u00f3n de activos y mantenimiento","datePublished":"2022-10-03T10:12:26+00:00","dateModified":"2022-10-20T15:59:37+00:00","mainEntityOfPage":{"@id":"https:\/\/www.ativ.pt\/es\/2022\/10\/03\/plataformas-de-gestion-de-activos-y-mantenimiento\/"},"wordCount":281,"commentCount":0,"publisher":{"@id":"https:\/\/www.ativ.pt\/es\/#organization"},"image":{"@id":"https:\/\/www.ativ.pt\/es\/2022\/10\/03\/plataformas-de-gestion-de-activos-y-mantenimiento\/#primaryimage"},"thumbnailUrl":"https:\/\/www.ativ.pt\/wp-content\/uploads\/2022\/10\/artigo-tecnico_software_gestao.jpg","articleSection":["Art\u00edculo"],"inLanguage":"es","potentialAction":[{"@type":"CommentAction","name":"Comment","target":["https:\/\/www.ativ.pt\/es\/2022\/10\/03\/plataformas-de-gestion-de-activos-y-mantenimiento\/#respond"]}]},{"@type":"WebPage","@id":"https:\/\/www.ativ.pt\/es\/2022\/10\/03\/plataformas-de-gestion-de-activos-y-mantenimiento\/","url":"https:\/\/www.ativ.pt\/es\/2022\/10\/03\/plataformas-de-gestion-de-activos-y-mantenimiento\/","name":"Plataformas de gesti\u00f3n de activos y mantenimiento - Mota-Engil ATIV","isPartOf":{"@id":"https:\/\/www.ativ.pt\/es\/#website"},"primaryImageOfPage":{"@id":"https:\/\/www.ativ.pt\/es\/2022\/10\/03\/plataformas-de-gestion-de-activos-y-mantenimiento\/#primaryimage"},"image":{"@id":"https:\/\/www.ativ.pt\/es\/2022\/10\/03\/plataformas-de-gestion-de-activos-y-mantenimiento\/#primaryimage"},"thumbnailUrl":"https:\/\/www.ativ.pt\/wp-content\/uploads\/2022\/10\/artigo-tecnico_software_gestao.jpg","datePublished":"2022-10-03T10:12:26+00:00","dateModified":"2022-10-20T15:59:37+00:00","description":"Los gestores de activos y los t\u00e9cnicos de mantenimiento conocen y reconocen el valor intr\u00ednseco de las plataformas de gesti\u00f3n del mantenimiento.","breadcrumb":{"@id":"https:\/\/www.ativ.pt\/es\/2022\/10\/03\/plataformas-de-gestion-de-activos-y-mantenimiento\/#breadcrumb"},"inLanguage":"es","potentialAction":[{"@type":"ReadAction","target":["https:\/\/www.ativ.pt\/es\/2022\/10\/03\/plataformas-de-gestion-de-activos-y-mantenimiento\/"]}]},{"@type":"ImageObject","inLanguage":"es","@id":"https:\/\/www.ativ.pt\/es\/2022\/10\/03\/plataformas-de-gestion-de-activos-y-mantenimiento\/#primaryimage","url":"https:\/\/www.ativ.pt\/wp-content\/uploads\/2022\/10\/artigo-tecnico_software_gestao.jpg","contentUrl":"https:\/\/www.ativ.pt\/wp-content\/uploads\/2022\/10\/artigo-tecnico_software_gestao.jpg","width":1200,"height":800},{"@type":"BreadcrumbList","@id":"https:\/\/www.ativ.pt\/es\/2022\/10\/03\/plataformas-de-gestion-de-activos-y-mantenimiento\/#breadcrumb","itemListElement":[{"@type":"ListItem","position":1,"name":"In\u00edcio","item":"https:\/\/www.ativ.pt\/es\/"},{"@type":"ListItem","position":2,"name":"Plataformas de gesti\u00f3n de activos y mantenimiento"}]},{"@type":"WebSite","@id":"https:\/\/www.ativ.pt\/es\/#website","url":"https:\/\/www.ativ.pt\/es\/","name":"Mota-Engil ATIV","description":"Gest\u00e3o e Manuten\u00e7\u00e3o de Ativos","publisher":{"@id":"https:\/\/www.ativ.pt\/es\/#organization"},"potentialAction":[{"@type":"SearchAction","target":{"@type":"EntryPoint","urlTemplate":"https:\/\/www.ativ.pt\/es\/?s={search_term_string}"},"query-input":{"@type":"PropertyValueSpecification","valueRequired":true,"valueName":"search_term_string"}}],"inLanguage":"es"},{"@type":"Organization","@id":"https:\/\/www.ativ.pt\/es\/#organization","name":"Mota-Engil ATIV","url":"https:\/\/www.ativ.pt\/es\/","logo":{"@type":"ImageObject","inLanguage":"es","@id":"https:\/\/www.ativ.pt\/es\/#\/schema\/logo\/image\/","url":"https:\/\/www.ativ.pt\/wp-content\/uploads\/2022\/04\/logo-ativ-cor-1.svg","contentUrl":"https:\/\/www.ativ.pt\/wp-content\/uploads\/2022\/04\/logo-ativ-cor-1.svg","width":250,"height":100,"caption":"Mota-Engil ATIV"},"image":{"@id":"https:\/\/www.ativ.pt\/es\/#\/schema\/logo\/image\/"},"sameAs":["https:\/\/www.facebook.com\/MotaEngilATIV\/","https:\/\/www.instagram.com\/mota_engil_ativ\/","https:\/\/www.linkedin.com\/company\/motaengil-ativ"]},{"@type":"Person","@id":"https:\/\/www.ativ.pt\/es\/#\/schema\/person\/25537f36d67a41ef21df8c4841956ca3","name":"superedcadmin","sameAs":["https:\/\/www.ativ.pt"]}]}},"_links":{"self":[{"href":"https:\/\/www.ativ.pt\/es\/wp-json\/wp\/v2\/posts\/6482","targetHints":{"allow":["GET"]}}],"collection":[{"href":"https:\/\/www.ativ.pt\/es\/wp-json\/wp\/v2\/posts"}],"about":[{"href":"https:\/\/www.ativ.pt\/es\/wp-json\/wp\/v2\/types\/post"}],"author":[{"embeddable":true,"href":"https:\/\/www.ativ.pt\/es\/wp-json\/wp\/v2\/users\/1"}],"replies":[{"embeddable":true,"href":"https:\/\/www.ativ.pt\/es\/wp-json\/wp\/v2\/comments?post=6482"}],"version-history":[{"count":1,"href":"https:\/\/www.ativ.pt\/es\/wp-json\/wp\/v2\/posts\/6482\/revisions"}],"predecessor-version":[{"id":6483,"href":"https:\/\/www.ativ.pt\/es\/wp-json\/wp\/v2\/posts\/6482\/revisions\/6483"}],"wp:featuredmedia":[{"embeddable":true,"href":"https:\/\/www.ativ.pt\/es\/wp-json\/wp\/v2\/media\/6109"}],"wp:attachment":[{"href":"https:\/\/www.ativ.pt\/es\/wp-json\/wp\/v2\/media?parent=6482"}],"wp:term":[{"taxonomy":"category","embeddable":true,"href":"https:\/\/www.ativ.pt\/es\/wp-json\/wp\/v2\/categories?post=6482"},{"taxonomy":"post_tag","embeddable":true,"href":"https:\/\/www.ativ.pt\/es\/wp-json\/wp\/v2\/tags?post=6482"}],"curies":[{"name":"wp","href":"https:\/\/api.w.org\/{rel}","templated":true}]}}