{"id":6474,"date":"2022-09-21T14:23:37","date_gmt":"2022-09-21T14:23:37","guid":{"rendered":"https:\/\/www.ativ.pt\/2022\/09\/21\/funcionamiento-de-la-sala-de-control-y-mando-de-la-terminal-portuaria-de-trafaria\/"},"modified":"2022-10-20T15:49:49","modified_gmt":"2022-10-20T15:49:49","slug":"funcionamiento-de-la-sala-de-control-y-mando-de-la-terminal-portuaria-de-trafaria","status":"publish","type":"post","link":"https:\/\/www.ativ.pt\/es\/2022\/09\/21\/funcionamiento-de-la-sala-de-control-y-mando-de-la-terminal-portuaria-de-trafaria\/","title":{"rendered":"Funcionamiento de la sala de control y mando de la terminal portuaria de Trafaria"},"content":{"rendered":"\n<p>El objetivo de esta prestaci\u00f3n de servicios es apoyar la gesti\u00f3n del <strong>funcionamiento de la sala de control y mando<\/strong> de <strong>la Terminal Portuaria de Trafaria.<\/strong><\/p>\n\n<p>Dise\u00f1ada para recibir productos agroalimentarios a granel en operaciones de <em>transbordo<\/em> y descarga de buques oce\u00e1nicos cuyos productos se almacenan y expiden por carretera o por v\u00eda fluvial, la terminal de Trafaria tiene una capacidad de almacenamiento de 200 mil toneladas y est\u00e1 preparada para expedir por carretera hasta 10 mil toneladas de diversos productos al d\u00eda.<\/p>\n\n<div class=\"wp-block-columns is-layout-flex wp-container-core-columns-is-layout-9d6595d7 wp-block-columns-is-layout-flex\">\n<div class=\"wp-block-column is-layout-flow wp-block-column-is-layout-flow\">\n<figure class=\"wp-block-image size-large\"><img fetchpriority=\"high\" decoding=\"async\" width=\"1024\" height=\"768\" src=\"https:\/\/spcdn.shortpixel.ai\/spio\/ret_img,q_cdnize,to_auto,s_webp:avif\/www.ativ.pt\/wp-content\/uploads\/2022\/09\/WhatsApp-Image-2022-09-09-at-11.38.26-1024x768.jpeg\" alt=\"\" class=\"wp-image-6064\" srcset=\"https:\/\/spcdn.shortpixel.ai\/spio\/ret_img,q_cdnize,to_auto,s_webp:avif\/www.ativ.pt\/wp-content\/uploads\/2022\/09\/WhatsApp-Image-2022-09-09-at-11.38.26-1024x768.jpeg 1024w, https:\/\/spcdn.shortpixel.ai\/spio\/ret_img,q_cdnize,to_auto,s_webp:avif\/www.ativ.pt\/wp-content\/uploads\/2022\/09\/WhatsApp-Image-2022-09-09-at-11.38.26-300x225.jpeg 300w, https:\/\/spcdn.shortpixel.ai\/spio\/ret_img,q_cdnize,to_auto,s_webp:avif\/www.ativ.pt\/wp-content\/uploads\/2022\/09\/WhatsApp-Image-2022-09-09-at-11.38.26-768x576.jpeg 768w, https:\/\/spcdn.shortpixel.ai\/spio\/ret_img,q_cdnize,to_auto,s_webp:avif\/www.ativ.pt\/wp-content\/uploads\/2022\/09\/WhatsApp-Image-2022-09-09-at-11.38.26-1536x1152.jpeg 1536w, https:\/\/spcdn.shortpixel.ai\/spio\/ret_img,q_cdnize,to_auto,s_webp:avif\/www.ativ.pt\/wp-content\/uploads\/2022\/09\/WhatsApp-Image-2022-09-09-at-11.38.26.jpeg 1920w\" sizes=\"(max-width: 1024px) 100vw, 1024px\" \/><\/figure>\n<\/div>\n\n\n\n<div class=\"wp-block-column is-layout-flow wp-block-column-is-layout-flow\">\n<figure class=\"wp-block-image size-large\"><img decoding=\"async\" width=\"1024\" height=\"768\" src=\"https:\/\/spcdn.shortpixel.ai\/spio\/ret_img,q_cdnize,to_auto,s_webp:avif\/www.ativ.pt\/wp-content\/uploads\/2022\/09\/WhatsApp-Image-2022-09-09-at-11.38.29-1024x768.jpeg\" alt=\"\" class=\"wp-image-6068\" srcset=\"https:\/\/spcdn.shortpixel.ai\/spio\/ret_img,q_cdnize,to_auto,s_webp:avif\/www.ativ.pt\/wp-content\/uploads\/2022\/09\/WhatsApp-Image-2022-09-09-at-11.38.29-1024x768.jpeg 1024w, https:\/\/spcdn.shortpixel.ai\/spio\/ret_img,q_cdnize,to_auto,s_webp:avif\/www.ativ.pt\/wp-content\/uploads\/2022\/09\/WhatsApp-Image-2022-09-09-at-11.38.29-300x225.jpeg 300w, https:\/\/spcdn.shortpixel.ai\/spio\/ret_img,q_cdnize,to_auto,s_webp:avif\/www.ativ.pt\/wp-content\/uploads\/2022\/09\/WhatsApp-Image-2022-09-09-at-11.38.29-768x576.jpeg 768w, https:\/\/spcdn.shortpixel.ai\/spio\/ret_img,q_cdnize,to_auto,s_webp:avif\/www.ativ.pt\/wp-content\/uploads\/2022\/09\/WhatsApp-Image-2022-09-09-at-11.38.29-1536x1152.jpeg 1536w, https:\/\/spcdn.shortpixel.ai\/spio\/ret_img,q_cdnize,to_auto,s_webp:avif\/www.ativ.pt\/wp-content\/uploads\/2022\/09\/WhatsApp-Image-2022-09-09-at-11.38.29.jpeg 1920w\" sizes=\"(max-width: 1024px) 100vw, 1024px\" \/><\/figure>\n<\/div>\n<\/div>\n\n<p>Todos los productos descargados se transportan, a trav\u00e9s de una amplia red de cintas transportadoras, a balanzas electr\u00f3nicas y, a continuaci\u00f3n, se llevan a los silos de almacenamiento, o a zonas espec\u00edficas de env\u00edo por mar o por carretera.<\/p>\n\n<p>Todo el equipamiento que permite el control estricto de este flujo, no s\u00f3lo del producto, sino de toda la red log\u00edstica inherente al proceso, est\u00e1 formado por numerosos dispositivos mec\u00e1nicos y el\u00e9ctricos, sensores, v\u00e1lvulas y aut\u00f3matas, que se gestionan y controlan en la sala de control y mando.<\/p>\n\n<p>Esta prestaci\u00f3n de servicios se enmarca en la gesti\u00f3n y coordinaci\u00f3n log\u00edstica, el registro de la informaci\u00f3n y el control de los equipos, que permiten la din\u00e1mica y el buen funcionamiento de la empresa, convirti\u00e9ndose as\u00ed en un verdadero reto, que Mota-Engil ATIV asume con gusto y sentido de la responsabilidad.<\/p>\n","protected":false},"excerpt":{"rendered":"<p>Mota-Engil ATIV inici\u00f3 un nuevo contrato con SILOPOR, la principal empresa portuaria portuguesa para la descarga y el almacenamiento de cargas s\u00f3lidas y alimentarias a granel.<\/p>\n","protected":false},"author":2,"featured_media":6067,"comment_status":"open","ping_status":"open","sticky":false,"template":"","format":"standard","meta":{"_acf_changed":false,"footnotes":""},"categories":[16],"tags":[],"class_list":["post-6474","post","type-post","status-publish","format-standard","has-post-thumbnail","hentry","category-articulo"],"acf":[],"yoast_head":"<!-- This site is optimized with the Yoast SEO plugin v27.5 - https:\/\/yoast.com\/product\/yoast-seo-wordpress\/ -->\n<title>Funcionamiento de la sala de control y mando de la terminal portuaria de Trafaria - Mota-Engil ATIV<\/title>\n<meta name=\"robots\" content=\"index, follow, max-snippet:-1, max-image-preview:large, max-video-preview:-1\" \/>\n<link rel=\"canonical\" href=\"https:\/\/www.ativ.pt\/es\/2022\/09\/21\/funcionamiento-de-la-sala-de-control-y-mando-de-la-terminal-portuaria-de-trafaria\/\" \/>\n<meta property=\"og:locale\" content=\"es_ES\" \/>\n<meta property=\"og:type\" content=\"article\" \/>\n<meta property=\"og:title\" content=\"Funcionamiento de la sala de control y mando de la terminal portuaria de Trafaria - Mota-Engil ATIV\" \/>\n<meta property=\"og:description\" content=\"Mota-Engil ATIV inici\u00f3 un nuevo contrato con SILOPOR, la principal empresa portuaria portuguesa para la descarga y el almacenamiento de cargas s\u00f3lidas y alimentarias a granel.\" \/>\n<meta property=\"og:url\" content=\"https:\/\/www.ativ.pt\/es\/2022\/09\/21\/funcionamiento-de-la-sala-de-control-y-mando-de-la-terminal-portuaria-de-trafaria\/\" \/>\n<meta property=\"og:site_name\" content=\"Mota-Engil ATIV\" \/>\n<meta property=\"article:publisher\" content=\"https:\/\/www.facebook.com\/MotaEngilATIV\/\" \/>\n<meta property=\"article:published_time\" content=\"2022-09-21T14:23:37+00:00\" \/>\n<meta property=\"article:modified_time\" content=\"2022-10-20T15:49:49+00:00\" \/>\n<meta property=\"og:image\" content=\"https:\/\/www.ativ.pt\/wp-content\/uploads\/2022\/09\/WhatsApp-Image-2022-09-09-at-11.38.26.jpeg\" \/>\n\t<meta property=\"og:image:width\" content=\"1920\" \/>\n\t<meta property=\"og:image:height\" content=\"1440\" \/>\n\t<meta property=\"og:image:type\" content=\"image\/jpeg\" \/>\n<meta name=\"author\" content=\"Susana Guerreiro\" \/>\n<meta name=\"twitter:card\" content=\"summary_large_image\" \/>\n<meta name=\"twitter:label1\" content=\"Escrito por\" \/>\n\t<meta name=\"twitter:data1\" content=\"Susana Guerreiro\" \/>\n\t<meta name=\"twitter:label2\" content=\"Tiempo de lectura\" \/>\n\t<meta name=\"twitter:data2\" content=\"1 minuto\" \/>\n<script type=\"application\/ld+json\" class=\"yoast-schema-graph\">{\"@context\":\"https:\\\/\\\/schema.org\",\"@graph\":[{\"@type\":\"Article\",\"@id\":\"https:\\\/\\\/www.ativ.pt\\\/es\\\/2022\\\/09\\\/21\\\/funcionamiento-de-la-sala-de-control-y-mando-de-la-terminal-portuaria-de-trafaria\\\/#article\",\"isPartOf\":{\"@id\":\"https:\\\/\\\/www.ativ.pt\\\/es\\\/2022\\\/09\\\/21\\\/funcionamiento-de-la-sala-de-control-y-mando-de-la-terminal-portuaria-de-trafaria\\\/\"},\"author\":{\"name\":\"Susana Guerreiro\",\"@id\":\"https:\\\/\\\/www.ativ.pt\\\/es\\\/#\\\/schema\\\/person\\\/76cd49f91ef96b6902453415264f0c55\"},\"headline\":\"Funcionamiento de la sala de control y mando de la terminal portuaria de Trafaria\",\"datePublished\":\"2022-09-21T14:23:37+00:00\",\"dateModified\":\"2022-10-20T15:49:49+00:00\",\"mainEntityOfPage\":{\"@id\":\"https:\\\/\\\/www.ativ.pt\\\/es\\\/2022\\\/09\\\/21\\\/funcionamiento-de-la-sala-de-control-y-mando-de-la-terminal-portuaria-de-trafaria\\\/\"},\"wordCount\":257,\"commentCount\":0,\"publisher\":{\"@id\":\"https:\\\/\\\/www.ativ.pt\\\/es\\\/#organization\"},\"image\":{\"@id\":\"https:\\\/\\\/www.ativ.pt\\\/es\\\/2022\\\/09\\\/21\\\/funcionamiento-de-la-sala-de-control-y-mando-de-la-terminal-portuaria-de-trafaria\\\/#primaryimage\"},\"thumbnailUrl\":\"https:\\\/\\\/www.ativ.pt\\\/wp-content\\\/uploads\\\/2022\\\/09\\\/WhatsApp-Image-2022-09-09-at-11.38.26.jpeg\",\"articleSection\":[\"Art\u00edculo\"],\"inLanguage\":\"es\",\"potentialAction\":[{\"@type\":\"CommentAction\",\"name\":\"Comment\",\"target\":[\"https:\\\/\\\/www.ativ.pt\\\/es\\\/2022\\\/09\\\/21\\\/funcionamiento-de-la-sala-de-control-y-mando-de-la-terminal-portuaria-de-trafaria\\\/#respond\"]}]},{\"@type\":\"WebPage\",\"@id\":\"https:\\\/\\\/www.ativ.pt\\\/es\\\/2022\\\/09\\\/21\\\/funcionamiento-de-la-sala-de-control-y-mando-de-la-terminal-portuaria-de-trafaria\\\/\",\"url\":\"https:\\\/\\\/www.ativ.pt\\\/es\\\/2022\\\/09\\\/21\\\/funcionamiento-de-la-sala-de-control-y-mando-de-la-terminal-portuaria-de-trafaria\\\/\",\"name\":\"Funcionamiento de la sala de control y mando de la terminal portuaria de Trafaria - Mota-Engil ATIV\",\"isPartOf\":{\"@id\":\"https:\\\/\\\/www.ativ.pt\\\/es\\\/#website\"},\"primaryImageOfPage\":{\"@id\":\"https:\\\/\\\/www.ativ.pt\\\/es\\\/2022\\\/09\\\/21\\\/funcionamiento-de-la-sala-de-control-y-mando-de-la-terminal-portuaria-de-trafaria\\\/#primaryimage\"},\"image\":{\"@id\":\"https:\\\/\\\/www.ativ.pt\\\/es\\\/2022\\\/09\\\/21\\\/funcionamiento-de-la-sala-de-control-y-mando-de-la-terminal-portuaria-de-trafaria\\\/#primaryimage\"},\"thumbnailUrl\":\"https:\\\/\\\/www.ativ.pt\\\/wp-content\\\/uploads\\\/2022\\\/09\\\/WhatsApp-Image-2022-09-09-at-11.38.26.jpeg\",\"datePublished\":\"2022-09-21T14:23:37+00:00\",\"dateModified\":\"2022-10-20T15:49:49+00:00\",\"breadcrumb\":{\"@id\":\"https:\\\/\\\/www.ativ.pt\\\/es\\\/2022\\\/09\\\/21\\\/funcionamiento-de-la-sala-de-control-y-mando-de-la-terminal-portuaria-de-trafaria\\\/#breadcrumb\"},\"inLanguage\":\"es\",\"potentialAction\":[{\"@type\":\"ReadAction\",\"target\":[\"https:\\\/\\\/www.ativ.pt\\\/es\\\/2022\\\/09\\\/21\\\/funcionamiento-de-la-sala-de-control-y-mando-de-la-terminal-portuaria-de-trafaria\\\/\"]}]},{\"@type\":\"ImageObject\",\"inLanguage\":\"es\",\"@id\":\"https:\\\/\\\/www.ativ.pt\\\/es\\\/2022\\\/09\\\/21\\\/funcionamiento-de-la-sala-de-control-y-mando-de-la-terminal-portuaria-de-trafaria\\\/#primaryimage\",\"url\":\"https:\\\/\\\/www.ativ.pt\\\/wp-content\\\/uploads\\\/2022\\\/09\\\/WhatsApp-Image-2022-09-09-at-11.38.26.jpeg\",\"contentUrl\":\"https:\\\/\\\/www.ativ.pt\\\/wp-content\\\/uploads\\\/2022\\\/09\\\/WhatsApp-Image-2022-09-09-at-11.38.26.jpeg\",\"width\":1920,\"height\":1440},{\"@type\":\"BreadcrumbList\",\"@id\":\"https:\\\/\\\/www.ativ.pt\\\/es\\\/2022\\\/09\\\/21\\\/funcionamiento-de-la-sala-de-control-y-mando-de-la-terminal-portuaria-de-trafaria\\\/#breadcrumb\",\"itemListElement\":[{\"@type\":\"ListItem\",\"position\":1,\"name\":\"In\u00edcio\",\"item\":\"https:\\\/\\\/www.ativ.pt\\\/es\\\/\"},{\"@type\":\"ListItem\",\"position\":2,\"name\":\"Funcionamiento de la sala de control y mando de la terminal portuaria de Trafaria\"}]},{\"@type\":\"WebSite\",\"@id\":\"https:\\\/\\\/www.ativ.pt\\\/es\\\/#website\",\"url\":\"https:\\\/\\\/www.ativ.pt\\\/es\\\/\",\"name\":\"Mota-Engil ATIV\",\"description\":\"Gest\u00e3o e Manuten\u00e7\u00e3o de Ativos\",\"publisher\":{\"@id\":\"https:\\\/\\\/www.ativ.pt\\\/es\\\/#organization\"},\"potentialAction\":[{\"@type\":\"SearchAction\",\"target\":{\"@type\":\"EntryPoint\",\"urlTemplate\":\"https:\\\/\\\/www.ativ.pt\\\/es\\\/?s={search_term_string}\"},\"query-input\":{\"@type\":\"PropertyValueSpecification\",\"valueRequired\":true,\"valueName\":\"search_term_string\"}}],\"inLanguage\":\"es\"},{\"@type\":\"Organization\",\"@id\":\"https:\\\/\\\/www.ativ.pt\\\/es\\\/#organization\",\"name\":\"Mota-Engil ATIV\",\"url\":\"https:\\\/\\\/www.ativ.pt\\\/es\\\/\",\"logo\":{\"@type\":\"ImageObject\",\"inLanguage\":\"es\",\"@id\":\"https:\\\/\\\/www.ativ.pt\\\/es\\\/#\\\/schema\\\/logo\\\/image\\\/\",\"url\":\"https:\\\/\\\/www.ativ.pt\\\/wp-content\\\/uploads\\\/2022\\\/04\\\/logo-ativ-cor-1.svg\",\"contentUrl\":\"https:\\\/\\\/www.ativ.pt\\\/wp-content\\\/uploads\\\/2022\\\/04\\\/logo-ativ-cor-1.svg\",\"width\":250,\"height\":100,\"caption\":\"Mota-Engil ATIV\"},\"image\":{\"@id\":\"https:\\\/\\\/www.ativ.pt\\\/es\\\/#\\\/schema\\\/logo\\\/image\\\/\"},\"sameAs\":[\"https:\\\/\\\/www.facebook.com\\\/MotaEngilATIV\\\/\",\"https:\\\/\\\/www.instagram.com\\\/mota_engil_ativ\\\/\",\"https:\\\/\\\/www.linkedin.com\\\/company\\\/motaengil-ativ\"]},{\"@type\":\"Person\",\"@id\":\"https:\\\/\\\/www.ativ.pt\\\/es\\\/#\\\/schema\\\/person\\\/76cd49f91ef96b6902453415264f0c55\",\"name\":\"Susana Guerreiro\"}]}<\/script>\n<!-- \/ Yoast SEO plugin. -->","yoast_head_json":{"title":"Funcionamiento de la sala de control y mando de la terminal portuaria de Trafaria - Mota-Engil ATIV","robots":{"index":"index","follow":"follow","max-snippet":"max-snippet:-1","max-image-preview":"max-image-preview:large","max-video-preview":"max-video-preview:-1"},"canonical":"https:\/\/www.ativ.pt\/es\/2022\/09\/21\/funcionamiento-de-la-sala-de-control-y-mando-de-la-terminal-portuaria-de-trafaria\/","og_locale":"es_ES","og_type":"article","og_title":"Funcionamiento de la sala de control y mando de la terminal portuaria de Trafaria - Mota-Engil ATIV","og_description":"Mota-Engil ATIV inici\u00f3 un nuevo contrato con SILOPOR, la principal empresa portuaria portuguesa para la descarga y el almacenamiento de cargas s\u00f3lidas y alimentarias a granel.","og_url":"https:\/\/www.ativ.pt\/es\/2022\/09\/21\/funcionamiento-de-la-sala-de-control-y-mando-de-la-terminal-portuaria-de-trafaria\/","og_site_name":"Mota-Engil ATIV","article_publisher":"https:\/\/www.facebook.com\/MotaEngilATIV\/","article_published_time":"2022-09-21T14:23:37+00:00","article_modified_time":"2022-10-20T15:49:49+00:00","og_image":[{"width":1920,"height":1440,"url":"https:\/\/www.ativ.pt\/wp-content\/uploads\/2022\/09\/WhatsApp-Image-2022-09-09-at-11.38.26.jpeg","type":"image\/jpeg"}],"author":"Susana Guerreiro","twitter_card":"summary_large_image","twitter_misc":{"Escrito por":"Susana Guerreiro","Tiempo de lectura":"1 minuto"},"schema":{"@context":"https:\/\/schema.org","@graph":[{"@type":"Article","@id":"https:\/\/www.ativ.pt\/es\/2022\/09\/21\/funcionamiento-de-la-sala-de-control-y-mando-de-la-terminal-portuaria-de-trafaria\/#article","isPartOf":{"@id":"https:\/\/www.ativ.pt\/es\/2022\/09\/21\/funcionamiento-de-la-sala-de-control-y-mando-de-la-terminal-portuaria-de-trafaria\/"},"author":{"name":"Susana Guerreiro","@id":"https:\/\/www.ativ.pt\/es\/#\/schema\/person\/76cd49f91ef96b6902453415264f0c55"},"headline":"Funcionamiento de la sala de control y mando de la terminal portuaria de Trafaria","datePublished":"2022-09-21T14:23:37+00:00","dateModified":"2022-10-20T15:49:49+00:00","mainEntityOfPage":{"@id":"https:\/\/www.ativ.pt\/es\/2022\/09\/21\/funcionamiento-de-la-sala-de-control-y-mando-de-la-terminal-portuaria-de-trafaria\/"},"wordCount":257,"commentCount":0,"publisher":{"@id":"https:\/\/www.ativ.pt\/es\/#organization"},"image":{"@id":"https:\/\/www.ativ.pt\/es\/2022\/09\/21\/funcionamiento-de-la-sala-de-control-y-mando-de-la-terminal-portuaria-de-trafaria\/#primaryimage"},"thumbnailUrl":"https:\/\/www.ativ.pt\/wp-content\/uploads\/2022\/09\/WhatsApp-Image-2022-09-09-at-11.38.26.jpeg","articleSection":["Art\u00edculo"],"inLanguage":"es","potentialAction":[{"@type":"CommentAction","name":"Comment","target":["https:\/\/www.ativ.pt\/es\/2022\/09\/21\/funcionamiento-de-la-sala-de-control-y-mando-de-la-terminal-portuaria-de-trafaria\/#respond"]}]},{"@type":"WebPage","@id":"https:\/\/www.ativ.pt\/es\/2022\/09\/21\/funcionamiento-de-la-sala-de-control-y-mando-de-la-terminal-portuaria-de-trafaria\/","url":"https:\/\/www.ativ.pt\/es\/2022\/09\/21\/funcionamiento-de-la-sala-de-control-y-mando-de-la-terminal-portuaria-de-trafaria\/","name":"Funcionamiento de la sala de control y mando de la terminal portuaria de Trafaria - Mota-Engil ATIV","isPartOf":{"@id":"https:\/\/www.ativ.pt\/es\/#website"},"primaryImageOfPage":{"@id":"https:\/\/www.ativ.pt\/es\/2022\/09\/21\/funcionamiento-de-la-sala-de-control-y-mando-de-la-terminal-portuaria-de-trafaria\/#primaryimage"},"image":{"@id":"https:\/\/www.ativ.pt\/es\/2022\/09\/21\/funcionamiento-de-la-sala-de-control-y-mando-de-la-terminal-portuaria-de-trafaria\/#primaryimage"},"thumbnailUrl":"https:\/\/www.ativ.pt\/wp-content\/uploads\/2022\/09\/WhatsApp-Image-2022-09-09-at-11.38.26.jpeg","datePublished":"2022-09-21T14:23:37+00:00","dateModified":"2022-10-20T15:49:49+00:00","breadcrumb":{"@id":"https:\/\/www.ativ.pt\/es\/2022\/09\/21\/funcionamiento-de-la-sala-de-control-y-mando-de-la-terminal-portuaria-de-trafaria\/#breadcrumb"},"inLanguage":"es","potentialAction":[{"@type":"ReadAction","target":["https:\/\/www.ativ.pt\/es\/2022\/09\/21\/funcionamiento-de-la-sala-de-control-y-mando-de-la-terminal-portuaria-de-trafaria\/"]}]},{"@type":"ImageObject","inLanguage":"es","@id":"https:\/\/www.ativ.pt\/es\/2022\/09\/21\/funcionamiento-de-la-sala-de-control-y-mando-de-la-terminal-portuaria-de-trafaria\/#primaryimage","url":"https:\/\/www.ativ.pt\/wp-content\/uploads\/2022\/09\/WhatsApp-Image-2022-09-09-at-11.38.26.jpeg","contentUrl":"https:\/\/www.ativ.pt\/wp-content\/uploads\/2022\/09\/WhatsApp-Image-2022-09-09-at-11.38.26.jpeg","width":1920,"height":1440},{"@type":"BreadcrumbList","@id":"https:\/\/www.ativ.pt\/es\/2022\/09\/21\/funcionamiento-de-la-sala-de-control-y-mando-de-la-terminal-portuaria-de-trafaria\/#breadcrumb","itemListElement":[{"@type":"ListItem","position":1,"name":"In\u00edcio","item":"https:\/\/www.ativ.pt\/es\/"},{"@type":"ListItem","position":2,"name":"Funcionamiento de la sala de control y mando de la terminal portuaria de Trafaria"}]},{"@type":"WebSite","@id":"https:\/\/www.ativ.pt\/es\/#website","url":"https:\/\/www.ativ.pt\/es\/","name":"Mota-Engil ATIV","description":"Gest\u00e3o e Manuten\u00e7\u00e3o de Ativos","publisher":{"@id":"https:\/\/www.ativ.pt\/es\/#organization"},"potentialAction":[{"@type":"SearchAction","target":{"@type":"EntryPoint","urlTemplate":"https:\/\/www.ativ.pt\/es\/?s={search_term_string}"},"query-input":{"@type":"PropertyValueSpecification","valueRequired":true,"valueName":"search_term_string"}}],"inLanguage":"es"},{"@type":"Organization","@id":"https:\/\/www.ativ.pt\/es\/#organization","name":"Mota-Engil ATIV","url":"https:\/\/www.ativ.pt\/es\/","logo":{"@type":"ImageObject","inLanguage":"es","@id":"https:\/\/www.ativ.pt\/es\/#\/schema\/logo\/image\/","url":"https:\/\/www.ativ.pt\/wp-content\/uploads\/2022\/04\/logo-ativ-cor-1.svg","contentUrl":"https:\/\/www.ativ.pt\/wp-content\/uploads\/2022\/04\/logo-ativ-cor-1.svg","width":250,"height":100,"caption":"Mota-Engil ATIV"},"image":{"@id":"https:\/\/www.ativ.pt\/es\/#\/schema\/logo\/image\/"},"sameAs":["https:\/\/www.facebook.com\/MotaEngilATIV\/","https:\/\/www.instagram.com\/mota_engil_ativ\/","https:\/\/www.linkedin.com\/company\/motaengil-ativ"]},{"@type":"Person","@id":"https:\/\/www.ativ.pt\/es\/#\/schema\/person\/76cd49f91ef96b6902453415264f0c55","name":"Susana Guerreiro"}]}},"_links":{"self":[{"href":"https:\/\/www.ativ.pt\/es\/wp-json\/wp\/v2\/posts\/6474","targetHints":{"allow":["GET"]}}],"collection":[{"href":"https:\/\/www.ativ.pt\/es\/wp-json\/wp\/v2\/posts"}],"about":[{"href":"https:\/\/www.ativ.pt\/es\/wp-json\/wp\/v2\/types\/post"}],"author":[{"embeddable":true,"href":"https:\/\/www.ativ.pt\/es\/wp-json\/wp\/v2\/users\/2"}],"replies":[{"embeddable":true,"href":"https:\/\/www.ativ.pt\/es\/wp-json\/wp\/v2\/comments?post=6474"}],"version-history":[{"count":1,"href":"https:\/\/www.ativ.pt\/es\/wp-json\/wp\/v2\/posts\/6474\/revisions"}],"predecessor-version":[{"id":6475,"href":"https:\/\/www.ativ.pt\/es\/wp-json\/wp\/v2\/posts\/6474\/revisions\/6475"}],"wp:featuredmedia":[{"embeddable":true,"href":"https:\/\/www.ativ.pt\/es\/wp-json\/wp\/v2\/media\/6067"}],"wp:attachment":[{"href":"https:\/\/www.ativ.pt\/es\/wp-json\/wp\/v2\/media?parent=6474"}],"wp:term":[{"taxonomy":"category","embeddable":true,"href":"https:\/\/www.ativ.pt\/es\/wp-json\/wp\/v2\/categories?post=6474"},{"taxonomy":"post_tag","embeddable":true,"href":"https:\/\/www.ativ.pt\/es\/wp-json\/wp\/v2\/tags?post=6474"}],"curies":[{"name":"wp","href":"https:\/\/api.w.org\/{rel}","templated":true}]}}