{"id":5850,"date":"2022-07-18T11:39:37","date_gmt":"2022-07-18T11:39:37","guid":{"rendered":"https:\/\/www.ativ.pt\/2022\/07\/18\/taller-proposito-vision-y-valores\/"},"modified":"2022-09-15T15:34:26","modified_gmt":"2022-09-15T15:34:26","slug":"taller-proposito-vision-y-valores","status":"publish","type":"post","link":"https:\/\/www.ativ.pt\/es\/2022\/07\/18\/taller-proposito-vision-y-valores\/","title":{"rendered":"Taller: Prop\u00f3sito, Visi\u00f3n y Valores"},"content":{"rendered":"\n<p>Esta reuni\u00f3n se celebr\u00f3 en consonancia con el plan estrat\u00e9gico del Grupo Mota-Engil, Construyendo 26 &#8211; Para un futuro sostenible, destinado a ampliar los conocimientos y las capacidades de Manvia y Vibeiras y a promover sinergias y complementariedades en la cartera de actividades de las dos organizaciones.<\/p>\n\n<p>El taller fue dirigido por el profesor Nuno Moreira da Cruz, Director Ejecutivo del Center for Responsible Business &amp; Leadership de la Universidad Cat\u00f3lica de Lisboa, y cont\u00f3 con la participaci\u00f3n de directivos de varias divisiones que trabajaron intensamente en equipo para lograr un \u00fanico prop\u00f3sito.<\/p>\n\n<figure class=\"wp-block-image size-large\"><img fetchpriority=\"high\" decoding=\"async\" width=\"1024\" height=\"683\" src=\"https:\/\/spcdn.shortpixel.ai\/spio\/ret_img,q_cdnize,to_auto,s_webp:avif\/www.ativ.pt\/wp-content\/uploads\/2022\/07\/ativ_manutencao1-1-1024x683.jpg\" alt=\"\" class=\"wp-image-3766\" srcset=\"https:\/\/spcdn.shortpixel.ai\/spio\/ret_img,q_cdnize,to_auto,s_webp:avif\/www.ativ.pt\/wp-content\/uploads\/2022\/07\/ativ_manutencao1-1-1024x683.jpg 1024w, https:\/\/spcdn.shortpixel.ai\/spio\/ret_img,q_cdnize,to_auto,s_webp:avif\/www.ativ.pt\/wp-content\/uploads\/2022\/07\/ativ_manutencao1-1-300x200.jpg 300w, https:\/\/spcdn.shortpixel.ai\/spio\/ret_img,q_cdnize,to_auto,s_webp:avif\/www.ativ.pt\/wp-content\/uploads\/2022\/07\/ativ_manutencao1-1-768x512.jpg 768w, https:\/\/spcdn.shortpixel.ai\/spio\/ret_img,q_cdnize,to_auto,s_webp:avif\/www.ativ.pt\/wp-content\/uploads\/2022\/07\/ativ_manutencao1-1-1536x1024.jpg 1536w, https:\/\/spcdn.shortpixel.ai\/spio\/ret_img,q_cdnize,to_auto,s_webp:avif\/www.ativ.pt\/wp-content\/uploads\/2022\/07\/ativ_manutencao1-1-scaled.jpg 1920w\" sizes=\"(max-width: 1024px) 100vw, 1024px\" \/><\/figure>\n\n<p>Al reflexionar sobre el sentido, la <strong>Raz\u00f3n de la existencia<\/strong>, <strong>A d\u00f3nde aspiramos llegar<\/strong> y <strong>Lo que nos une<\/strong>, fue posible encontrar las definiciones de la Misi\u00f3n, la Visi\u00f3n, los Valores y el Prop\u00f3sito, es decir, \u00abnuestra raz\u00f3n de ser\u00bb.<\/p>\n\n<p>Tomando como punto de partida \u00abValoramos los activos, transformando la comunidad para un futuro m\u00e1s sostenible\u00bb, la <strong>Misi\u00f3n<\/strong> de Mota-Engil ATIV es promover el rendimiento eficiente de los activos y el bienestar de los usuarios, su <strong>Visi\u00f3n<\/strong> se centra en la Ambici\u00f3n y el talento para liderar la neutralidad de carbono.<\/p>\n\n<p>Para seguir este camino, somos conscientes de nuestros <strong>Valores<\/strong>: Trabajo en equipo, Familia, Productividad, Mente abierta, Honestidad e Integridad.<\/p>\n\n<p>De esta manera, <strong>Mota-Engil ATIV<\/strong> se compromete con nuestra gente, nuestros accionistas, nuestros proveedores y la comunidad, porque <strong>\u00a1Juntos somos m\u00e1s fuertes!<\/strong><\/p>\n","protected":false},"excerpt":{"rendered":"<p>En el \u00e1mbito de Mota-Engil ATIV y con el objetivo de reflexionar y debatir aspectos centrales de la nueva organizaci\u00f3n, se celebr\u00f3 el Taller de PROP\u00d3SITO, VISI\u00d3N y VALORES, que fue un paso decisivo en la definici\u00f3n conjunta del Prop\u00f3sito que guiar\u00e1 a la nueva entidad.<\/p>\n","protected":false},"author":2,"featured_media":4704,"comment_status":"open","ping_status":"open","sticky":false,"template":"","format":"standard","meta":{"_acf_changed":false,"footnotes":""},"categories":[16],"tags":[],"class_list":["post-5850","post","type-post","status-publish","format-standard","has-post-thumbnail","hentry","category-articulo"],"acf":[],"yoast_head":"<!-- This site is optimized with the Yoast SEO plugin v27.5 - https:\/\/yoast.com\/product\/yoast-seo-wordpress\/ -->\n<title>Taller: Prop\u00f3sito, Visi\u00f3n y Valores - Mota-Engil ATIV<\/title>\n<meta name=\"robots\" content=\"index, follow, max-snippet:-1, max-image-preview:large, max-video-preview:-1\" \/>\n<link rel=\"canonical\" href=\"https:\/\/www.ativ.pt\/es\/2022\/07\/18\/taller-proposito-vision-y-valores\/\" \/>\n<meta property=\"og:locale\" content=\"es_ES\" \/>\n<meta property=\"og:type\" content=\"article\" \/>\n<meta property=\"og:title\" content=\"Taller: Prop\u00f3sito, Visi\u00f3n y Valores - Mota-Engil ATIV\" \/>\n<meta property=\"og:description\" content=\"En el \u00e1mbito de Mota-Engil ATIV y con el objetivo de reflexionar y debatir aspectos centrales de la nueva organizaci\u00f3n, se celebr\u00f3 el Taller de PROP\u00d3SITO, VISI\u00d3N y VALORES, que fue un paso decisivo en la definici\u00f3n conjunta del Prop\u00f3sito que guiar\u00e1 a la nueva entidad.\" \/>\n<meta property=\"og:url\" content=\"https:\/\/www.ativ.pt\/es\/2022\/07\/18\/taller-proposito-vision-y-valores\/\" \/>\n<meta property=\"og:site_name\" content=\"Mota-Engil ATIV\" \/>\n<meta property=\"article:publisher\" content=\"https:\/\/www.facebook.com\/MotaEngilATIV\/\" \/>\n<meta property=\"article:published_time\" content=\"2022-07-18T11:39:37+00:00\" \/>\n<meta property=\"article:modified_time\" content=\"2022-09-15T15:34:26+00:00\" \/>\n<meta property=\"og:image\" content=\"https:\/\/www.ativ.pt\/wp-content\/uploads\/2022\/07\/ativ_manutencao-scaled.jpg\" \/>\n\t<meta property=\"og:image:width\" content=\"2560\" \/>\n\t<meta property=\"og:image:height\" content=\"1707\" \/>\n\t<meta property=\"og:image:type\" content=\"image\/jpeg\" \/>\n<meta name=\"author\" content=\"Susana Guerreiro\" \/>\n<meta name=\"twitter:card\" content=\"summary_large_image\" \/>\n<meta name=\"twitter:label1\" content=\"Escrito por\" \/>\n\t<meta name=\"twitter:data1\" content=\"Susana Guerreiro\" \/>\n\t<meta name=\"twitter:label2\" content=\"Tiempo de lectura\" \/>\n\t<meta name=\"twitter:data2\" content=\"1 minuto\" \/>\n<script type=\"application\/ld+json\" class=\"yoast-schema-graph\">{\"@context\":\"https:\\\/\\\/schema.org\",\"@graph\":[{\"@type\":\"Article\",\"@id\":\"https:\\\/\\\/www.ativ.pt\\\/es\\\/2022\\\/07\\\/18\\\/taller-proposito-vision-y-valores\\\/#article\",\"isPartOf\":{\"@id\":\"https:\\\/\\\/www.ativ.pt\\\/es\\\/2022\\\/07\\\/18\\\/taller-proposito-vision-y-valores\\\/\"},\"author\":{\"name\":\"Susana Guerreiro\",\"@id\":\"https:\\\/\\\/www.ativ.pt\\\/es\\\/#\\\/schema\\\/person\\\/76cd49f91ef96b6902453415264f0c55\"},\"headline\":\"Taller: Prop\u00f3sito, Visi\u00f3n y Valores\",\"datePublished\":\"2022-07-18T11:39:37+00:00\",\"dateModified\":\"2022-09-15T15:34:26+00:00\",\"mainEntityOfPage\":{\"@id\":\"https:\\\/\\\/www.ativ.pt\\\/es\\\/2022\\\/07\\\/18\\\/taller-proposito-vision-y-valores\\\/\"},\"wordCount\":247,\"commentCount\":0,\"publisher\":{\"@id\":\"https:\\\/\\\/www.ativ.pt\\\/es\\\/#organization\"},\"image\":{\"@id\":\"https:\\\/\\\/www.ativ.pt\\\/es\\\/2022\\\/07\\\/18\\\/taller-proposito-vision-y-valores\\\/#primaryimage\"},\"thumbnailUrl\":\"https:\\\/\\\/www.ativ.pt\\\/wp-content\\\/uploads\\\/2022\\\/07\\\/ativ_manutencao-scaled.jpg\",\"articleSection\":[\"Art\u00edculo\"],\"inLanguage\":\"es\",\"potentialAction\":[{\"@type\":\"CommentAction\",\"name\":\"Comment\",\"target\":[\"https:\\\/\\\/www.ativ.pt\\\/es\\\/2022\\\/07\\\/18\\\/taller-proposito-vision-y-valores\\\/#respond\"]}]},{\"@type\":\"WebPage\",\"@id\":\"https:\\\/\\\/www.ativ.pt\\\/es\\\/2022\\\/07\\\/18\\\/taller-proposito-vision-y-valores\\\/\",\"url\":\"https:\\\/\\\/www.ativ.pt\\\/es\\\/2022\\\/07\\\/18\\\/taller-proposito-vision-y-valores\\\/\",\"name\":\"Taller: Prop\u00f3sito, Visi\u00f3n y Valores - Mota-Engil ATIV\",\"isPartOf\":{\"@id\":\"https:\\\/\\\/www.ativ.pt\\\/es\\\/#website\"},\"primaryImageOfPage\":{\"@id\":\"https:\\\/\\\/www.ativ.pt\\\/es\\\/2022\\\/07\\\/18\\\/taller-proposito-vision-y-valores\\\/#primaryimage\"},\"image\":{\"@id\":\"https:\\\/\\\/www.ativ.pt\\\/es\\\/2022\\\/07\\\/18\\\/taller-proposito-vision-y-valores\\\/#primaryimage\"},\"thumbnailUrl\":\"https:\\\/\\\/www.ativ.pt\\\/wp-content\\\/uploads\\\/2022\\\/07\\\/ativ_manutencao-scaled.jpg\",\"datePublished\":\"2022-07-18T11:39:37+00:00\",\"dateModified\":\"2022-09-15T15:34:26+00:00\",\"breadcrumb\":{\"@id\":\"https:\\\/\\\/www.ativ.pt\\\/es\\\/2022\\\/07\\\/18\\\/taller-proposito-vision-y-valores\\\/#breadcrumb\"},\"inLanguage\":\"es\",\"potentialAction\":[{\"@type\":\"ReadAction\",\"target\":[\"https:\\\/\\\/www.ativ.pt\\\/es\\\/2022\\\/07\\\/18\\\/taller-proposito-vision-y-valores\\\/\"]}]},{\"@type\":\"ImageObject\",\"inLanguage\":\"es\",\"@id\":\"https:\\\/\\\/www.ativ.pt\\\/es\\\/2022\\\/07\\\/18\\\/taller-proposito-vision-y-valores\\\/#primaryimage\",\"url\":\"https:\\\/\\\/www.ativ.pt\\\/wp-content\\\/uploads\\\/2022\\\/07\\\/ativ_manutencao-scaled.jpg\",\"contentUrl\":\"https:\\\/\\\/www.ativ.pt\\\/wp-content\\\/uploads\\\/2022\\\/07\\\/ativ_manutencao-scaled.jpg\",\"width\":1920,\"height\":1280},{\"@type\":\"BreadcrumbList\",\"@id\":\"https:\\\/\\\/www.ativ.pt\\\/es\\\/2022\\\/07\\\/18\\\/taller-proposito-vision-y-valores\\\/#breadcrumb\",\"itemListElement\":[{\"@type\":\"ListItem\",\"position\":1,\"name\":\"In\u00edcio\",\"item\":\"https:\\\/\\\/www.ativ.pt\\\/es\\\/\"},{\"@type\":\"ListItem\",\"position\":2,\"name\":\"Taller: Prop\u00f3sito, Visi\u00f3n y Valores\"}]},{\"@type\":\"WebSite\",\"@id\":\"https:\\\/\\\/www.ativ.pt\\\/es\\\/#website\",\"url\":\"https:\\\/\\\/www.ativ.pt\\\/es\\\/\",\"name\":\"Mota-Engil ATIV\",\"description\":\"Gest\u00e3o e Manuten\u00e7\u00e3o de Ativos\",\"publisher\":{\"@id\":\"https:\\\/\\\/www.ativ.pt\\\/es\\\/#organization\"},\"potentialAction\":[{\"@type\":\"SearchAction\",\"target\":{\"@type\":\"EntryPoint\",\"urlTemplate\":\"https:\\\/\\\/www.ativ.pt\\\/es\\\/?s={search_term_string}\"},\"query-input\":{\"@type\":\"PropertyValueSpecification\",\"valueRequired\":true,\"valueName\":\"search_term_string\"}}],\"inLanguage\":\"es\"},{\"@type\":\"Organization\",\"@id\":\"https:\\\/\\\/www.ativ.pt\\\/es\\\/#organization\",\"name\":\"Mota-Engil ATIV\",\"url\":\"https:\\\/\\\/www.ativ.pt\\\/es\\\/\",\"logo\":{\"@type\":\"ImageObject\",\"inLanguage\":\"es\",\"@id\":\"https:\\\/\\\/www.ativ.pt\\\/es\\\/#\\\/schema\\\/logo\\\/image\\\/\",\"url\":\"https:\\\/\\\/www.ativ.pt\\\/wp-content\\\/uploads\\\/2022\\\/04\\\/logo-ativ-cor-1.svg\",\"contentUrl\":\"https:\\\/\\\/www.ativ.pt\\\/wp-content\\\/uploads\\\/2022\\\/04\\\/logo-ativ-cor-1.svg\",\"width\":250,\"height\":100,\"caption\":\"Mota-Engil ATIV\"},\"image\":{\"@id\":\"https:\\\/\\\/www.ativ.pt\\\/es\\\/#\\\/schema\\\/logo\\\/image\\\/\"},\"sameAs\":[\"https:\\\/\\\/www.facebook.com\\\/MotaEngilATIV\\\/\",\"https:\\\/\\\/www.instagram.com\\\/mota_engil_ativ\\\/\",\"https:\\\/\\\/www.linkedin.com\\\/company\\\/motaengil-ativ\"]},{\"@type\":\"Person\",\"@id\":\"https:\\\/\\\/www.ativ.pt\\\/es\\\/#\\\/schema\\\/person\\\/76cd49f91ef96b6902453415264f0c55\",\"name\":\"Susana Guerreiro\"}]}<\/script>\n<!-- \/ Yoast SEO plugin. -->","yoast_head_json":{"title":"Taller: Prop\u00f3sito, Visi\u00f3n y Valores - Mota-Engil ATIV","robots":{"index":"index","follow":"follow","max-snippet":"max-snippet:-1","max-image-preview":"max-image-preview:large","max-video-preview":"max-video-preview:-1"},"canonical":"https:\/\/www.ativ.pt\/es\/2022\/07\/18\/taller-proposito-vision-y-valores\/","og_locale":"es_ES","og_type":"article","og_title":"Taller: Prop\u00f3sito, Visi\u00f3n y Valores - Mota-Engil ATIV","og_description":"En el \u00e1mbito de Mota-Engil ATIV y con el objetivo de reflexionar y debatir aspectos centrales de la nueva organizaci\u00f3n, se celebr\u00f3 el Taller de PROP\u00d3SITO, VISI\u00d3N y VALORES, que fue un paso decisivo en la definici\u00f3n conjunta del Prop\u00f3sito que guiar\u00e1 a la nueva entidad.","og_url":"https:\/\/www.ativ.pt\/es\/2022\/07\/18\/taller-proposito-vision-y-valores\/","og_site_name":"Mota-Engil ATIV","article_publisher":"https:\/\/www.facebook.com\/MotaEngilATIV\/","article_published_time":"2022-07-18T11:39:37+00:00","article_modified_time":"2022-09-15T15:34:26+00:00","og_image":[{"width":2560,"height":1707,"url":"https:\/\/www.ativ.pt\/wp-content\/uploads\/2022\/07\/ativ_manutencao-scaled.jpg","type":"image\/jpeg"}],"author":"Susana Guerreiro","twitter_card":"summary_large_image","twitter_misc":{"Escrito por":"Susana Guerreiro","Tiempo de lectura":"1 minuto"},"schema":{"@context":"https:\/\/schema.org","@graph":[{"@type":"Article","@id":"https:\/\/www.ativ.pt\/es\/2022\/07\/18\/taller-proposito-vision-y-valores\/#article","isPartOf":{"@id":"https:\/\/www.ativ.pt\/es\/2022\/07\/18\/taller-proposito-vision-y-valores\/"},"author":{"name":"Susana Guerreiro","@id":"https:\/\/www.ativ.pt\/es\/#\/schema\/person\/76cd49f91ef96b6902453415264f0c55"},"headline":"Taller: Prop\u00f3sito, Visi\u00f3n y Valores","datePublished":"2022-07-18T11:39:37+00:00","dateModified":"2022-09-15T15:34:26+00:00","mainEntityOfPage":{"@id":"https:\/\/www.ativ.pt\/es\/2022\/07\/18\/taller-proposito-vision-y-valores\/"},"wordCount":247,"commentCount":0,"publisher":{"@id":"https:\/\/www.ativ.pt\/es\/#organization"},"image":{"@id":"https:\/\/www.ativ.pt\/es\/2022\/07\/18\/taller-proposito-vision-y-valores\/#primaryimage"},"thumbnailUrl":"https:\/\/www.ativ.pt\/wp-content\/uploads\/2022\/07\/ativ_manutencao-scaled.jpg","articleSection":["Art\u00edculo"],"inLanguage":"es","potentialAction":[{"@type":"CommentAction","name":"Comment","target":["https:\/\/www.ativ.pt\/es\/2022\/07\/18\/taller-proposito-vision-y-valores\/#respond"]}]},{"@type":"WebPage","@id":"https:\/\/www.ativ.pt\/es\/2022\/07\/18\/taller-proposito-vision-y-valores\/","url":"https:\/\/www.ativ.pt\/es\/2022\/07\/18\/taller-proposito-vision-y-valores\/","name":"Taller: Prop\u00f3sito, Visi\u00f3n y Valores - Mota-Engil ATIV","isPartOf":{"@id":"https:\/\/www.ativ.pt\/es\/#website"},"primaryImageOfPage":{"@id":"https:\/\/www.ativ.pt\/es\/2022\/07\/18\/taller-proposito-vision-y-valores\/#primaryimage"},"image":{"@id":"https:\/\/www.ativ.pt\/es\/2022\/07\/18\/taller-proposito-vision-y-valores\/#primaryimage"},"thumbnailUrl":"https:\/\/www.ativ.pt\/wp-content\/uploads\/2022\/07\/ativ_manutencao-scaled.jpg","datePublished":"2022-07-18T11:39:37+00:00","dateModified":"2022-09-15T15:34:26+00:00","breadcrumb":{"@id":"https:\/\/www.ativ.pt\/es\/2022\/07\/18\/taller-proposito-vision-y-valores\/#breadcrumb"},"inLanguage":"es","potentialAction":[{"@type":"ReadAction","target":["https:\/\/www.ativ.pt\/es\/2022\/07\/18\/taller-proposito-vision-y-valores\/"]}]},{"@type":"ImageObject","inLanguage":"es","@id":"https:\/\/www.ativ.pt\/es\/2022\/07\/18\/taller-proposito-vision-y-valores\/#primaryimage","url":"https:\/\/www.ativ.pt\/wp-content\/uploads\/2022\/07\/ativ_manutencao-scaled.jpg","contentUrl":"https:\/\/www.ativ.pt\/wp-content\/uploads\/2022\/07\/ativ_manutencao-scaled.jpg","width":1920,"height":1280},{"@type":"BreadcrumbList","@id":"https:\/\/www.ativ.pt\/es\/2022\/07\/18\/taller-proposito-vision-y-valores\/#breadcrumb","itemListElement":[{"@type":"ListItem","position":1,"name":"In\u00edcio","item":"https:\/\/www.ativ.pt\/es\/"},{"@type":"ListItem","position":2,"name":"Taller: Prop\u00f3sito, Visi\u00f3n y Valores"}]},{"@type":"WebSite","@id":"https:\/\/www.ativ.pt\/es\/#website","url":"https:\/\/www.ativ.pt\/es\/","name":"Mota-Engil ATIV","description":"Gest\u00e3o e Manuten\u00e7\u00e3o de Ativos","publisher":{"@id":"https:\/\/www.ativ.pt\/es\/#organization"},"potentialAction":[{"@type":"SearchAction","target":{"@type":"EntryPoint","urlTemplate":"https:\/\/www.ativ.pt\/es\/?s={search_term_string}"},"query-input":{"@type":"PropertyValueSpecification","valueRequired":true,"valueName":"search_term_string"}}],"inLanguage":"es"},{"@type":"Organization","@id":"https:\/\/www.ativ.pt\/es\/#organization","name":"Mota-Engil ATIV","url":"https:\/\/www.ativ.pt\/es\/","logo":{"@type":"ImageObject","inLanguage":"es","@id":"https:\/\/www.ativ.pt\/es\/#\/schema\/logo\/image\/","url":"https:\/\/www.ativ.pt\/wp-content\/uploads\/2022\/04\/logo-ativ-cor-1.svg","contentUrl":"https:\/\/www.ativ.pt\/wp-content\/uploads\/2022\/04\/logo-ativ-cor-1.svg","width":250,"height":100,"caption":"Mota-Engil ATIV"},"image":{"@id":"https:\/\/www.ativ.pt\/es\/#\/schema\/logo\/image\/"},"sameAs":["https:\/\/www.facebook.com\/MotaEngilATIV\/","https:\/\/www.instagram.com\/mota_engil_ativ\/","https:\/\/www.linkedin.com\/company\/motaengil-ativ"]},{"@type":"Person","@id":"https:\/\/www.ativ.pt\/es\/#\/schema\/person\/76cd49f91ef96b6902453415264f0c55","name":"Susana Guerreiro"}]}},"_links":{"self":[{"href":"https:\/\/www.ativ.pt\/es\/wp-json\/wp\/v2\/posts\/5850","targetHints":{"allow":["GET"]}}],"collection":[{"href":"https:\/\/www.ativ.pt\/es\/wp-json\/wp\/v2\/posts"}],"about":[{"href":"https:\/\/www.ativ.pt\/es\/wp-json\/wp\/v2\/types\/post"}],"author":[{"embeddable":true,"href":"https:\/\/www.ativ.pt\/es\/wp-json\/wp\/v2\/users\/2"}],"replies":[{"embeddable":true,"href":"https:\/\/www.ativ.pt\/es\/wp-json\/wp\/v2\/comments?post=5850"}],"version-history":[{"count":1,"href":"https:\/\/www.ativ.pt\/es\/wp-json\/wp\/v2\/posts\/5850\/revisions"}],"predecessor-version":[{"id":5851,"href":"https:\/\/www.ativ.pt\/es\/wp-json\/wp\/v2\/posts\/5850\/revisions\/5851"}],"wp:featuredmedia":[{"embeddable":true,"href":"https:\/\/www.ativ.pt\/es\/wp-json\/wp\/v2\/media\/4704"}],"wp:attachment":[{"href":"https:\/\/www.ativ.pt\/es\/wp-json\/wp\/v2\/media?parent=5850"}],"wp:term":[{"taxonomy":"category","embeddable":true,"href":"https:\/\/www.ativ.pt\/es\/wp-json\/wp\/v2\/categories?post=5850"},{"taxonomy":"post_tag","embeddable":true,"href":"https:\/\/www.ativ.pt\/es\/wp-json\/wp\/v2\/tags?post=5850"}],"curies":[{"name":"wp","href":"https:\/\/api.w.org\/{rel}","templated":true}]}}