{"id":14711,"date":"2025-05-26T10:50:03","date_gmt":"2025-05-26T10:50:03","guid":{"rendered":"https:\/\/www.ativ.pt\/2025\/05\/26\/mota-engil-ativ-participa-en-el-congreso-europeo-its\/"},"modified":"2025-05-30T15:16:06","modified_gmt":"2025-05-30T15:16:06","slug":"mota-engil-ativ-participa-en-el-congreso-europeo-its","status":"publish","type":"post","link":"https:\/\/www.ativ.pt\/es\/2025\/05\/26\/mota-engil-ativ-participa-en-el-congreso-europeo-its\/","title":{"rendered":"Mota-Engil ATIV participa en el Congreso Europeo ITS"},"content":{"rendered":"\n<p>Mota-Engil ATIV particip\u00f3 en el 16.\u00ba Congreso Europeo de Sistemas de Transporte Inteligente (ITS Europe), celebrado en Sevilla del 19 al 21 de mayo, consolid\u00e1ndose como un agente activo en la transici\u00f3n hacia una movilidad m\u00e1s inteligente, segura y sostenible.<\/p>\n\n<p>La movilidad inteligente es un eje estrat\u00e9gico de la actividad de Mota-Engil ATIV, que apuesta por la innovaci\u00f3n como motor del desarrollo sostenible.<\/p>\n\n<p>La presencia de la empresa en el Congreso, una de las plataformas europeas m\u00e1s relevantes para debatir sobre innovaci\u00f3n tecnol\u00f3gica aplicada al transporte y la movilidad, se enmarca en su estrategia de crecimiento y posicionamiento en el sector de las infraestructuras digitales e inteligentes.<\/p>\n\n<p>Mota-Engil ATIV estuvo representada por In\u00e1cio Ribeiro del Departamento de Gesti\u00f3n de Instalaciones y Nelson Ribeiro de la Divisi\u00f3n de Infraestructuras, quienes participaron activamente en sesiones t\u00e9cnicas, mesas redondas y momentos de <em>networking <\/em>con representantes de empresas, entidades p\u00fablicas y centros de investigaci\u00f3n de toda Europa.<\/p>\n\n<figure class=\"wp-block-gallery has-nested-images columns-default is-cropped wp-block-gallery-1 is-layout-flex wp-block-gallery-is-layout-flex\">\n<figure class=\"wp-block-image size-large\"><img fetchpriority=\"high\" decoding=\"async\" width=\"1024\" height=\"533\" data-id=\"14651\" src=\"https:\/\/spcdn.shortpixel.ai\/spio\/ret_img,q_cdnize,to_auto,s_webp:avif\/www.ativ.pt\/wp-content\/uploads\/2025\/05\/congresso-sevilha-1024x533.jpg\" alt=\"\" class=\"wp-image-14651\" srcset=\"https:\/\/spcdn.shortpixel.ai\/spio\/ret_img,q_cdnize,to_auto,s_webp:avif\/www.ativ.pt\/wp-content\/uploads\/2025\/05\/congresso-sevilha-1024x533.jpg 1024w, https:\/\/spcdn.shortpixel.ai\/spio\/ret_img,q_cdnize,to_auto,s_webp:avif\/www.ativ.pt\/wp-content\/uploads\/2025\/05\/congresso-sevilha-300x156.jpg 300w, https:\/\/spcdn.shortpixel.ai\/spio\/ret_img,q_cdnize,to_auto,s_webp:avif\/www.ativ.pt\/wp-content\/uploads\/2025\/05\/congresso-sevilha-768x400.jpg 768w, https:\/\/spcdn.shortpixel.ai\/spio\/ret_img,q_cdnize,to_auto,s_webp:avif\/www.ativ.pt\/wp-content\/uploads\/2025\/05\/congresso-sevilha.jpg 1236w\" sizes=\"(max-width: 1024px) 100vw, 1024px\" \/><\/figure>\n<\/figure>\n\n<p>Esta participaci\u00f3n forma parte de la estrategia de posicionamiento de Mota-Engil ATIV como socio tecnol\u00f3gico y operativo de referencia en el \u00e1rea de movilidad inteligente y sostenible, contribuyendo al desarrollo de ciudades m\u00e1s eficientes, conectadas y respetuosas con el medio ambiente.<\/p>\n\n<p>Durante el evento se debatieron temas clave como la digitalizaci\u00f3n de las infraestructuras viarias, la gesti\u00f3n inteligente del tr\u00e1fico, los desaf\u00edos de la movilidad urbana en las ciudades del futuro, la integraci\u00f3n de datos para la toma de decisiones en tiempo real, y el papel de las infraestructuras en la descarbonizaci\u00f3n del transporte.<\/p>\n\n<p>Para Mota-Engil ATIV, esta participaci\u00f3n representa no solo una oportunidad para seguir las \u00faltimas tendencias tecnol\u00f3gicas y regulatorias del sector, sino tambi\u00e9n un espacio privilegiado para promover el conocimiento nacional, identificar posibles asociaciones y contribuir con soluciones integradas que generen un impacto real en las comunidades y territorios donde opera.<\/p>\n","protected":false},"excerpt":{"rendered":"<p>La movilidad inteligente es un eje estrat\u00e9gico de la actividad de Mota-Engil ATIV, que apuesta por la innovaci\u00f3n como motor del desarrollo sostenible.<\/p>\n","protected":false},"author":2,"featured_media":14660,"comment_status":"open","ping_status":"open","sticky":false,"template":"","format":"standard","meta":{"_acf_changed":false,"footnotes":""},"categories":[16],"tags":[],"class_list":["post-14711","post","type-post","status-publish","format-standard","has-post-thumbnail","hentry","category-articulo"],"acf":[],"yoast_head":"<!-- This site is optimized with the Yoast SEO plugin v27.5 - https:\/\/yoast.com\/product\/yoast-seo-wordpress\/ -->\n<title>Mota-Engil ATIV participa en el Congreso Europeo ITS - Mota-Engil ATIV<\/title>\n<meta name=\"robots\" content=\"index, follow, max-snippet:-1, max-image-preview:large, max-video-preview:-1\" \/>\n<link rel=\"canonical\" href=\"https:\/\/www.ativ.pt\/es\/2025\/05\/26\/mota-engil-ativ-participa-en-el-congreso-europeo-its\/\" \/>\n<meta property=\"og:locale\" content=\"es_ES\" \/>\n<meta property=\"og:type\" content=\"article\" \/>\n<meta property=\"og:title\" content=\"Mota-Engil ATIV participa en el Congreso Europeo ITS - Mota-Engil ATIV\" \/>\n<meta property=\"og:description\" content=\"La movilidad inteligente es un eje estrat\u00e9gico de la actividad de Mota-Engil ATIV, que apuesta por la innovaci\u00f3n como motor del desarrollo sostenible.\" \/>\n<meta property=\"og:url\" content=\"https:\/\/www.ativ.pt\/es\/2025\/05\/26\/mota-engil-ativ-participa-en-el-congreso-europeo-its\/\" \/>\n<meta property=\"og:site_name\" content=\"Mota-Engil ATIV\" \/>\n<meta property=\"article:publisher\" content=\"https:\/\/www.facebook.com\/MotaEngilATIV\/\" \/>\n<meta property=\"article:published_time\" content=\"2025-05-26T10:50:03+00:00\" \/>\n<meta property=\"article:modified_time\" content=\"2025-05-30T15:16:06+00:00\" \/>\n<meta property=\"og:image\" content=\"https:\/\/www.ativ.pt\/wp-content\/uploads\/2025\/05\/congresso-sevilha_destaque.jpg\" \/>\n\t<meta property=\"og:image:width\" content=\"1197\" \/>\n\t<meta property=\"og:image:height\" content=\"395\" \/>\n\t<meta property=\"og:image:type\" content=\"image\/jpeg\" \/>\n<meta name=\"author\" content=\"Susana Guerreiro\" \/>\n<meta name=\"twitter:card\" content=\"summary_large_image\" \/>\n<meta name=\"twitter:label1\" content=\"Escrito por\" \/>\n\t<meta name=\"twitter:data1\" content=\"Susana Guerreiro\" \/>\n\t<meta name=\"twitter:label2\" content=\"Tiempo de lectura\" \/>\n\t<meta name=\"twitter:data2\" content=\"2 minutos\" \/>\n<script type=\"application\/ld+json\" class=\"yoast-schema-graph\">{\"@context\":\"https:\\\/\\\/schema.org\",\"@graph\":[{\"@type\":\"Article\",\"@id\":\"https:\\\/\\\/www.ativ.pt\\\/es\\\/2025\\\/05\\\/26\\\/mota-engil-ativ-participa-en-el-congreso-europeo-its\\\/#article\",\"isPartOf\":{\"@id\":\"https:\\\/\\\/www.ativ.pt\\\/es\\\/2025\\\/05\\\/26\\\/mota-engil-ativ-participa-en-el-congreso-europeo-its\\\/\"},\"author\":{\"name\":\"Susana Guerreiro\",\"@id\":\"https:\\\/\\\/www.ativ.pt\\\/es\\\/#\\\/schema\\\/person\\\/76cd49f91ef96b6902453415264f0c55\"},\"headline\":\"Mota-Engil ATIV participa en el Congreso Europeo ITS\",\"datePublished\":\"2025-05-26T10:50:03+00:00\",\"dateModified\":\"2025-05-30T15:16:06+00:00\",\"mainEntityOfPage\":{\"@id\":\"https:\\\/\\\/www.ativ.pt\\\/es\\\/2025\\\/05\\\/26\\\/mota-engil-ativ-participa-en-el-congreso-europeo-its\\\/\"},\"wordCount\":328,\"commentCount\":0,\"publisher\":{\"@id\":\"https:\\\/\\\/www.ativ.pt\\\/es\\\/#organization\"},\"image\":{\"@id\":\"https:\\\/\\\/www.ativ.pt\\\/es\\\/2025\\\/05\\\/26\\\/mota-engil-ativ-participa-en-el-congreso-europeo-its\\\/#primaryimage\"},\"thumbnailUrl\":\"https:\\\/\\\/www.ativ.pt\\\/wp-content\\\/uploads\\\/2025\\\/05\\\/congresso-sevilha_destaque.jpg\",\"articleSection\":[\"Art\u00edculo\"],\"inLanguage\":\"es\",\"potentialAction\":[{\"@type\":\"CommentAction\",\"name\":\"Comment\",\"target\":[\"https:\\\/\\\/www.ativ.pt\\\/es\\\/2025\\\/05\\\/26\\\/mota-engil-ativ-participa-en-el-congreso-europeo-its\\\/#respond\"]}]},{\"@type\":\"WebPage\",\"@id\":\"https:\\\/\\\/www.ativ.pt\\\/es\\\/2025\\\/05\\\/26\\\/mota-engil-ativ-participa-en-el-congreso-europeo-its\\\/\",\"url\":\"https:\\\/\\\/www.ativ.pt\\\/es\\\/2025\\\/05\\\/26\\\/mota-engil-ativ-participa-en-el-congreso-europeo-its\\\/\",\"name\":\"Mota-Engil ATIV participa en el Congreso Europeo ITS - Mota-Engil ATIV\",\"isPartOf\":{\"@id\":\"https:\\\/\\\/www.ativ.pt\\\/es\\\/#website\"},\"primaryImageOfPage\":{\"@id\":\"https:\\\/\\\/www.ativ.pt\\\/es\\\/2025\\\/05\\\/26\\\/mota-engil-ativ-participa-en-el-congreso-europeo-its\\\/#primaryimage\"},\"image\":{\"@id\":\"https:\\\/\\\/www.ativ.pt\\\/es\\\/2025\\\/05\\\/26\\\/mota-engil-ativ-participa-en-el-congreso-europeo-its\\\/#primaryimage\"},\"thumbnailUrl\":\"https:\\\/\\\/www.ativ.pt\\\/wp-content\\\/uploads\\\/2025\\\/05\\\/congresso-sevilha_destaque.jpg\",\"datePublished\":\"2025-05-26T10:50:03+00:00\",\"dateModified\":\"2025-05-30T15:16:06+00:00\",\"breadcrumb\":{\"@id\":\"https:\\\/\\\/www.ativ.pt\\\/es\\\/2025\\\/05\\\/26\\\/mota-engil-ativ-participa-en-el-congreso-europeo-its\\\/#breadcrumb\"},\"inLanguage\":\"es\",\"potentialAction\":[{\"@type\":\"ReadAction\",\"target\":[\"https:\\\/\\\/www.ativ.pt\\\/es\\\/2025\\\/05\\\/26\\\/mota-engil-ativ-participa-en-el-congreso-europeo-its\\\/\"]}]},{\"@type\":\"ImageObject\",\"inLanguage\":\"es\",\"@id\":\"https:\\\/\\\/www.ativ.pt\\\/es\\\/2025\\\/05\\\/26\\\/mota-engil-ativ-participa-en-el-congreso-europeo-its\\\/#primaryimage\",\"url\":\"https:\\\/\\\/www.ativ.pt\\\/wp-content\\\/uploads\\\/2025\\\/05\\\/congresso-sevilha_destaque.jpg\",\"contentUrl\":\"https:\\\/\\\/www.ativ.pt\\\/wp-content\\\/uploads\\\/2025\\\/05\\\/congresso-sevilha_destaque.jpg\",\"width\":1197,\"height\":395},{\"@type\":\"BreadcrumbList\",\"@id\":\"https:\\\/\\\/www.ativ.pt\\\/es\\\/2025\\\/05\\\/26\\\/mota-engil-ativ-participa-en-el-congreso-europeo-its\\\/#breadcrumb\",\"itemListElement\":[{\"@type\":\"ListItem\",\"position\":1,\"name\":\"In\u00edcio\",\"item\":\"https:\\\/\\\/www.ativ.pt\\\/es\\\/\"},{\"@type\":\"ListItem\",\"position\":2,\"name\":\"Mota-Engil ATIV participa en el Congreso Europeo ITS\"}]},{\"@type\":\"WebSite\",\"@id\":\"https:\\\/\\\/www.ativ.pt\\\/es\\\/#website\",\"url\":\"https:\\\/\\\/www.ativ.pt\\\/es\\\/\",\"name\":\"Mota-Engil ATIV\",\"description\":\"Gest\u00e3o e Manuten\u00e7\u00e3o de Ativos\",\"publisher\":{\"@id\":\"https:\\\/\\\/www.ativ.pt\\\/es\\\/#organization\"},\"potentialAction\":[{\"@type\":\"SearchAction\",\"target\":{\"@type\":\"EntryPoint\",\"urlTemplate\":\"https:\\\/\\\/www.ativ.pt\\\/es\\\/?s={search_term_string}\"},\"query-input\":{\"@type\":\"PropertyValueSpecification\",\"valueRequired\":true,\"valueName\":\"search_term_string\"}}],\"inLanguage\":\"es\"},{\"@type\":\"Organization\",\"@id\":\"https:\\\/\\\/www.ativ.pt\\\/es\\\/#organization\",\"name\":\"Mota-Engil ATIV\",\"url\":\"https:\\\/\\\/www.ativ.pt\\\/es\\\/\",\"logo\":{\"@type\":\"ImageObject\",\"inLanguage\":\"es\",\"@id\":\"https:\\\/\\\/www.ativ.pt\\\/es\\\/#\\\/schema\\\/logo\\\/image\\\/\",\"url\":\"https:\\\/\\\/www.ativ.pt\\\/wp-content\\\/uploads\\\/2022\\\/04\\\/logo-ativ-cor-1.svg\",\"contentUrl\":\"https:\\\/\\\/www.ativ.pt\\\/wp-content\\\/uploads\\\/2022\\\/04\\\/logo-ativ-cor-1.svg\",\"width\":250,\"height\":100,\"caption\":\"Mota-Engil ATIV\"},\"image\":{\"@id\":\"https:\\\/\\\/www.ativ.pt\\\/es\\\/#\\\/schema\\\/logo\\\/image\\\/\"},\"sameAs\":[\"https:\\\/\\\/www.facebook.com\\\/MotaEngilATIV\\\/\",\"https:\\\/\\\/www.instagram.com\\\/mota_engil_ativ\\\/\",\"https:\\\/\\\/www.linkedin.com\\\/company\\\/motaengil-ativ\"]},{\"@type\":\"Person\",\"@id\":\"https:\\\/\\\/www.ativ.pt\\\/es\\\/#\\\/schema\\\/person\\\/76cd49f91ef96b6902453415264f0c55\",\"name\":\"Susana Guerreiro\"}]}<\/script>\n<!-- \/ Yoast SEO plugin. -->","yoast_head_json":{"title":"Mota-Engil ATIV participa en el Congreso Europeo ITS - Mota-Engil ATIV","robots":{"index":"index","follow":"follow","max-snippet":"max-snippet:-1","max-image-preview":"max-image-preview:large","max-video-preview":"max-video-preview:-1"},"canonical":"https:\/\/www.ativ.pt\/es\/2025\/05\/26\/mota-engil-ativ-participa-en-el-congreso-europeo-its\/","og_locale":"es_ES","og_type":"article","og_title":"Mota-Engil ATIV participa en el Congreso Europeo ITS - Mota-Engil ATIV","og_description":"La movilidad inteligente es un eje estrat\u00e9gico de la actividad de Mota-Engil ATIV, que apuesta por la innovaci\u00f3n como motor del desarrollo sostenible.","og_url":"https:\/\/www.ativ.pt\/es\/2025\/05\/26\/mota-engil-ativ-participa-en-el-congreso-europeo-its\/","og_site_name":"Mota-Engil ATIV","article_publisher":"https:\/\/www.facebook.com\/MotaEngilATIV\/","article_published_time":"2025-05-26T10:50:03+00:00","article_modified_time":"2025-05-30T15:16:06+00:00","og_image":[{"width":1197,"height":395,"url":"https:\/\/www.ativ.pt\/wp-content\/uploads\/2025\/05\/congresso-sevilha_destaque.jpg","type":"image\/jpeg"}],"author":"Susana Guerreiro","twitter_card":"summary_large_image","twitter_misc":{"Escrito por":"Susana Guerreiro","Tiempo de lectura":"2 minutos"},"schema":{"@context":"https:\/\/schema.org","@graph":[{"@type":"Article","@id":"https:\/\/www.ativ.pt\/es\/2025\/05\/26\/mota-engil-ativ-participa-en-el-congreso-europeo-its\/#article","isPartOf":{"@id":"https:\/\/www.ativ.pt\/es\/2025\/05\/26\/mota-engil-ativ-participa-en-el-congreso-europeo-its\/"},"author":{"name":"Susana Guerreiro","@id":"https:\/\/www.ativ.pt\/es\/#\/schema\/person\/76cd49f91ef96b6902453415264f0c55"},"headline":"Mota-Engil ATIV participa en el Congreso Europeo ITS","datePublished":"2025-05-26T10:50:03+00:00","dateModified":"2025-05-30T15:16:06+00:00","mainEntityOfPage":{"@id":"https:\/\/www.ativ.pt\/es\/2025\/05\/26\/mota-engil-ativ-participa-en-el-congreso-europeo-its\/"},"wordCount":328,"commentCount":0,"publisher":{"@id":"https:\/\/www.ativ.pt\/es\/#organization"},"image":{"@id":"https:\/\/www.ativ.pt\/es\/2025\/05\/26\/mota-engil-ativ-participa-en-el-congreso-europeo-its\/#primaryimage"},"thumbnailUrl":"https:\/\/www.ativ.pt\/wp-content\/uploads\/2025\/05\/congresso-sevilha_destaque.jpg","articleSection":["Art\u00edculo"],"inLanguage":"es","potentialAction":[{"@type":"CommentAction","name":"Comment","target":["https:\/\/www.ativ.pt\/es\/2025\/05\/26\/mota-engil-ativ-participa-en-el-congreso-europeo-its\/#respond"]}]},{"@type":"WebPage","@id":"https:\/\/www.ativ.pt\/es\/2025\/05\/26\/mota-engil-ativ-participa-en-el-congreso-europeo-its\/","url":"https:\/\/www.ativ.pt\/es\/2025\/05\/26\/mota-engil-ativ-participa-en-el-congreso-europeo-its\/","name":"Mota-Engil ATIV participa en el Congreso Europeo ITS - Mota-Engil ATIV","isPartOf":{"@id":"https:\/\/www.ativ.pt\/es\/#website"},"primaryImageOfPage":{"@id":"https:\/\/www.ativ.pt\/es\/2025\/05\/26\/mota-engil-ativ-participa-en-el-congreso-europeo-its\/#primaryimage"},"image":{"@id":"https:\/\/www.ativ.pt\/es\/2025\/05\/26\/mota-engil-ativ-participa-en-el-congreso-europeo-its\/#primaryimage"},"thumbnailUrl":"https:\/\/www.ativ.pt\/wp-content\/uploads\/2025\/05\/congresso-sevilha_destaque.jpg","datePublished":"2025-05-26T10:50:03+00:00","dateModified":"2025-05-30T15:16:06+00:00","breadcrumb":{"@id":"https:\/\/www.ativ.pt\/es\/2025\/05\/26\/mota-engil-ativ-participa-en-el-congreso-europeo-its\/#breadcrumb"},"inLanguage":"es","potentialAction":[{"@type":"ReadAction","target":["https:\/\/www.ativ.pt\/es\/2025\/05\/26\/mota-engil-ativ-participa-en-el-congreso-europeo-its\/"]}]},{"@type":"ImageObject","inLanguage":"es","@id":"https:\/\/www.ativ.pt\/es\/2025\/05\/26\/mota-engil-ativ-participa-en-el-congreso-europeo-its\/#primaryimage","url":"https:\/\/www.ativ.pt\/wp-content\/uploads\/2025\/05\/congresso-sevilha_destaque.jpg","contentUrl":"https:\/\/www.ativ.pt\/wp-content\/uploads\/2025\/05\/congresso-sevilha_destaque.jpg","width":1197,"height":395},{"@type":"BreadcrumbList","@id":"https:\/\/www.ativ.pt\/es\/2025\/05\/26\/mota-engil-ativ-participa-en-el-congreso-europeo-its\/#breadcrumb","itemListElement":[{"@type":"ListItem","position":1,"name":"In\u00edcio","item":"https:\/\/www.ativ.pt\/es\/"},{"@type":"ListItem","position":2,"name":"Mota-Engil ATIV participa en el Congreso Europeo ITS"}]},{"@type":"WebSite","@id":"https:\/\/www.ativ.pt\/es\/#website","url":"https:\/\/www.ativ.pt\/es\/","name":"Mota-Engil ATIV","description":"Gest\u00e3o e Manuten\u00e7\u00e3o de Ativos","publisher":{"@id":"https:\/\/www.ativ.pt\/es\/#organization"},"potentialAction":[{"@type":"SearchAction","target":{"@type":"EntryPoint","urlTemplate":"https:\/\/www.ativ.pt\/es\/?s={search_term_string}"},"query-input":{"@type":"PropertyValueSpecification","valueRequired":true,"valueName":"search_term_string"}}],"inLanguage":"es"},{"@type":"Organization","@id":"https:\/\/www.ativ.pt\/es\/#organization","name":"Mota-Engil ATIV","url":"https:\/\/www.ativ.pt\/es\/","logo":{"@type":"ImageObject","inLanguage":"es","@id":"https:\/\/www.ativ.pt\/es\/#\/schema\/logo\/image\/","url":"https:\/\/www.ativ.pt\/wp-content\/uploads\/2022\/04\/logo-ativ-cor-1.svg","contentUrl":"https:\/\/www.ativ.pt\/wp-content\/uploads\/2022\/04\/logo-ativ-cor-1.svg","width":250,"height":100,"caption":"Mota-Engil ATIV"},"image":{"@id":"https:\/\/www.ativ.pt\/es\/#\/schema\/logo\/image\/"},"sameAs":["https:\/\/www.facebook.com\/MotaEngilATIV\/","https:\/\/www.instagram.com\/mota_engil_ativ\/","https:\/\/www.linkedin.com\/company\/motaengil-ativ"]},{"@type":"Person","@id":"https:\/\/www.ativ.pt\/es\/#\/schema\/person\/76cd49f91ef96b6902453415264f0c55","name":"Susana Guerreiro"}]}},"_links":{"self":[{"href":"https:\/\/www.ativ.pt\/es\/wp-json\/wp\/v2\/posts\/14711","targetHints":{"allow":["GET"]}}],"collection":[{"href":"https:\/\/www.ativ.pt\/es\/wp-json\/wp\/v2\/posts"}],"about":[{"href":"https:\/\/www.ativ.pt\/es\/wp-json\/wp\/v2\/types\/post"}],"author":[{"embeddable":true,"href":"https:\/\/www.ativ.pt\/es\/wp-json\/wp\/v2\/users\/2"}],"replies":[{"embeddable":true,"href":"https:\/\/www.ativ.pt\/es\/wp-json\/wp\/v2\/comments?post=14711"}],"version-history":[{"count":1,"href":"https:\/\/www.ativ.pt\/es\/wp-json\/wp\/v2\/posts\/14711\/revisions"}],"predecessor-version":[{"id":14712,"href":"https:\/\/www.ativ.pt\/es\/wp-json\/wp\/v2\/posts\/14711\/revisions\/14712"}],"wp:featuredmedia":[{"embeddable":true,"href":"https:\/\/www.ativ.pt\/es\/wp-json\/wp\/v2\/media\/14660"}],"wp:attachment":[{"href":"https:\/\/www.ativ.pt\/es\/wp-json\/wp\/v2\/media?parent=14711"}],"wp:term":[{"taxonomy":"category","embeddable":true,"href":"https:\/\/www.ativ.pt\/es\/wp-json\/wp\/v2\/categories?post=14711"},{"taxonomy":"post_tag","embeddable":true,"href":"https:\/\/www.ativ.pt\/es\/wp-json\/wp\/v2\/tags?post=14711"}],"curies":[{"name":"wp","href":"https:\/\/api.w.org\/{rel}","templated":true}]}}