{"id":13727,"date":"2025-03-17T13:36:13","date_gmt":"2025-03-17T13:36:13","guid":{"rendered":"https:\/\/www.ativ.pt\/2025\/03\/17\/gestion-de-vegetacion-en-autopistas\/"},"modified":"2025-03-20T12:16:20","modified_gmt":"2025-03-20T12:16:20","slug":"gestion-de-vegetacion-en-autopistas","status":"publish","type":"post","link":"https:\/\/www.ativ.pt\/es\/2025\/03\/17\/gestion-de-vegetacion-en-autopistas\/","title":{"rendered":"Gesti\u00f3n de Vegetaci\u00f3n en Autopistas"},"content":{"rendered":"\n<p>Mota-Engil ATIV est\u00e1 a cargo de los Trabajos de Gesti\u00f3n de Vegetaci\u00f3n para varios clientes de las autopistas, en particular, Brisa y Douro Interior.<\/p>\n\n<figure class=\"wp-block-gallery has-nested-images columns-default is-cropped wp-block-gallery-1 is-layout-flex wp-block-gallery-is-layout-flex\">\n<figure class=\"wp-block-image size-large\"><img fetchpriority=\"high\" decoding=\"async\" width=\"650\" height=\"433\" data-id=\"13699\" src=\"https:\/\/www.ativ.pt\/wp-content\/uploads\/2025\/03\/douro-interior-gestao.jpg\" alt=\"\" class=\"wp-image-13699\" srcset=\"https:\/\/www.ativ.pt\/wp-content\/uploads\/2025\/03\/douro-interior-gestao.jpg 650w, https:\/\/www.ativ.pt\/wp-content\/uploads\/2025\/03\/douro-interior-gestao-300x200.jpg 300w\" sizes=\"(max-width: 650px) 100vw, 650px\" \/><\/figure>\n\n\n\n<figure class=\"wp-block-image size-large\"><img decoding=\"async\" width=\"650\" height=\"433\" data-id=\"13704\" src=\"https:\/\/www.ativ.pt\/wp-content\/uploads\/2025\/03\/douro-interior-gestao_.jpg\" alt=\"\" class=\"wp-image-13704\" srcset=\"https:\/\/www.ativ.pt\/wp-content\/uploads\/2025\/03\/douro-interior-gestao_.jpg 650w, https:\/\/www.ativ.pt\/wp-content\/uploads\/2025\/03\/douro-interior-gestao_-300x200.jpg 300w\" sizes=\"(max-width: 650px) 100vw, 650px\" \/><\/figure>\n<\/figure>\n\n<p>Estas actividades tienen como objetivo mantener las condiciones adecuadas para cumplir con las principales funcionalidades de las v\u00edas y se enmarcan en el \u00e1mbito de la integraci\u00f3n paisaj\u00edstica, en particular: el control de la erosi\u00f3n h\u00eddrica y e\u00f3lica de los taludes y la consiguiente estabilidad, la valorizaci\u00f3n ecol\u00f3gica del entorno, la mejora de la calidad del aire y de las condiciones de seguridad vial.<\/p>\n\n<p>Como factor primordial de este servicio, destaca-se la planificaci\u00f3n diaria de las actividades, junto con el cumplimiento escrupuloso de las normas de seguridad, ya que se trata de un trabajo realizado en la v\u00eda p\u00fablica.<\/p>\n\n<figure class=\"wp-block-embed is-type-video is-provider-youtube wp-block-embed-youtube wp-embed-aspect-16-9 wp-has-aspect-ratio\"><div class=\"wp-block-embed__wrapper\">\n<iframe title=\"Douro Interior A13\" width=\"500\" height=\"281\" src=\"https:\/\/www.youtube.com\/embed\/MZoVINN2Y6E?feature=oembed\" frameborder=\"0\" allow=\"accelerometer; autoplay; clipboard-write; encrypted-media; gyroscope; picture-in-picture; web-share\" referrerpolicy=\"strict-origin-when-cross-origin\" allowfullscreen><\/iframe>\n<\/div><\/figure>\n","protected":false},"excerpt":{"rendered":"<p>A Mota-Engil ATIV tem a seu cargo os Trabalhos de Gest\u00e3o de Vegeta\u00e7\u00e3o para v\u00e1rios Clientes das autoestradas, nomeadamente, Brisa e Douro Interior.<\/p>\n","protected":false},"author":2,"featured_media":13713,"comment_status":"open","ping_status":"open","sticky":false,"template":"","format":"standard","meta":{"_acf_changed":false,"footnotes":""},"categories":[16],"tags":[],"class_list":["post-13727","post","type-post","status-publish","format-standard","has-post-thumbnail","hentry","category-articulo"],"acf":[],"yoast_head":"<!-- This site is optimized with the Yoast SEO plugin v27.4 - https:\/\/yoast.com\/product\/yoast-seo-wordpress\/ -->\n<title>Gesti\u00f3n de Vegetaci\u00f3n en Autopistas - Mota-Engil ATIV<\/title>\n<meta name=\"robots\" content=\"index, follow, max-snippet:-1, max-image-preview:large, max-video-preview:-1\" \/>\n<link rel=\"canonical\" href=\"https:\/\/www.ativ.pt\/es\/2025\/03\/17\/gestion-de-vegetacion-en-autopistas\/\" \/>\n<meta property=\"og:locale\" content=\"es_ES\" \/>\n<meta property=\"og:type\" content=\"article\" \/>\n<meta property=\"og:title\" content=\"Gesti\u00f3n de Vegetaci\u00f3n en Autopistas - Mota-Engil ATIV\" \/>\n<meta property=\"og:description\" content=\"A Mota-Engil ATIV tem a seu cargo os Trabalhos de Gest\u00e3o de Vegeta\u00e7\u00e3o para v\u00e1rios Clientes das autoestradas, nomeadamente, Brisa e Douro Interior.\" \/>\n<meta property=\"og:url\" content=\"https:\/\/www.ativ.pt\/es\/2025\/03\/17\/gestion-de-vegetacion-en-autopistas\/\" \/>\n<meta property=\"og:site_name\" content=\"Mota-Engil ATIV\" \/>\n<meta property=\"article:publisher\" content=\"https:\/\/www.facebook.com\/MotaEngilATIV\/\" \/>\n<meta property=\"article:published_time\" content=\"2025-03-17T13:36:13+00:00\" \/>\n<meta property=\"article:modified_time\" content=\"2025-03-20T12:16:20+00:00\" \/>\n<meta property=\"og:image\" content=\"https:\/\/www.ativ.pt\/wp-content\/uploads\/2025\/03\/douro-interior-gestao_destaque.jpg\" \/>\n\t<meta property=\"og:image:width\" content=\"1194\" \/>\n\t<meta property=\"og:image:height\" content=\"372\" \/>\n\t<meta property=\"og:image:type\" content=\"image\/jpeg\" \/>\n<meta name=\"author\" content=\"Susana Guerreiro\" \/>\n<meta name=\"twitter:card\" content=\"summary_large_image\" \/>\n<meta name=\"twitter:label1\" content=\"Escrito por\" \/>\n\t<meta name=\"twitter:data1\" content=\"Susana Guerreiro\" \/>\n\t<meta name=\"twitter:label2\" content=\"Tiempo de lectura\" \/>\n\t<meta name=\"twitter:data2\" content=\"1 minuto\" \/>\n<script type=\"application\/ld+json\" class=\"yoast-schema-graph\">{\"@context\":\"https:\\\/\\\/schema.org\",\"@graph\":[{\"@type\":\"Article\",\"@id\":\"https:\\\/\\\/www.ativ.pt\\\/es\\\/2025\\\/03\\\/17\\\/gestion-de-vegetacion-en-autopistas\\\/#article\",\"isPartOf\":{\"@id\":\"https:\\\/\\\/www.ativ.pt\\\/es\\\/2025\\\/03\\\/17\\\/gestion-de-vegetacion-en-autopistas\\\/\"},\"author\":{\"name\":\"Susana Guerreiro\",\"@id\":\"https:\\\/\\\/www.ativ.pt\\\/es\\\/#\\\/schema\\\/person\\\/76cd49f91ef96b6902453415264f0c55\"},\"headline\":\"Gesti\u00f3n de Vegetaci\u00f3n en Autopistas\",\"datePublished\":\"2025-03-17T13:36:13+00:00\",\"dateModified\":\"2025-03-20T12:16:20+00:00\",\"mainEntityOfPage\":{\"@id\":\"https:\\\/\\\/www.ativ.pt\\\/es\\\/2025\\\/03\\\/17\\\/gestion-de-vegetacion-en-autopistas\\\/\"},\"wordCount\":152,\"commentCount\":0,\"publisher\":{\"@id\":\"https:\\\/\\\/www.ativ.pt\\\/es\\\/#organization\"},\"image\":{\"@id\":\"https:\\\/\\\/www.ativ.pt\\\/es\\\/2025\\\/03\\\/17\\\/gestion-de-vegetacion-en-autopistas\\\/#primaryimage\"},\"thumbnailUrl\":\"https:\\\/\\\/www.ativ.pt\\\/wp-content\\\/uploads\\\/2025\\\/03\\\/douro-interior-gestao_destaque.jpg\",\"articleSection\":[\"Art\u00edculo\"],\"inLanguage\":\"es\",\"potentialAction\":[{\"@type\":\"CommentAction\",\"name\":\"Comment\",\"target\":[\"https:\\\/\\\/www.ativ.pt\\\/es\\\/2025\\\/03\\\/17\\\/gestion-de-vegetacion-en-autopistas\\\/#respond\"]}]},{\"@type\":\"WebPage\",\"@id\":\"https:\\\/\\\/www.ativ.pt\\\/es\\\/2025\\\/03\\\/17\\\/gestion-de-vegetacion-en-autopistas\\\/\",\"url\":\"https:\\\/\\\/www.ativ.pt\\\/es\\\/2025\\\/03\\\/17\\\/gestion-de-vegetacion-en-autopistas\\\/\",\"name\":\"Gesti\u00f3n de Vegetaci\u00f3n en Autopistas - Mota-Engil ATIV\",\"isPartOf\":{\"@id\":\"https:\\\/\\\/www.ativ.pt\\\/es\\\/#website\"},\"primaryImageOfPage\":{\"@id\":\"https:\\\/\\\/www.ativ.pt\\\/es\\\/2025\\\/03\\\/17\\\/gestion-de-vegetacion-en-autopistas\\\/#primaryimage\"},\"image\":{\"@id\":\"https:\\\/\\\/www.ativ.pt\\\/es\\\/2025\\\/03\\\/17\\\/gestion-de-vegetacion-en-autopistas\\\/#primaryimage\"},\"thumbnailUrl\":\"https:\\\/\\\/www.ativ.pt\\\/wp-content\\\/uploads\\\/2025\\\/03\\\/douro-interior-gestao_destaque.jpg\",\"datePublished\":\"2025-03-17T13:36:13+00:00\",\"dateModified\":\"2025-03-20T12:16:20+00:00\",\"breadcrumb\":{\"@id\":\"https:\\\/\\\/www.ativ.pt\\\/es\\\/2025\\\/03\\\/17\\\/gestion-de-vegetacion-en-autopistas\\\/#breadcrumb\"},\"inLanguage\":\"es\",\"potentialAction\":[{\"@type\":\"ReadAction\",\"target\":[\"https:\\\/\\\/www.ativ.pt\\\/es\\\/2025\\\/03\\\/17\\\/gestion-de-vegetacion-en-autopistas\\\/\"]}]},{\"@type\":\"ImageObject\",\"inLanguage\":\"es\",\"@id\":\"https:\\\/\\\/www.ativ.pt\\\/es\\\/2025\\\/03\\\/17\\\/gestion-de-vegetacion-en-autopistas\\\/#primaryimage\",\"url\":\"https:\\\/\\\/www.ativ.pt\\\/wp-content\\\/uploads\\\/2025\\\/03\\\/douro-interior-gestao_destaque.jpg\",\"contentUrl\":\"https:\\\/\\\/www.ativ.pt\\\/wp-content\\\/uploads\\\/2025\\\/03\\\/douro-interior-gestao_destaque.jpg\",\"width\":1194,\"height\":372},{\"@type\":\"BreadcrumbList\",\"@id\":\"https:\\\/\\\/www.ativ.pt\\\/es\\\/2025\\\/03\\\/17\\\/gestion-de-vegetacion-en-autopistas\\\/#breadcrumb\",\"itemListElement\":[{\"@type\":\"ListItem\",\"position\":1,\"name\":\"In\u00edcio\",\"item\":\"https:\\\/\\\/www.ativ.pt\\\/es\\\/\"},{\"@type\":\"ListItem\",\"position\":2,\"name\":\"Gesti\u00f3n de Vegetaci\u00f3n en Autopistas\"}]},{\"@type\":\"WebSite\",\"@id\":\"https:\\\/\\\/www.ativ.pt\\\/es\\\/#website\",\"url\":\"https:\\\/\\\/www.ativ.pt\\\/es\\\/\",\"name\":\"Mota-Engil ATIV\",\"description\":\"Gest\u00e3o e Manuten\u00e7\u00e3o de Ativos\",\"publisher\":{\"@id\":\"https:\\\/\\\/www.ativ.pt\\\/es\\\/#organization\"},\"potentialAction\":[{\"@type\":\"SearchAction\",\"target\":{\"@type\":\"EntryPoint\",\"urlTemplate\":\"https:\\\/\\\/www.ativ.pt\\\/es\\\/?s={search_term_string}\"},\"query-input\":{\"@type\":\"PropertyValueSpecification\",\"valueRequired\":true,\"valueName\":\"search_term_string\"}}],\"inLanguage\":\"es\"},{\"@type\":\"Organization\",\"@id\":\"https:\\\/\\\/www.ativ.pt\\\/es\\\/#organization\",\"name\":\"Mota-Engil ATIV\",\"url\":\"https:\\\/\\\/www.ativ.pt\\\/es\\\/\",\"logo\":{\"@type\":\"ImageObject\",\"inLanguage\":\"es\",\"@id\":\"https:\\\/\\\/www.ativ.pt\\\/es\\\/#\\\/schema\\\/logo\\\/image\\\/\",\"url\":\"https:\\\/\\\/www.ativ.pt\\\/wp-content\\\/uploads\\\/2022\\\/04\\\/logo-ativ-cor-1.svg\",\"contentUrl\":\"https:\\\/\\\/www.ativ.pt\\\/wp-content\\\/uploads\\\/2022\\\/04\\\/logo-ativ-cor-1.svg\",\"width\":250,\"height\":100,\"caption\":\"Mota-Engil ATIV\"},\"image\":{\"@id\":\"https:\\\/\\\/www.ativ.pt\\\/es\\\/#\\\/schema\\\/logo\\\/image\\\/\"},\"sameAs\":[\"https:\\\/\\\/www.facebook.com\\\/MotaEngilATIV\\\/\",\"https:\\\/\\\/www.instagram.com\\\/mota_engil_ativ\\\/\",\"https:\\\/\\\/www.linkedin.com\\\/company\\\/motaengil-ativ\"]},{\"@type\":\"Person\",\"@id\":\"https:\\\/\\\/www.ativ.pt\\\/es\\\/#\\\/schema\\\/person\\\/76cd49f91ef96b6902453415264f0c55\",\"name\":\"Susana Guerreiro\"}]}<\/script>\n<!-- \/ Yoast SEO plugin. -->","yoast_head_json":{"title":"Gesti\u00f3n de Vegetaci\u00f3n en Autopistas - Mota-Engil ATIV","robots":{"index":"index","follow":"follow","max-snippet":"max-snippet:-1","max-image-preview":"max-image-preview:large","max-video-preview":"max-video-preview:-1"},"canonical":"https:\/\/www.ativ.pt\/es\/2025\/03\/17\/gestion-de-vegetacion-en-autopistas\/","og_locale":"es_ES","og_type":"article","og_title":"Gesti\u00f3n de Vegetaci\u00f3n en Autopistas - Mota-Engil ATIV","og_description":"A Mota-Engil ATIV tem a seu cargo os Trabalhos de Gest\u00e3o de Vegeta\u00e7\u00e3o para v\u00e1rios Clientes das autoestradas, nomeadamente, Brisa e Douro Interior.","og_url":"https:\/\/www.ativ.pt\/es\/2025\/03\/17\/gestion-de-vegetacion-en-autopistas\/","og_site_name":"Mota-Engil ATIV","article_publisher":"https:\/\/www.facebook.com\/MotaEngilATIV\/","article_published_time":"2025-03-17T13:36:13+00:00","article_modified_time":"2025-03-20T12:16:20+00:00","og_image":[{"width":1194,"height":372,"url":"https:\/\/www.ativ.pt\/wp-content\/uploads\/2025\/03\/douro-interior-gestao_destaque.jpg","type":"image\/jpeg"}],"author":"Susana Guerreiro","twitter_card":"summary_large_image","twitter_misc":{"Escrito por":"Susana Guerreiro","Tiempo de lectura":"1 minuto"},"schema":{"@context":"https:\/\/schema.org","@graph":[{"@type":"Article","@id":"https:\/\/www.ativ.pt\/es\/2025\/03\/17\/gestion-de-vegetacion-en-autopistas\/#article","isPartOf":{"@id":"https:\/\/www.ativ.pt\/es\/2025\/03\/17\/gestion-de-vegetacion-en-autopistas\/"},"author":{"name":"Susana Guerreiro","@id":"https:\/\/www.ativ.pt\/es\/#\/schema\/person\/76cd49f91ef96b6902453415264f0c55"},"headline":"Gesti\u00f3n de Vegetaci\u00f3n en Autopistas","datePublished":"2025-03-17T13:36:13+00:00","dateModified":"2025-03-20T12:16:20+00:00","mainEntityOfPage":{"@id":"https:\/\/www.ativ.pt\/es\/2025\/03\/17\/gestion-de-vegetacion-en-autopistas\/"},"wordCount":152,"commentCount":0,"publisher":{"@id":"https:\/\/www.ativ.pt\/es\/#organization"},"image":{"@id":"https:\/\/www.ativ.pt\/es\/2025\/03\/17\/gestion-de-vegetacion-en-autopistas\/#primaryimage"},"thumbnailUrl":"https:\/\/www.ativ.pt\/wp-content\/uploads\/2025\/03\/douro-interior-gestao_destaque.jpg","articleSection":["Art\u00edculo"],"inLanguage":"es","potentialAction":[{"@type":"CommentAction","name":"Comment","target":["https:\/\/www.ativ.pt\/es\/2025\/03\/17\/gestion-de-vegetacion-en-autopistas\/#respond"]}]},{"@type":"WebPage","@id":"https:\/\/www.ativ.pt\/es\/2025\/03\/17\/gestion-de-vegetacion-en-autopistas\/","url":"https:\/\/www.ativ.pt\/es\/2025\/03\/17\/gestion-de-vegetacion-en-autopistas\/","name":"Gesti\u00f3n de Vegetaci\u00f3n en Autopistas - Mota-Engil ATIV","isPartOf":{"@id":"https:\/\/www.ativ.pt\/es\/#website"},"primaryImageOfPage":{"@id":"https:\/\/www.ativ.pt\/es\/2025\/03\/17\/gestion-de-vegetacion-en-autopistas\/#primaryimage"},"image":{"@id":"https:\/\/www.ativ.pt\/es\/2025\/03\/17\/gestion-de-vegetacion-en-autopistas\/#primaryimage"},"thumbnailUrl":"https:\/\/www.ativ.pt\/wp-content\/uploads\/2025\/03\/douro-interior-gestao_destaque.jpg","datePublished":"2025-03-17T13:36:13+00:00","dateModified":"2025-03-20T12:16:20+00:00","breadcrumb":{"@id":"https:\/\/www.ativ.pt\/es\/2025\/03\/17\/gestion-de-vegetacion-en-autopistas\/#breadcrumb"},"inLanguage":"es","potentialAction":[{"@type":"ReadAction","target":["https:\/\/www.ativ.pt\/es\/2025\/03\/17\/gestion-de-vegetacion-en-autopistas\/"]}]},{"@type":"ImageObject","inLanguage":"es","@id":"https:\/\/www.ativ.pt\/es\/2025\/03\/17\/gestion-de-vegetacion-en-autopistas\/#primaryimage","url":"https:\/\/www.ativ.pt\/wp-content\/uploads\/2025\/03\/douro-interior-gestao_destaque.jpg","contentUrl":"https:\/\/www.ativ.pt\/wp-content\/uploads\/2025\/03\/douro-interior-gestao_destaque.jpg","width":1194,"height":372},{"@type":"BreadcrumbList","@id":"https:\/\/www.ativ.pt\/es\/2025\/03\/17\/gestion-de-vegetacion-en-autopistas\/#breadcrumb","itemListElement":[{"@type":"ListItem","position":1,"name":"In\u00edcio","item":"https:\/\/www.ativ.pt\/es\/"},{"@type":"ListItem","position":2,"name":"Gesti\u00f3n de Vegetaci\u00f3n en Autopistas"}]},{"@type":"WebSite","@id":"https:\/\/www.ativ.pt\/es\/#website","url":"https:\/\/www.ativ.pt\/es\/","name":"Mota-Engil ATIV","description":"Gest\u00e3o e Manuten\u00e7\u00e3o de Ativos","publisher":{"@id":"https:\/\/www.ativ.pt\/es\/#organization"},"potentialAction":[{"@type":"SearchAction","target":{"@type":"EntryPoint","urlTemplate":"https:\/\/www.ativ.pt\/es\/?s={search_term_string}"},"query-input":{"@type":"PropertyValueSpecification","valueRequired":true,"valueName":"search_term_string"}}],"inLanguage":"es"},{"@type":"Organization","@id":"https:\/\/www.ativ.pt\/es\/#organization","name":"Mota-Engil ATIV","url":"https:\/\/www.ativ.pt\/es\/","logo":{"@type":"ImageObject","inLanguage":"es","@id":"https:\/\/www.ativ.pt\/es\/#\/schema\/logo\/image\/","url":"https:\/\/www.ativ.pt\/wp-content\/uploads\/2022\/04\/logo-ativ-cor-1.svg","contentUrl":"https:\/\/www.ativ.pt\/wp-content\/uploads\/2022\/04\/logo-ativ-cor-1.svg","width":250,"height":100,"caption":"Mota-Engil ATIV"},"image":{"@id":"https:\/\/www.ativ.pt\/es\/#\/schema\/logo\/image\/"},"sameAs":["https:\/\/www.facebook.com\/MotaEngilATIV\/","https:\/\/www.instagram.com\/mota_engil_ativ\/","https:\/\/www.linkedin.com\/company\/motaengil-ativ"]},{"@type":"Person","@id":"https:\/\/www.ativ.pt\/es\/#\/schema\/person\/76cd49f91ef96b6902453415264f0c55","name":"Susana Guerreiro"}]}},"_links":{"self":[{"href":"https:\/\/www.ativ.pt\/es\/wp-json\/wp\/v2\/posts\/13727","targetHints":{"allow":["GET"]}}],"collection":[{"href":"https:\/\/www.ativ.pt\/es\/wp-json\/wp\/v2\/posts"}],"about":[{"href":"https:\/\/www.ativ.pt\/es\/wp-json\/wp\/v2\/types\/post"}],"author":[{"embeddable":true,"href":"https:\/\/www.ativ.pt\/es\/wp-json\/wp\/v2\/users\/2"}],"replies":[{"embeddable":true,"href":"https:\/\/www.ativ.pt\/es\/wp-json\/wp\/v2\/comments?post=13727"}],"version-history":[{"count":1,"href":"https:\/\/www.ativ.pt\/es\/wp-json\/wp\/v2\/posts\/13727\/revisions"}],"predecessor-version":[{"id":13728,"href":"https:\/\/www.ativ.pt\/es\/wp-json\/wp\/v2\/posts\/13727\/revisions\/13728"}],"wp:featuredmedia":[{"embeddable":true,"href":"https:\/\/www.ativ.pt\/es\/wp-json\/wp\/v2\/media\/13713"}],"wp:attachment":[{"href":"https:\/\/www.ativ.pt\/es\/wp-json\/wp\/v2\/media?parent=13727"}],"wp:term":[{"taxonomy":"category","embeddable":true,"href":"https:\/\/www.ativ.pt\/es\/wp-json\/wp\/v2\/categories?post=13727"},{"taxonomy":"post_tag","embeddable":true,"href":"https:\/\/www.ativ.pt\/es\/wp-json\/wp\/v2\/tags?post=13727"}],"curies":[{"name":"wp","href":"https:\/\/api.w.org\/{rel}","templated":true}]}}