{"id":13035,"date":"2024-10-09T07:36:41","date_gmt":"2024-10-09T07:36:41","guid":{"rendered":"https:\/\/www.ativ.pt\/2024\/10\/09\/ativ-participa-en-la-cumbre-internacional-sobre-eficiencia-hidrica\/"},"modified":"2024-12-13T17:24:30","modified_gmt":"2024-12-13T17:24:30","slug":"ativ-participa-en-la-cumbre-internacional-sobre-eficiencia-hidrica","status":"publish","type":"post","link":"https:\/\/www.ativ.pt\/es\/2024\/10\/09\/ativ-participa-en-la-cumbre-internacional-sobre-eficiencia-hidrica\/","title":{"rendered":"ATIV participa en la Cumbre Internacional sobre Eficiencia H\u00eddrica"},"content":{"rendered":"\n<p>El cambio clim\u00e1tico, el crecimiento poblacional, entre otros factores, est\u00e1n llevando a la escasez de agua en muchas regiones, con impactos devastadores en el medio ambiente, la agricultura, la salud p\u00fablica y la econom\u00eda. <\/p>\n\n<p>Los temas principales se centraron en la promoci\u00f3n de la eficiencia h\u00eddrica en la agricultura, la industria y los servicios, en la implementaci\u00f3n de tecnolog\u00edas innovadoras para la gesti\u00f3n del agua, incluyendo la desalinizaci\u00f3n, la reutilizaci\u00f3n de aguas residuales y la agricultura inteligente, la cooperaci\u00f3n transfronteriza, as\u00ed como en garantizar un acceso equitativo y sostenible al agua para todos.<\/p>\n\n<figure class=\"wp-block-gallery has-nested-images columns-default is-cropped wp-block-gallery-1 is-layout-flex wp-block-gallery-is-layout-flex\">\n<figure class=\"wp-block-image size-large\"><img fetchpriority=\"high\" decoding=\"async\" width=\"650\" height=\"365\" data-id=\"12149\" src=\"https:\/\/www.ativ.pt\/wp-content\/uploads\/2024\/10\/Cimeira-eficiencia-hidrica_.jpg\" alt=\"\" class=\"wp-image-12149\" srcset=\"https:\/\/www.ativ.pt\/wp-content\/uploads\/2024\/10\/Cimeira-eficiencia-hidrica_.jpg 650w, https:\/\/www.ativ.pt\/wp-content\/uploads\/2024\/10\/Cimeira-eficiencia-hidrica_-300x168.jpg 300w\" sizes=\"(max-width: 650px) 100vw, 650px\" \/><\/figure>\n\n\n\n<figure class=\"wp-block-image size-large\"><img decoding=\"async\" width=\"650\" height=\"365\" data-id=\"12150\" src=\"https:\/\/www.ativ.pt\/wp-content\/uploads\/2024\/10\/Cimeira-eficiencia-hidrica_1.jpg\" alt=\"\" class=\"wp-image-12150\" srcset=\"https:\/\/www.ativ.pt\/wp-content\/uploads\/2024\/10\/Cimeira-eficiencia-hidrica_1.jpg 650w, https:\/\/www.ativ.pt\/wp-content\/uploads\/2024\/10\/Cimeira-eficiencia-hidrica_1-300x168.jpg 300w\" sizes=\"(max-width: 650px) 100vw, 650px\" \/><\/figure>\n<\/figure>\n\n<p>En Mota-Engil ATIV, la Eficiencia H\u00eddrica es uno de los pilares de la Sostenibilidad, reforzando diariamente la concienciaci\u00f3n y contribuyendo con soluciones, tecnolog\u00edas y pr\u00e1cticas para reducir el consumo de agua en sus operaciones y proyectos de construcci\u00f3n.<\/p>\n\n<p>Un ejemplo de estas pr\u00e1cticas es el uso de la tecnolog\u00eda innovadora DRYJECT + SAP, que ha demostrado ser una herramienta muy eficaz en la reducci\u00f3n de la huella h\u00eddrica asociada al mantenimiento de diversos espacios verdes, con ahorros que pueden superar el 50%.<\/p>\n\n<p>Tambi\u00e9n se utilizan sistemas de detecci\u00f3n de fugas de agua, operaciones adecuadas en estaciones de tratamiento de aguas residuales, soluciones para la reutilizaci\u00f3n de aguas residuales producidas en los talleres para riego y limpieza, el aprovechamiento de aguas pluviales, la instalaci\u00f3n de mecanismos de ahorro de agua en las oficinas de ATIV y el fomento de cambios en los h\u00e1bitos de consumo.<\/p>\n","protected":false},"excerpt":{"rendered":"<p>El evento, considerado \u00fanico, fue organizado por el Consejo Directivo Nacional de la Orden de Ingenieros y reuni\u00f3 a especialistas, l\u00edderes y tomadores de decisiones globales en torno a los desaf\u00edos urgentes de la gesti\u00f3n del agua, buscando identificar soluciones innovadoras para un futuro sostenible.<\/p>\n","protected":false},"author":2,"featured_media":12563,"comment_status":"open","ping_status":"open","sticky":false,"template":"","format":"standard","meta":{"_acf_changed":false,"footnotes":""},"categories":[16],"tags":[],"class_list":["post-13035","post","type-post","status-publish","format-standard","has-post-thumbnail","hentry","category-articulo"],"acf":[],"yoast_head":"<!-- This site is optimized with the Yoast SEO plugin v27.5 - https:\/\/yoast.com\/product\/yoast-seo-wordpress\/ -->\n<title>ATIV participa en la Cumbre Internacional sobre Eficiencia H\u00eddrica - Mota-Engil ATIV<\/title>\n<meta name=\"robots\" content=\"index, follow, max-snippet:-1, max-image-preview:large, max-video-preview:-1\" \/>\n<link rel=\"canonical\" href=\"https:\/\/www.ativ.pt\/es\/2024\/10\/09\/ativ-participa-en-la-cumbre-internacional-sobre-eficiencia-hidrica\/\" \/>\n<meta property=\"og:locale\" content=\"es_ES\" \/>\n<meta property=\"og:type\" content=\"article\" \/>\n<meta property=\"og:title\" content=\"ATIV participa en la Cumbre Internacional sobre Eficiencia H\u00eddrica - Mota-Engil ATIV\" \/>\n<meta property=\"og:description\" content=\"El evento, considerado \u00fanico, fue organizado por el Consejo Directivo Nacional de la Orden de Ingenieros y reuni\u00f3 a especialistas, l\u00edderes y tomadores de decisiones globales en torno a los desaf\u00edos urgentes de la gesti\u00f3n del agua, buscando identificar soluciones innovadoras para un futuro sostenible.\" \/>\n<meta property=\"og:url\" content=\"https:\/\/www.ativ.pt\/es\/2024\/10\/09\/ativ-participa-en-la-cumbre-internacional-sobre-eficiencia-hidrica\/\" \/>\n<meta property=\"og:site_name\" content=\"Mota-Engil ATIV\" \/>\n<meta property=\"article:publisher\" content=\"https:\/\/www.facebook.com\/MotaEngilATIV\/\" \/>\n<meta property=\"article:published_time\" content=\"2024-10-09T07:36:41+00:00\" \/>\n<meta property=\"article:modified_time\" content=\"2024-12-13T17:24:30+00:00\" \/>\n<meta property=\"og:image\" content=\"https:\/\/www.ativ.pt\/wp-content\/uploads\/2024\/10\/eficieynciahidrica_1920x1080px_16285237166d8a91f911cb-1.png\" \/>\n\t<meta property=\"og:image:width\" content=\"701\" \/>\n\t<meta property=\"og:image:height\" content=\"413\" \/>\n\t<meta property=\"og:image:type\" content=\"image\/png\" \/>\n<meta name=\"author\" content=\"Susana Guerreiro\" \/>\n<meta name=\"twitter:card\" content=\"summary_large_image\" \/>\n<meta name=\"twitter:label1\" content=\"Escrito por\" \/>\n\t<meta name=\"twitter:data1\" content=\"Susana Guerreiro\" \/>\n\t<meta name=\"twitter:label2\" content=\"Tiempo de lectura\" \/>\n\t<meta name=\"twitter:data2\" content=\"1 minuto\" \/>\n<script type=\"application\/ld+json\" class=\"yoast-schema-graph\">{\"@context\":\"https:\\\/\\\/schema.org\",\"@graph\":[{\"@type\":\"Article\",\"@id\":\"https:\\\/\\\/www.ativ.pt\\\/es\\\/2024\\\/10\\\/09\\\/ativ-participa-en-la-cumbre-internacional-sobre-eficiencia-hidrica\\\/#article\",\"isPartOf\":{\"@id\":\"https:\\\/\\\/www.ativ.pt\\\/es\\\/2024\\\/10\\\/09\\\/ativ-participa-en-la-cumbre-internacional-sobre-eficiencia-hidrica\\\/\"},\"author\":{\"name\":\"Susana Guerreiro\",\"@id\":\"https:\\\/\\\/www.ativ.pt\\\/es\\\/#\\\/schema\\\/person\\\/76cd49f91ef96b6902453415264f0c55\"},\"headline\":\"ATIV participa en la Cumbre Internacional sobre Eficiencia H\u00eddrica\",\"datePublished\":\"2024-10-09T07:36:41+00:00\",\"dateModified\":\"2024-12-13T17:24:30+00:00\",\"mainEntityOfPage\":{\"@id\":\"https:\\\/\\\/www.ativ.pt\\\/es\\\/2024\\\/10\\\/09\\\/ativ-participa-en-la-cumbre-internacional-sobre-eficiencia-hidrica\\\/\"},\"wordCount\":271,\"commentCount\":0,\"publisher\":{\"@id\":\"https:\\\/\\\/www.ativ.pt\\\/es\\\/#organization\"},\"image\":{\"@id\":\"https:\\\/\\\/www.ativ.pt\\\/es\\\/2024\\\/10\\\/09\\\/ativ-participa-en-la-cumbre-internacional-sobre-eficiencia-hidrica\\\/#primaryimage\"},\"thumbnailUrl\":\"https:\\\/\\\/www.ativ.pt\\\/wp-content\\\/uploads\\\/2024\\\/10\\\/eficieynciahidrica_1920x1080px_16285237166d8a91f911cb-1.png\",\"articleSection\":[\"Art\u00edculo\"],\"inLanguage\":\"es\",\"potentialAction\":[{\"@type\":\"CommentAction\",\"name\":\"Comment\",\"target\":[\"https:\\\/\\\/www.ativ.pt\\\/es\\\/2024\\\/10\\\/09\\\/ativ-participa-en-la-cumbre-internacional-sobre-eficiencia-hidrica\\\/#respond\"]}]},{\"@type\":\"WebPage\",\"@id\":\"https:\\\/\\\/www.ativ.pt\\\/es\\\/2024\\\/10\\\/09\\\/ativ-participa-en-la-cumbre-internacional-sobre-eficiencia-hidrica\\\/\",\"url\":\"https:\\\/\\\/www.ativ.pt\\\/es\\\/2024\\\/10\\\/09\\\/ativ-participa-en-la-cumbre-internacional-sobre-eficiencia-hidrica\\\/\",\"name\":\"ATIV participa en la Cumbre Internacional sobre Eficiencia H\u00eddrica - Mota-Engil ATIV\",\"isPartOf\":{\"@id\":\"https:\\\/\\\/www.ativ.pt\\\/es\\\/#website\"},\"primaryImageOfPage\":{\"@id\":\"https:\\\/\\\/www.ativ.pt\\\/es\\\/2024\\\/10\\\/09\\\/ativ-participa-en-la-cumbre-internacional-sobre-eficiencia-hidrica\\\/#primaryimage\"},\"image\":{\"@id\":\"https:\\\/\\\/www.ativ.pt\\\/es\\\/2024\\\/10\\\/09\\\/ativ-participa-en-la-cumbre-internacional-sobre-eficiencia-hidrica\\\/#primaryimage\"},\"thumbnailUrl\":\"https:\\\/\\\/www.ativ.pt\\\/wp-content\\\/uploads\\\/2024\\\/10\\\/eficieynciahidrica_1920x1080px_16285237166d8a91f911cb-1.png\",\"datePublished\":\"2024-10-09T07:36:41+00:00\",\"dateModified\":\"2024-12-13T17:24:30+00:00\",\"breadcrumb\":{\"@id\":\"https:\\\/\\\/www.ativ.pt\\\/es\\\/2024\\\/10\\\/09\\\/ativ-participa-en-la-cumbre-internacional-sobre-eficiencia-hidrica\\\/#breadcrumb\"},\"inLanguage\":\"es\",\"potentialAction\":[{\"@type\":\"ReadAction\",\"target\":[\"https:\\\/\\\/www.ativ.pt\\\/es\\\/2024\\\/10\\\/09\\\/ativ-participa-en-la-cumbre-internacional-sobre-eficiencia-hidrica\\\/\"]}]},{\"@type\":\"ImageObject\",\"inLanguage\":\"es\",\"@id\":\"https:\\\/\\\/www.ativ.pt\\\/es\\\/2024\\\/10\\\/09\\\/ativ-participa-en-la-cumbre-internacional-sobre-eficiencia-hidrica\\\/#primaryimage\",\"url\":\"https:\\\/\\\/www.ativ.pt\\\/wp-content\\\/uploads\\\/2024\\\/10\\\/eficieynciahidrica_1920x1080px_16285237166d8a91f911cb-1.png\",\"contentUrl\":\"https:\\\/\\\/www.ativ.pt\\\/wp-content\\\/uploads\\\/2024\\\/10\\\/eficieynciahidrica_1920x1080px_16285237166d8a91f911cb-1.png\",\"width\":701,\"height\":413},{\"@type\":\"BreadcrumbList\",\"@id\":\"https:\\\/\\\/www.ativ.pt\\\/es\\\/2024\\\/10\\\/09\\\/ativ-participa-en-la-cumbre-internacional-sobre-eficiencia-hidrica\\\/#breadcrumb\",\"itemListElement\":[{\"@type\":\"ListItem\",\"position\":1,\"name\":\"In\u00edcio\",\"item\":\"https:\\\/\\\/www.ativ.pt\\\/es\\\/\"},{\"@type\":\"ListItem\",\"position\":2,\"name\":\"ATIV participa en la Cumbre Internacional sobre Eficiencia H\u00eddrica\"}]},{\"@type\":\"WebSite\",\"@id\":\"https:\\\/\\\/www.ativ.pt\\\/es\\\/#website\",\"url\":\"https:\\\/\\\/www.ativ.pt\\\/es\\\/\",\"name\":\"Mota-Engil ATIV\",\"description\":\"Gest\u00e3o e Manuten\u00e7\u00e3o de Ativos\",\"publisher\":{\"@id\":\"https:\\\/\\\/www.ativ.pt\\\/es\\\/#organization\"},\"potentialAction\":[{\"@type\":\"SearchAction\",\"target\":{\"@type\":\"EntryPoint\",\"urlTemplate\":\"https:\\\/\\\/www.ativ.pt\\\/es\\\/?s={search_term_string}\"},\"query-input\":{\"@type\":\"PropertyValueSpecification\",\"valueRequired\":true,\"valueName\":\"search_term_string\"}}],\"inLanguage\":\"es\"},{\"@type\":\"Organization\",\"@id\":\"https:\\\/\\\/www.ativ.pt\\\/es\\\/#organization\",\"name\":\"Mota-Engil ATIV\",\"url\":\"https:\\\/\\\/www.ativ.pt\\\/es\\\/\",\"logo\":{\"@type\":\"ImageObject\",\"inLanguage\":\"es\",\"@id\":\"https:\\\/\\\/www.ativ.pt\\\/es\\\/#\\\/schema\\\/logo\\\/image\\\/\",\"url\":\"https:\\\/\\\/www.ativ.pt\\\/wp-content\\\/uploads\\\/2022\\\/04\\\/logo-ativ-cor-1.svg\",\"contentUrl\":\"https:\\\/\\\/www.ativ.pt\\\/wp-content\\\/uploads\\\/2022\\\/04\\\/logo-ativ-cor-1.svg\",\"width\":250,\"height\":100,\"caption\":\"Mota-Engil ATIV\"},\"image\":{\"@id\":\"https:\\\/\\\/www.ativ.pt\\\/es\\\/#\\\/schema\\\/logo\\\/image\\\/\"},\"sameAs\":[\"https:\\\/\\\/www.facebook.com\\\/MotaEngilATIV\\\/\",\"https:\\\/\\\/www.instagram.com\\\/mota_engil_ativ\\\/\",\"https:\\\/\\\/www.linkedin.com\\\/company\\\/motaengil-ativ\"]},{\"@type\":\"Person\",\"@id\":\"https:\\\/\\\/www.ativ.pt\\\/es\\\/#\\\/schema\\\/person\\\/76cd49f91ef96b6902453415264f0c55\",\"name\":\"Susana Guerreiro\"}]}<\/script>\n<!-- \/ Yoast SEO plugin. -->","yoast_head_json":{"title":"ATIV participa en la Cumbre Internacional sobre Eficiencia H\u00eddrica - Mota-Engil ATIV","robots":{"index":"index","follow":"follow","max-snippet":"max-snippet:-1","max-image-preview":"max-image-preview:large","max-video-preview":"max-video-preview:-1"},"canonical":"https:\/\/www.ativ.pt\/es\/2024\/10\/09\/ativ-participa-en-la-cumbre-internacional-sobre-eficiencia-hidrica\/","og_locale":"es_ES","og_type":"article","og_title":"ATIV participa en la Cumbre Internacional sobre Eficiencia H\u00eddrica - Mota-Engil ATIV","og_description":"El evento, considerado \u00fanico, fue organizado por el Consejo Directivo Nacional de la Orden de Ingenieros y reuni\u00f3 a especialistas, l\u00edderes y tomadores de decisiones globales en torno a los desaf\u00edos urgentes de la gesti\u00f3n del agua, buscando identificar soluciones innovadoras para un futuro sostenible.","og_url":"https:\/\/www.ativ.pt\/es\/2024\/10\/09\/ativ-participa-en-la-cumbre-internacional-sobre-eficiencia-hidrica\/","og_site_name":"Mota-Engil ATIV","article_publisher":"https:\/\/www.facebook.com\/MotaEngilATIV\/","article_published_time":"2024-10-09T07:36:41+00:00","article_modified_time":"2024-12-13T17:24:30+00:00","og_image":[{"width":701,"height":413,"url":"https:\/\/www.ativ.pt\/wp-content\/uploads\/2024\/10\/eficieynciahidrica_1920x1080px_16285237166d8a91f911cb-1.png","type":"image\/png"}],"author":"Susana Guerreiro","twitter_card":"summary_large_image","twitter_misc":{"Escrito por":"Susana Guerreiro","Tiempo de lectura":"1 minuto"},"schema":{"@context":"https:\/\/schema.org","@graph":[{"@type":"Article","@id":"https:\/\/www.ativ.pt\/es\/2024\/10\/09\/ativ-participa-en-la-cumbre-internacional-sobre-eficiencia-hidrica\/#article","isPartOf":{"@id":"https:\/\/www.ativ.pt\/es\/2024\/10\/09\/ativ-participa-en-la-cumbre-internacional-sobre-eficiencia-hidrica\/"},"author":{"name":"Susana Guerreiro","@id":"https:\/\/www.ativ.pt\/es\/#\/schema\/person\/76cd49f91ef96b6902453415264f0c55"},"headline":"ATIV participa en la Cumbre Internacional sobre Eficiencia H\u00eddrica","datePublished":"2024-10-09T07:36:41+00:00","dateModified":"2024-12-13T17:24:30+00:00","mainEntityOfPage":{"@id":"https:\/\/www.ativ.pt\/es\/2024\/10\/09\/ativ-participa-en-la-cumbre-internacional-sobre-eficiencia-hidrica\/"},"wordCount":271,"commentCount":0,"publisher":{"@id":"https:\/\/www.ativ.pt\/es\/#organization"},"image":{"@id":"https:\/\/www.ativ.pt\/es\/2024\/10\/09\/ativ-participa-en-la-cumbre-internacional-sobre-eficiencia-hidrica\/#primaryimage"},"thumbnailUrl":"https:\/\/www.ativ.pt\/wp-content\/uploads\/2024\/10\/eficieynciahidrica_1920x1080px_16285237166d8a91f911cb-1.png","articleSection":["Art\u00edculo"],"inLanguage":"es","potentialAction":[{"@type":"CommentAction","name":"Comment","target":["https:\/\/www.ativ.pt\/es\/2024\/10\/09\/ativ-participa-en-la-cumbre-internacional-sobre-eficiencia-hidrica\/#respond"]}]},{"@type":"WebPage","@id":"https:\/\/www.ativ.pt\/es\/2024\/10\/09\/ativ-participa-en-la-cumbre-internacional-sobre-eficiencia-hidrica\/","url":"https:\/\/www.ativ.pt\/es\/2024\/10\/09\/ativ-participa-en-la-cumbre-internacional-sobre-eficiencia-hidrica\/","name":"ATIV participa en la Cumbre Internacional sobre Eficiencia H\u00eddrica - Mota-Engil ATIV","isPartOf":{"@id":"https:\/\/www.ativ.pt\/es\/#website"},"primaryImageOfPage":{"@id":"https:\/\/www.ativ.pt\/es\/2024\/10\/09\/ativ-participa-en-la-cumbre-internacional-sobre-eficiencia-hidrica\/#primaryimage"},"image":{"@id":"https:\/\/www.ativ.pt\/es\/2024\/10\/09\/ativ-participa-en-la-cumbre-internacional-sobre-eficiencia-hidrica\/#primaryimage"},"thumbnailUrl":"https:\/\/www.ativ.pt\/wp-content\/uploads\/2024\/10\/eficieynciahidrica_1920x1080px_16285237166d8a91f911cb-1.png","datePublished":"2024-10-09T07:36:41+00:00","dateModified":"2024-12-13T17:24:30+00:00","breadcrumb":{"@id":"https:\/\/www.ativ.pt\/es\/2024\/10\/09\/ativ-participa-en-la-cumbre-internacional-sobre-eficiencia-hidrica\/#breadcrumb"},"inLanguage":"es","potentialAction":[{"@type":"ReadAction","target":["https:\/\/www.ativ.pt\/es\/2024\/10\/09\/ativ-participa-en-la-cumbre-internacional-sobre-eficiencia-hidrica\/"]}]},{"@type":"ImageObject","inLanguage":"es","@id":"https:\/\/www.ativ.pt\/es\/2024\/10\/09\/ativ-participa-en-la-cumbre-internacional-sobre-eficiencia-hidrica\/#primaryimage","url":"https:\/\/www.ativ.pt\/wp-content\/uploads\/2024\/10\/eficieynciahidrica_1920x1080px_16285237166d8a91f911cb-1.png","contentUrl":"https:\/\/www.ativ.pt\/wp-content\/uploads\/2024\/10\/eficieynciahidrica_1920x1080px_16285237166d8a91f911cb-1.png","width":701,"height":413},{"@type":"BreadcrumbList","@id":"https:\/\/www.ativ.pt\/es\/2024\/10\/09\/ativ-participa-en-la-cumbre-internacional-sobre-eficiencia-hidrica\/#breadcrumb","itemListElement":[{"@type":"ListItem","position":1,"name":"In\u00edcio","item":"https:\/\/www.ativ.pt\/es\/"},{"@type":"ListItem","position":2,"name":"ATIV participa en la Cumbre Internacional sobre Eficiencia H\u00eddrica"}]},{"@type":"WebSite","@id":"https:\/\/www.ativ.pt\/es\/#website","url":"https:\/\/www.ativ.pt\/es\/","name":"Mota-Engil ATIV","description":"Gest\u00e3o e Manuten\u00e7\u00e3o de Ativos","publisher":{"@id":"https:\/\/www.ativ.pt\/es\/#organization"},"potentialAction":[{"@type":"SearchAction","target":{"@type":"EntryPoint","urlTemplate":"https:\/\/www.ativ.pt\/es\/?s={search_term_string}"},"query-input":{"@type":"PropertyValueSpecification","valueRequired":true,"valueName":"search_term_string"}}],"inLanguage":"es"},{"@type":"Organization","@id":"https:\/\/www.ativ.pt\/es\/#organization","name":"Mota-Engil ATIV","url":"https:\/\/www.ativ.pt\/es\/","logo":{"@type":"ImageObject","inLanguage":"es","@id":"https:\/\/www.ativ.pt\/es\/#\/schema\/logo\/image\/","url":"https:\/\/www.ativ.pt\/wp-content\/uploads\/2022\/04\/logo-ativ-cor-1.svg","contentUrl":"https:\/\/www.ativ.pt\/wp-content\/uploads\/2022\/04\/logo-ativ-cor-1.svg","width":250,"height":100,"caption":"Mota-Engil ATIV"},"image":{"@id":"https:\/\/www.ativ.pt\/es\/#\/schema\/logo\/image\/"},"sameAs":["https:\/\/www.facebook.com\/MotaEngilATIV\/","https:\/\/www.instagram.com\/mota_engil_ativ\/","https:\/\/www.linkedin.com\/company\/motaengil-ativ"]},{"@type":"Person","@id":"https:\/\/www.ativ.pt\/es\/#\/schema\/person\/76cd49f91ef96b6902453415264f0c55","name":"Susana Guerreiro"}]}},"_links":{"self":[{"href":"https:\/\/www.ativ.pt\/es\/wp-json\/wp\/v2\/posts\/13035","targetHints":{"allow":["GET"]}}],"collection":[{"href":"https:\/\/www.ativ.pt\/es\/wp-json\/wp\/v2\/posts"}],"about":[{"href":"https:\/\/www.ativ.pt\/es\/wp-json\/wp\/v2\/types\/post"}],"author":[{"embeddable":true,"href":"https:\/\/www.ativ.pt\/es\/wp-json\/wp\/v2\/users\/2"}],"replies":[{"embeddable":true,"href":"https:\/\/www.ativ.pt\/es\/wp-json\/wp\/v2\/comments?post=13035"}],"version-history":[{"count":1,"href":"https:\/\/www.ativ.pt\/es\/wp-json\/wp\/v2\/posts\/13035\/revisions"}],"predecessor-version":[{"id":13036,"href":"https:\/\/www.ativ.pt\/es\/wp-json\/wp\/v2\/posts\/13035\/revisions\/13036"}],"wp:featuredmedia":[{"embeddable":true,"href":"https:\/\/www.ativ.pt\/es\/wp-json\/wp\/v2\/media\/12563"}],"wp:attachment":[{"href":"https:\/\/www.ativ.pt\/es\/wp-json\/wp\/v2\/media?parent=13035"}],"wp:term":[{"taxonomy":"category","embeddable":true,"href":"https:\/\/www.ativ.pt\/es\/wp-json\/wp\/v2\/categories?post=13035"},{"taxonomy":"post_tag","embeddable":true,"href":"https:\/\/www.ativ.pt\/es\/wp-json\/wp\/v2\/tags?post=13035"}],"curies":[{"name":"wp","href":"https:\/\/api.w.org\/{rel}","templated":true}]}}