{"id":11766,"date":"2024-07-25T12:00:39","date_gmt":"2024-07-25T12:00:39","guid":{"rendered":"https:\/\/www.ativ.pt\/2024\/07\/25\/mota-engil-ativ-gana-el-premio-ascendi-sst-seguridad-en-obra-2024\/"},"modified":"2024-07-29T14:26:41","modified_gmt":"2024-07-29T14:26:41","slug":"mota-engil-ativ-gana-el-premio-ascendi-sst-seguridad-en-obra-2024","status":"publish","type":"post","link":"https:\/\/www.ativ.pt\/es\/2024\/07\/25\/mota-engil-ativ-gana-el-premio-ascendi-sst-seguridad-en-obra-2024\/","title":{"rendered":"Mota-Engil ATIV gana el Premio ASCENDI SST \u2013 Seguridad en Obra 2024"},"content":{"rendered":"\n<p>Los premios de excelencia se otorgan a las empresas que han demostrado los mejores desempe\u00f1os en los contratos establecidos con Ascendi, que reconoce los desempe\u00f1os meritorios de sus socios, buscando incentivarlos a aumentar los niveles de seguridad de sus trabajadores.<\/p>\n\n<p>Socia de Ascendi desde hace unos 20 a\u00f1os, es un honor y un orgullo para Mota-Engil ATIV recibir esta distinci\u00f3n, dejando un agradecimiento especial a todos los Colaboradores involucrados en esta actividad.<\/p>\n\n<p>Bajo el lema \u00abSeguridad en Obra\u00bb, Ascendi desaf\u00eda a sus socios a unirse a esta campa\u00f1a, en curso desde junio de 2019, con el objetivo de adoptar buenas pr\u00e1cticas de seguridad para quienes trabajan en las v\u00edas, buscando as\u00ed desarrollar un Est\u00e1ndar Ascendi en Seguridad Laboral.<\/p>\n\n<p>Esta campa\u00f1a, que busca promover la participaci\u00f3n y el compromiso de todos con el tema de la seguridad laboral, contribuyendo a la reducci\u00f3n de riesgos y accidentes laborales, est\u00e1 alineada con la visi\u00f3n de Mota-Engil ATIV, para quien este tema es una prioridad.<\/p>\n\n<div class=\"wp-block-columns is-layout-flex wp-container-core-columns-is-layout-9d6595d7 wp-block-columns-is-layout-flex\">\n<div class=\"wp-block-column is-vertically-aligned-center is-layout-flow wp-block-column-is-layout-flow\"><div class=\"wp-block-image\">\n<figure class=\"aligncenter size-large is-resized\"><img fetchpriority=\"high\" decoding=\"async\" width=\"1024\" height=\"725\" src=\"https:\/\/spcdn.shortpixel.ai\/spio\/ret_img,q_cdnize,to_auto,s_webp:avif\/www.ativ.pt\/wp-content\/uploads\/2024\/07\/CertificadoExcelencia_Seguranca_ASCENDI-1-1024x725.jpg\" alt=\"\" class=\"wp-image-11753\" style=\"width:638px;height:auto\" srcset=\"https:\/\/spcdn.shortpixel.ai\/spio\/ret_img,q_cdnize,to_auto,s_webp:avif\/www.ativ.pt\/wp-content\/uploads\/2024\/07\/CertificadoExcelencia_Seguranca_ASCENDI-1-1024x725.jpg 1024w, https:\/\/spcdn.shortpixel.ai\/spio\/ret_img,q_cdnize,to_auto,s_webp:avif\/www.ativ.pt\/wp-content\/uploads\/2024\/07\/CertificadoExcelencia_Seguranca_ASCENDI-1-300x212.jpg 300w, https:\/\/spcdn.shortpixel.ai\/spio\/ret_img,q_cdnize,to_auto,s_webp:avif\/www.ativ.pt\/wp-content\/uploads\/2024\/07\/CertificadoExcelencia_Seguranca_ASCENDI-1-768x543.jpg 768w, https:\/\/spcdn.shortpixel.ai\/spio\/ret_img,q_cdnize,to_auto,s_webp:avif\/www.ativ.pt\/wp-content\/uploads\/2024\/07\/CertificadoExcelencia_Seguranca_ASCENDI-1-1536x1087.jpg 1536w, https:\/\/spcdn.shortpixel.ai\/spio\/ret_img,q_cdnize,to_auto,s_webp:avif\/www.ativ.pt\/wp-content\/uploads\/2024\/07\/CertificadoExcelencia_Seguranca_ASCENDI-1-rotated.jpg 1754w\" sizes=\"(max-width: 1024px) 100vw, 1024px\" \/><\/figure>\n<\/div><\/div>\n<\/div>\n\n<p><\/p>\n","protected":false},"excerpt":{"rendered":"<p>Mota-Engil ATIV fue distinguida con el Certificado de Excelencia por los resultados obtenidos en el marco de la \u00abCampa\u00f1a ASCENDI SST \u2013 Seguridad en Obra\u00bb. <\/p>\n","protected":false},"author":2,"featured_media":11752,"comment_status":"open","ping_status":"open","sticky":false,"template":"","format":"standard","meta":{"_acf_changed":false,"footnotes":""},"categories":[16],"tags":[],"class_list":["post-11766","post","type-post","status-publish","format-standard","has-post-thumbnail","hentry","category-articulo"],"acf":[],"yoast_head":"<!-- This site is optimized with the Yoast SEO plugin v27.5 - https:\/\/yoast.com\/product\/yoast-seo-wordpress\/ -->\n<title>Mota-Engil ATIV gana el Premio ASCENDI SST \u2013 Seguridad en Obra 2024 - Mota-Engil ATIV<\/title>\n<meta name=\"robots\" content=\"index, follow, max-snippet:-1, max-image-preview:large, max-video-preview:-1\" \/>\n<link rel=\"canonical\" href=\"https:\/\/www.ativ.pt\/es\/2024\/07\/25\/mota-engil-ativ-gana-el-premio-ascendi-sst-seguridad-en-obra-2024\/\" \/>\n<meta property=\"og:locale\" content=\"es_ES\" \/>\n<meta property=\"og:type\" content=\"article\" \/>\n<meta property=\"og:title\" content=\"Mota-Engil ATIV gana el Premio ASCENDI SST \u2013 Seguridad en Obra 2024 - Mota-Engil ATIV\" \/>\n<meta property=\"og:description\" content=\"Mota-Engil ATIV fue distinguida con el Certificado de Excelencia por los resultados obtenidos en el marco de la &quot;Campa\u00f1a ASCENDI SST \u2013 Seguridad en Obra&quot;.\" \/>\n<meta property=\"og:url\" content=\"https:\/\/www.ativ.pt\/es\/2024\/07\/25\/mota-engil-ativ-gana-el-premio-ascendi-sst-seguridad-en-obra-2024\/\" \/>\n<meta property=\"og:site_name\" content=\"Mota-Engil ATIV\" \/>\n<meta property=\"article:publisher\" content=\"https:\/\/www.facebook.com\/MotaEngilATIV\/\" \/>\n<meta property=\"article:published_time\" content=\"2024-07-25T12:00:39+00:00\" \/>\n<meta property=\"article:modified_time\" content=\"2024-07-29T14:26:41+00:00\" \/>\n<meta property=\"og:image\" content=\"https:\/\/www.ativ.pt\/wp-content\/uploads\/2024\/07\/ascendi-areas-de-negocio-scaled.jpg\" \/>\n\t<meta property=\"og:image:width\" content=\"2560\" \/>\n\t<meta property=\"og:image:height\" content=\"1703\" \/>\n\t<meta property=\"og:image:type\" content=\"image\/jpeg\" \/>\n<meta name=\"author\" content=\"Susana Guerreiro\" \/>\n<meta name=\"twitter:card\" content=\"summary_large_image\" \/>\n<meta name=\"twitter:label1\" content=\"Escrito por\" \/>\n\t<meta name=\"twitter:data1\" content=\"Susana Guerreiro\" \/>\n\t<meta name=\"twitter:label2\" content=\"Tiempo de lectura\" \/>\n\t<meta name=\"twitter:data2\" content=\"1 minuto\" \/>\n<script type=\"application\/ld+json\" class=\"yoast-schema-graph\">{\"@context\":\"https:\\\/\\\/schema.org\",\"@graph\":[{\"@type\":\"Article\",\"@id\":\"https:\\\/\\\/www.ativ.pt\\\/es\\\/2024\\\/07\\\/25\\\/mota-engil-ativ-gana-el-premio-ascendi-sst-seguridad-en-obra-2024\\\/#article\",\"isPartOf\":{\"@id\":\"https:\\\/\\\/www.ativ.pt\\\/es\\\/2024\\\/07\\\/25\\\/mota-engil-ativ-gana-el-premio-ascendi-sst-seguridad-en-obra-2024\\\/\"},\"author\":{\"name\":\"Susana Guerreiro\",\"@id\":\"https:\\\/\\\/www.ativ.pt\\\/es\\\/#\\\/schema\\\/person\\\/76cd49f91ef96b6902453415264f0c55\"},\"headline\":\"Mota-Engil ATIV gana el Premio ASCENDI SST \u2013 Seguridad en Obra 2024\",\"datePublished\":\"2024-07-25T12:00:39+00:00\",\"dateModified\":\"2024-07-29T14:26:41+00:00\",\"mainEntityOfPage\":{\"@id\":\"https:\\\/\\\/www.ativ.pt\\\/es\\\/2024\\\/07\\\/25\\\/mota-engil-ativ-gana-el-premio-ascendi-sst-seguridad-en-obra-2024\\\/\"},\"wordCount\":182,\"commentCount\":0,\"publisher\":{\"@id\":\"https:\\\/\\\/www.ativ.pt\\\/es\\\/#organization\"},\"image\":{\"@id\":\"https:\\\/\\\/www.ativ.pt\\\/es\\\/2024\\\/07\\\/25\\\/mota-engil-ativ-gana-el-premio-ascendi-sst-seguridad-en-obra-2024\\\/#primaryimage\"},\"thumbnailUrl\":\"https:\\\/\\\/www.ativ.pt\\\/wp-content\\\/uploads\\\/2024\\\/07\\\/ascendi-areas-de-negocio-scaled.jpg\",\"articleSection\":[\"Art\u00edculo\"],\"inLanguage\":\"es\",\"potentialAction\":[{\"@type\":\"CommentAction\",\"name\":\"Comment\",\"target\":[\"https:\\\/\\\/www.ativ.pt\\\/es\\\/2024\\\/07\\\/25\\\/mota-engil-ativ-gana-el-premio-ascendi-sst-seguridad-en-obra-2024\\\/#respond\"]}]},{\"@type\":\"WebPage\",\"@id\":\"https:\\\/\\\/www.ativ.pt\\\/es\\\/2024\\\/07\\\/25\\\/mota-engil-ativ-gana-el-premio-ascendi-sst-seguridad-en-obra-2024\\\/\",\"url\":\"https:\\\/\\\/www.ativ.pt\\\/es\\\/2024\\\/07\\\/25\\\/mota-engil-ativ-gana-el-premio-ascendi-sst-seguridad-en-obra-2024\\\/\",\"name\":\"Mota-Engil ATIV gana el Premio ASCENDI SST \u2013 Seguridad en Obra 2024 - Mota-Engil ATIV\",\"isPartOf\":{\"@id\":\"https:\\\/\\\/www.ativ.pt\\\/es\\\/#website\"},\"primaryImageOfPage\":{\"@id\":\"https:\\\/\\\/www.ativ.pt\\\/es\\\/2024\\\/07\\\/25\\\/mota-engil-ativ-gana-el-premio-ascendi-sst-seguridad-en-obra-2024\\\/#primaryimage\"},\"image\":{\"@id\":\"https:\\\/\\\/www.ativ.pt\\\/es\\\/2024\\\/07\\\/25\\\/mota-engil-ativ-gana-el-premio-ascendi-sst-seguridad-en-obra-2024\\\/#primaryimage\"},\"thumbnailUrl\":\"https:\\\/\\\/www.ativ.pt\\\/wp-content\\\/uploads\\\/2024\\\/07\\\/ascendi-areas-de-negocio-scaled.jpg\",\"datePublished\":\"2024-07-25T12:00:39+00:00\",\"dateModified\":\"2024-07-29T14:26:41+00:00\",\"breadcrumb\":{\"@id\":\"https:\\\/\\\/www.ativ.pt\\\/es\\\/2024\\\/07\\\/25\\\/mota-engil-ativ-gana-el-premio-ascendi-sst-seguridad-en-obra-2024\\\/#breadcrumb\"},\"inLanguage\":\"es\",\"potentialAction\":[{\"@type\":\"ReadAction\",\"target\":[\"https:\\\/\\\/www.ativ.pt\\\/es\\\/2024\\\/07\\\/25\\\/mota-engil-ativ-gana-el-premio-ascendi-sst-seguridad-en-obra-2024\\\/\"]}]},{\"@type\":\"ImageObject\",\"inLanguage\":\"es\",\"@id\":\"https:\\\/\\\/www.ativ.pt\\\/es\\\/2024\\\/07\\\/25\\\/mota-engil-ativ-gana-el-premio-ascendi-sst-seguridad-en-obra-2024\\\/#primaryimage\",\"url\":\"https:\\\/\\\/www.ativ.pt\\\/wp-content\\\/uploads\\\/2024\\\/07\\\/ascendi-areas-de-negocio-scaled.jpg\",\"contentUrl\":\"https:\\\/\\\/www.ativ.pt\\\/wp-content\\\/uploads\\\/2024\\\/07\\\/ascendi-areas-de-negocio-scaled.jpg\",\"width\":1924,\"height\":1280},{\"@type\":\"BreadcrumbList\",\"@id\":\"https:\\\/\\\/www.ativ.pt\\\/es\\\/2024\\\/07\\\/25\\\/mota-engil-ativ-gana-el-premio-ascendi-sst-seguridad-en-obra-2024\\\/#breadcrumb\",\"itemListElement\":[{\"@type\":\"ListItem\",\"position\":1,\"name\":\"In\u00edcio\",\"item\":\"https:\\\/\\\/www.ativ.pt\\\/es\\\/\"},{\"@type\":\"ListItem\",\"position\":2,\"name\":\"Mota-Engil ATIV gana el Premio ASCENDI SST \u2013 Seguridad en Obra 2024\"}]},{\"@type\":\"WebSite\",\"@id\":\"https:\\\/\\\/www.ativ.pt\\\/es\\\/#website\",\"url\":\"https:\\\/\\\/www.ativ.pt\\\/es\\\/\",\"name\":\"Mota-Engil ATIV\",\"description\":\"Gest\u00e3o e Manuten\u00e7\u00e3o de Ativos\",\"publisher\":{\"@id\":\"https:\\\/\\\/www.ativ.pt\\\/es\\\/#organization\"},\"potentialAction\":[{\"@type\":\"SearchAction\",\"target\":{\"@type\":\"EntryPoint\",\"urlTemplate\":\"https:\\\/\\\/www.ativ.pt\\\/es\\\/?s={search_term_string}\"},\"query-input\":{\"@type\":\"PropertyValueSpecification\",\"valueRequired\":true,\"valueName\":\"search_term_string\"}}],\"inLanguage\":\"es\"},{\"@type\":\"Organization\",\"@id\":\"https:\\\/\\\/www.ativ.pt\\\/es\\\/#organization\",\"name\":\"Mota-Engil ATIV\",\"url\":\"https:\\\/\\\/www.ativ.pt\\\/es\\\/\",\"logo\":{\"@type\":\"ImageObject\",\"inLanguage\":\"es\",\"@id\":\"https:\\\/\\\/www.ativ.pt\\\/es\\\/#\\\/schema\\\/logo\\\/image\\\/\",\"url\":\"https:\\\/\\\/www.ativ.pt\\\/wp-content\\\/uploads\\\/2022\\\/04\\\/logo-ativ-cor-1.svg\",\"contentUrl\":\"https:\\\/\\\/www.ativ.pt\\\/wp-content\\\/uploads\\\/2022\\\/04\\\/logo-ativ-cor-1.svg\",\"width\":250,\"height\":100,\"caption\":\"Mota-Engil ATIV\"},\"image\":{\"@id\":\"https:\\\/\\\/www.ativ.pt\\\/es\\\/#\\\/schema\\\/logo\\\/image\\\/\"},\"sameAs\":[\"https:\\\/\\\/www.facebook.com\\\/MotaEngilATIV\\\/\",\"https:\\\/\\\/www.instagram.com\\\/mota_engil_ativ\\\/\",\"https:\\\/\\\/www.linkedin.com\\\/company\\\/motaengil-ativ\"]},{\"@type\":\"Person\",\"@id\":\"https:\\\/\\\/www.ativ.pt\\\/es\\\/#\\\/schema\\\/person\\\/76cd49f91ef96b6902453415264f0c55\",\"name\":\"Susana Guerreiro\"}]}<\/script>\n<!-- \/ Yoast SEO plugin. -->","yoast_head_json":{"title":"Mota-Engil ATIV gana el Premio ASCENDI SST \u2013 Seguridad en Obra 2024 - Mota-Engil ATIV","robots":{"index":"index","follow":"follow","max-snippet":"max-snippet:-1","max-image-preview":"max-image-preview:large","max-video-preview":"max-video-preview:-1"},"canonical":"https:\/\/www.ativ.pt\/es\/2024\/07\/25\/mota-engil-ativ-gana-el-premio-ascendi-sst-seguridad-en-obra-2024\/","og_locale":"es_ES","og_type":"article","og_title":"Mota-Engil ATIV gana el Premio ASCENDI SST \u2013 Seguridad en Obra 2024 - Mota-Engil ATIV","og_description":"Mota-Engil ATIV fue distinguida con el Certificado de Excelencia por los resultados obtenidos en el marco de la \"Campa\u00f1a ASCENDI SST \u2013 Seguridad en Obra\".","og_url":"https:\/\/www.ativ.pt\/es\/2024\/07\/25\/mota-engil-ativ-gana-el-premio-ascendi-sst-seguridad-en-obra-2024\/","og_site_name":"Mota-Engil ATIV","article_publisher":"https:\/\/www.facebook.com\/MotaEngilATIV\/","article_published_time":"2024-07-25T12:00:39+00:00","article_modified_time":"2024-07-29T14:26:41+00:00","og_image":[{"width":2560,"height":1703,"url":"https:\/\/www.ativ.pt\/wp-content\/uploads\/2024\/07\/ascendi-areas-de-negocio-scaled.jpg","type":"image\/jpeg"}],"author":"Susana Guerreiro","twitter_card":"summary_large_image","twitter_misc":{"Escrito por":"Susana Guerreiro","Tiempo de lectura":"1 minuto"},"schema":{"@context":"https:\/\/schema.org","@graph":[{"@type":"Article","@id":"https:\/\/www.ativ.pt\/es\/2024\/07\/25\/mota-engil-ativ-gana-el-premio-ascendi-sst-seguridad-en-obra-2024\/#article","isPartOf":{"@id":"https:\/\/www.ativ.pt\/es\/2024\/07\/25\/mota-engil-ativ-gana-el-premio-ascendi-sst-seguridad-en-obra-2024\/"},"author":{"name":"Susana Guerreiro","@id":"https:\/\/www.ativ.pt\/es\/#\/schema\/person\/76cd49f91ef96b6902453415264f0c55"},"headline":"Mota-Engil ATIV gana el Premio ASCENDI SST \u2013 Seguridad en Obra 2024","datePublished":"2024-07-25T12:00:39+00:00","dateModified":"2024-07-29T14:26:41+00:00","mainEntityOfPage":{"@id":"https:\/\/www.ativ.pt\/es\/2024\/07\/25\/mota-engil-ativ-gana-el-premio-ascendi-sst-seguridad-en-obra-2024\/"},"wordCount":182,"commentCount":0,"publisher":{"@id":"https:\/\/www.ativ.pt\/es\/#organization"},"image":{"@id":"https:\/\/www.ativ.pt\/es\/2024\/07\/25\/mota-engil-ativ-gana-el-premio-ascendi-sst-seguridad-en-obra-2024\/#primaryimage"},"thumbnailUrl":"https:\/\/www.ativ.pt\/wp-content\/uploads\/2024\/07\/ascendi-areas-de-negocio-scaled.jpg","articleSection":["Art\u00edculo"],"inLanguage":"es","potentialAction":[{"@type":"CommentAction","name":"Comment","target":["https:\/\/www.ativ.pt\/es\/2024\/07\/25\/mota-engil-ativ-gana-el-premio-ascendi-sst-seguridad-en-obra-2024\/#respond"]}]},{"@type":"WebPage","@id":"https:\/\/www.ativ.pt\/es\/2024\/07\/25\/mota-engil-ativ-gana-el-premio-ascendi-sst-seguridad-en-obra-2024\/","url":"https:\/\/www.ativ.pt\/es\/2024\/07\/25\/mota-engil-ativ-gana-el-premio-ascendi-sst-seguridad-en-obra-2024\/","name":"Mota-Engil ATIV gana el Premio ASCENDI SST \u2013 Seguridad en Obra 2024 - Mota-Engil ATIV","isPartOf":{"@id":"https:\/\/www.ativ.pt\/es\/#website"},"primaryImageOfPage":{"@id":"https:\/\/www.ativ.pt\/es\/2024\/07\/25\/mota-engil-ativ-gana-el-premio-ascendi-sst-seguridad-en-obra-2024\/#primaryimage"},"image":{"@id":"https:\/\/www.ativ.pt\/es\/2024\/07\/25\/mota-engil-ativ-gana-el-premio-ascendi-sst-seguridad-en-obra-2024\/#primaryimage"},"thumbnailUrl":"https:\/\/www.ativ.pt\/wp-content\/uploads\/2024\/07\/ascendi-areas-de-negocio-scaled.jpg","datePublished":"2024-07-25T12:00:39+00:00","dateModified":"2024-07-29T14:26:41+00:00","breadcrumb":{"@id":"https:\/\/www.ativ.pt\/es\/2024\/07\/25\/mota-engil-ativ-gana-el-premio-ascendi-sst-seguridad-en-obra-2024\/#breadcrumb"},"inLanguage":"es","potentialAction":[{"@type":"ReadAction","target":["https:\/\/www.ativ.pt\/es\/2024\/07\/25\/mota-engil-ativ-gana-el-premio-ascendi-sst-seguridad-en-obra-2024\/"]}]},{"@type":"ImageObject","inLanguage":"es","@id":"https:\/\/www.ativ.pt\/es\/2024\/07\/25\/mota-engil-ativ-gana-el-premio-ascendi-sst-seguridad-en-obra-2024\/#primaryimage","url":"https:\/\/www.ativ.pt\/wp-content\/uploads\/2024\/07\/ascendi-areas-de-negocio-scaled.jpg","contentUrl":"https:\/\/www.ativ.pt\/wp-content\/uploads\/2024\/07\/ascendi-areas-de-negocio-scaled.jpg","width":1924,"height":1280},{"@type":"BreadcrumbList","@id":"https:\/\/www.ativ.pt\/es\/2024\/07\/25\/mota-engil-ativ-gana-el-premio-ascendi-sst-seguridad-en-obra-2024\/#breadcrumb","itemListElement":[{"@type":"ListItem","position":1,"name":"In\u00edcio","item":"https:\/\/www.ativ.pt\/es\/"},{"@type":"ListItem","position":2,"name":"Mota-Engil ATIV gana el Premio ASCENDI SST \u2013 Seguridad en Obra 2024"}]},{"@type":"WebSite","@id":"https:\/\/www.ativ.pt\/es\/#website","url":"https:\/\/www.ativ.pt\/es\/","name":"Mota-Engil ATIV","description":"Gest\u00e3o e Manuten\u00e7\u00e3o de Ativos","publisher":{"@id":"https:\/\/www.ativ.pt\/es\/#organization"},"potentialAction":[{"@type":"SearchAction","target":{"@type":"EntryPoint","urlTemplate":"https:\/\/www.ativ.pt\/es\/?s={search_term_string}"},"query-input":{"@type":"PropertyValueSpecification","valueRequired":true,"valueName":"search_term_string"}}],"inLanguage":"es"},{"@type":"Organization","@id":"https:\/\/www.ativ.pt\/es\/#organization","name":"Mota-Engil ATIV","url":"https:\/\/www.ativ.pt\/es\/","logo":{"@type":"ImageObject","inLanguage":"es","@id":"https:\/\/www.ativ.pt\/es\/#\/schema\/logo\/image\/","url":"https:\/\/www.ativ.pt\/wp-content\/uploads\/2022\/04\/logo-ativ-cor-1.svg","contentUrl":"https:\/\/www.ativ.pt\/wp-content\/uploads\/2022\/04\/logo-ativ-cor-1.svg","width":250,"height":100,"caption":"Mota-Engil ATIV"},"image":{"@id":"https:\/\/www.ativ.pt\/es\/#\/schema\/logo\/image\/"},"sameAs":["https:\/\/www.facebook.com\/MotaEngilATIV\/","https:\/\/www.instagram.com\/mota_engil_ativ\/","https:\/\/www.linkedin.com\/company\/motaengil-ativ"]},{"@type":"Person","@id":"https:\/\/www.ativ.pt\/es\/#\/schema\/person\/76cd49f91ef96b6902453415264f0c55","name":"Susana Guerreiro"}]}},"_links":{"self":[{"href":"https:\/\/www.ativ.pt\/es\/wp-json\/wp\/v2\/posts\/11766","targetHints":{"allow":["GET"]}}],"collection":[{"href":"https:\/\/www.ativ.pt\/es\/wp-json\/wp\/v2\/posts"}],"about":[{"href":"https:\/\/www.ativ.pt\/es\/wp-json\/wp\/v2\/types\/post"}],"author":[{"embeddable":true,"href":"https:\/\/www.ativ.pt\/es\/wp-json\/wp\/v2\/users\/2"}],"replies":[{"embeddable":true,"href":"https:\/\/www.ativ.pt\/es\/wp-json\/wp\/v2\/comments?post=11766"}],"version-history":[{"count":1,"href":"https:\/\/www.ativ.pt\/es\/wp-json\/wp\/v2\/posts\/11766\/revisions"}],"predecessor-version":[{"id":11767,"href":"https:\/\/www.ativ.pt\/es\/wp-json\/wp\/v2\/posts\/11766\/revisions\/11767"}],"wp:featuredmedia":[{"embeddable":true,"href":"https:\/\/www.ativ.pt\/es\/wp-json\/wp\/v2\/media\/11752"}],"wp:attachment":[{"href":"https:\/\/www.ativ.pt\/es\/wp-json\/wp\/v2\/media?parent=11766"}],"wp:term":[{"taxonomy":"category","embeddable":true,"href":"https:\/\/www.ativ.pt\/es\/wp-json\/wp\/v2\/categories?post=11766"},{"taxonomy":"post_tag","embeddable":true,"href":"https:\/\/www.ativ.pt\/es\/wp-json\/wp\/v2\/tags?post=11766"}],"curies":[{"name":"wp","href":"https:\/\/api.w.org\/{rel}","templated":true}]}}