{"id":11627,"date":"2024-07-04T08:33:54","date_gmt":"2024-07-04T08:33:54","guid":{"rendered":"https:\/\/www.ativ.pt\/2024\/07\/04\/construccion-de-la-ecovia-del-litoral-algarvio\/"},"modified":"2024-07-11T14:15:26","modified_gmt":"2024-07-11T14:15:26","slug":"construccion-de-la-ecovia-del-litoral-algarvio","status":"publish","type":"post","link":"https:\/\/www.ativ.pt\/es\/2024\/07\/04\/construccion-de-la-ecovia-del-litoral-algarvio\/","title":{"rendered":"Construcci\u00f3n de la Ecov\u00eda del Litoral Algarvio"},"content":{"rendered":"\n<p>La construcci\u00f3n de la Ecov\u00eda del Litoral Algarvio, en el municipio de Lagos, fue realizada por Mota-Engil ATIV y tiene como objetivo contribuir al aumento de la movilidad activa en bicicleta, crucial para la descarbonizaci\u00f3n de la movilidad, y al mismo tiempo maximizar los beneficios para el bienestar de los ciudadanos, proporcion\u00e1ndoles h\u00e1bitos de vida m\u00e1s saludables.<\/p>\n\n<p>La Ecov\u00eda del Litoral Algarvio comienza en Cabo de S\u00e3o Vicente y termina en Vila Real de Santo Ant\u00f3nio, sumando un total de aproximadamente 214 km, y se inserta en la red de carreteras municipales, calles urbanas y caminos rurales existentes.<\/p>\n\n<figure class=\"wp-block-gallery has-nested-images columns-default is-cropped wp-block-gallery-1 is-layout-flex wp-block-gallery-is-layout-flex\">\n<figure class=\"wp-block-image size-large\"><img fetchpriority=\"high\" decoding=\"async\" width=\"250\" height=\"535\" data-id=\"11396\" src=\"https:\/\/www.ativ.pt\/wp-content\/uploads\/2024\/07\/ecovia_ativ-1.jpg\" alt=\"\" class=\"wp-image-11396\" srcset=\"https:\/\/www.ativ.pt\/wp-content\/uploads\/2024\/07\/ecovia_ativ-1.jpg 250w, https:\/\/www.ativ.pt\/wp-content\/uploads\/2024\/07\/ecovia_ativ-1-140x300.jpg 140w\" sizes=\"(max-width: 250px) 100vw, 250px\" \/><\/figure>\n\n\n\n<figure class=\"wp-block-image size-large\"><img decoding=\"async\" width=\"250\" height=\"536\" data-id=\"11395\" src=\"https:\/\/www.ativ.pt\/wp-content\/uploads\/2024\/07\/ecovia_ativ_-1.jpg\" alt=\"\" class=\"wp-image-11395\" srcset=\"https:\/\/www.ativ.pt\/wp-content\/uploads\/2024\/07\/ecovia_ativ_-1.jpg 250w, https:\/\/www.ativ.pt\/wp-content\/uploads\/2024\/07\/ecovia_ativ_-1-140x300.jpg 140w\" sizes=\"(max-width: 250px) 100vw, 250px\" \/><\/figure>\n<\/figure>\n\n<p>Mota-Engil ATIV fue responsable de la construcci\u00f3n del tramo que atraviesa el municipio de Lagos, intersect\u00e1ndolo entre la localidad de Burgau (en el l\u00edmite de la frontera entre los municipios de Vila do Bispo y Lagos) y la Ribeira de Odi\u00e1xere, pasando por Vila da Luz, Lagos y Meia Praia, con una extensi\u00f3n total de 15,1 kil\u00f3metros.<\/p>\n\n<p>La intervenci\u00f3n se caracteriz\u00f3 por trabajos de delimitaci\u00f3n del trazado de la Ecov\u00eda, mediante la implementaci\u00f3n de se\u00f1alizaci\u00f3n vertical y horizontal, creaci\u00f3n de nuevos recorridos peatonales\/ciclables y mejora de plataformas y pavimentos existentes.<\/p>\n\n<figure class=\"wp-block-gallery has-nested-images columns-default is-cropped wp-block-gallery-2 is-layout-flex wp-block-gallery-is-layout-flex\">\n<figure class=\"wp-block-image size-large\"><img decoding=\"async\" width=\"650\" height=\"365\" data-id=\"11405\" src=\"https:\/\/www.ativ.pt\/wp-content\/uploads\/2024\/07\/ecovia_ativ1.jpg\" alt=\"\" class=\"wp-image-11405\" srcset=\"https:\/\/www.ativ.pt\/wp-content\/uploads\/2024\/07\/ecovia_ativ1.jpg 650w, https:\/\/www.ativ.pt\/wp-content\/uploads\/2024\/07\/ecovia_ativ1-300x168.jpg 300w\" sizes=\"(max-width: 650px) 100vw, 650px\" \/><\/figure>\n\n\n\n<figure class=\"wp-block-image size-large\"><img loading=\"lazy\" decoding=\"async\" width=\"650\" height=\"365\" data-id=\"11407\" src=\"https:\/\/www.ativ.pt\/wp-content\/uploads\/2024\/07\/ecovia_ativ2.jpg\" alt=\"\" class=\"wp-image-11407\" srcset=\"https:\/\/www.ativ.pt\/wp-content\/uploads\/2024\/07\/ecovia_ativ2.jpg 650w, https:\/\/www.ativ.pt\/wp-content\/uploads\/2024\/07\/ecovia_ativ2-300x168.jpg 300w\" sizes=\"(max-width: 650px) 100vw, 650px\" \/><\/figure>\n<\/figure>\n\n<p>Dicha intervenci\u00f3n tiene como objetivo asegurar la accesibilidad y transitabilidad en condiciones de seguridad para los futuros usuarios de la Ecov\u00eda, de manera continua y durante el mayor n\u00famero de a\u00f1os posible.<\/p>\n\n<p>A Mota-Engil ATIV abra\u00e7ou mais uma empreitada desafiante, suportada nas solu\u00e7\u00f5es interdisciplinares que conjugam a valoriza\u00e7\u00e3o do territ\u00f3rio, o desenvolvimento sustent\u00e1vel e a qualidade de vida dos utilizadores dos espa\u00e7os que projeta, constr\u00f3i e mant\u00e9m.<\/p>\n\n<p>Conozca aqu\u00ed los trabajos: <a href=\"https:\/\/youtu.be\/BKtKOqOZB0E\" target=\"_blank\" rel=\"noreferrer noopener\">https:\/\/youtu.be\/BKtKOqOZB0E<\/a><\/p>\n","protected":false},"excerpt":{"rendered":"<p>Mota-Engil ATIV fue responsable de la construcci\u00f3n del tramo que atraviesa el municipio de Lagos, con una extensi\u00f3n total de 15,1 kil\u00f3metros.<\/p>\n","protected":false},"author":2,"featured_media":11419,"comment_status":"open","ping_status":"open","sticky":false,"template":"","format":"standard","meta":{"_acf_changed":false,"footnotes":""},"categories":[16],"tags":[],"class_list":["post-11627","post","type-post","status-publish","format-standard","has-post-thumbnail","hentry","category-articulo"],"acf":[],"yoast_head":"<!-- This site is optimized with the Yoast SEO plugin v27.5 - https:\/\/yoast.com\/product\/yoast-seo-wordpress\/ -->\n<title>Construcci\u00f3n de la Ecov\u00eda del Litoral Algarvio - Mota-Engil ATIV<\/title>\n<meta name=\"robots\" content=\"index, follow, max-snippet:-1, max-image-preview:large, max-video-preview:-1\" \/>\n<link rel=\"canonical\" href=\"https:\/\/www.ativ.pt\/es\/2024\/07\/04\/construccion-de-la-ecovia-del-litoral-algarvio\/\" \/>\n<meta property=\"og:locale\" content=\"es_ES\" \/>\n<meta property=\"og:type\" content=\"article\" \/>\n<meta property=\"og:title\" content=\"Construcci\u00f3n de la Ecov\u00eda del Litoral Algarvio - Mota-Engil ATIV\" \/>\n<meta property=\"og:description\" content=\"Mota-Engil ATIV fue responsable de la construcci\u00f3n del tramo que atraviesa el municipio de Lagos, con una extensi\u00f3n total de 15,1 kil\u00f3metros.\" \/>\n<meta property=\"og:url\" content=\"https:\/\/www.ativ.pt\/es\/2024\/07\/04\/construccion-de-la-ecovia-del-litoral-algarvio\/\" \/>\n<meta property=\"og:site_name\" content=\"Mota-Engil ATIV\" \/>\n<meta property=\"article:publisher\" content=\"https:\/\/www.facebook.com\/MotaEngilATIV\/\" \/>\n<meta property=\"article:published_time\" content=\"2024-07-04T08:33:54+00:00\" \/>\n<meta property=\"article:modified_time\" content=\"2024-07-11T14:15:26+00:00\" \/>\n<meta property=\"og:image\" content=\"https:\/\/www.ativ.pt\/wp-content\/uploads\/2024\/07\/IMG-20240704-WA0004.jpg\" \/>\n\t<meta property=\"og:image:width\" content=\"1600\" \/>\n\t<meta property=\"og:image:height\" content=\"900\" \/>\n\t<meta property=\"og:image:type\" content=\"image\/jpeg\" \/>\n<meta name=\"author\" content=\"Susana Guerreiro\" \/>\n<meta name=\"twitter:card\" content=\"summary_large_image\" \/>\n<meta name=\"twitter:label1\" content=\"Escrito por\" \/>\n\t<meta name=\"twitter:data1\" content=\"Susana Guerreiro\" \/>\n\t<meta name=\"twitter:label2\" content=\"Tiempo de lectura\" \/>\n\t<meta name=\"twitter:data2\" content=\"1 minuto\" \/>\n<script type=\"application\/ld+json\" class=\"yoast-schema-graph\">{\"@context\":\"https:\\\/\\\/schema.org\",\"@graph\":[{\"@type\":\"Article\",\"@id\":\"https:\\\/\\\/www.ativ.pt\\\/es\\\/2024\\\/07\\\/04\\\/construccion-de-la-ecovia-del-litoral-algarvio\\\/#article\",\"isPartOf\":{\"@id\":\"https:\\\/\\\/www.ativ.pt\\\/es\\\/2024\\\/07\\\/04\\\/construccion-de-la-ecovia-del-litoral-algarvio\\\/\"},\"author\":{\"name\":\"Susana Guerreiro\",\"@id\":\"https:\\\/\\\/www.ativ.pt\\\/es\\\/#\\\/schema\\\/person\\\/76cd49f91ef96b6902453415264f0c55\"},\"headline\":\"Construcci\u00f3n de la Ecov\u00eda del Litoral Algarvio\",\"datePublished\":\"2024-07-04T08:33:54+00:00\",\"dateModified\":\"2024-07-11T14:15:26+00:00\",\"mainEntityOfPage\":{\"@id\":\"https:\\\/\\\/www.ativ.pt\\\/es\\\/2024\\\/07\\\/04\\\/construccion-de-la-ecovia-del-litoral-algarvio\\\/\"},\"wordCount\":306,\"commentCount\":0,\"publisher\":{\"@id\":\"https:\\\/\\\/www.ativ.pt\\\/es\\\/#organization\"},\"image\":{\"@id\":\"https:\\\/\\\/www.ativ.pt\\\/es\\\/2024\\\/07\\\/04\\\/construccion-de-la-ecovia-del-litoral-algarvio\\\/#primaryimage\"},\"thumbnailUrl\":\"https:\\\/\\\/www.ativ.pt\\\/wp-content\\\/uploads\\\/2024\\\/07\\\/IMG-20240704-WA0004.jpg\",\"articleSection\":[\"Art\u00edculo\"],\"inLanguage\":\"es\",\"potentialAction\":[{\"@type\":\"CommentAction\",\"name\":\"Comment\",\"target\":[\"https:\\\/\\\/www.ativ.pt\\\/es\\\/2024\\\/07\\\/04\\\/construccion-de-la-ecovia-del-litoral-algarvio\\\/#respond\"]}]},{\"@type\":\"WebPage\",\"@id\":\"https:\\\/\\\/www.ativ.pt\\\/es\\\/2024\\\/07\\\/04\\\/construccion-de-la-ecovia-del-litoral-algarvio\\\/\",\"url\":\"https:\\\/\\\/www.ativ.pt\\\/es\\\/2024\\\/07\\\/04\\\/construccion-de-la-ecovia-del-litoral-algarvio\\\/\",\"name\":\"Construcci\u00f3n de la Ecov\u00eda del Litoral Algarvio - Mota-Engil ATIV\",\"isPartOf\":{\"@id\":\"https:\\\/\\\/www.ativ.pt\\\/es\\\/#website\"},\"primaryImageOfPage\":{\"@id\":\"https:\\\/\\\/www.ativ.pt\\\/es\\\/2024\\\/07\\\/04\\\/construccion-de-la-ecovia-del-litoral-algarvio\\\/#primaryimage\"},\"image\":{\"@id\":\"https:\\\/\\\/www.ativ.pt\\\/es\\\/2024\\\/07\\\/04\\\/construccion-de-la-ecovia-del-litoral-algarvio\\\/#primaryimage\"},\"thumbnailUrl\":\"https:\\\/\\\/www.ativ.pt\\\/wp-content\\\/uploads\\\/2024\\\/07\\\/IMG-20240704-WA0004.jpg\",\"datePublished\":\"2024-07-04T08:33:54+00:00\",\"dateModified\":\"2024-07-11T14:15:26+00:00\",\"breadcrumb\":{\"@id\":\"https:\\\/\\\/www.ativ.pt\\\/es\\\/2024\\\/07\\\/04\\\/construccion-de-la-ecovia-del-litoral-algarvio\\\/#breadcrumb\"},\"inLanguage\":\"es\",\"potentialAction\":[{\"@type\":\"ReadAction\",\"target\":[\"https:\\\/\\\/www.ativ.pt\\\/es\\\/2024\\\/07\\\/04\\\/construccion-de-la-ecovia-del-litoral-algarvio\\\/\"]}]},{\"@type\":\"ImageObject\",\"inLanguage\":\"es\",\"@id\":\"https:\\\/\\\/www.ativ.pt\\\/es\\\/2024\\\/07\\\/04\\\/construccion-de-la-ecovia-del-litoral-algarvio\\\/#primaryimage\",\"url\":\"https:\\\/\\\/www.ativ.pt\\\/wp-content\\\/uploads\\\/2024\\\/07\\\/IMG-20240704-WA0004.jpg\",\"contentUrl\":\"https:\\\/\\\/www.ativ.pt\\\/wp-content\\\/uploads\\\/2024\\\/07\\\/IMG-20240704-WA0004.jpg\",\"width\":1600,\"height\":900},{\"@type\":\"BreadcrumbList\",\"@id\":\"https:\\\/\\\/www.ativ.pt\\\/es\\\/2024\\\/07\\\/04\\\/construccion-de-la-ecovia-del-litoral-algarvio\\\/#breadcrumb\",\"itemListElement\":[{\"@type\":\"ListItem\",\"position\":1,\"name\":\"In\u00edcio\",\"item\":\"https:\\\/\\\/www.ativ.pt\\\/es\\\/\"},{\"@type\":\"ListItem\",\"position\":2,\"name\":\"Construcci\u00f3n de la Ecov\u00eda del Litoral Algarvio\"}]},{\"@type\":\"WebSite\",\"@id\":\"https:\\\/\\\/www.ativ.pt\\\/es\\\/#website\",\"url\":\"https:\\\/\\\/www.ativ.pt\\\/es\\\/\",\"name\":\"Mota-Engil ATIV\",\"description\":\"Gest\u00e3o e Manuten\u00e7\u00e3o de Ativos\",\"publisher\":{\"@id\":\"https:\\\/\\\/www.ativ.pt\\\/es\\\/#organization\"},\"potentialAction\":[{\"@type\":\"SearchAction\",\"target\":{\"@type\":\"EntryPoint\",\"urlTemplate\":\"https:\\\/\\\/www.ativ.pt\\\/es\\\/?s={search_term_string}\"},\"query-input\":{\"@type\":\"PropertyValueSpecification\",\"valueRequired\":true,\"valueName\":\"search_term_string\"}}],\"inLanguage\":\"es\"},{\"@type\":\"Organization\",\"@id\":\"https:\\\/\\\/www.ativ.pt\\\/es\\\/#organization\",\"name\":\"Mota-Engil ATIV\",\"url\":\"https:\\\/\\\/www.ativ.pt\\\/es\\\/\",\"logo\":{\"@type\":\"ImageObject\",\"inLanguage\":\"es\",\"@id\":\"https:\\\/\\\/www.ativ.pt\\\/es\\\/#\\\/schema\\\/logo\\\/image\\\/\",\"url\":\"https:\\\/\\\/www.ativ.pt\\\/wp-content\\\/uploads\\\/2022\\\/04\\\/logo-ativ-cor-1.svg\",\"contentUrl\":\"https:\\\/\\\/www.ativ.pt\\\/wp-content\\\/uploads\\\/2022\\\/04\\\/logo-ativ-cor-1.svg\",\"width\":250,\"height\":100,\"caption\":\"Mota-Engil ATIV\"},\"image\":{\"@id\":\"https:\\\/\\\/www.ativ.pt\\\/es\\\/#\\\/schema\\\/logo\\\/image\\\/\"},\"sameAs\":[\"https:\\\/\\\/www.facebook.com\\\/MotaEngilATIV\\\/\",\"https:\\\/\\\/www.instagram.com\\\/mota_engil_ativ\\\/\",\"https:\\\/\\\/www.linkedin.com\\\/company\\\/motaengil-ativ\"]},{\"@type\":\"Person\",\"@id\":\"https:\\\/\\\/www.ativ.pt\\\/es\\\/#\\\/schema\\\/person\\\/76cd49f91ef96b6902453415264f0c55\",\"name\":\"Susana Guerreiro\"}]}<\/script>\n<!-- \/ Yoast SEO plugin. -->","yoast_head_json":{"title":"Construcci\u00f3n de la Ecov\u00eda del Litoral Algarvio - Mota-Engil ATIV","robots":{"index":"index","follow":"follow","max-snippet":"max-snippet:-1","max-image-preview":"max-image-preview:large","max-video-preview":"max-video-preview:-1"},"canonical":"https:\/\/www.ativ.pt\/es\/2024\/07\/04\/construccion-de-la-ecovia-del-litoral-algarvio\/","og_locale":"es_ES","og_type":"article","og_title":"Construcci\u00f3n de la Ecov\u00eda del Litoral Algarvio - Mota-Engil ATIV","og_description":"Mota-Engil ATIV fue responsable de la construcci\u00f3n del tramo que atraviesa el municipio de Lagos, con una extensi\u00f3n total de 15,1 kil\u00f3metros.","og_url":"https:\/\/www.ativ.pt\/es\/2024\/07\/04\/construccion-de-la-ecovia-del-litoral-algarvio\/","og_site_name":"Mota-Engil ATIV","article_publisher":"https:\/\/www.facebook.com\/MotaEngilATIV\/","article_published_time":"2024-07-04T08:33:54+00:00","article_modified_time":"2024-07-11T14:15:26+00:00","og_image":[{"width":1600,"height":900,"url":"https:\/\/www.ativ.pt\/wp-content\/uploads\/2024\/07\/IMG-20240704-WA0004.jpg","type":"image\/jpeg"}],"author":"Susana Guerreiro","twitter_card":"summary_large_image","twitter_misc":{"Escrito por":"Susana Guerreiro","Tiempo de lectura":"1 minuto"},"schema":{"@context":"https:\/\/schema.org","@graph":[{"@type":"Article","@id":"https:\/\/www.ativ.pt\/es\/2024\/07\/04\/construccion-de-la-ecovia-del-litoral-algarvio\/#article","isPartOf":{"@id":"https:\/\/www.ativ.pt\/es\/2024\/07\/04\/construccion-de-la-ecovia-del-litoral-algarvio\/"},"author":{"name":"Susana Guerreiro","@id":"https:\/\/www.ativ.pt\/es\/#\/schema\/person\/76cd49f91ef96b6902453415264f0c55"},"headline":"Construcci\u00f3n de la Ecov\u00eda del Litoral Algarvio","datePublished":"2024-07-04T08:33:54+00:00","dateModified":"2024-07-11T14:15:26+00:00","mainEntityOfPage":{"@id":"https:\/\/www.ativ.pt\/es\/2024\/07\/04\/construccion-de-la-ecovia-del-litoral-algarvio\/"},"wordCount":306,"commentCount":0,"publisher":{"@id":"https:\/\/www.ativ.pt\/es\/#organization"},"image":{"@id":"https:\/\/www.ativ.pt\/es\/2024\/07\/04\/construccion-de-la-ecovia-del-litoral-algarvio\/#primaryimage"},"thumbnailUrl":"https:\/\/www.ativ.pt\/wp-content\/uploads\/2024\/07\/IMG-20240704-WA0004.jpg","articleSection":["Art\u00edculo"],"inLanguage":"es","potentialAction":[{"@type":"CommentAction","name":"Comment","target":["https:\/\/www.ativ.pt\/es\/2024\/07\/04\/construccion-de-la-ecovia-del-litoral-algarvio\/#respond"]}]},{"@type":"WebPage","@id":"https:\/\/www.ativ.pt\/es\/2024\/07\/04\/construccion-de-la-ecovia-del-litoral-algarvio\/","url":"https:\/\/www.ativ.pt\/es\/2024\/07\/04\/construccion-de-la-ecovia-del-litoral-algarvio\/","name":"Construcci\u00f3n de la Ecov\u00eda del Litoral Algarvio - Mota-Engil ATIV","isPartOf":{"@id":"https:\/\/www.ativ.pt\/es\/#website"},"primaryImageOfPage":{"@id":"https:\/\/www.ativ.pt\/es\/2024\/07\/04\/construccion-de-la-ecovia-del-litoral-algarvio\/#primaryimage"},"image":{"@id":"https:\/\/www.ativ.pt\/es\/2024\/07\/04\/construccion-de-la-ecovia-del-litoral-algarvio\/#primaryimage"},"thumbnailUrl":"https:\/\/www.ativ.pt\/wp-content\/uploads\/2024\/07\/IMG-20240704-WA0004.jpg","datePublished":"2024-07-04T08:33:54+00:00","dateModified":"2024-07-11T14:15:26+00:00","breadcrumb":{"@id":"https:\/\/www.ativ.pt\/es\/2024\/07\/04\/construccion-de-la-ecovia-del-litoral-algarvio\/#breadcrumb"},"inLanguage":"es","potentialAction":[{"@type":"ReadAction","target":["https:\/\/www.ativ.pt\/es\/2024\/07\/04\/construccion-de-la-ecovia-del-litoral-algarvio\/"]}]},{"@type":"ImageObject","inLanguage":"es","@id":"https:\/\/www.ativ.pt\/es\/2024\/07\/04\/construccion-de-la-ecovia-del-litoral-algarvio\/#primaryimage","url":"https:\/\/www.ativ.pt\/wp-content\/uploads\/2024\/07\/IMG-20240704-WA0004.jpg","contentUrl":"https:\/\/www.ativ.pt\/wp-content\/uploads\/2024\/07\/IMG-20240704-WA0004.jpg","width":1600,"height":900},{"@type":"BreadcrumbList","@id":"https:\/\/www.ativ.pt\/es\/2024\/07\/04\/construccion-de-la-ecovia-del-litoral-algarvio\/#breadcrumb","itemListElement":[{"@type":"ListItem","position":1,"name":"In\u00edcio","item":"https:\/\/www.ativ.pt\/es\/"},{"@type":"ListItem","position":2,"name":"Construcci\u00f3n de la Ecov\u00eda del Litoral Algarvio"}]},{"@type":"WebSite","@id":"https:\/\/www.ativ.pt\/es\/#website","url":"https:\/\/www.ativ.pt\/es\/","name":"Mota-Engil ATIV","description":"Gest\u00e3o e Manuten\u00e7\u00e3o de Ativos","publisher":{"@id":"https:\/\/www.ativ.pt\/es\/#organization"},"potentialAction":[{"@type":"SearchAction","target":{"@type":"EntryPoint","urlTemplate":"https:\/\/www.ativ.pt\/es\/?s={search_term_string}"},"query-input":{"@type":"PropertyValueSpecification","valueRequired":true,"valueName":"search_term_string"}}],"inLanguage":"es"},{"@type":"Organization","@id":"https:\/\/www.ativ.pt\/es\/#organization","name":"Mota-Engil ATIV","url":"https:\/\/www.ativ.pt\/es\/","logo":{"@type":"ImageObject","inLanguage":"es","@id":"https:\/\/www.ativ.pt\/es\/#\/schema\/logo\/image\/","url":"https:\/\/www.ativ.pt\/wp-content\/uploads\/2022\/04\/logo-ativ-cor-1.svg","contentUrl":"https:\/\/www.ativ.pt\/wp-content\/uploads\/2022\/04\/logo-ativ-cor-1.svg","width":250,"height":100,"caption":"Mota-Engil ATIV"},"image":{"@id":"https:\/\/www.ativ.pt\/es\/#\/schema\/logo\/image\/"},"sameAs":["https:\/\/www.facebook.com\/MotaEngilATIV\/","https:\/\/www.instagram.com\/mota_engil_ativ\/","https:\/\/www.linkedin.com\/company\/motaengil-ativ"]},{"@type":"Person","@id":"https:\/\/www.ativ.pt\/es\/#\/schema\/person\/76cd49f91ef96b6902453415264f0c55","name":"Susana Guerreiro"}]}},"_links":{"self":[{"href":"https:\/\/www.ativ.pt\/es\/wp-json\/wp\/v2\/posts\/11627","targetHints":{"allow":["GET"]}}],"collection":[{"href":"https:\/\/www.ativ.pt\/es\/wp-json\/wp\/v2\/posts"}],"about":[{"href":"https:\/\/www.ativ.pt\/es\/wp-json\/wp\/v2\/types\/post"}],"author":[{"embeddable":true,"href":"https:\/\/www.ativ.pt\/es\/wp-json\/wp\/v2\/users\/2"}],"replies":[{"embeddable":true,"href":"https:\/\/www.ativ.pt\/es\/wp-json\/wp\/v2\/comments?post=11627"}],"version-history":[{"count":1,"href":"https:\/\/www.ativ.pt\/es\/wp-json\/wp\/v2\/posts\/11627\/revisions"}],"predecessor-version":[{"id":11628,"href":"https:\/\/www.ativ.pt\/es\/wp-json\/wp\/v2\/posts\/11627\/revisions\/11628"}],"wp:featuredmedia":[{"embeddable":true,"href":"https:\/\/www.ativ.pt\/es\/wp-json\/wp\/v2\/media\/11419"}],"wp:attachment":[{"href":"https:\/\/www.ativ.pt\/es\/wp-json\/wp\/v2\/media?parent=11627"}],"wp:term":[{"taxonomy":"category","embeddable":true,"href":"https:\/\/www.ativ.pt\/es\/wp-json\/wp\/v2\/categories?post=11627"},{"taxonomy":"post_tag","embeddable":true,"href":"https:\/\/www.ativ.pt\/es\/wp-json\/wp\/v2\/tags?post=11627"}],"curies":[{"name":"wp","href":"https:\/\/api.w.org\/{rel}","templated":true}]}}