{"id":11022,"date":"2024-06-26T13:23:45","date_gmt":"2024-06-26T13:23:45","guid":{"rendered":"https:\/\/www.ativ.pt\/2024\/06\/26\/inaugurada-la-playa-fluvial-de-moura-ejecutada-por-mota-engil-ativ\/"},"modified":"2024-07-01T13:52:41","modified_gmt":"2024-07-01T13:52:41","slug":"inaugurada-la-playa-fluvial-de-moura-ejecutada-por-mota-engil-ativ","status":"publish","type":"post","link":"https:\/\/www.ativ.pt\/es\/2024\/06\/26\/inaugurada-la-playa-fluvial-de-moura-ejecutada-por-mota-engil-ativ\/","title":{"rendered":"Inaugurada la playa fluvial de Moura ejecutada por Mota-Engil ATIV."},"content":{"rendered":"\n<p>Con una amplia zona de arena, dos piscinas flotantes, una para adultos, con 1,60 metros de profundidad, y otra para ni\u00f1os, con 0,60 metros, unidas por una pasarela, el nuevo equipamiento ser\u00e1 animado por actividades a lo largo de todo el a\u00f1o.<\/p>\n\n<div class=\"wp-block-columns is-layout-flex wp-container-core-columns-is-layout-9d6595d7 wp-block-columns-is-layout-flex\">\n<div class=\"wp-block-column is-layout-flow wp-block-column-is-layout-flow\" style=\"flex-basis:50%\">\n<figure class=\"wp-block-image size-large is-resized\"><img fetchpriority=\"high\" decoding=\"async\" width=\"1024\" height=\"768\" src=\"https:\/\/spcdn.shortpixel.ai\/spio\/ret_img,q_cdnize,to_auto,s_webp:avif\/www.ativ.pt\/wp-content\/uploads\/2024\/06\/20240619_111605-3-1024x768.jpg\" alt=\"\" class=\"wp-image-10970\" style=\"width:546px;height:auto\" srcset=\"https:\/\/spcdn.shortpixel.ai\/spio\/ret_img,q_cdnize,to_auto,s_webp:avif\/www.ativ.pt\/wp-content\/uploads\/2024\/06\/20240619_111605-3-1024x768.jpg 1024w, https:\/\/spcdn.shortpixel.ai\/spio\/ret_img,q_cdnize,to_auto,s_webp:avif\/www.ativ.pt\/wp-content\/uploads\/2024\/06\/20240619_111605-3-300x225.jpg 300w, https:\/\/spcdn.shortpixel.ai\/spio\/ret_img,q_cdnize,to_auto,s_webp:avif\/www.ativ.pt\/wp-content\/uploads\/2024\/06\/20240619_111605-3-768x576.jpg 768w, https:\/\/spcdn.shortpixel.ai\/spio\/ret_img,q_cdnize,to_auto,s_webp:avif\/www.ativ.pt\/wp-content\/uploads\/2024\/06\/20240619_111605-3-1536x1152.jpg 1536w, https:\/\/spcdn.shortpixel.ai\/spio\/ret_img,q_cdnize,to_auto,s_webp:avif\/www.ativ.pt\/wp-content\/uploads\/2024\/06\/20240619_111605-3-scaled.jpg 1920w\" sizes=\"(max-width: 1024px) 100vw, 1024px\" \/><\/figure>\n<\/div>\n\n\n\n<div class=\"wp-block-column is-layout-flow wp-block-column-is-layout-flow\" style=\"flex-basis:50%\">\n<figure class=\"wp-block-image size-large\"><img decoding=\"async\" width=\"1024\" height=\"768\" src=\"https:\/\/spcdn.shortpixel.ai\/spio\/ret_img,q_cdnize,to_auto,s_webp:avif\/www.ativ.pt\/wp-content\/uploads\/2024\/06\/20240619_115857-2-1024x768.jpg\" alt=\"\" class=\"wp-image-10978\" srcset=\"https:\/\/spcdn.shortpixel.ai\/spio\/ret_img,q_cdnize,to_auto,s_webp:avif\/www.ativ.pt\/wp-content\/uploads\/2024\/06\/20240619_115857-2-1024x768.jpg 1024w, https:\/\/spcdn.shortpixel.ai\/spio\/ret_img,q_cdnize,to_auto,s_webp:avif\/www.ativ.pt\/wp-content\/uploads\/2024\/06\/20240619_115857-2-300x225.jpg 300w, https:\/\/spcdn.shortpixel.ai\/spio\/ret_img,q_cdnize,to_auto,s_webp:avif\/www.ativ.pt\/wp-content\/uploads\/2024\/06\/20240619_115857-2-768x576.jpg 768w, https:\/\/spcdn.shortpixel.ai\/spio\/ret_img,q_cdnize,to_auto,s_webp:avif\/www.ativ.pt\/wp-content\/uploads\/2024\/06\/20240619_115857-2-1536x1152.jpg 1536w, https:\/\/spcdn.shortpixel.ai\/spio\/ret_img,q_cdnize,to_auto,s_webp:avif\/www.ativ.pt\/wp-content\/uploads\/2024\/06\/20240619_115857-2-scaled.jpg 1920w\" sizes=\"(max-width: 1024px) 100vw, 1024px\" \/><\/figure>\n<\/div>\n<\/div>\n\n<p>Esta obra de Mota-Engil ATIV combin\u00f3 las competencias de Paisajismo y Construcci\u00f3n, habi\u00e9ndose realizado trabajos de riego, plantaciones y siembras, as\u00ed como movimientos de tierras, infraestructuras el\u00e9ctricas, iluminaci\u00f3n, red de riego y edificios de apoyo a la playa.<\/p>\n\n<p>Con un valioso patrimonio natural y cultural y poseedora de condiciones privilegiadas para la pr\u00e1ctica de diversas actividades acu\u00e1ticas, la Estaci\u00f3n N\u00e1utica de Moura es un proyecto coordinado por la C\u00e1mara Municipal de Moura y desarrollado en colaboraci\u00f3n con la Empresa de Desarrollo e Infraestructuras de Alqueva (EDIA).<\/p>\n\n<p>En la inauguraci\u00f3n estuvieron presentes el Secretario de Estado de Turismo, Pedro Machado, y los presidentes de la EDIA, Jos\u00e9 Pedro Salema, y de la C\u00e1mara Municipal de Moura, \u00c1lvaro Azedo, as\u00ed como otras entidades p\u00fablicas y privadas.<\/p>\n\n<p>\u00abEs un proyecto que no est\u00e1 terminado y en el que vamos sumando nuevas inversiones para consolidar las infraestructuras\u00bb, subray\u00f3 el presidente del Municipio de Moura, \u00c1lvaro Azedo. Y a\u00f1adi\u00f3 que va a \u00abdiversificar la oferta tur\u00edstica en el municipio de Moura y a recalificar la zona circundante de la presa de Alqueva, promoviendo el desarrollo econ\u00f3mico, social y cultural de la regi\u00f3n\u00bb.<\/p>\n\n<p>Otro desaf\u00edo de Mota-Engil ATIV que contribuye a un Alentejo m\u00e1s rico, tur\u00edstico y diversificado.<\/p>\n","protected":false},"excerpt":{"rendered":"<p>Alentejo tiene una nueva playa fluvial: la Playa del Lago.<br \/>\nBajo la responsabilidad de Mota-Engil ATIV, este espacio de recreo y ocio se encuentra junto al Coronamiento de la Presa de Alqueva y es parte integrante de la Estaci\u00f3n N\u00e1utica de Moura, que incluye adem\u00e1s un parque de autocaravanas.<\/p>\n","protected":false},"author":2,"featured_media":11004,"comment_status":"open","ping_status":"open","sticky":false,"template":"","format":"standard","meta":{"_acf_changed":false,"footnotes":""},"categories":[16],"tags":[],"class_list":["post-11022","post","type-post","status-publish","format-standard","has-post-thumbnail","hentry","category-articulo"],"acf":[],"yoast_head":"<!-- This site is optimized with the Yoast SEO plugin v27.5 - https:\/\/yoast.com\/product\/yoast-seo-wordpress\/ -->\n<title>Inaugurada la playa fluvial de Moura ejecutada por Mota-Engil ATIV. - Mota-Engil ATIV<\/title>\n<meta name=\"robots\" content=\"index, follow, max-snippet:-1, max-image-preview:large, max-video-preview:-1\" \/>\n<link rel=\"canonical\" href=\"https:\/\/www.ativ.pt\/es\/2024\/06\/26\/inaugurada-la-playa-fluvial-de-moura-ejecutada-por-mota-engil-ativ\/\" \/>\n<meta property=\"og:locale\" content=\"es_ES\" \/>\n<meta property=\"og:type\" content=\"article\" \/>\n<meta property=\"og:title\" content=\"Inaugurada la playa fluvial de Moura ejecutada por Mota-Engil ATIV. - Mota-Engil ATIV\" \/>\n<meta property=\"og:description\" content=\"Alentejo tiene una nueva playa fluvial: la Playa del Lago. Bajo la responsabilidad de Mota-Engil ATIV, este espacio de recreo y ocio se encuentra junto al Coronamiento de la Presa de Alqueva y es parte integrante de la Estaci\u00f3n N\u00e1utica de Moura, que incluye adem\u00e1s un parque de autocaravanas.\" \/>\n<meta property=\"og:url\" content=\"https:\/\/www.ativ.pt\/es\/2024\/06\/26\/inaugurada-la-playa-fluvial-de-moura-ejecutada-por-mota-engil-ativ\/\" \/>\n<meta property=\"og:site_name\" content=\"Mota-Engil ATIV\" \/>\n<meta property=\"article:publisher\" content=\"https:\/\/www.facebook.com\/MotaEngilATIV\/\" \/>\n<meta property=\"article:published_time\" content=\"2024-06-26T13:23:45+00:00\" \/>\n<meta property=\"article:modified_time\" content=\"2024-07-01T13:52:41+00:00\" \/>\n<meta property=\"og:image\" content=\"https:\/\/www.ativ.pt\/wp-content\/uploads\/2024\/06\/20240619_110536-scaled.jpg\" \/>\n\t<meta property=\"og:image:width\" content=\"2560\" \/>\n\t<meta property=\"og:image:height\" content=\"1920\" \/>\n\t<meta property=\"og:image:type\" content=\"image\/jpeg\" \/>\n<meta name=\"author\" content=\"Susana Guerreiro\" \/>\n<meta name=\"twitter:card\" content=\"summary_large_image\" \/>\n<meta name=\"twitter:label1\" content=\"Escrito por\" \/>\n\t<meta name=\"twitter:data1\" content=\"Susana Guerreiro\" \/>\n\t<meta name=\"twitter:label2\" content=\"Tiempo de lectura\" \/>\n\t<meta name=\"twitter:data2\" content=\"1 minuto\" \/>\n<script type=\"application\/ld+json\" class=\"yoast-schema-graph\">{\"@context\":\"https:\\\/\\\/schema.org\",\"@graph\":[{\"@type\":\"Article\",\"@id\":\"https:\\\/\\\/www.ativ.pt\\\/es\\\/2024\\\/06\\\/26\\\/inaugurada-la-playa-fluvial-de-moura-ejecutada-por-mota-engil-ativ\\\/#article\",\"isPartOf\":{\"@id\":\"https:\\\/\\\/www.ativ.pt\\\/es\\\/2024\\\/06\\\/26\\\/inaugurada-la-playa-fluvial-de-moura-ejecutada-por-mota-engil-ativ\\\/\"},\"author\":{\"name\":\"Susana Guerreiro\",\"@id\":\"https:\\\/\\\/www.ativ.pt\\\/es\\\/#\\\/schema\\\/person\\\/76cd49f91ef96b6902453415264f0c55\"},\"headline\":\"Inaugurada la playa fluvial de Moura ejecutada por Mota-Engil ATIV.\",\"datePublished\":\"2024-06-26T13:23:45+00:00\",\"dateModified\":\"2024-07-01T13:52:41+00:00\",\"mainEntityOfPage\":{\"@id\":\"https:\\\/\\\/www.ativ.pt\\\/es\\\/2024\\\/06\\\/26\\\/inaugurada-la-playa-fluvial-de-moura-ejecutada-por-mota-engil-ativ\\\/\"},\"wordCount\":274,\"commentCount\":0,\"publisher\":{\"@id\":\"https:\\\/\\\/www.ativ.pt\\\/es\\\/#organization\"},\"image\":{\"@id\":\"https:\\\/\\\/www.ativ.pt\\\/es\\\/2024\\\/06\\\/26\\\/inaugurada-la-playa-fluvial-de-moura-ejecutada-por-mota-engil-ativ\\\/#primaryimage\"},\"thumbnailUrl\":\"https:\\\/\\\/www.ativ.pt\\\/wp-content\\\/uploads\\\/2024\\\/06\\\/20240619_110536-scaled.jpg\",\"articleSection\":[\"Art\u00edculo\"],\"inLanguage\":\"es\",\"potentialAction\":[{\"@type\":\"CommentAction\",\"name\":\"Comment\",\"target\":[\"https:\\\/\\\/www.ativ.pt\\\/es\\\/2024\\\/06\\\/26\\\/inaugurada-la-playa-fluvial-de-moura-ejecutada-por-mota-engil-ativ\\\/#respond\"]}]},{\"@type\":\"WebPage\",\"@id\":\"https:\\\/\\\/www.ativ.pt\\\/es\\\/2024\\\/06\\\/26\\\/inaugurada-la-playa-fluvial-de-moura-ejecutada-por-mota-engil-ativ\\\/\",\"url\":\"https:\\\/\\\/www.ativ.pt\\\/es\\\/2024\\\/06\\\/26\\\/inaugurada-la-playa-fluvial-de-moura-ejecutada-por-mota-engil-ativ\\\/\",\"name\":\"Inaugurada la playa fluvial de Moura ejecutada por Mota-Engil ATIV. - Mota-Engil ATIV\",\"isPartOf\":{\"@id\":\"https:\\\/\\\/www.ativ.pt\\\/es\\\/#website\"},\"primaryImageOfPage\":{\"@id\":\"https:\\\/\\\/www.ativ.pt\\\/es\\\/2024\\\/06\\\/26\\\/inaugurada-la-playa-fluvial-de-moura-ejecutada-por-mota-engil-ativ\\\/#primaryimage\"},\"image\":{\"@id\":\"https:\\\/\\\/www.ativ.pt\\\/es\\\/2024\\\/06\\\/26\\\/inaugurada-la-playa-fluvial-de-moura-ejecutada-por-mota-engil-ativ\\\/#primaryimage\"},\"thumbnailUrl\":\"https:\\\/\\\/www.ativ.pt\\\/wp-content\\\/uploads\\\/2024\\\/06\\\/20240619_110536-scaled.jpg\",\"datePublished\":\"2024-06-26T13:23:45+00:00\",\"dateModified\":\"2024-07-01T13:52:41+00:00\",\"breadcrumb\":{\"@id\":\"https:\\\/\\\/www.ativ.pt\\\/es\\\/2024\\\/06\\\/26\\\/inaugurada-la-playa-fluvial-de-moura-ejecutada-por-mota-engil-ativ\\\/#breadcrumb\"},\"inLanguage\":\"es\",\"potentialAction\":[{\"@type\":\"ReadAction\",\"target\":[\"https:\\\/\\\/www.ativ.pt\\\/es\\\/2024\\\/06\\\/26\\\/inaugurada-la-playa-fluvial-de-moura-ejecutada-por-mota-engil-ativ\\\/\"]}]},{\"@type\":\"ImageObject\",\"inLanguage\":\"es\",\"@id\":\"https:\\\/\\\/www.ativ.pt\\\/es\\\/2024\\\/06\\\/26\\\/inaugurada-la-playa-fluvial-de-moura-ejecutada-por-mota-engil-ativ\\\/#primaryimage\",\"url\":\"https:\\\/\\\/www.ativ.pt\\\/wp-content\\\/uploads\\\/2024\\\/06\\\/20240619_110536-scaled.jpg\",\"contentUrl\":\"https:\\\/\\\/www.ativ.pt\\\/wp-content\\\/uploads\\\/2024\\\/06\\\/20240619_110536-scaled.jpg\",\"width\":1920,\"height\":1440},{\"@type\":\"BreadcrumbList\",\"@id\":\"https:\\\/\\\/www.ativ.pt\\\/es\\\/2024\\\/06\\\/26\\\/inaugurada-la-playa-fluvial-de-moura-ejecutada-por-mota-engil-ativ\\\/#breadcrumb\",\"itemListElement\":[{\"@type\":\"ListItem\",\"position\":1,\"name\":\"In\u00edcio\",\"item\":\"https:\\\/\\\/www.ativ.pt\\\/es\\\/\"},{\"@type\":\"ListItem\",\"position\":2,\"name\":\"Inaugurada la playa fluvial de Moura ejecutada por Mota-Engil ATIV.\"}]},{\"@type\":\"WebSite\",\"@id\":\"https:\\\/\\\/www.ativ.pt\\\/es\\\/#website\",\"url\":\"https:\\\/\\\/www.ativ.pt\\\/es\\\/\",\"name\":\"Mota-Engil ATIV\",\"description\":\"Gest\u00e3o e Manuten\u00e7\u00e3o de Ativos\",\"publisher\":{\"@id\":\"https:\\\/\\\/www.ativ.pt\\\/es\\\/#organization\"},\"potentialAction\":[{\"@type\":\"SearchAction\",\"target\":{\"@type\":\"EntryPoint\",\"urlTemplate\":\"https:\\\/\\\/www.ativ.pt\\\/es\\\/?s={search_term_string}\"},\"query-input\":{\"@type\":\"PropertyValueSpecification\",\"valueRequired\":true,\"valueName\":\"search_term_string\"}}],\"inLanguage\":\"es\"},{\"@type\":\"Organization\",\"@id\":\"https:\\\/\\\/www.ativ.pt\\\/es\\\/#organization\",\"name\":\"Mota-Engil ATIV\",\"url\":\"https:\\\/\\\/www.ativ.pt\\\/es\\\/\",\"logo\":{\"@type\":\"ImageObject\",\"inLanguage\":\"es\",\"@id\":\"https:\\\/\\\/www.ativ.pt\\\/es\\\/#\\\/schema\\\/logo\\\/image\\\/\",\"url\":\"https:\\\/\\\/www.ativ.pt\\\/wp-content\\\/uploads\\\/2022\\\/04\\\/logo-ativ-cor-1.svg\",\"contentUrl\":\"https:\\\/\\\/www.ativ.pt\\\/wp-content\\\/uploads\\\/2022\\\/04\\\/logo-ativ-cor-1.svg\",\"width\":250,\"height\":100,\"caption\":\"Mota-Engil ATIV\"},\"image\":{\"@id\":\"https:\\\/\\\/www.ativ.pt\\\/es\\\/#\\\/schema\\\/logo\\\/image\\\/\"},\"sameAs\":[\"https:\\\/\\\/www.facebook.com\\\/MotaEngilATIV\\\/\",\"https:\\\/\\\/www.instagram.com\\\/mota_engil_ativ\\\/\",\"https:\\\/\\\/www.linkedin.com\\\/company\\\/motaengil-ativ\"]},{\"@type\":\"Person\",\"@id\":\"https:\\\/\\\/www.ativ.pt\\\/es\\\/#\\\/schema\\\/person\\\/76cd49f91ef96b6902453415264f0c55\",\"name\":\"Susana Guerreiro\"}]}<\/script>\n<!-- \/ Yoast SEO plugin. -->","yoast_head_json":{"title":"Inaugurada la playa fluvial de Moura ejecutada por Mota-Engil ATIV. - Mota-Engil ATIV","robots":{"index":"index","follow":"follow","max-snippet":"max-snippet:-1","max-image-preview":"max-image-preview:large","max-video-preview":"max-video-preview:-1"},"canonical":"https:\/\/www.ativ.pt\/es\/2024\/06\/26\/inaugurada-la-playa-fluvial-de-moura-ejecutada-por-mota-engil-ativ\/","og_locale":"es_ES","og_type":"article","og_title":"Inaugurada la playa fluvial de Moura ejecutada por Mota-Engil ATIV. - Mota-Engil ATIV","og_description":"Alentejo tiene una nueva playa fluvial: la Playa del Lago. Bajo la responsabilidad de Mota-Engil ATIV, este espacio de recreo y ocio se encuentra junto al Coronamiento de la Presa de Alqueva y es parte integrante de la Estaci\u00f3n N\u00e1utica de Moura, que incluye adem\u00e1s un parque de autocaravanas.","og_url":"https:\/\/www.ativ.pt\/es\/2024\/06\/26\/inaugurada-la-playa-fluvial-de-moura-ejecutada-por-mota-engil-ativ\/","og_site_name":"Mota-Engil ATIV","article_publisher":"https:\/\/www.facebook.com\/MotaEngilATIV\/","article_published_time":"2024-06-26T13:23:45+00:00","article_modified_time":"2024-07-01T13:52:41+00:00","og_image":[{"width":2560,"height":1920,"url":"https:\/\/www.ativ.pt\/wp-content\/uploads\/2024\/06\/20240619_110536-scaled.jpg","type":"image\/jpeg"}],"author":"Susana Guerreiro","twitter_card":"summary_large_image","twitter_misc":{"Escrito por":"Susana Guerreiro","Tiempo de lectura":"1 minuto"},"schema":{"@context":"https:\/\/schema.org","@graph":[{"@type":"Article","@id":"https:\/\/www.ativ.pt\/es\/2024\/06\/26\/inaugurada-la-playa-fluvial-de-moura-ejecutada-por-mota-engil-ativ\/#article","isPartOf":{"@id":"https:\/\/www.ativ.pt\/es\/2024\/06\/26\/inaugurada-la-playa-fluvial-de-moura-ejecutada-por-mota-engil-ativ\/"},"author":{"name":"Susana Guerreiro","@id":"https:\/\/www.ativ.pt\/es\/#\/schema\/person\/76cd49f91ef96b6902453415264f0c55"},"headline":"Inaugurada la playa fluvial de Moura ejecutada por Mota-Engil ATIV.","datePublished":"2024-06-26T13:23:45+00:00","dateModified":"2024-07-01T13:52:41+00:00","mainEntityOfPage":{"@id":"https:\/\/www.ativ.pt\/es\/2024\/06\/26\/inaugurada-la-playa-fluvial-de-moura-ejecutada-por-mota-engil-ativ\/"},"wordCount":274,"commentCount":0,"publisher":{"@id":"https:\/\/www.ativ.pt\/es\/#organization"},"image":{"@id":"https:\/\/www.ativ.pt\/es\/2024\/06\/26\/inaugurada-la-playa-fluvial-de-moura-ejecutada-por-mota-engil-ativ\/#primaryimage"},"thumbnailUrl":"https:\/\/www.ativ.pt\/wp-content\/uploads\/2024\/06\/20240619_110536-scaled.jpg","articleSection":["Art\u00edculo"],"inLanguage":"es","potentialAction":[{"@type":"CommentAction","name":"Comment","target":["https:\/\/www.ativ.pt\/es\/2024\/06\/26\/inaugurada-la-playa-fluvial-de-moura-ejecutada-por-mota-engil-ativ\/#respond"]}]},{"@type":"WebPage","@id":"https:\/\/www.ativ.pt\/es\/2024\/06\/26\/inaugurada-la-playa-fluvial-de-moura-ejecutada-por-mota-engil-ativ\/","url":"https:\/\/www.ativ.pt\/es\/2024\/06\/26\/inaugurada-la-playa-fluvial-de-moura-ejecutada-por-mota-engil-ativ\/","name":"Inaugurada la playa fluvial de Moura ejecutada por Mota-Engil ATIV. - Mota-Engil ATIV","isPartOf":{"@id":"https:\/\/www.ativ.pt\/es\/#website"},"primaryImageOfPage":{"@id":"https:\/\/www.ativ.pt\/es\/2024\/06\/26\/inaugurada-la-playa-fluvial-de-moura-ejecutada-por-mota-engil-ativ\/#primaryimage"},"image":{"@id":"https:\/\/www.ativ.pt\/es\/2024\/06\/26\/inaugurada-la-playa-fluvial-de-moura-ejecutada-por-mota-engil-ativ\/#primaryimage"},"thumbnailUrl":"https:\/\/www.ativ.pt\/wp-content\/uploads\/2024\/06\/20240619_110536-scaled.jpg","datePublished":"2024-06-26T13:23:45+00:00","dateModified":"2024-07-01T13:52:41+00:00","breadcrumb":{"@id":"https:\/\/www.ativ.pt\/es\/2024\/06\/26\/inaugurada-la-playa-fluvial-de-moura-ejecutada-por-mota-engil-ativ\/#breadcrumb"},"inLanguage":"es","potentialAction":[{"@type":"ReadAction","target":["https:\/\/www.ativ.pt\/es\/2024\/06\/26\/inaugurada-la-playa-fluvial-de-moura-ejecutada-por-mota-engil-ativ\/"]}]},{"@type":"ImageObject","inLanguage":"es","@id":"https:\/\/www.ativ.pt\/es\/2024\/06\/26\/inaugurada-la-playa-fluvial-de-moura-ejecutada-por-mota-engil-ativ\/#primaryimage","url":"https:\/\/www.ativ.pt\/wp-content\/uploads\/2024\/06\/20240619_110536-scaled.jpg","contentUrl":"https:\/\/www.ativ.pt\/wp-content\/uploads\/2024\/06\/20240619_110536-scaled.jpg","width":1920,"height":1440},{"@type":"BreadcrumbList","@id":"https:\/\/www.ativ.pt\/es\/2024\/06\/26\/inaugurada-la-playa-fluvial-de-moura-ejecutada-por-mota-engil-ativ\/#breadcrumb","itemListElement":[{"@type":"ListItem","position":1,"name":"In\u00edcio","item":"https:\/\/www.ativ.pt\/es\/"},{"@type":"ListItem","position":2,"name":"Inaugurada la playa fluvial de Moura ejecutada por Mota-Engil ATIV."}]},{"@type":"WebSite","@id":"https:\/\/www.ativ.pt\/es\/#website","url":"https:\/\/www.ativ.pt\/es\/","name":"Mota-Engil ATIV","description":"Gest\u00e3o e Manuten\u00e7\u00e3o de Ativos","publisher":{"@id":"https:\/\/www.ativ.pt\/es\/#organization"},"potentialAction":[{"@type":"SearchAction","target":{"@type":"EntryPoint","urlTemplate":"https:\/\/www.ativ.pt\/es\/?s={search_term_string}"},"query-input":{"@type":"PropertyValueSpecification","valueRequired":true,"valueName":"search_term_string"}}],"inLanguage":"es"},{"@type":"Organization","@id":"https:\/\/www.ativ.pt\/es\/#organization","name":"Mota-Engil ATIV","url":"https:\/\/www.ativ.pt\/es\/","logo":{"@type":"ImageObject","inLanguage":"es","@id":"https:\/\/www.ativ.pt\/es\/#\/schema\/logo\/image\/","url":"https:\/\/www.ativ.pt\/wp-content\/uploads\/2022\/04\/logo-ativ-cor-1.svg","contentUrl":"https:\/\/www.ativ.pt\/wp-content\/uploads\/2022\/04\/logo-ativ-cor-1.svg","width":250,"height":100,"caption":"Mota-Engil ATIV"},"image":{"@id":"https:\/\/www.ativ.pt\/es\/#\/schema\/logo\/image\/"},"sameAs":["https:\/\/www.facebook.com\/MotaEngilATIV\/","https:\/\/www.instagram.com\/mota_engil_ativ\/","https:\/\/www.linkedin.com\/company\/motaengil-ativ"]},{"@type":"Person","@id":"https:\/\/www.ativ.pt\/es\/#\/schema\/person\/76cd49f91ef96b6902453415264f0c55","name":"Susana Guerreiro"}]}},"_links":{"self":[{"href":"https:\/\/www.ativ.pt\/es\/wp-json\/wp\/v2\/posts\/11022","targetHints":{"allow":["GET"]}}],"collection":[{"href":"https:\/\/www.ativ.pt\/es\/wp-json\/wp\/v2\/posts"}],"about":[{"href":"https:\/\/www.ativ.pt\/es\/wp-json\/wp\/v2\/types\/post"}],"author":[{"embeddable":true,"href":"https:\/\/www.ativ.pt\/es\/wp-json\/wp\/v2\/users\/2"}],"replies":[{"embeddable":true,"href":"https:\/\/www.ativ.pt\/es\/wp-json\/wp\/v2\/comments?post=11022"}],"version-history":[{"count":1,"href":"https:\/\/www.ativ.pt\/es\/wp-json\/wp\/v2\/posts\/11022\/revisions"}],"predecessor-version":[{"id":11023,"href":"https:\/\/www.ativ.pt\/es\/wp-json\/wp\/v2\/posts\/11022\/revisions\/11023"}],"wp:featuredmedia":[{"embeddable":true,"href":"https:\/\/www.ativ.pt\/es\/wp-json\/wp\/v2\/media\/11004"}],"wp:attachment":[{"href":"https:\/\/www.ativ.pt\/es\/wp-json\/wp\/v2\/media?parent=11022"}],"wp:term":[{"taxonomy":"category","embeddable":true,"href":"https:\/\/www.ativ.pt\/es\/wp-json\/wp\/v2\/categories?post=11022"},{"taxonomy":"post_tag","embeddable":true,"href":"https:\/\/www.ativ.pt\/es\/wp-json\/wp\/v2\/tags?post=11022"}],"curies":[{"name":"wp","href":"https:\/\/api.w.org\/{rel}","templated":true}]}}