{"id":10894,"date":"2024-06-18T17:31:46","date_gmt":"2024-06-18T17:31:46","guid":{"rendered":"https:\/\/www.ativ.pt\/2024\/06\/18\/proyecto-de-biodiversidad-en-el-vertedero-de-figueira-da-foz\/"},"modified":"2024-06-24T13:14:09","modified_gmt":"2024-06-24T13:14:09","slug":"proyecto-de-biodiversidad-en-el-vertedero-de-figueira-da-foz","status":"publish","type":"post","link":"https:\/\/www.ativ.pt\/es\/2024\/06\/18\/proyecto-de-biodiversidad-en-el-vertedero-de-figueira-da-foz\/","title":{"rendered":"Proyecto de Biodiversidad en el Vertedero de Figueira da Foz"},"content":{"rendered":"\n<p>El objetivo principal es la recuperaci\u00f3n y preservaci\u00f3n de tierras alteradas por la actividad humana, siguiendo una estrategia para restaurar la flora y fauna nativas.<\/p>\n\n<p>En la recuperaci\u00f3n de este tipo de \u00e1reas se pueden utilizar varios enfoques; sin embargo, tras el an\u00e1lisis de los estudios previos, se opt\u00f3 por el control de especies invasoras mediante la recuperaci\u00f3n del \u00e1rea a trav\u00e9s de la plantaci\u00f3n de especies nativas, restableciendo as\u00ed la flora aut\u00f3ctona.<\/p>\n\n<p>Las actividades comenzaron en marzo de 2024 con el control\/erradicaci\u00f3n de especies ex\u00f3ticas invasoras, bas\u00e1ndose en el estudio preliminar realizado por Mota-Engil ATIV.<\/p>\n\n<figure class=\"wp-block-gallery has-nested-images columns-default is-cropped wp-block-gallery-1 is-layout-flex wp-block-gallery-is-layout-flex\">\n<figure class=\"wp-block-image size-large\"><img fetchpriority=\"high\" decoding=\"async\" width=\"650\" height=\"325\" data-id=\"10903\" src=\"https:\/\/www.ativ.pt\/wp-content\/uploads\/2024\/06\/ersuc_biodiversidade_-1.jpg\" alt=\"\" class=\"wp-image-10903\" srcset=\"https:\/\/www.ativ.pt\/wp-content\/uploads\/2024\/06\/ersuc_biodiversidade_-1.jpg 650w, https:\/\/www.ativ.pt\/wp-content\/uploads\/2024\/06\/ersuc_biodiversidade_-1-300x150.jpg 300w\" sizes=\"(max-width: 650px) 100vw, 650px\" \/><figcaption class=\"wp-element-caption\">default<\/figcaption><\/figure>\n\n\n\n<figure class=\"wp-block-image size-large\"><img decoding=\"async\" width=\"650\" height=\"365\" data-id=\"10899\" src=\"https:\/\/www.ativ.pt\/wp-content\/uploads\/2024\/06\/ersuc_biodiversidade_1.jpg\" alt=\"\" class=\"wp-image-10899\" srcset=\"https:\/\/www.ativ.pt\/wp-content\/uploads\/2024\/06\/ersuc_biodiversidade_1.jpg 650w, https:\/\/www.ativ.pt\/wp-content\/uploads\/2024\/06\/ersuc_biodiversidade_1-300x168.jpg 300w\" sizes=\"(max-width: 650px) 100vw, 650px\" \/><figcaption class=\"wp-element-caption\">default<\/figcaption><\/figure>\n<\/figure>\n\n<p>En junio, se establecer\u00e1 la l\u00ednea base de fauna y flora en todo el per\u00edmetro del Vertedero Sanitario de Figueira da Foz.<\/p>\n\n<p>Tambi\u00e9n est\u00e1 previsto instalar charcas superficiales para crear h\u00e1bitats para la fauna, as\u00ed como un prado de secano (mediante hidrosiembra) con especies aut\u00f3ctonas, con el objetivo de estabilizar el suelo y restaurar la flora y fauna silvestres, recuperando as\u00ed el ecosistema.<\/p>\n\n<p>El proyecto tambi\u00e9n incluye el inventario de la regeneraci\u00f3n natural y la monitorizaci\u00f3n para evaluar la recuperaci\u00f3n del suelo, la fauna y la flora, y establecer nuevas acciones si es necesario.<\/p>\n\n<p>Tambi\u00e9n podr\u00eda ser posible recuperar as\u00ed la funcionalidad ambiental y los ecosistemas de esta \u00e1rea, pudiendo transformarse en una zona de ocio para la poblaci\u00f3n.<\/p>\n\n<p>Este es otro proyecto desafiante destinado a promover la sostenibilidad en los aspectos ambiental, social y econ\u00f3mico.<\/p>\n","protected":false},"excerpt":{"rendered":"<p>Mota-Engil ATIV es responsable del Proyecto de Biodiversidad en el Vertedero Sanitario de Figueira da Foz, integrado en ERSUC, y que estaba desactivado.<\/p>\n","protected":false},"author":2,"featured_media":10887,"comment_status":"open","ping_status":"open","sticky":false,"template":"","format":"standard","meta":{"_acf_changed":false,"footnotes":""},"categories":[16],"tags":[],"class_list":["post-10894","post","type-post","status-publish","format-standard","has-post-thumbnail","hentry","category-articulo"],"acf":[],"yoast_head":"<!-- This site is optimized with the Yoast SEO plugin v27.5 - https:\/\/yoast.com\/product\/yoast-seo-wordpress\/ -->\n<title>Proyecto de Biodiversidad en el Vertedero de Figueira da Foz - Mota-Engil ATIV<\/title>\n<meta name=\"robots\" content=\"index, follow, max-snippet:-1, max-image-preview:large, max-video-preview:-1\" \/>\n<link rel=\"canonical\" href=\"https:\/\/www.ativ.pt\/es\/2024\/06\/18\/proyecto-de-biodiversidad-en-el-vertedero-de-figueira-da-foz\/\" \/>\n<meta property=\"og:locale\" content=\"es_ES\" \/>\n<meta property=\"og:type\" content=\"article\" \/>\n<meta property=\"og:title\" content=\"Proyecto de Biodiversidad en el Vertedero de Figueira da Foz - Mota-Engil ATIV\" \/>\n<meta property=\"og:description\" content=\"Mota-Engil ATIV es responsable del Proyecto de Biodiversidad en el Vertedero Sanitario de Figueira da Foz, integrado en ERSUC, y que estaba desactivado.\" \/>\n<meta property=\"og:url\" content=\"https:\/\/www.ativ.pt\/es\/2024\/06\/18\/proyecto-de-biodiversidad-en-el-vertedero-de-figueira-da-foz\/\" \/>\n<meta property=\"og:site_name\" content=\"Mota-Engil ATIV\" \/>\n<meta property=\"article:publisher\" content=\"https:\/\/www.facebook.com\/MotaEngilATIV\/\" \/>\n<meta property=\"article:published_time\" content=\"2024-06-18T17:31:46+00:00\" \/>\n<meta property=\"article:modified_time\" content=\"2024-06-24T13:14:09+00:00\" \/>\n<meta property=\"og:image\" content=\"https:\/\/www.ativ.pt\/wp-content\/uploads\/2024\/06\/ersuc_biodiversidade_destaque-1.jpg\" \/>\n\t<meta property=\"og:image:width\" content=\"1500\" \/>\n\t<meta property=\"og:image:height\" content=\"430\" \/>\n\t<meta property=\"og:image:type\" content=\"image\/jpeg\" \/>\n<meta name=\"author\" content=\"Susana Guerreiro\" \/>\n<meta name=\"twitter:card\" content=\"summary_large_image\" \/>\n<meta name=\"twitter:label1\" content=\"Escrito por\" \/>\n\t<meta name=\"twitter:data1\" content=\"Susana Guerreiro\" \/>\n\t<meta name=\"twitter:label2\" content=\"Tiempo de lectura\" \/>\n\t<meta name=\"twitter:data2\" content=\"1 minuto\" \/>\n<script type=\"application\/ld+json\" class=\"yoast-schema-graph\">{\"@context\":\"https:\\\/\\\/schema.org\",\"@graph\":[{\"@type\":\"Article\",\"@id\":\"https:\\\/\\\/www.ativ.pt\\\/es\\\/2024\\\/06\\\/18\\\/proyecto-de-biodiversidad-en-el-vertedero-de-figueira-da-foz\\\/#article\",\"isPartOf\":{\"@id\":\"https:\\\/\\\/www.ativ.pt\\\/es\\\/2024\\\/06\\\/18\\\/proyecto-de-biodiversidad-en-el-vertedero-de-figueira-da-foz\\\/\"},\"author\":{\"name\":\"Susana Guerreiro\",\"@id\":\"https:\\\/\\\/www.ativ.pt\\\/es\\\/#\\\/schema\\\/person\\\/76cd49f91ef96b6902453415264f0c55\"},\"headline\":\"Proyecto de Biodiversidad en el Vertedero de Figueira da Foz\",\"datePublished\":\"2024-06-18T17:31:46+00:00\",\"dateModified\":\"2024-06-24T13:14:09+00:00\",\"mainEntityOfPage\":{\"@id\":\"https:\\\/\\\/www.ativ.pt\\\/es\\\/2024\\\/06\\\/18\\\/proyecto-de-biodiversidad-en-el-vertedero-de-figueira-da-foz\\\/\"},\"wordCount\":268,\"commentCount\":0,\"publisher\":{\"@id\":\"https:\\\/\\\/www.ativ.pt\\\/es\\\/#organization\"},\"image\":{\"@id\":\"https:\\\/\\\/www.ativ.pt\\\/es\\\/2024\\\/06\\\/18\\\/proyecto-de-biodiversidad-en-el-vertedero-de-figueira-da-foz\\\/#primaryimage\"},\"thumbnailUrl\":\"https:\\\/\\\/www.ativ.pt\\\/wp-content\\\/uploads\\\/2024\\\/06\\\/ersuc_biodiversidade_destaque-1.jpg\",\"articleSection\":[\"Art\u00edculo\"],\"inLanguage\":\"es\",\"potentialAction\":[{\"@type\":\"CommentAction\",\"name\":\"Comment\",\"target\":[\"https:\\\/\\\/www.ativ.pt\\\/es\\\/2024\\\/06\\\/18\\\/proyecto-de-biodiversidad-en-el-vertedero-de-figueira-da-foz\\\/#respond\"]}]},{\"@type\":\"WebPage\",\"@id\":\"https:\\\/\\\/www.ativ.pt\\\/es\\\/2024\\\/06\\\/18\\\/proyecto-de-biodiversidad-en-el-vertedero-de-figueira-da-foz\\\/\",\"url\":\"https:\\\/\\\/www.ativ.pt\\\/es\\\/2024\\\/06\\\/18\\\/proyecto-de-biodiversidad-en-el-vertedero-de-figueira-da-foz\\\/\",\"name\":\"Proyecto de Biodiversidad en el Vertedero de Figueira da Foz - Mota-Engil ATIV\",\"isPartOf\":{\"@id\":\"https:\\\/\\\/www.ativ.pt\\\/es\\\/#website\"},\"primaryImageOfPage\":{\"@id\":\"https:\\\/\\\/www.ativ.pt\\\/es\\\/2024\\\/06\\\/18\\\/proyecto-de-biodiversidad-en-el-vertedero-de-figueira-da-foz\\\/#primaryimage\"},\"image\":{\"@id\":\"https:\\\/\\\/www.ativ.pt\\\/es\\\/2024\\\/06\\\/18\\\/proyecto-de-biodiversidad-en-el-vertedero-de-figueira-da-foz\\\/#primaryimage\"},\"thumbnailUrl\":\"https:\\\/\\\/www.ativ.pt\\\/wp-content\\\/uploads\\\/2024\\\/06\\\/ersuc_biodiversidade_destaque-1.jpg\",\"datePublished\":\"2024-06-18T17:31:46+00:00\",\"dateModified\":\"2024-06-24T13:14:09+00:00\",\"breadcrumb\":{\"@id\":\"https:\\\/\\\/www.ativ.pt\\\/es\\\/2024\\\/06\\\/18\\\/proyecto-de-biodiversidad-en-el-vertedero-de-figueira-da-foz\\\/#breadcrumb\"},\"inLanguage\":\"es\",\"potentialAction\":[{\"@type\":\"ReadAction\",\"target\":[\"https:\\\/\\\/www.ativ.pt\\\/es\\\/2024\\\/06\\\/18\\\/proyecto-de-biodiversidad-en-el-vertedero-de-figueira-da-foz\\\/\"]}]},{\"@type\":\"ImageObject\",\"inLanguage\":\"es\",\"@id\":\"https:\\\/\\\/www.ativ.pt\\\/es\\\/2024\\\/06\\\/18\\\/proyecto-de-biodiversidad-en-el-vertedero-de-figueira-da-foz\\\/#primaryimage\",\"url\":\"https:\\\/\\\/www.ativ.pt\\\/wp-content\\\/uploads\\\/2024\\\/06\\\/ersuc_biodiversidade_destaque-1.jpg\",\"contentUrl\":\"https:\\\/\\\/www.ativ.pt\\\/wp-content\\\/uploads\\\/2024\\\/06\\\/ersuc_biodiversidade_destaque-1.jpg\",\"width\":1500,\"height\":430,\"caption\":\"default\"},{\"@type\":\"BreadcrumbList\",\"@id\":\"https:\\\/\\\/www.ativ.pt\\\/es\\\/2024\\\/06\\\/18\\\/proyecto-de-biodiversidad-en-el-vertedero-de-figueira-da-foz\\\/#breadcrumb\",\"itemListElement\":[{\"@type\":\"ListItem\",\"position\":1,\"name\":\"In\u00edcio\",\"item\":\"https:\\\/\\\/www.ativ.pt\\\/es\\\/\"},{\"@type\":\"ListItem\",\"position\":2,\"name\":\"Proyecto de Biodiversidad en el Vertedero de Figueira da Foz\"}]},{\"@type\":\"WebSite\",\"@id\":\"https:\\\/\\\/www.ativ.pt\\\/es\\\/#website\",\"url\":\"https:\\\/\\\/www.ativ.pt\\\/es\\\/\",\"name\":\"Mota-Engil ATIV\",\"description\":\"Gest\u00e3o e Manuten\u00e7\u00e3o de Ativos\",\"publisher\":{\"@id\":\"https:\\\/\\\/www.ativ.pt\\\/es\\\/#organization\"},\"potentialAction\":[{\"@type\":\"SearchAction\",\"target\":{\"@type\":\"EntryPoint\",\"urlTemplate\":\"https:\\\/\\\/www.ativ.pt\\\/es\\\/?s={search_term_string}\"},\"query-input\":{\"@type\":\"PropertyValueSpecification\",\"valueRequired\":true,\"valueName\":\"search_term_string\"}}],\"inLanguage\":\"es\"},{\"@type\":\"Organization\",\"@id\":\"https:\\\/\\\/www.ativ.pt\\\/es\\\/#organization\",\"name\":\"Mota-Engil ATIV\",\"url\":\"https:\\\/\\\/www.ativ.pt\\\/es\\\/\",\"logo\":{\"@type\":\"ImageObject\",\"inLanguage\":\"es\",\"@id\":\"https:\\\/\\\/www.ativ.pt\\\/es\\\/#\\\/schema\\\/logo\\\/image\\\/\",\"url\":\"https:\\\/\\\/www.ativ.pt\\\/wp-content\\\/uploads\\\/2022\\\/04\\\/logo-ativ-cor-1.svg\",\"contentUrl\":\"https:\\\/\\\/www.ativ.pt\\\/wp-content\\\/uploads\\\/2022\\\/04\\\/logo-ativ-cor-1.svg\",\"width\":250,\"height\":100,\"caption\":\"Mota-Engil ATIV\"},\"image\":{\"@id\":\"https:\\\/\\\/www.ativ.pt\\\/es\\\/#\\\/schema\\\/logo\\\/image\\\/\"},\"sameAs\":[\"https:\\\/\\\/www.facebook.com\\\/MotaEngilATIV\\\/\",\"https:\\\/\\\/www.instagram.com\\\/mota_engil_ativ\\\/\",\"https:\\\/\\\/www.linkedin.com\\\/company\\\/motaengil-ativ\"]},{\"@type\":\"Person\",\"@id\":\"https:\\\/\\\/www.ativ.pt\\\/es\\\/#\\\/schema\\\/person\\\/76cd49f91ef96b6902453415264f0c55\",\"name\":\"Susana Guerreiro\"}]}<\/script>\n<!-- \/ Yoast SEO plugin. -->","yoast_head_json":{"title":"Proyecto de Biodiversidad en el Vertedero de Figueira da Foz - Mota-Engil ATIV","robots":{"index":"index","follow":"follow","max-snippet":"max-snippet:-1","max-image-preview":"max-image-preview:large","max-video-preview":"max-video-preview:-1"},"canonical":"https:\/\/www.ativ.pt\/es\/2024\/06\/18\/proyecto-de-biodiversidad-en-el-vertedero-de-figueira-da-foz\/","og_locale":"es_ES","og_type":"article","og_title":"Proyecto de Biodiversidad en el Vertedero de Figueira da Foz - Mota-Engil ATIV","og_description":"Mota-Engil ATIV es responsable del Proyecto de Biodiversidad en el Vertedero Sanitario de Figueira da Foz, integrado en ERSUC, y que estaba desactivado.","og_url":"https:\/\/www.ativ.pt\/es\/2024\/06\/18\/proyecto-de-biodiversidad-en-el-vertedero-de-figueira-da-foz\/","og_site_name":"Mota-Engil ATIV","article_publisher":"https:\/\/www.facebook.com\/MotaEngilATIV\/","article_published_time":"2024-06-18T17:31:46+00:00","article_modified_time":"2024-06-24T13:14:09+00:00","og_image":[{"width":1500,"height":430,"url":"https:\/\/www.ativ.pt\/wp-content\/uploads\/2024\/06\/ersuc_biodiversidade_destaque-1.jpg","type":"image\/jpeg"}],"author":"Susana Guerreiro","twitter_card":"summary_large_image","twitter_misc":{"Escrito por":"Susana Guerreiro","Tiempo de lectura":"1 minuto"},"schema":{"@context":"https:\/\/schema.org","@graph":[{"@type":"Article","@id":"https:\/\/www.ativ.pt\/es\/2024\/06\/18\/proyecto-de-biodiversidad-en-el-vertedero-de-figueira-da-foz\/#article","isPartOf":{"@id":"https:\/\/www.ativ.pt\/es\/2024\/06\/18\/proyecto-de-biodiversidad-en-el-vertedero-de-figueira-da-foz\/"},"author":{"name":"Susana Guerreiro","@id":"https:\/\/www.ativ.pt\/es\/#\/schema\/person\/76cd49f91ef96b6902453415264f0c55"},"headline":"Proyecto de Biodiversidad en el Vertedero de Figueira da Foz","datePublished":"2024-06-18T17:31:46+00:00","dateModified":"2024-06-24T13:14:09+00:00","mainEntityOfPage":{"@id":"https:\/\/www.ativ.pt\/es\/2024\/06\/18\/proyecto-de-biodiversidad-en-el-vertedero-de-figueira-da-foz\/"},"wordCount":268,"commentCount":0,"publisher":{"@id":"https:\/\/www.ativ.pt\/es\/#organization"},"image":{"@id":"https:\/\/www.ativ.pt\/es\/2024\/06\/18\/proyecto-de-biodiversidad-en-el-vertedero-de-figueira-da-foz\/#primaryimage"},"thumbnailUrl":"https:\/\/www.ativ.pt\/wp-content\/uploads\/2024\/06\/ersuc_biodiversidade_destaque-1.jpg","articleSection":["Art\u00edculo"],"inLanguage":"es","potentialAction":[{"@type":"CommentAction","name":"Comment","target":["https:\/\/www.ativ.pt\/es\/2024\/06\/18\/proyecto-de-biodiversidad-en-el-vertedero-de-figueira-da-foz\/#respond"]}]},{"@type":"WebPage","@id":"https:\/\/www.ativ.pt\/es\/2024\/06\/18\/proyecto-de-biodiversidad-en-el-vertedero-de-figueira-da-foz\/","url":"https:\/\/www.ativ.pt\/es\/2024\/06\/18\/proyecto-de-biodiversidad-en-el-vertedero-de-figueira-da-foz\/","name":"Proyecto de Biodiversidad en el Vertedero de Figueira da Foz - Mota-Engil ATIV","isPartOf":{"@id":"https:\/\/www.ativ.pt\/es\/#website"},"primaryImageOfPage":{"@id":"https:\/\/www.ativ.pt\/es\/2024\/06\/18\/proyecto-de-biodiversidad-en-el-vertedero-de-figueira-da-foz\/#primaryimage"},"image":{"@id":"https:\/\/www.ativ.pt\/es\/2024\/06\/18\/proyecto-de-biodiversidad-en-el-vertedero-de-figueira-da-foz\/#primaryimage"},"thumbnailUrl":"https:\/\/www.ativ.pt\/wp-content\/uploads\/2024\/06\/ersuc_biodiversidade_destaque-1.jpg","datePublished":"2024-06-18T17:31:46+00:00","dateModified":"2024-06-24T13:14:09+00:00","breadcrumb":{"@id":"https:\/\/www.ativ.pt\/es\/2024\/06\/18\/proyecto-de-biodiversidad-en-el-vertedero-de-figueira-da-foz\/#breadcrumb"},"inLanguage":"es","potentialAction":[{"@type":"ReadAction","target":["https:\/\/www.ativ.pt\/es\/2024\/06\/18\/proyecto-de-biodiversidad-en-el-vertedero-de-figueira-da-foz\/"]}]},{"@type":"ImageObject","inLanguage":"es","@id":"https:\/\/www.ativ.pt\/es\/2024\/06\/18\/proyecto-de-biodiversidad-en-el-vertedero-de-figueira-da-foz\/#primaryimage","url":"https:\/\/www.ativ.pt\/wp-content\/uploads\/2024\/06\/ersuc_biodiversidade_destaque-1.jpg","contentUrl":"https:\/\/www.ativ.pt\/wp-content\/uploads\/2024\/06\/ersuc_biodiversidade_destaque-1.jpg","width":1500,"height":430,"caption":"default"},{"@type":"BreadcrumbList","@id":"https:\/\/www.ativ.pt\/es\/2024\/06\/18\/proyecto-de-biodiversidad-en-el-vertedero-de-figueira-da-foz\/#breadcrumb","itemListElement":[{"@type":"ListItem","position":1,"name":"In\u00edcio","item":"https:\/\/www.ativ.pt\/es\/"},{"@type":"ListItem","position":2,"name":"Proyecto de Biodiversidad en el Vertedero de Figueira da Foz"}]},{"@type":"WebSite","@id":"https:\/\/www.ativ.pt\/es\/#website","url":"https:\/\/www.ativ.pt\/es\/","name":"Mota-Engil ATIV","description":"Gest\u00e3o e Manuten\u00e7\u00e3o de Ativos","publisher":{"@id":"https:\/\/www.ativ.pt\/es\/#organization"},"potentialAction":[{"@type":"SearchAction","target":{"@type":"EntryPoint","urlTemplate":"https:\/\/www.ativ.pt\/es\/?s={search_term_string}"},"query-input":{"@type":"PropertyValueSpecification","valueRequired":true,"valueName":"search_term_string"}}],"inLanguage":"es"},{"@type":"Organization","@id":"https:\/\/www.ativ.pt\/es\/#organization","name":"Mota-Engil ATIV","url":"https:\/\/www.ativ.pt\/es\/","logo":{"@type":"ImageObject","inLanguage":"es","@id":"https:\/\/www.ativ.pt\/es\/#\/schema\/logo\/image\/","url":"https:\/\/www.ativ.pt\/wp-content\/uploads\/2022\/04\/logo-ativ-cor-1.svg","contentUrl":"https:\/\/www.ativ.pt\/wp-content\/uploads\/2022\/04\/logo-ativ-cor-1.svg","width":250,"height":100,"caption":"Mota-Engil ATIV"},"image":{"@id":"https:\/\/www.ativ.pt\/es\/#\/schema\/logo\/image\/"},"sameAs":["https:\/\/www.facebook.com\/MotaEngilATIV\/","https:\/\/www.instagram.com\/mota_engil_ativ\/","https:\/\/www.linkedin.com\/company\/motaengil-ativ"]},{"@type":"Person","@id":"https:\/\/www.ativ.pt\/es\/#\/schema\/person\/76cd49f91ef96b6902453415264f0c55","name":"Susana Guerreiro"}]}},"_links":{"self":[{"href":"https:\/\/www.ativ.pt\/es\/wp-json\/wp\/v2\/posts\/10894","targetHints":{"allow":["GET"]}}],"collection":[{"href":"https:\/\/www.ativ.pt\/es\/wp-json\/wp\/v2\/posts"}],"about":[{"href":"https:\/\/www.ativ.pt\/es\/wp-json\/wp\/v2\/types\/post"}],"author":[{"embeddable":true,"href":"https:\/\/www.ativ.pt\/es\/wp-json\/wp\/v2\/users\/2"}],"replies":[{"embeddable":true,"href":"https:\/\/www.ativ.pt\/es\/wp-json\/wp\/v2\/comments?post=10894"}],"version-history":[{"count":2,"href":"https:\/\/www.ativ.pt\/es\/wp-json\/wp\/v2\/posts\/10894\/revisions"}],"predecessor-version":[{"id":10932,"href":"https:\/\/www.ativ.pt\/es\/wp-json\/wp\/v2\/posts\/10894\/revisions\/10932"}],"wp:featuredmedia":[{"embeddable":true,"href":"https:\/\/www.ativ.pt\/es\/wp-json\/wp\/v2\/media\/10887"}],"wp:attachment":[{"href":"https:\/\/www.ativ.pt\/es\/wp-json\/wp\/v2\/media?parent=10894"}],"wp:term":[{"taxonomy":"category","embeddable":true,"href":"https:\/\/www.ativ.pt\/es\/wp-json\/wp\/v2\/categories?post=10894"},{"taxonomy":"post_tag","embeddable":true,"href":"https:\/\/www.ativ.pt\/es\/wp-json\/wp\/v2\/tags?post=10894"}],"curies":[{"name":"wp","href":"https:\/\/api.w.org\/{rel}","templated":true}]}}