{"id":10841,"date":"2024-05-03T05:58:57","date_gmt":"2024-05-03T05:58:57","guid":{"rendered":"https:\/\/www.ativ.pt\/2024\/05\/03\/seminario-etica-y-privacidad-en-procesos-de-automatizacion-en-la-universidad-europea\/"},"modified":"2024-06-18T08:15:06","modified_gmt":"2024-06-18T08:15:06","slug":"seminario-etica-y-privacidad-en-procesos-de-automatizacion-en-la-universidad-europea","status":"publish","type":"post","link":"https:\/\/www.ativ.pt\/es\/2024\/05\/03\/seminario-etica-y-privacidad-en-procesos-de-automatizacion-en-la-universidad-europea\/","title":{"rendered":"Seminario \u00ab\u00c9tica y Privacidad en Procesos de Automatizaci\u00f3n\u00bb en la Universidad Europea"},"content":{"rendered":"\n<p>Joaquim Bonacho, director de Contrato de Instrumentaci\u00f3n y Automatizaci\u00f3n de Mota Engil-ATIV, particip\u00f3 en el seminario \u00ab\u00c9tica y Privacidad en Procesos de Automatizaci\u00f3n\u00bb, donde se discutieron los principios y pr\u00e1cticas que aseguran que las tecnolog\u00edas de automatizaci\u00f3n se utilicen de manera justa, responsable y segura, protegiendo la confidencialidad y la integridad tanto de los datos sensibles relacionados con el proceso en s\u00ed como de los datos personales.<\/p>\n\n<p>La invitaci\u00f3n vino de Ricardo Bonacho, profesor responsable de la UC de Transformaci\u00f3n Digital y Recursos Humanos del M\u00e1ster en Gesti\u00f3n de Recursos Humanos de la Universidad Europea, abordando una cuesti\u00f3n recurrente en la implementaci\u00f3n de nuevas tecnolog\u00edas en los procesos de transformaci\u00f3n digital en las organizaciones.<\/p>\n\n<figure class=\"wp-block-gallery has-nested-images columns-default is-cropped wp-block-gallery-1 is-layout-flex wp-block-gallery-is-layout-flex\">\n<figure class=\"wp-block-image size-large\"><img fetchpriority=\"high\" decoding=\"async\" width=\"1024\" height=\"768\" data-id=\"10444\" src=\"https:\/\/spcdn.shortpixel.ai\/spio\/ret_img,q_cdnize,to_auto,s_webp:avif\/www.ativ.pt\/wp-content\/uploads\/2024\/05\/Aula_Europeia-1024x768.jpg\" alt=\"\" class=\"wp-image-10444\" srcset=\"https:\/\/spcdn.shortpixel.ai\/spio\/ret_img,q_cdnize,to_auto,s_webp:avif\/www.ativ.pt\/wp-content\/uploads\/2024\/05\/Aula_Europeia-1024x768.jpg 1024w, https:\/\/spcdn.shortpixel.ai\/spio\/ret_img,q_cdnize,to_auto,s_webp:avif\/www.ativ.pt\/wp-content\/uploads\/2024\/05\/Aula_Europeia-300x225.jpg 300w, https:\/\/spcdn.shortpixel.ai\/spio\/ret_img,q_cdnize,to_auto,s_webp:avif\/www.ativ.pt\/wp-content\/uploads\/2024\/05\/Aula_Europeia-768x576.jpg 768w, https:\/\/spcdn.shortpixel.ai\/spio\/ret_img,q_cdnize,to_auto,s_webp:avif\/www.ativ.pt\/wp-content\/uploads\/2024\/05\/Aula_Europeia-1536x1152.jpg 1536w, https:\/\/spcdn.shortpixel.ai\/spio\/ret_img,q_cdnize,to_auto,s_webp:avif\/www.ativ.pt\/wp-content\/uploads\/2024\/05\/Aula_Europeia.jpg 1600w\" sizes=\"(max-width: 1024px) 100vw, 1024px\" \/><\/figure>\n\n\n\n<figure class=\"wp-block-image size-large\"><img decoding=\"async\" width=\"1024\" height=\"768\" data-id=\"10448\" src=\"https:\/\/spcdn.shortpixel.ai\/spio\/ret_img,q_cdnize,to_auto,s_webp:avif\/www.ativ.pt\/wp-content\/uploads\/2024\/05\/Aula_Europeia_-1024x768.jpg\" alt=\"\" class=\"wp-image-10448\" srcset=\"https:\/\/spcdn.shortpixel.ai\/spio\/ret_img,q_cdnize,to_auto,s_webp:avif\/www.ativ.pt\/wp-content\/uploads\/2024\/05\/Aula_Europeia_-1024x768.jpg 1024w, https:\/\/spcdn.shortpixel.ai\/spio\/ret_img,q_cdnize,to_auto,s_webp:avif\/www.ativ.pt\/wp-content\/uploads\/2024\/05\/Aula_Europeia_-300x225.jpg 300w, https:\/\/spcdn.shortpixel.ai\/spio\/ret_img,q_cdnize,to_auto,s_webp:avif\/www.ativ.pt\/wp-content\/uploads\/2024\/05\/Aula_Europeia_-768x576.jpg 768w, https:\/\/spcdn.shortpixel.ai\/spio\/ret_img,q_cdnize,to_auto,s_webp:avif\/www.ativ.pt\/wp-content\/uploads\/2024\/05\/Aula_Europeia_-1536x1152.jpg 1536w, https:\/\/spcdn.shortpixel.ai\/spio\/ret_img,q_cdnize,to_auto,s_webp:avif\/www.ativ.pt\/wp-content\/uploads\/2024\/05\/Aula_Europeia_.jpg 1600w\" sizes=\"(max-width: 1024px) 100vw, 1024px\" \/><\/figure>\n<\/figure>\n\n<p>Durante dos horas, Joaquim Bonacho destac\u00f3 el impacto social y en el empleo, la toma de decisiones aut\u00f3noma, sesgo y equidad, privacidad y vigilancia, sostenibilidad y desarrollo inclusivo.<\/p>\n\n<p>\u00abEn estos temas, siempre abord\u00e9 algunos casos y ejemplos relacionados con nuestra actividad, enfatizando la sostenibilidad y c\u00f3mo la automatizaci\u00f3n tiene el potencial de impactar positiva o negativamente la sostenibilidad ambiental y c\u00f3mo en ATIV existe esta preocupaci\u00f3n.\u00bb<\/p>\n\n<p>Joaquim Bonacho subray\u00f3 adem\u00e1s que \u00ablas decisiones sobre c\u00f3mo y d\u00f3nde implementar tecnolog\u00edas automatizadas tienen implicaciones \u00e9ticas relacionadas con la gesti\u00f3n de recursos, los impactos ambientales y los compromisos con las generaciones futuras.\u00bb<\/p>\n\n<p>Sin duda, un tema pertinente y actual que fue objeto de un intercambio enriquecedor por ambas partes.<\/p>\n","protected":false},"excerpt":{"rendered":"<p>La invitaci\u00f3n vino de Ricardo Bonacho, profesor responsable de la UC de Transformaci\u00f3n Digital y Recursos Humanos del M\u00e1ster en Gesti\u00f3n de Recursos Humanos de la Universidad Europea, abordando una cuesti\u00f3n recurrente en la implementaci\u00f3n de nuevas tecnolog\u00edas en los procesos de transformaci\u00f3n digital en las organizaciones.<\/p>\n","protected":false},"author":2,"featured_media":10456,"comment_status":"open","ping_status":"open","sticky":false,"template":"","format":"standard","meta":{"_acf_changed":false,"footnotes":""},"categories":[16],"tags":[],"class_list":["post-10841","post","type-post","status-publish","format-standard","has-post-thumbnail","hentry","category-articulo"],"acf":[],"yoast_head":"<!-- This site is optimized with the Yoast SEO plugin v27.5 - https:\/\/yoast.com\/product\/yoast-seo-wordpress\/ -->\n<title>Seminario &quot;\u00c9tica y Privacidad en Procesos de Automatizaci\u00f3n&quot; en la Universidad Europea - Mota-Engil ATIV<\/title>\n<meta name=\"robots\" content=\"index, follow, max-snippet:-1, max-image-preview:large, max-video-preview:-1\" \/>\n<link rel=\"canonical\" href=\"https:\/\/www.ativ.pt\/es\/2024\/05\/03\/seminario-etica-y-privacidad-en-procesos-de-automatizacion-en-la-universidad-europea\/\" \/>\n<meta property=\"og:locale\" content=\"es_ES\" \/>\n<meta property=\"og:type\" content=\"article\" \/>\n<meta property=\"og:title\" content=\"Seminario &quot;\u00c9tica y Privacidad en Procesos de Automatizaci\u00f3n&quot; en la Universidad Europea - Mota-Engil ATIV\" \/>\n<meta property=\"og:description\" content=\"La invitaci\u00f3n vino de Ricardo Bonacho, profesor responsable de la UC de Transformaci\u00f3n Digital y Recursos Humanos del M\u00e1ster en Gesti\u00f3n de Recursos Humanos de la Universidad Europea, abordando una cuesti\u00f3n recurrente en la implementaci\u00f3n de nuevas tecnolog\u00edas en los procesos de transformaci\u00f3n digital en las organizaciones.\" \/>\n<meta property=\"og:url\" content=\"https:\/\/www.ativ.pt\/es\/2024\/05\/03\/seminario-etica-y-privacidad-en-procesos-de-automatizacion-en-la-universidad-europea\/\" \/>\n<meta property=\"og:site_name\" content=\"Mota-Engil ATIV\" \/>\n<meta property=\"article:publisher\" content=\"https:\/\/www.facebook.com\/MotaEngilATIV\/\" \/>\n<meta property=\"article:published_time\" content=\"2024-05-03T05:58:57+00:00\" \/>\n<meta property=\"article:modified_time\" content=\"2024-06-18T08:15:06+00:00\" \/>\n<meta property=\"og:image\" content=\"https:\/\/www.ativ.pt\/wp-content\/uploads\/2024\/05\/Aula_Europeia_destaque.jpg\" \/>\n\t<meta property=\"og:image:width\" content=\"1194\" \/>\n\t<meta property=\"og:image:height\" content=\"379\" \/>\n\t<meta property=\"og:image:type\" content=\"image\/jpeg\" \/>\n<meta name=\"author\" content=\"Susana Guerreiro\" \/>\n<meta name=\"twitter:card\" content=\"summary_large_image\" \/>\n<meta name=\"twitter:label1\" content=\"Escrito por\" \/>\n\t<meta name=\"twitter:data1\" content=\"Susana Guerreiro\" \/>\n\t<meta name=\"twitter:label2\" content=\"Tiempo de lectura\" \/>\n\t<meta name=\"twitter:data2\" content=\"1 minuto\" \/>\n<script type=\"application\/ld+json\" class=\"yoast-schema-graph\">{\"@context\":\"https:\\\/\\\/schema.org\",\"@graph\":[{\"@type\":\"Article\",\"@id\":\"https:\\\/\\\/www.ativ.pt\\\/es\\\/2024\\\/05\\\/03\\\/seminario-etica-y-privacidad-en-procesos-de-automatizacion-en-la-universidad-europea\\\/#article\",\"isPartOf\":{\"@id\":\"https:\\\/\\\/www.ativ.pt\\\/es\\\/2024\\\/05\\\/03\\\/seminario-etica-y-privacidad-en-procesos-de-automatizacion-en-la-universidad-europea\\\/\"},\"author\":{\"name\":\"Susana Guerreiro\",\"@id\":\"https:\\\/\\\/www.ativ.pt\\\/es\\\/#\\\/schema\\\/person\\\/76cd49f91ef96b6902453415264f0c55\"},\"headline\":\"Seminario \u00ab\u00c9tica y Privacidad en Procesos de Automatizaci\u00f3n\u00bb en la Universidad Europea\",\"datePublished\":\"2024-05-03T05:58:57+00:00\",\"dateModified\":\"2024-06-18T08:15:06+00:00\",\"mainEntityOfPage\":{\"@id\":\"https:\\\/\\\/www.ativ.pt\\\/es\\\/2024\\\/05\\\/03\\\/seminario-etica-y-privacidad-en-procesos-de-automatizacion-en-la-universidad-europea\\\/\"},\"wordCount\":267,\"commentCount\":0,\"publisher\":{\"@id\":\"https:\\\/\\\/www.ativ.pt\\\/es\\\/#organization\"},\"image\":{\"@id\":\"https:\\\/\\\/www.ativ.pt\\\/es\\\/2024\\\/05\\\/03\\\/seminario-etica-y-privacidad-en-procesos-de-automatizacion-en-la-universidad-europea\\\/#primaryimage\"},\"thumbnailUrl\":\"https:\\\/\\\/www.ativ.pt\\\/wp-content\\\/uploads\\\/2024\\\/05\\\/Aula_Europeia_destaque.jpg\",\"articleSection\":[\"Art\u00edculo\"],\"inLanguage\":\"es\",\"potentialAction\":[{\"@type\":\"CommentAction\",\"name\":\"Comment\",\"target\":[\"https:\\\/\\\/www.ativ.pt\\\/es\\\/2024\\\/05\\\/03\\\/seminario-etica-y-privacidad-en-procesos-de-automatizacion-en-la-universidad-europea\\\/#respond\"]}]},{\"@type\":\"WebPage\",\"@id\":\"https:\\\/\\\/www.ativ.pt\\\/es\\\/2024\\\/05\\\/03\\\/seminario-etica-y-privacidad-en-procesos-de-automatizacion-en-la-universidad-europea\\\/\",\"url\":\"https:\\\/\\\/www.ativ.pt\\\/es\\\/2024\\\/05\\\/03\\\/seminario-etica-y-privacidad-en-procesos-de-automatizacion-en-la-universidad-europea\\\/\",\"name\":\"Seminario \\\"\u00c9tica y Privacidad en Procesos de Automatizaci\u00f3n\\\" en la Universidad Europea - Mota-Engil ATIV\",\"isPartOf\":{\"@id\":\"https:\\\/\\\/www.ativ.pt\\\/es\\\/#website\"},\"primaryImageOfPage\":{\"@id\":\"https:\\\/\\\/www.ativ.pt\\\/es\\\/2024\\\/05\\\/03\\\/seminario-etica-y-privacidad-en-procesos-de-automatizacion-en-la-universidad-europea\\\/#primaryimage\"},\"image\":{\"@id\":\"https:\\\/\\\/www.ativ.pt\\\/es\\\/2024\\\/05\\\/03\\\/seminario-etica-y-privacidad-en-procesos-de-automatizacion-en-la-universidad-europea\\\/#primaryimage\"},\"thumbnailUrl\":\"https:\\\/\\\/www.ativ.pt\\\/wp-content\\\/uploads\\\/2024\\\/05\\\/Aula_Europeia_destaque.jpg\",\"datePublished\":\"2024-05-03T05:58:57+00:00\",\"dateModified\":\"2024-06-18T08:15:06+00:00\",\"breadcrumb\":{\"@id\":\"https:\\\/\\\/www.ativ.pt\\\/es\\\/2024\\\/05\\\/03\\\/seminario-etica-y-privacidad-en-procesos-de-automatizacion-en-la-universidad-europea\\\/#breadcrumb\"},\"inLanguage\":\"es\",\"potentialAction\":[{\"@type\":\"ReadAction\",\"target\":[\"https:\\\/\\\/www.ativ.pt\\\/es\\\/2024\\\/05\\\/03\\\/seminario-etica-y-privacidad-en-procesos-de-automatizacion-en-la-universidad-europea\\\/\"]}]},{\"@type\":\"ImageObject\",\"inLanguage\":\"es\",\"@id\":\"https:\\\/\\\/www.ativ.pt\\\/es\\\/2024\\\/05\\\/03\\\/seminario-etica-y-privacidad-en-procesos-de-automatizacion-en-la-universidad-europea\\\/#primaryimage\",\"url\":\"https:\\\/\\\/www.ativ.pt\\\/wp-content\\\/uploads\\\/2024\\\/05\\\/Aula_Europeia_destaque.jpg\",\"contentUrl\":\"https:\\\/\\\/www.ativ.pt\\\/wp-content\\\/uploads\\\/2024\\\/05\\\/Aula_Europeia_destaque.jpg\",\"width\":1194,\"height\":379},{\"@type\":\"BreadcrumbList\",\"@id\":\"https:\\\/\\\/www.ativ.pt\\\/es\\\/2024\\\/05\\\/03\\\/seminario-etica-y-privacidad-en-procesos-de-automatizacion-en-la-universidad-europea\\\/#breadcrumb\",\"itemListElement\":[{\"@type\":\"ListItem\",\"position\":1,\"name\":\"In\u00edcio\",\"item\":\"https:\\\/\\\/www.ativ.pt\\\/es\\\/\"},{\"@type\":\"ListItem\",\"position\":2,\"name\":\"Seminario \u00ab\u00c9tica y Privacidad en Procesos de Automatizaci\u00f3n\u00bb en la Universidad Europea\"}]},{\"@type\":\"WebSite\",\"@id\":\"https:\\\/\\\/www.ativ.pt\\\/es\\\/#website\",\"url\":\"https:\\\/\\\/www.ativ.pt\\\/es\\\/\",\"name\":\"Mota-Engil ATIV\",\"description\":\"Gest\u00e3o e Manuten\u00e7\u00e3o de Ativos\",\"publisher\":{\"@id\":\"https:\\\/\\\/www.ativ.pt\\\/es\\\/#organization\"},\"potentialAction\":[{\"@type\":\"SearchAction\",\"target\":{\"@type\":\"EntryPoint\",\"urlTemplate\":\"https:\\\/\\\/www.ativ.pt\\\/es\\\/?s={search_term_string}\"},\"query-input\":{\"@type\":\"PropertyValueSpecification\",\"valueRequired\":true,\"valueName\":\"search_term_string\"}}],\"inLanguage\":\"es\"},{\"@type\":\"Organization\",\"@id\":\"https:\\\/\\\/www.ativ.pt\\\/es\\\/#organization\",\"name\":\"Mota-Engil ATIV\",\"url\":\"https:\\\/\\\/www.ativ.pt\\\/es\\\/\",\"logo\":{\"@type\":\"ImageObject\",\"inLanguage\":\"es\",\"@id\":\"https:\\\/\\\/www.ativ.pt\\\/es\\\/#\\\/schema\\\/logo\\\/image\\\/\",\"url\":\"https:\\\/\\\/www.ativ.pt\\\/wp-content\\\/uploads\\\/2022\\\/04\\\/logo-ativ-cor-1.svg\",\"contentUrl\":\"https:\\\/\\\/www.ativ.pt\\\/wp-content\\\/uploads\\\/2022\\\/04\\\/logo-ativ-cor-1.svg\",\"width\":250,\"height\":100,\"caption\":\"Mota-Engil ATIV\"},\"image\":{\"@id\":\"https:\\\/\\\/www.ativ.pt\\\/es\\\/#\\\/schema\\\/logo\\\/image\\\/\"},\"sameAs\":[\"https:\\\/\\\/www.facebook.com\\\/MotaEngilATIV\\\/\",\"https:\\\/\\\/www.instagram.com\\\/mota_engil_ativ\\\/\",\"https:\\\/\\\/www.linkedin.com\\\/company\\\/motaengil-ativ\"]},{\"@type\":\"Person\",\"@id\":\"https:\\\/\\\/www.ativ.pt\\\/es\\\/#\\\/schema\\\/person\\\/76cd49f91ef96b6902453415264f0c55\",\"name\":\"Susana Guerreiro\"}]}<\/script>\n<!-- \/ Yoast SEO plugin. -->","yoast_head_json":{"title":"Seminario \"\u00c9tica y Privacidad en Procesos de Automatizaci\u00f3n\" en la Universidad Europea - Mota-Engil ATIV","robots":{"index":"index","follow":"follow","max-snippet":"max-snippet:-1","max-image-preview":"max-image-preview:large","max-video-preview":"max-video-preview:-1"},"canonical":"https:\/\/www.ativ.pt\/es\/2024\/05\/03\/seminario-etica-y-privacidad-en-procesos-de-automatizacion-en-la-universidad-europea\/","og_locale":"es_ES","og_type":"article","og_title":"Seminario \"\u00c9tica y Privacidad en Procesos de Automatizaci\u00f3n\" en la Universidad Europea - Mota-Engil ATIV","og_description":"La invitaci\u00f3n vino de Ricardo Bonacho, profesor responsable de la UC de Transformaci\u00f3n Digital y Recursos Humanos del M\u00e1ster en Gesti\u00f3n de Recursos Humanos de la Universidad Europea, abordando una cuesti\u00f3n recurrente en la implementaci\u00f3n de nuevas tecnolog\u00edas en los procesos de transformaci\u00f3n digital en las organizaciones.","og_url":"https:\/\/www.ativ.pt\/es\/2024\/05\/03\/seminario-etica-y-privacidad-en-procesos-de-automatizacion-en-la-universidad-europea\/","og_site_name":"Mota-Engil ATIV","article_publisher":"https:\/\/www.facebook.com\/MotaEngilATIV\/","article_published_time":"2024-05-03T05:58:57+00:00","article_modified_time":"2024-06-18T08:15:06+00:00","og_image":[{"width":1194,"height":379,"url":"https:\/\/www.ativ.pt\/wp-content\/uploads\/2024\/05\/Aula_Europeia_destaque.jpg","type":"image\/jpeg"}],"author":"Susana Guerreiro","twitter_card":"summary_large_image","twitter_misc":{"Escrito por":"Susana Guerreiro","Tiempo de lectura":"1 minuto"},"schema":{"@context":"https:\/\/schema.org","@graph":[{"@type":"Article","@id":"https:\/\/www.ativ.pt\/es\/2024\/05\/03\/seminario-etica-y-privacidad-en-procesos-de-automatizacion-en-la-universidad-europea\/#article","isPartOf":{"@id":"https:\/\/www.ativ.pt\/es\/2024\/05\/03\/seminario-etica-y-privacidad-en-procesos-de-automatizacion-en-la-universidad-europea\/"},"author":{"name":"Susana Guerreiro","@id":"https:\/\/www.ativ.pt\/es\/#\/schema\/person\/76cd49f91ef96b6902453415264f0c55"},"headline":"Seminario \u00ab\u00c9tica y Privacidad en Procesos de Automatizaci\u00f3n\u00bb en la Universidad Europea","datePublished":"2024-05-03T05:58:57+00:00","dateModified":"2024-06-18T08:15:06+00:00","mainEntityOfPage":{"@id":"https:\/\/www.ativ.pt\/es\/2024\/05\/03\/seminario-etica-y-privacidad-en-procesos-de-automatizacion-en-la-universidad-europea\/"},"wordCount":267,"commentCount":0,"publisher":{"@id":"https:\/\/www.ativ.pt\/es\/#organization"},"image":{"@id":"https:\/\/www.ativ.pt\/es\/2024\/05\/03\/seminario-etica-y-privacidad-en-procesos-de-automatizacion-en-la-universidad-europea\/#primaryimage"},"thumbnailUrl":"https:\/\/www.ativ.pt\/wp-content\/uploads\/2024\/05\/Aula_Europeia_destaque.jpg","articleSection":["Art\u00edculo"],"inLanguage":"es","potentialAction":[{"@type":"CommentAction","name":"Comment","target":["https:\/\/www.ativ.pt\/es\/2024\/05\/03\/seminario-etica-y-privacidad-en-procesos-de-automatizacion-en-la-universidad-europea\/#respond"]}]},{"@type":"WebPage","@id":"https:\/\/www.ativ.pt\/es\/2024\/05\/03\/seminario-etica-y-privacidad-en-procesos-de-automatizacion-en-la-universidad-europea\/","url":"https:\/\/www.ativ.pt\/es\/2024\/05\/03\/seminario-etica-y-privacidad-en-procesos-de-automatizacion-en-la-universidad-europea\/","name":"Seminario \"\u00c9tica y Privacidad en Procesos de Automatizaci\u00f3n\" en la Universidad Europea - Mota-Engil ATIV","isPartOf":{"@id":"https:\/\/www.ativ.pt\/es\/#website"},"primaryImageOfPage":{"@id":"https:\/\/www.ativ.pt\/es\/2024\/05\/03\/seminario-etica-y-privacidad-en-procesos-de-automatizacion-en-la-universidad-europea\/#primaryimage"},"image":{"@id":"https:\/\/www.ativ.pt\/es\/2024\/05\/03\/seminario-etica-y-privacidad-en-procesos-de-automatizacion-en-la-universidad-europea\/#primaryimage"},"thumbnailUrl":"https:\/\/www.ativ.pt\/wp-content\/uploads\/2024\/05\/Aula_Europeia_destaque.jpg","datePublished":"2024-05-03T05:58:57+00:00","dateModified":"2024-06-18T08:15:06+00:00","breadcrumb":{"@id":"https:\/\/www.ativ.pt\/es\/2024\/05\/03\/seminario-etica-y-privacidad-en-procesos-de-automatizacion-en-la-universidad-europea\/#breadcrumb"},"inLanguage":"es","potentialAction":[{"@type":"ReadAction","target":["https:\/\/www.ativ.pt\/es\/2024\/05\/03\/seminario-etica-y-privacidad-en-procesos-de-automatizacion-en-la-universidad-europea\/"]}]},{"@type":"ImageObject","inLanguage":"es","@id":"https:\/\/www.ativ.pt\/es\/2024\/05\/03\/seminario-etica-y-privacidad-en-procesos-de-automatizacion-en-la-universidad-europea\/#primaryimage","url":"https:\/\/www.ativ.pt\/wp-content\/uploads\/2024\/05\/Aula_Europeia_destaque.jpg","contentUrl":"https:\/\/www.ativ.pt\/wp-content\/uploads\/2024\/05\/Aula_Europeia_destaque.jpg","width":1194,"height":379},{"@type":"BreadcrumbList","@id":"https:\/\/www.ativ.pt\/es\/2024\/05\/03\/seminario-etica-y-privacidad-en-procesos-de-automatizacion-en-la-universidad-europea\/#breadcrumb","itemListElement":[{"@type":"ListItem","position":1,"name":"In\u00edcio","item":"https:\/\/www.ativ.pt\/es\/"},{"@type":"ListItem","position":2,"name":"Seminario \u00ab\u00c9tica y Privacidad en Procesos de Automatizaci\u00f3n\u00bb en la Universidad Europea"}]},{"@type":"WebSite","@id":"https:\/\/www.ativ.pt\/es\/#website","url":"https:\/\/www.ativ.pt\/es\/","name":"Mota-Engil ATIV","description":"Gest\u00e3o e Manuten\u00e7\u00e3o de Ativos","publisher":{"@id":"https:\/\/www.ativ.pt\/es\/#organization"},"potentialAction":[{"@type":"SearchAction","target":{"@type":"EntryPoint","urlTemplate":"https:\/\/www.ativ.pt\/es\/?s={search_term_string}"},"query-input":{"@type":"PropertyValueSpecification","valueRequired":true,"valueName":"search_term_string"}}],"inLanguage":"es"},{"@type":"Organization","@id":"https:\/\/www.ativ.pt\/es\/#organization","name":"Mota-Engil ATIV","url":"https:\/\/www.ativ.pt\/es\/","logo":{"@type":"ImageObject","inLanguage":"es","@id":"https:\/\/www.ativ.pt\/es\/#\/schema\/logo\/image\/","url":"https:\/\/www.ativ.pt\/wp-content\/uploads\/2022\/04\/logo-ativ-cor-1.svg","contentUrl":"https:\/\/www.ativ.pt\/wp-content\/uploads\/2022\/04\/logo-ativ-cor-1.svg","width":250,"height":100,"caption":"Mota-Engil ATIV"},"image":{"@id":"https:\/\/www.ativ.pt\/es\/#\/schema\/logo\/image\/"},"sameAs":["https:\/\/www.facebook.com\/MotaEngilATIV\/","https:\/\/www.instagram.com\/mota_engil_ativ\/","https:\/\/www.linkedin.com\/company\/motaengil-ativ"]},{"@type":"Person","@id":"https:\/\/www.ativ.pt\/es\/#\/schema\/person\/76cd49f91ef96b6902453415264f0c55","name":"Susana Guerreiro"}]}},"_links":{"self":[{"href":"https:\/\/www.ativ.pt\/es\/wp-json\/wp\/v2\/posts\/10841","targetHints":{"allow":["GET"]}}],"collection":[{"href":"https:\/\/www.ativ.pt\/es\/wp-json\/wp\/v2\/posts"}],"about":[{"href":"https:\/\/www.ativ.pt\/es\/wp-json\/wp\/v2\/types\/post"}],"author":[{"embeddable":true,"href":"https:\/\/www.ativ.pt\/es\/wp-json\/wp\/v2\/users\/2"}],"replies":[{"embeddable":true,"href":"https:\/\/www.ativ.pt\/es\/wp-json\/wp\/v2\/comments?post=10841"}],"version-history":[{"count":1,"href":"https:\/\/www.ativ.pt\/es\/wp-json\/wp\/v2\/posts\/10841\/revisions"}],"predecessor-version":[{"id":10842,"href":"https:\/\/www.ativ.pt\/es\/wp-json\/wp\/v2\/posts\/10841\/revisions\/10842"}],"wp:featuredmedia":[{"embeddable":true,"href":"https:\/\/www.ativ.pt\/es\/wp-json\/wp\/v2\/media\/10456"}],"wp:attachment":[{"href":"https:\/\/www.ativ.pt\/es\/wp-json\/wp\/v2\/media?parent=10841"}],"wp:term":[{"taxonomy":"category","embeddable":true,"href":"https:\/\/www.ativ.pt\/es\/wp-json\/wp\/v2\/categories?post=10841"},{"taxonomy":"post_tag","embeddable":true,"href":"https:\/\/www.ativ.pt\/es\/wp-json\/wp\/v2\/tags?post=10841"}],"curies":[{"name":"wp","href":"https:\/\/api.w.org\/{rel}","templated":true}]}}