{"id":10829,"date":"2024-05-08T16:58:42","date_gmt":"2024-05-08T16:58:42","guid":{"rendered":"https:\/\/www.ativ.pt\/2024\/05\/08\/dia-mundial-de-la-gestion-de-instalaciones-fm\/"},"modified":"2024-06-17T13:39:27","modified_gmt":"2024-06-17T13:39:27","slug":"dia-mundial-de-la-gestion-de-instalaciones-fm","status":"publish","type":"post","link":"https:\/\/www.ativ.pt\/es\/2024\/05\/08\/dia-mundial-de-la-gestion-de-instalaciones-fm\/","title":{"rendered":"D\u00eda Mundial de la Gesti\u00f3n de Instalaciones (FM)"},"content":{"rendered":"\n<p>Mota-Engil ATIV Conmemora el D\u00eda Mundial de la Gesti\u00f3n de Instalaciones (FM) Destacando la Importancia de la Reducci\u00f3n de Residuos, la Optimizaci\u00f3n de Recursos y la Promoci\u00f3n de la Sostenibilidad<\/p>\n\n<p>En los \u00faltimos a\u00f1os, la creciente preocupaci\u00f3n por el cambio clim\u00e1tico y la urgente necesidad de reducir las emisiones de carbono han puesto a los edificios en el centro de atenci\u00f3n. Los edificios son responsables de una parte significativa de las emisiones globales de carbono debido a sus altos consumos energ\u00e9ticos y sus operaciones diarias. En este contexto, el Facility Management (FM) emerge como un elemento clave en la reducci\u00f3n de la huella de carbono de los edificios. A menudo subestimado, el FM desempe\u00f1a un papel fundamental en la implementaci\u00f3n de estrategias y pr\u00e1cticas que promueven la eficiencia energ\u00e9tica y la sostenibilidad de los edificios.<\/p>\n\n<p>Eficiencia Energ\u00e9tica y Optimizaci\u00f3n de Recursos y Mantenimiento y Gesti\u00f3n Proactiva<\/p>\n\n<figure class=\"wp-block-image size-large\"><img fetchpriority=\"high\" decoding=\"async\" width=\"1024\" height=\"683\" src=\"https:\/\/spcdn.shortpixel.ai\/spio\/ret_img,q_cdnize,to_auto,s_webp:avif\/www.ativ.pt\/wp-content\/uploads\/2024\/05\/Estrategias-Sustentaveis-1024x683.jpg\" alt=\"\" class=\"wp-image-10508\" srcset=\"https:\/\/spcdn.shortpixel.ai\/spio\/ret_img,q_cdnize,to_auto,s_webp:avif\/www.ativ.pt\/wp-content\/uploads\/2024\/05\/Estrategias-Sustentaveis-1024x683.jpg 1024w, https:\/\/spcdn.shortpixel.ai\/spio\/ret_img,q_cdnize,to_auto,s_webp:avif\/www.ativ.pt\/wp-content\/uploads\/2024\/05\/Estrategias-Sustentaveis-300x200.jpg 300w, https:\/\/spcdn.shortpixel.ai\/spio\/ret_img,q_cdnize,to_auto,s_webp:avif\/www.ativ.pt\/wp-content\/uploads\/2024\/05\/Estrategias-Sustentaveis-768x512.jpg 768w, https:\/\/spcdn.shortpixel.ai\/spio\/ret_img,q_cdnize,to_auto,s_webp:avif\/www.ativ.pt\/wp-content\/uploads\/2024\/05\/Estrategias-Sustentaveis-1536x1024.jpg 1536w, https:\/\/spcdn.shortpixel.ai\/spio\/ret_img,q_cdnize,to_auto,s_webp:avif\/www.ativ.pt\/wp-content\/uploads\/2024\/05\/Estrategias-Sustentaveis.jpg 1920w\" sizes=\"(max-width: 1024px) 100vw, 1024px\" \/><\/figure>\n\n<p>El Facility Management (FM) desempe\u00f1a un papel crucial en la gesti\u00f3n eficiente de los recursos en los edificios, siendo una de sus principales \u00e1reas de enfoque la optimizaci\u00f3n del uso de la energ\u00eda. Los gerentes de instalaciones est\u00e1n involucrados en el monitoreo y control de sistemas HVAC, iluminaci\u00f3n y otras infraestructuras que consumen energ\u00eda. Al implementar pr\u00e1cticas de gesti\u00f3n eficiente de la energ\u00eda, como la programaci\u00f3n de sistemas de iluminaci\u00f3n y HVAC en funci\u00f3n de la ocupaci\u00f3n, la instalaci\u00f3n de equipos eficientes y la identificaci\u00f3n de fugas de agua, el Facility Management tiene un impacto directo en las emisiones de carbono asociadas, no solo reduciendo los costos operativos sino tambi\u00e9n desempe\u00f1ando un papel fundamental en la mitigaci\u00f3n del cambio clim\u00e1tico.<\/p>\n\n<p>El mantenimiento proactivo de las instalaciones es un componente esencial de la gesti\u00f3n del carbono. El FM garantiza que los equipos y sistemas en los edificios funcionen de manera optimizada. El mantenimiento preventivo y predictivo no solo prolonga la vida \u00fatil de los sistemas e instalaciones, sino que tambi\u00e9n garantiza su funcionamiento con la m\u00e1xima eficiencia, lo que reduce el desperdicio. La prevenci\u00f3n del reemplazo prematuro de componentes y piezas no solo evita fallas inesperadas que resultan en consumos adicionales, sino que tambi\u00e9n evita el aumento de emisiones derivadas de estas fallas.<\/p>\n\n<p>Implementaci\u00f3n de Estrategias Sostenibles<\/p>\n\n<p>El Facility Management (FM) no se limita \u00fanicamente al mantenimiento f\u00edsico de los edificios, sino que tambi\u00e9n desempe\u00f1a un papel estrat\u00e9gico en la implementaci\u00f3n de pol\u00edticas sostenibles. Esto incluye promover una cultura organizacional enfocada en la sostenibilidad, capacitando a los colaboradores y sensibilizando a todas las partes interesadas sobre las mejores pr\u00e1cticas a adoptar. El avance tecnol\u00f3gico est\u00e1 revolucionando la Gesti\u00f3n de Instalaciones La introducci\u00f3n de sensores inteligentes, sistemas de automatizaci\u00f3n y an\u00e1lisis de datos ha permitido una gesti\u00f3n m\u00e1s precisa y eficaz de las operaciones de los edificios, lo que contribuye a una reducci\u00f3n de las emisiones de carbono.<\/p>\n\n<p>Monitoreo y Mejora Continua<\/p>\n\n<p>Un aspecto fundamental de la gesti\u00f3n de carbono es el monitoreo continuo y el an\u00e1lisis de datos. El FM puede implementar sistemas de monitoreo del desempe\u00f1o ambiental en los edificios, rastreando el consumo de energ\u00eda, las emisiones de gases de efecto invernadero y otras m\u00e9tricas relevantes. Con base en esta informaci\u00f3n, el FM puede identificar oportunidades de mejora e implementar medidas correctivas para optimizar a\u00fan m\u00e1s el desempe\u00f1o ambiental de los edificios.<\/p>\n","protected":false},"excerpt":{"rendered":"<p>La Importancia de la Gesti\u00f3n de Instalaciones (FM) en la Gesti\u00f3n del Carbono de los Edificios<\/p>\n","protected":false},"author":2,"featured_media":10511,"comment_status":"open","ping_status":"open","sticky":false,"template":"","format":"standard","meta":{"_acf_changed":false,"footnotes":""},"categories":[16],"tags":[],"class_list":["post-10829","post","type-post","status-publish","format-standard","has-post-thumbnail","hentry","category-articulo"],"acf":[],"yoast_head":"<!-- This site is optimized with the Yoast SEO plugin v27.5 - https:\/\/yoast.com\/product\/yoast-seo-wordpress\/ -->\n<title>D\u00eda Mundial de la Gesti\u00f3n de Instalaciones (FM) - Mota-Engil ATIV<\/title>\n<meta name=\"robots\" content=\"index, follow, max-snippet:-1, max-image-preview:large, max-video-preview:-1\" \/>\n<link rel=\"canonical\" href=\"https:\/\/www.ativ.pt\/es\/2024\/05\/08\/dia-mundial-de-la-gestion-de-instalaciones-fm\/\" \/>\n<meta property=\"og:locale\" content=\"es_ES\" \/>\n<meta property=\"og:type\" content=\"article\" \/>\n<meta property=\"og:title\" content=\"D\u00eda Mundial de la Gesti\u00f3n de Instalaciones (FM) - Mota-Engil ATIV\" \/>\n<meta property=\"og:description\" content=\"La Importancia de la Gesti\u00f3n de Instalaciones (FM) en la Gesti\u00f3n del Carbono de los Edificios\" \/>\n<meta property=\"og:url\" content=\"https:\/\/www.ativ.pt\/es\/2024\/05\/08\/dia-mundial-de-la-gestion-de-instalaciones-fm\/\" \/>\n<meta property=\"og:site_name\" content=\"Mota-Engil ATIV\" \/>\n<meta property=\"article:publisher\" content=\"https:\/\/www.facebook.com\/MotaEngilATIV\/\" \/>\n<meta property=\"article:published_time\" content=\"2024-05-08T16:58:42+00:00\" \/>\n<meta property=\"article:modified_time\" content=\"2024-06-17T13:39:27+00:00\" \/>\n<meta property=\"og:image\" content=\"https:\/\/www.ativ.pt\/wp-content\/uploads\/2024\/05\/Estrategias-Sustentaveis.jpg\" \/>\n\t<meta property=\"og:image:width\" content=\"1920\" \/>\n\t<meta property=\"og:image:height\" content=\"1280\" \/>\n\t<meta property=\"og:image:type\" content=\"image\/jpeg\" \/>\n<meta name=\"author\" content=\"Susana Guerreiro\" \/>\n<meta name=\"twitter:card\" content=\"summary_large_image\" \/>\n<meta name=\"twitter:label1\" content=\"Escrito por\" \/>\n\t<meta name=\"twitter:data1\" content=\"Susana Guerreiro\" \/>\n\t<meta name=\"twitter:label2\" content=\"Tiempo de lectura\" \/>\n\t<meta name=\"twitter:data2\" content=\"3 minutos\" \/>\n<script type=\"application\/ld+json\" class=\"yoast-schema-graph\">{\"@context\":\"https:\\\/\\\/schema.org\",\"@graph\":[{\"@type\":\"Article\",\"@id\":\"https:\\\/\\\/www.ativ.pt\\\/es\\\/2024\\\/05\\\/08\\\/dia-mundial-de-la-gestion-de-instalaciones-fm\\\/#article\",\"isPartOf\":{\"@id\":\"https:\\\/\\\/www.ativ.pt\\\/es\\\/2024\\\/05\\\/08\\\/dia-mundial-de-la-gestion-de-instalaciones-fm\\\/\"},\"author\":{\"name\":\"Susana Guerreiro\",\"@id\":\"https:\\\/\\\/www.ativ.pt\\\/es\\\/#\\\/schema\\\/person\\\/76cd49f91ef96b6902453415264f0c55\"},\"headline\":\"D\u00eda Mundial de la Gesti\u00f3n de Instalaciones (FM)\",\"datePublished\":\"2024-05-08T16:58:42+00:00\",\"dateModified\":\"2024-06-17T13:39:27+00:00\",\"mainEntityOfPage\":{\"@id\":\"https:\\\/\\\/www.ativ.pt\\\/es\\\/2024\\\/05\\\/08\\\/dia-mundial-de-la-gestion-de-instalaciones-fm\\\/\"},\"wordCount\":616,\"commentCount\":0,\"publisher\":{\"@id\":\"https:\\\/\\\/www.ativ.pt\\\/es\\\/#organization\"},\"image\":{\"@id\":\"https:\\\/\\\/www.ativ.pt\\\/es\\\/2024\\\/05\\\/08\\\/dia-mundial-de-la-gestion-de-instalaciones-fm\\\/#primaryimage\"},\"thumbnailUrl\":\"https:\\\/\\\/www.ativ.pt\\\/wp-content\\\/uploads\\\/2024\\\/05\\\/Estrategias-Sustentaveis.jpg\",\"articleSection\":[\"Art\u00edculo\"],\"inLanguage\":\"es\",\"potentialAction\":[{\"@type\":\"CommentAction\",\"name\":\"Comment\",\"target\":[\"https:\\\/\\\/www.ativ.pt\\\/es\\\/2024\\\/05\\\/08\\\/dia-mundial-de-la-gestion-de-instalaciones-fm\\\/#respond\"]}]},{\"@type\":\"WebPage\",\"@id\":\"https:\\\/\\\/www.ativ.pt\\\/es\\\/2024\\\/05\\\/08\\\/dia-mundial-de-la-gestion-de-instalaciones-fm\\\/\",\"url\":\"https:\\\/\\\/www.ativ.pt\\\/es\\\/2024\\\/05\\\/08\\\/dia-mundial-de-la-gestion-de-instalaciones-fm\\\/\",\"name\":\"D\u00eda Mundial de la Gesti\u00f3n de Instalaciones (FM) - Mota-Engil ATIV\",\"isPartOf\":{\"@id\":\"https:\\\/\\\/www.ativ.pt\\\/es\\\/#website\"},\"primaryImageOfPage\":{\"@id\":\"https:\\\/\\\/www.ativ.pt\\\/es\\\/2024\\\/05\\\/08\\\/dia-mundial-de-la-gestion-de-instalaciones-fm\\\/#primaryimage\"},\"image\":{\"@id\":\"https:\\\/\\\/www.ativ.pt\\\/es\\\/2024\\\/05\\\/08\\\/dia-mundial-de-la-gestion-de-instalaciones-fm\\\/#primaryimage\"},\"thumbnailUrl\":\"https:\\\/\\\/www.ativ.pt\\\/wp-content\\\/uploads\\\/2024\\\/05\\\/Estrategias-Sustentaveis.jpg\",\"datePublished\":\"2024-05-08T16:58:42+00:00\",\"dateModified\":\"2024-06-17T13:39:27+00:00\",\"breadcrumb\":{\"@id\":\"https:\\\/\\\/www.ativ.pt\\\/es\\\/2024\\\/05\\\/08\\\/dia-mundial-de-la-gestion-de-instalaciones-fm\\\/#breadcrumb\"},\"inLanguage\":\"es\",\"potentialAction\":[{\"@type\":\"ReadAction\",\"target\":[\"https:\\\/\\\/www.ativ.pt\\\/es\\\/2024\\\/05\\\/08\\\/dia-mundial-de-la-gestion-de-instalaciones-fm\\\/\"]}]},{\"@type\":\"ImageObject\",\"inLanguage\":\"es\",\"@id\":\"https:\\\/\\\/www.ativ.pt\\\/es\\\/2024\\\/05\\\/08\\\/dia-mundial-de-la-gestion-de-instalaciones-fm\\\/#primaryimage\",\"url\":\"https:\\\/\\\/www.ativ.pt\\\/wp-content\\\/uploads\\\/2024\\\/05\\\/Estrategias-Sustentaveis.jpg\",\"contentUrl\":\"https:\\\/\\\/www.ativ.pt\\\/wp-content\\\/uploads\\\/2024\\\/05\\\/Estrategias-Sustentaveis.jpg\",\"width\":1920,\"height\":1280},{\"@type\":\"BreadcrumbList\",\"@id\":\"https:\\\/\\\/www.ativ.pt\\\/es\\\/2024\\\/05\\\/08\\\/dia-mundial-de-la-gestion-de-instalaciones-fm\\\/#breadcrumb\",\"itemListElement\":[{\"@type\":\"ListItem\",\"position\":1,\"name\":\"In\u00edcio\",\"item\":\"https:\\\/\\\/www.ativ.pt\\\/es\\\/\"},{\"@type\":\"ListItem\",\"position\":2,\"name\":\"D\u00eda Mundial de la Gesti\u00f3n de Instalaciones (FM)\"}]},{\"@type\":\"WebSite\",\"@id\":\"https:\\\/\\\/www.ativ.pt\\\/es\\\/#website\",\"url\":\"https:\\\/\\\/www.ativ.pt\\\/es\\\/\",\"name\":\"Mota-Engil ATIV\",\"description\":\"Gest\u00e3o e Manuten\u00e7\u00e3o de Ativos\",\"publisher\":{\"@id\":\"https:\\\/\\\/www.ativ.pt\\\/es\\\/#organization\"},\"potentialAction\":[{\"@type\":\"SearchAction\",\"target\":{\"@type\":\"EntryPoint\",\"urlTemplate\":\"https:\\\/\\\/www.ativ.pt\\\/es\\\/?s={search_term_string}\"},\"query-input\":{\"@type\":\"PropertyValueSpecification\",\"valueRequired\":true,\"valueName\":\"search_term_string\"}}],\"inLanguage\":\"es\"},{\"@type\":\"Organization\",\"@id\":\"https:\\\/\\\/www.ativ.pt\\\/es\\\/#organization\",\"name\":\"Mota-Engil ATIV\",\"url\":\"https:\\\/\\\/www.ativ.pt\\\/es\\\/\",\"logo\":{\"@type\":\"ImageObject\",\"inLanguage\":\"es\",\"@id\":\"https:\\\/\\\/www.ativ.pt\\\/es\\\/#\\\/schema\\\/logo\\\/image\\\/\",\"url\":\"https:\\\/\\\/www.ativ.pt\\\/wp-content\\\/uploads\\\/2022\\\/04\\\/logo-ativ-cor-1.svg\",\"contentUrl\":\"https:\\\/\\\/www.ativ.pt\\\/wp-content\\\/uploads\\\/2022\\\/04\\\/logo-ativ-cor-1.svg\",\"width\":250,\"height\":100,\"caption\":\"Mota-Engil ATIV\"},\"image\":{\"@id\":\"https:\\\/\\\/www.ativ.pt\\\/es\\\/#\\\/schema\\\/logo\\\/image\\\/\"},\"sameAs\":[\"https:\\\/\\\/www.facebook.com\\\/MotaEngilATIV\\\/\",\"https:\\\/\\\/www.instagram.com\\\/mota_engil_ativ\\\/\",\"https:\\\/\\\/www.linkedin.com\\\/company\\\/motaengil-ativ\"]},{\"@type\":\"Person\",\"@id\":\"https:\\\/\\\/www.ativ.pt\\\/es\\\/#\\\/schema\\\/person\\\/76cd49f91ef96b6902453415264f0c55\",\"name\":\"Susana Guerreiro\"}]}<\/script>\n<!-- \/ Yoast SEO plugin. -->","yoast_head_json":{"title":"D\u00eda Mundial de la Gesti\u00f3n de Instalaciones (FM) - Mota-Engil ATIV","robots":{"index":"index","follow":"follow","max-snippet":"max-snippet:-1","max-image-preview":"max-image-preview:large","max-video-preview":"max-video-preview:-1"},"canonical":"https:\/\/www.ativ.pt\/es\/2024\/05\/08\/dia-mundial-de-la-gestion-de-instalaciones-fm\/","og_locale":"es_ES","og_type":"article","og_title":"D\u00eda Mundial de la Gesti\u00f3n de Instalaciones (FM) - Mota-Engil ATIV","og_description":"La Importancia de la Gesti\u00f3n de Instalaciones (FM) en la Gesti\u00f3n del Carbono de los Edificios","og_url":"https:\/\/www.ativ.pt\/es\/2024\/05\/08\/dia-mundial-de-la-gestion-de-instalaciones-fm\/","og_site_name":"Mota-Engil ATIV","article_publisher":"https:\/\/www.facebook.com\/MotaEngilATIV\/","article_published_time":"2024-05-08T16:58:42+00:00","article_modified_time":"2024-06-17T13:39:27+00:00","og_image":[{"width":1920,"height":1280,"url":"https:\/\/www.ativ.pt\/wp-content\/uploads\/2024\/05\/Estrategias-Sustentaveis.jpg","type":"image\/jpeg"}],"author":"Susana Guerreiro","twitter_card":"summary_large_image","twitter_misc":{"Escrito por":"Susana Guerreiro","Tiempo de lectura":"3 minutos"},"schema":{"@context":"https:\/\/schema.org","@graph":[{"@type":"Article","@id":"https:\/\/www.ativ.pt\/es\/2024\/05\/08\/dia-mundial-de-la-gestion-de-instalaciones-fm\/#article","isPartOf":{"@id":"https:\/\/www.ativ.pt\/es\/2024\/05\/08\/dia-mundial-de-la-gestion-de-instalaciones-fm\/"},"author":{"name":"Susana Guerreiro","@id":"https:\/\/www.ativ.pt\/es\/#\/schema\/person\/76cd49f91ef96b6902453415264f0c55"},"headline":"D\u00eda Mundial de la Gesti\u00f3n de Instalaciones (FM)","datePublished":"2024-05-08T16:58:42+00:00","dateModified":"2024-06-17T13:39:27+00:00","mainEntityOfPage":{"@id":"https:\/\/www.ativ.pt\/es\/2024\/05\/08\/dia-mundial-de-la-gestion-de-instalaciones-fm\/"},"wordCount":616,"commentCount":0,"publisher":{"@id":"https:\/\/www.ativ.pt\/es\/#organization"},"image":{"@id":"https:\/\/www.ativ.pt\/es\/2024\/05\/08\/dia-mundial-de-la-gestion-de-instalaciones-fm\/#primaryimage"},"thumbnailUrl":"https:\/\/www.ativ.pt\/wp-content\/uploads\/2024\/05\/Estrategias-Sustentaveis.jpg","articleSection":["Art\u00edculo"],"inLanguage":"es","potentialAction":[{"@type":"CommentAction","name":"Comment","target":["https:\/\/www.ativ.pt\/es\/2024\/05\/08\/dia-mundial-de-la-gestion-de-instalaciones-fm\/#respond"]}]},{"@type":"WebPage","@id":"https:\/\/www.ativ.pt\/es\/2024\/05\/08\/dia-mundial-de-la-gestion-de-instalaciones-fm\/","url":"https:\/\/www.ativ.pt\/es\/2024\/05\/08\/dia-mundial-de-la-gestion-de-instalaciones-fm\/","name":"D\u00eda Mundial de la Gesti\u00f3n de Instalaciones (FM) - Mota-Engil ATIV","isPartOf":{"@id":"https:\/\/www.ativ.pt\/es\/#website"},"primaryImageOfPage":{"@id":"https:\/\/www.ativ.pt\/es\/2024\/05\/08\/dia-mundial-de-la-gestion-de-instalaciones-fm\/#primaryimage"},"image":{"@id":"https:\/\/www.ativ.pt\/es\/2024\/05\/08\/dia-mundial-de-la-gestion-de-instalaciones-fm\/#primaryimage"},"thumbnailUrl":"https:\/\/www.ativ.pt\/wp-content\/uploads\/2024\/05\/Estrategias-Sustentaveis.jpg","datePublished":"2024-05-08T16:58:42+00:00","dateModified":"2024-06-17T13:39:27+00:00","breadcrumb":{"@id":"https:\/\/www.ativ.pt\/es\/2024\/05\/08\/dia-mundial-de-la-gestion-de-instalaciones-fm\/#breadcrumb"},"inLanguage":"es","potentialAction":[{"@type":"ReadAction","target":["https:\/\/www.ativ.pt\/es\/2024\/05\/08\/dia-mundial-de-la-gestion-de-instalaciones-fm\/"]}]},{"@type":"ImageObject","inLanguage":"es","@id":"https:\/\/www.ativ.pt\/es\/2024\/05\/08\/dia-mundial-de-la-gestion-de-instalaciones-fm\/#primaryimage","url":"https:\/\/www.ativ.pt\/wp-content\/uploads\/2024\/05\/Estrategias-Sustentaveis.jpg","contentUrl":"https:\/\/www.ativ.pt\/wp-content\/uploads\/2024\/05\/Estrategias-Sustentaveis.jpg","width":1920,"height":1280},{"@type":"BreadcrumbList","@id":"https:\/\/www.ativ.pt\/es\/2024\/05\/08\/dia-mundial-de-la-gestion-de-instalaciones-fm\/#breadcrumb","itemListElement":[{"@type":"ListItem","position":1,"name":"In\u00edcio","item":"https:\/\/www.ativ.pt\/es\/"},{"@type":"ListItem","position":2,"name":"D\u00eda Mundial de la Gesti\u00f3n de Instalaciones (FM)"}]},{"@type":"WebSite","@id":"https:\/\/www.ativ.pt\/es\/#website","url":"https:\/\/www.ativ.pt\/es\/","name":"Mota-Engil ATIV","description":"Gest\u00e3o e Manuten\u00e7\u00e3o de Ativos","publisher":{"@id":"https:\/\/www.ativ.pt\/es\/#organization"},"potentialAction":[{"@type":"SearchAction","target":{"@type":"EntryPoint","urlTemplate":"https:\/\/www.ativ.pt\/es\/?s={search_term_string}"},"query-input":{"@type":"PropertyValueSpecification","valueRequired":true,"valueName":"search_term_string"}}],"inLanguage":"es"},{"@type":"Organization","@id":"https:\/\/www.ativ.pt\/es\/#organization","name":"Mota-Engil ATIV","url":"https:\/\/www.ativ.pt\/es\/","logo":{"@type":"ImageObject","inLanguage":"es","@id":"https:\/\/www.ativ.pt\/es\/#\/schema\/logo\/image\/","url":"https:\/\/www.ativ.pt\/wp-content\/uploads\/2022\/04\/logo-ativ-cor-1.svg","contentUrl":"https:\/\/www.ativ.pt\/wp-content\/uploads\/2022\/04\/logo-ativ-cor-1.svg","width":250,"height":100,"caption":"Mota-Engil ATIV"},"image":{"@id":"https:\/\/www.ativ.pt\/es\/#\/schema\/logo\/image\/"},"sameAs":["https:\/\/www.facebook.com\/MotaEngilATIV\/","https:\/\/www.instagram.com\/mota_engil_ativ\/","https:\/\/www.linkedin.com\/company\/motaengil-ativ"]},{"@type":"Person","@id":"https:\/\/www.ativ.pt\/es\/#\/schema\/person\/76cd49f91ef96b6902453415264f0c55","name":"Susana Guerreiro"}]}},"_links":{"self":[{"href":"https:\/\/www.ativ.pt\/es\/wp-json\/wp\/v2\/posts\/10829","targetHints":{"allow":["GET"]}}],"collection":[{"href":"https:\/\/www.ativ.pt\/es\/wp-json\/wp\/v2\/posts"}],"about":[{"href":"https:\/\/www.ativ.pt\/es\/wp-json\/wp\/v2\/types\/post"}],"author":[{"embeddable":true,"href":"https:\/\/www.ativ.pt\/es\/wp-json\/wp\/v2\/users\/2"}],"replies":[{"embeddable":true,"href":"https:\/\/www.ativ.pt\/es\/wp-json\/wp\/v2\/comments?post=10829"}],"version-history":[{"count":1,"href":"https:\/\/www.ativ.pt\/es\/wp-json\/wp\/v2\/posts\/10829\/revisions"}],"predecessor-version":[{"id":10830,"href":"https:\/\/www.ativ.pt\/es\/wp-json\/wp\/v2\/posts\/10829\/revisions\/10830"}],"wp:featuredmedia":[{"embeddable":true,"href":"https:\/\/www.ativ.pt\/es\/wp-json\/wp\/v2\/media\/10511"}],"wp:attachment":[{"href":"https:\/\/www.ativ.pt\/es\/wp-json\/wp\/v2\/media?parent=10829"}],"wp:term":[{"taxonomy":"category","embeddable":true,"href":"https:\/\/www.ativ.pt\/es\/wp-json\/wp\/v2\/categories?post=10829"},{"taxonomy":"post_tag","embeddable":true,"href":"https:\/\/www.ativ.pt\/es\/wp-json\/wp\/v2\/tags?post=10829"}],"curies":[{"name":"wp","href":"https:\/\/api.w.org\/{rel}","templated":true}]}}