{"id":10812,"date":"2024-06-04T16:41:28","date_gmt":"2024-06-04T16:41:28","guid":{"rendered":"https:\/\/www.ativ.pt\/2024\/06\/04\/siembra-aerea-y-plantacion-de-arboles-con-dron\/"},"modified":"2024-06-11T14:15:09","modified_gmt":"2024-06-11T14:15:09","slug":"siembra-aerea-y-plantacion-de-arboles-con-dron","status":"publish","type":"post","link":"https:\/\/www.ativ.pt\/es\/2024\/06\/04\/siembra-aerea-y-plantacion-de-arboles-con-dron\/","title":{"rendered":"Siembra a\u00e9rea y plantaci\u00f3n de \u00e1rboles con dron"},"content":{"rendered":"\n<p>En el marco del proyecto de reforestaci\u00f3n de Corvaceira, en la localidad de Mangualde en Viseu, y en la persecuci\u00f3n de la reducci\u00f3n de la huella de carbono en la ejecuci\u00f3n de sus proyectos de reforestaci\u00f3n, Mota-Engil ATIV recurri\u00f3 a tecnolog\u00edas innovadoras con huella de carbono neutra.<\/p>\n\n<p>En una asociaci\u00f3n con la empresa TerraFarmers, se utilizaron drones que permiten la plantaci\u00f3n de \u00e1rboles a trav\u00e9s de seedballs, en una tecnolog\u00eda que protege la semilla hasta su fijaci\u00f3n en el suelo.<\/p>\n\n<p>En lo que respecta a la biodiversidad y a trav\u00e9s del mismo proceso, se utilizaron semillas de plantas mel\u00edferas y cereales, que permiten atraer y retener la fauna existente<\/p>\n\n<figure class=\"wp-block-gallery has-nested-images columns-default is-cropped wp-block-gallery-1 is-layout-flex wp-block-gallery-is-layout-flex\">\n<figure class=\"wp-block-image size-large\"><img fetchpriority=\"high\" decoding=\"async\" width=\"650\" height=\"866\" data-id=\"10519\" src=\"https:\/\/www.ativ.pt\/wp-content\/uploads\/2024\/05\/sementes_drone_.jpg\" alt=\"\" class=\"wp-image-10519\" srcset=\"https:\/\/www.ativ.pt\/wp-content\/uploads\/2024\/05\/sementes_drone_.jpg 650w, https:\/\/www.ativ.pt\/wp-content\/uploads\/2024\/05\/sementes_drone_-225x300.jpg 225w\" sizes=\"(max-width: 650px) 100vw, 650px\" \/><\/figure>\n\n\n\n<figure class=\"wp-block-image size-large\"><img decoding=\"async\" width=\"650\" height=\"866\" data-id=\"10515\" src=\"https:\/\/www.ativ.pt\/wp-content\/uploads\/2024\/05\/sementes_drone.jpg\" alt=\"\" class=\"wp-image-10515\" srcset=\"https:\/\/www.ativ.pt\/wp-content\/uploads\/2024\/05\/sementes_drone.jpg 650w, https:\/\/www.ativ.pt\/wp-content\/uploads\/2024\/05\/sementes_drone-225x300.jpg 225w\" sizes=\"(max-width: 650px) 100vw, 650px\" \/><\/figure>\n<\/figure>\n\n<p>La plantaci\u00f3n con seedballs es una soluci\u00f3n de bajo costo y bajo impacto para la reforestaci\u00f3n de especies nativas, proporcionando varios nutrientes suplementarios, minerales y otros aditivos si es necesario.<\/p>\n\n<p>Adem\u00e1s, la reducci\u00f3n de la huella de carbono es significativa, ya que los drones son el\u00e9ctricos y no consumen combustibles f\u00f3siles. Por otro lado, tambi\u00e9n es una gran ventaja, ya que permite la reforestaci\u00f3n en terrenos o zonas m\u00e1s agrestes, empinadas y de dif\u00edcil acceso para personas y m\u00e1quinas.<\/p>\n\n<figure class=\"wp-block-gallery has-nested-images columns-default is-cropped wp-block-gallery-2 is-layout-flex wp-block-gallery-is-layout-flex\">\n<figure class=\"wp-block-image size-large\"><img decoding=\"async\" width=\"650\" height=\"487\" data-id=\"10596\" src=\"https:\/\/www.ativ.pt\/wp-content\/uploads\/2024\/06\/drone_1.jpg\" alt=\"\" class=\"wp-image-10596\" srcset=\"https:\/\/www.ativ.pt\/wp-content\/uploads\/2024\/06\/drone_1.jpg 650w, https:\/\/www.ativ.pt\/wp-content\/uploads\/2024\/06\/drone_1-300x225.jpg 300w\" sizes=\"(max-width: 650px) 100vw, 650px\" \/><\/figure>\n\n\n\n<figure class=\"wp-block-image size-large\"><img loading=\"lazy\" decoding=\"async\" width=\"650\" height=\"487\" data-id=\"10592\" src=\"https:\/\/www.ativ.pt\/wp-content\/uploads\/2024\/06\/drone_.jpg\" alt=\"\" class=\"wp-image-10592\" srcset=\"https:\/\/www.ativ.pt\/wp-content\/uploads\/2024\/06\/drone_.jpg 650w, https:\/\/www.ativ.pt\/wp-content\/uploads\/2024\/06\/drone_-300x225.jpg 300w\" sizes=\"(max-width: 650px) 100vw, 650px\" \/><\/figure>\n<\/figure>\n\n<p>El desarrollo de proyectos como Corvaceira permite a Mota-Engil ATIV contribuir a la recuperaci\u00f3n de terrenos degradados por factores bi\u00f3ticos y abi\u00f3ticos, as\u00ed como a la recuperaci\u00f3n del paisaje forestal con especies end\u00e9micas, mediante la creaci\u00f3n de un bosque biodiverso y la creaci\u00f3n de h\u00e1bitats dedicados a la preservaci\u00f3n de la vida silvestre.<\/p>\n\n<p>Ver m\u00e1s en: <a href=\"https:\/\/www.youtube.com\/watch?v=haeMhXS-eto&amp;t=10s\">https:\/\/www.youtube.com\/watch?v=haeMhXS-eto&amp;t=10s<\/a><\/p>\n","protected":false},"excerpt":{"rendered":"<p>Numa parceria com a empresa TerraFarmers, foram utilizados drones que permitem planta\u00e7\u00e3o de \u00e1rvores, atrav\u00e9s de seedballs, numa tecnologia que protege a semente at\u00e9 \u00e0 sua fixa\u00e7\u00e3o no solo.<\/p>\n","protected":false},"author":2,"featured_media":10534,"comment_status":"open","ping_status":"open","sticky":false,"template":"","format":"standard","meta":{"_acf_changed":false,"footnotes":""},"categories":[16],"tags":[],"class_list":["post-10812","post","type-post","status-publish","format-standard","has-post-thumbnail","hentry","category-articulo"],"acf":[],"yoast_head":"<!-- This site is optimized with the Yoast SEO plugin v27.5 - https:\/\/yoast.com\/product\/yoast-seo-wordpress\/ -->\n<title>Siembra a\u00e9rea y plantaci\u00f3n de \u00e1rboles con dron - Mota-Engil ATIV<\/title>\n<meta name=\"robots\" content=\"index, follow, max-snippet:-1, max-image-preview:large, max-video-preview:-1\" \/>\n<link rel=\"canonical\" href=\"https:\/\/www.ativ.pt\/es\/2024\/06\/04\/siembra-aerea-y-plantacion-de-arboles-con-dron\/\" \/>\n<meta property=\"og:locale\" content=\"es_ES\" \/>\n<meta property=\"og:type\" content=\"article\" \/>\n<meta property=\"og:title\" content=\"Siembra a\u00e9rea y plantaci\u00f3n de \u00e1rboles con dron - Mota-Engil ATIV\" \/>\n<meta property=\"og:description\" content=\"Numa parceria com a empresa TerraFarmers, foram utilizados drones que permitem planta\u00e7\u00e3o de \u00e1rvores, atrav\u00e9s de seedballs, numa tecnologia que protege a semente at\u00e9 \u00e0 sua fixa\u00e7\u00e3o no solo.\" \/>\n<meta property=\"og:url\" content=\"https:\/\/www.ativ.pt\/es\/2024\/06\/04\/siembra-aerea-y-plantacion-de-arboles-con-dron\/\" \/>\n<meta property=\"og:site_name\" content=\"Mota-Engil ATIV\" \/>\n<meta property=\"article:publisher\" content=\"https:\/\/www.facebook.com\/MotaEngilATIV\/\" \/>\n<meta property=\"article:published_time\" content=\"2024-06-04T16:41:28+00:00\" \/>\n<meta property=\"article:modified_time\" content=\"2024-06-11T14:15:09+00:00\" \/>\n<meta property=\"og:image\" content=\"https:\/\/www.ativ.pt\/wp-content\/uploads\/2024\/05\/20240424_120434-scaled.jpg\" \/>\n\t<meta property=\"og:image:width\" content=\"2560\" \/>\n\t<meta property=\"og:image:height\" content=\"1920\" \/>\n\t<meta property=\"og:image:type\" content=\"image\/jpeg\" \/>\n<meta name=\"author\" content=\"Susana Guerreiro\" \/>\n<meta name=\"twitter:card\" content=\"summary_large_image\" \/>\n<meta name=\"twitter:label1\" content=\"Escrito por\" \/>\n\t<meta name=\"twitter:data1\" content=\"Susana Guerreiro\" \/>\n\t<meta name=\"twitter:label2\" content=\"Tiempo de lectura\" \/>\n\t<meta name=\"twitter:data2\" content=\"1 minuto\" \/>\n<script type=\"application\/ld+json\" class=\"yoast-schema-graph\">{\"@context\":\"https:\\\/\\\/schema.org\",\"@graph\":[{\"@type\":\"Article\",\"@id\":\"https:\\\/\\\/www.ativ.pt\\\/es\\\/2024\\\/06\\\/04\\\/siembra-aerea-y-plantacion-de-arboles-con-dron\\\/#article\",\"isPartOf\":{\"@id\":\"https:\\\/\\\/www.ativ.pt\\\/es\\\/2024\\\/06\\\/04\\\/siembra-aerea-y-plantacion-de-arboles-con-dron\\\/\"},\"author\":{\"name\":\"Susana Guerreiro\",\"@id\":\"https:\\\/\\\/www.ativ.pt\\\/es\\\/#\\\/schema\\\/person\\\/76cd49f91ef96b6902453415264f0c55\"},\"headline\":\"Siembra a\u00e9rea y plantaci\u00f3n de \u00e1rboles con dron\",\"datePublished\":\"2024-06-04T16:41:28+00:00\",\"dateModified\":\"2024-06-11T14:15:09+00:00\",\"mainEntityOfPage\":{\"@id\":\"https:\\\/\\\/www.ativ.pt\\\/es\\\/2024\\\/06\\\/04\\\/siembra-aerea-y-plantacion-de-arboles-con-dron\\\/\"},\"wordCount\":299,\"commentCount\":0,\"publisher\":{\"@id\":\"https:\\\/\\\/www.ativ.pt\\\/es\\\/#organization\"},\"image\":{\"@id\":\"https:\\\/\\\/www.ativ.pt\\\/es\\\/2024\\\/06\\\/04\\\/siembra-aerea-y-plantacion-de-arboles-con-dron\\\/#primaryimage\"},\"thumbnailUrl\":\"https:\\\/\\\/www.ativ.pt\\\/wp-content\\\/uploads\\\/2024\\\/05\\\/20240424_120434-scaled.jpg\",\"articleSection\":[\"Art\u00edculo\"],\"inLanguage\":\"es\",\"potentialAction\":[{\"@type\":\"CommentAction\",\"name\":\"Comment\",\"target\":[\"https:\\\/\\\/www.ativ.pt\\\/es\\\/2024\\\/06\\\/04\\\/siembra-aerea-y-plantacion-de-arboles-con-dron\\\/#respond\"]}]},{\"@type\":\"WebPage\",\"@id\":\"https:\\\/\\\/www.ativ.pt\\\/es\\\/2024\\\/06\\\/04\\\/siembra-aerea-y-plantacion-de-arboles-con-dron\\\/\",\"url\":\"https:\\\/\\\/www.ativ.pt\\\/es\\\/2024\\\/06\\\/04\\\/siembra-aerea-y-plantacion-de-arboles-con-dron\\\/\",\"name\":\"Siembra a\u00e9rea y plantaci\u00f3n de \u00e1rboles con dron - Mota-Engil ATIV\",\"isPartOf\":{\"@id\":\"https:\\\/\\\/www.ativ.pt\\\/es\\\/#website\"},\"primaryImageOfPage\":{\"@id\":\"https:\\\/\\\/www.ativ.pt\\\/es\\\/2024\\\/06\\\/04\\\/siembra-aerea-y-plantacion-de-arboles-con-dron\\\/#primaryimage\"},\"image\":{\"@id\":\"https:\\\/\\\/www.ativ.pt\\\/es\\\/2024\\\/06\\\/04\\\/siembra-aerea-y-plantacion-de-arboles-con-dron\\\/#primaryimage\"},\"thumbnailUrl\":\"https:\\\/\\\/www.ativ.pt\\\/wp-content\\\/uploads\\\/2024\\\/05\\\/20240424_120434-scaled.jpg\",\"datePublished\":\"2024-06-04T16:41:28+00:00\",\"dateModified\":\"2024-06-11T14:15:09+00:00\",\"breadcrumb\":{\"@id\":\"https:\\\/\\\/www.ativ.pt\\\/es\\\/2024\\\/06\\\/04\\\/siembra-aerea-y-plantacion-de-arboles-con-dron\\\/#breadcrumb\"},\"inLanguage\":\"es\",\"potentialAction\":[{\"@type\":\"ReadAction\",\"target\":[\"https:\\\/\\\/www.ativ.pt\\\/es\\\/2024\\\/06\\\/04\\\/siembra-aerea-y-plantacion-de-arboles-con-dron\\\/\"]}]},{\"@type\":\"ImageObject\",\"inLanguage\":\"es\",\"@id\":\"https:\\\/\\\/www.ativ.pt\\\/es\\\/2024\\\/06\\\/04\\\/siembra-aerea-y-plantacion-de-arboles-con-dron\\\/#primaryimage\",\"url\":\"https:\\\/\\\/www.ativ.pt\\\/wp-content\\\/uploads\\\/2024\\\/05\\\/20240424_120434-scaled.jpg\",\"contentUrl\":\"https:\\\/\\\/www.ativ.pt\\\/wp-content\\\/uploads\\\/2024\\\/05\\\/20240424_120434-scaled.jpg\",\"width\":1920,\"height\":1440},{\"@type\":\"BreadcrumbList\",\"@id\":\"https:\\\/\\\/www.ativ.pt\\\/es\\\/2024\\\/06\\\/04\\\/siembra-aerea-y-plantacion-de-arboles-con-dron\\\/#breadcrumb\",\"itemListElement\":[{\"@type\":\"ListItem\",\"position\":1,\"name\":\"In\u00edcio\",\"item\":\"https:\\\/\\\/www.ativ.pt\\\/es\\\/\"},{\"@type\":\"ListItem\",\"position\":2,\"name\":\"Siembra a\u00e9rea y plantaci\u00f3n de \u00e1rboles con dron\"}]},{\"@type\":\"WebSite\",\"@id\":\"https:\\\/\\\/www.ativ.pt\\\/es\\\/#website\",\"url\":\"https:\\\/\\\/www.ativ.pt\\\/es\\\/\",\"name\":\"Mota-Engil ATIV\",\"description\":\"Gest\u00e3o e Manuten\u00e7\u00e3o de Ativos\",\"publisher\":{\"@id\":\"https:\\\/\\\/www.ativ.pt\\\/es\\\/#organization\"},\"potentialAction\":[{\"@type\":\"SearchAction\",\"target\":{\"@type\":\"EntryPoint\",\"urlTemplate\":\"https:\\\/\\\/www.ativ.pt\\\/es\\\/?s={search_term_string}\"},\"query-input\":{\"@type\":\"PropertyValueSpecification\",\"valueRequired\":true,\"valueName\":\"search_term_string\"}}],\"inLanguage\":\"es\"},{\"@type\":\"Organization\",\"@id\":\"https:\\\/\\\/www.ativ.pt\\\/es\\\/#organization\",\"name\":\"Mota-Engil ATIV\",\"url\":\"https:\\\/\\\/www.ativ.pt\\\/es\\\/\",\"logo\":{\"@type\":\"ImageObject\",\"inLanguage\":\"es\",\"@id\":\"https:\\\/\\\/www.ativ.pt\\\/es\\\/#\\\/schema\\\/logo\\\/image\\\/\",\"url\":\"https:\\\/\\\/www.ativ.pt\\\/wp-content\\\/uploads\\\/2022\\\/04\\\/logo-ativ-cor-1.svg\",\"contentUrl\":\"https:\\\/\\\/www.ativ.pt\\\/wp-content\\\/uploads\\\/2022\\\/04\\\/logo-ativ-cor-1.svg\",\"width\":250,\"height\":100,\"caption\":\"Mota-Engil ATIV\"},\"image\":{\"@id\":\"https:\\\/\\\/www.ativ.pt\\\/es\\\/#\\\/schema\\\/logo\\\/image\\\/\"},\"sameAs\":[\"https:\\\/\\\/www.facebook.com\\\/MotaEngilATIV\\\/\",\"https:\\\/\\\/www.instagram.com\\\/mota_engil_ativ\\\/\",\"https:\\\/\\\/www.linkedin.com\\\/company\\\/motaengil-ativ\"]},{\"@type\":\"Person\",\"@id\":\"https:\\\/\\\/www.ativ.pt\\\/es\\\/#\\\/schema\\\/person\\\/76cd49f91ef96b6902453415264f0c55\",\"name\":\"Susana Guerreiro\"}]}<\/script>\n<!-- \/ Yoast SEO plugin. -->","yoast_head_json":{"title":"Siembra a\u00e9rea y plantaci\u00f3n de \u00e1rboles con dron - Mota-Engil ATIV","robots":{"index":"index","follow":"follow","max-snippet":"max-snippet:-1","max-image-preview":"max-image-preview:large","max-video-preview":"max-video-preview:-1"},"canonical":"https:\/\/www.ativ.pt\/es\/2024\/06\/04\/siembra-aerea-y-plantacion-de-arboles-con-dron\/","og_locale":"es_ES","og_type":"article","og_title":"Siembra a\u00e9rea y plantaci\u00f3n de \u00e1rboles con dron - Mota-Engil ATIV","og_description":"Numa parceria com a empresa TerraFarmers, foram utilizados drones que permitem planta\u00e7\u00e3o de \u00e1rvores, atrav\u00e9s de seedballs, numa tecnologia que protege a semente at\u00e9 \u00e0 sua fixa\u00e7\u00e3o no solo.","og_url":"https:\/\/www.ativ.pt\/es\/2024\/06\/04\/siembra-aerea-y-plantacion-de-arboles-con-dron\/","og_site_name":"Mota-Engil ATIV","article_publisher":"https:\/\/www.facebook.com\/MotaEngilATIV\/","article_published_time":"2024-06-04T16:41:28+00:00","article_modified_time":"2024-06-11T14:15:09+00:00","og_image":[{"width":2560,"height":1920,"url":"https:\/\/www.ativ.pt\/wp-content\/uploads\/2024\/05\/20240424_120434-scaled.jpg","type":"image\/jpeg"}],"author":"Susana Guerreiro","twitter_card":"summary_large_image","twitter_misc":{"Escrito por":"Susana Guerreiro","Tiempo de lectura":"1 minuto"},"schema":{"@context":"https:\/\/schema.org","@graph":[{"@type":"Article","@id":"https:\/\/www.ativ.pt\/es\/2024\/06\/04\/siembra-aerea-y-plantacion-de-arboles-con-dron\/#article","isPartOf":{"@id":"https:\/\/www.ativ.pt\/es\/2024\/06\/04\/siembra-aerea-y-plantacion-de-arboles-con-dron\/"},"author":{"name":"Susana Guerreiro","@id":"https:\/\/www.ativ.pt\/es\/#\/schema\/person\/76cd49f91ef96b6902453415264f0c55"},"headline":"Siembra a\u00e9rea y plantaci\u00f3n de \u00e1rboles con dron","datePublished":"2024-06-04T16:41:28+00:00","dateModified":"2024-06-11T14:15:09+00:00","mainEntityOfPage":{"@id":"https:\/\/www.ativ.pt\/es\/2024\/06\/04\/siembra-aerea-y-plantacion-de-arboles-con-dron\/"},"wordCount":299,"commentCount":0,"publisher":{"@id":"https:\/\/www.ativ.pt\/es\/#organization"},"image":{"@id":"https:\/\/www.ativ.pt\/es\/2024\/06\/04\/siembra-aerea-y-plantacion-de-arboles-con-dron\/#primaryimage"},"thumbnailUrl":"https:\/\/www.ativ.pt\/wp-content\/uploads\/2024\/05\/20240424_120434-scaled.jpg","articleSection":["Art\u00edculo"],"inLanguage":"es","potentialAction":[{"@type":"CommentAction","name":"Comment","target":["https:\/\/www.ativ.pt\/es\/2024\/06\/04\/siembra-aerea-y-plantacion-de-arboles-con-dron\/#respond"]}]},{"@type":"WebPage","@id":"https:\/\/www.ativ.pt\/es\/2024\/06\/04\/siembra-aerea-y-plantacion-de-arboles-con-dron\/","url":"https:\/\/www.ativ.pt\/es\/2024\/06\/04\/siembra-aerea-y-plantacion-de-arboles-con-dron\/","name":"Siembra a\u00e9rea y plantaci\u00f3n de \u00e1rboles con dron - Mota-Engil ATIV","isPartOf":{"@id":"https:\/\/www.ativ.pt\/es\/#website"},"primaryImageOfPage":{"@id":"https:\/\/www.ativ.pt\/es\/2024\/06\/04\/siembra-aerea-y-plantacion-de-arboles-con-dron\/#primaryimage"},"image":{"@id":"https:\/\/www.ativ.pt\/es\/2024\/06\/04\/siembra-aerea-y-plantacion-de-arboles-con-dron\/#primaryimage"},"thumbnailUrl":"https:\/\/www.ativ.pt\/wp-content\/uploads\/2024\/05\/20240424_120434-scaled.jpg","datePublished":"2024-06-04T16:41:28+00:00","dateModified":"2024-06-11T14:15:09+00:00","breadcrumb":{"@id":"https:\/\/www.ativ.pt\/es\/2024\/06\/04\/siembra-aerea-y-plantacion-de-arboles-con-dron\/#breadcrumb"},"inLanguage":"es","potentialAction":[{"@type":"ReadAction","target":["https:\/\/www.ativ.pt\/es\/2024\/06\/04\/siembra-aerea-y-plantacion-de-arboles-con-dron\/"]}]},{"@type":"ImageObject","inLanguage":"es","@id":"https:\/\/www.ativ.pt\/es\/2024\/06\/04\/siembra-aerea-y-plantacion-de-arboles-con-dron\/#primaryimage","url":"https:\/\/www.ativ.pt\/wp-content\/uploads\/2024\/05\/20240424_120434-scaled.jpg","contentUrl":"https:\/\/www.ativ.pt\/wp-content\/uploads\/2024\/05\/20240424_120434-scaled.jpg","width":1920,"height":1440},{"@type":"BreadcrumbList","@id":"https:\/\/www.ativ.pt\/es\/2024\/06\/04\/siembra-aerea-y-plantacion-de-arboles-con-dron\/#breadcrumb","itemListElement":[{"@type":"ListItem","position":1,"name":"In\u00edcio","item":"https:\/\/www.ativ.pt\/es\/"},{"@type":"ListItem","position":2,"name":"Siembra a\u00e9rea y plantaci\u00f3n de \u00e1rboles con dron"}]},{"@type":"WebSite","@id":"https:\/\/www.ativ.pt\/es\/#website","url":"https:\/\/www.ativ.pt\/es\/","name":"Mota-Engil ATIV","description":"Gest\u00e3o e Manuten\u00e7\u00e3o de Ativos","publisher":{"@id":"https:\/\/www.ativ.pt\/es\/#organization"},"potentialAction":[{"@type":"SearchAction","target":{"@type":"EntryPoint","urlTemplate":"https:\/\/www.ativ.pt\/es\/?s={search_term_string}"},"query-input":{"@type":"PropertyValueSpecification","valueRequired":true,"valueName":"search_term_string"}}],"inLanguage":"es"},{"@type":"Organization","@id":"https:\/\/www.ativ.pt\/es\/#organization","name":"Mota-Engil ATIV","url":"https:\/\/www.ativ.pt\/es\/","logo":{"@type":"ImageObject","inLanguage":"es","@id":"https:\/\/www.ativ.pt\/es\/#\/schema\/logo\/image\/","url":"https:\/\/www.ativ.pt\/wp-content\/uploads\/2022\/04\/logo-ativ-cor-1.svg","contentUrl":"https:\/\/www.ativ.pt\/wp-content\/uploads\/2022\/04\/logo-ativ-cor-1.svg","width":250,"height":100,"caption":"Mota-Engil ATIV"},"image":{"@id":"https:\/\/www.ativ.pt\/es\/#\/schema\/logo\/image\/"},"sameAs":["https:\/\/www.facebook.com\/MotaEngilATIV\/","https:\/\/www.instagram.com\/mota_engil_ativ\/","https:\/\/www.linkedin.com\/company\/motaengil-ativ"]},{"@type":"Person","@id":"https:\/\/www.ativ.pt\/es\/#\/schema\/person\/76cd49f91ef96b6902453415264f0c55","name":"Susana Guerreiro"}]}},"_links":{"self":[{"href":"https:\/\/www.ativ.pt\/es\/wp-json\/wp\/v2\/posts\/10812","targetHints":{"allow":["GET"]}}],"collection":[{"href":"https:\/\/www.ativ.pt\/es\/wp-json\/wp\/v2\/posts"}],"about":[{"href":"https:\/\/www.ativ.pt\/es\/wp-json\/wp\/v2\/types\/post"}],"author":[{"embeddable":true,"href":"https:\/\/www.ativ.pt\/es\/wp-json\/wp\/v2\/users\/2"}],"replies":[{"embeddable":true,"href":"https:\/\/www.ativ.pt\/es\/wp-json\/wp\/v2\/comments?post=10812"}],"version-history":[{"count":1,"href":"https:\/\/www.ativ.pt\/es\/wp-json\/wp\/v2\/posts\/10812\/revisions"}],"predecessor-version":[{"id":10813,"href":"https:\/\/www.ativ.pt\/es\/wp-json\/wp\/v2\/posts\/10812\/revisions\/10813"}],"wp:featuredmedia":[{"embeddable":true,"href":"https:\/\/www.ativ.pt\/es\/wp-json\/wp\/v2\/media\/10534"}],"wp:attachment":[{"href":"https:\/\/www.ativ.pt\/es\/wp-json\/wp\/v2\/media?parent=10812"}],"wp:term":[{"taxonomy":"category","embeddable":true,"href":"https:\/\/www.ativ.pt\/es\/wp-json\/wp\/v2\/categories?post=10812"},{"taxonomy":"post_tag","embeddable":true,"href":"https:\/\/www.ativ.pt\/es\/wp-json\/wp\/v2\/tags?post=10812"}],"curies":[{"name":"wp","href":"https:\/\/api.w.org\/{rel}","templated":true}]}}