{"id":10738,"date":"2024-06-06T09:33:06","date_gmt":"2024-06-06T09:33:06","guid":{"rendered":"https:\/\/www.ativ.pt\/2024\/06\/06\/suministro-de-agua-en-braga-colaboracion-entre-mota-engil-ativ-y-agere\/"},"modified":"2024-06-06T14:31:25","modified_gmt":"2024-06-06T14:31:25","slug":"suministro-de-agua-en-braga-colaboracion-entre-mota-engil-ativ-y-agere","status":"publish","type":"post","link":"https:\/\/www.ativ.pt\/es\/2024\/06\/06\/suministro-de-agua-en-braga-colaboracion-entre-mota-engil-ativ-y-agere\/","title":{"rendered":"Suministro de agua en Braga: colaboraci\u00f3n entre Mota-Engil ATIV y AGERE"},"content":{"rendered":"\n<p>Este contrato abarca servicios esenciales, incluyendo mantenimiento preventivo y conservaci\u00f3n de sistemas el\u00e9ctricos, equipos, instrumentaci\u00f3n, automatizaci\u00f3n y supervisi\u00f3n, en la Estaci\u00f3n de Tratamiento de Agua (ETA) de Ponte do Bico, 27 dep\u00f3sitos y 18 centrales hidropresoras.<\/p>\n\n<p>Mota-Engil ATIV se destaca por ofrecer un servicio personalizado y adaptado a las necesidades espec\u00edficas de la regi\u00f3n, con enfoque en la sistematizaci\u00f3n, organizaci\u00f3n y control riguroso de los procesos.\u00bb La seguridad en todas las acciones de mantenimiento es una prioridad, asegurando que el suministro de agua al Municipio sea confiable y continuo.<\/p>\n\n<figure class=\"wp-block-gallery has-nested-images columns-default is-cropped wp-block-gallery-1 is-layout-flex wp-block-gallery-is-layout-flex\">\n<figure class=\"wp-block-image size-large\"><img fetchpriority=\"high\" decoding=\"async\" width=\"650\" height=\"866\" data-id=\"10675\" src=\"https:\/\/www.ativ.pt\/wp-content\/uploads\/2024\/06\/agere_man.jpg\" alt=\"\" class=\"wp-image-10675\" srcset=\"https:\/\/www.ativ.pt\/wp-content\/uploads\/2024\/06\/agere_man.jpg 650w, https:\/\/www.ativ.pt\/wp-content\/uploads\/2024\/06\/agere_man-225x300.jpg 225w\" sizes=\"(max-width: 650px) 100vw, 650px\" \/><\/figure>\n\n\n\n<figure class=\"wp-block-image size-large\"><img decoding=\"async\" width=\"650\" height=\"866\" data-id=\"10679\" src=\"https:\/\/www.ativ.pt\/wp-content\/uploads\/2024\/06\/agere_man_.jpg\" alt=\"\" class=\"wp-image-10679\" srcset=\"https:\/\/www.ativ.pt\/wp-content\/uploads\/2024\/06\/agere_man_.jpg 650w, https:\/\/www.ativ.pt\/wp-content\/uploads\/2024\/06\/agere_man_-225x300.jpg 225w\" sizes=\"(max-width: 650px) 100vw, 650px\" \/><\/figure>\n<\/figure>\n\n<p>Con una amplia experiencia en contratos de este tipo, Mota-Engil ATIV combina conocimiento tecnol\u00f3gico y un enfoque multidisciplinario para responder de manera efectiva a las demandas del sector del agua Esta competencia permite una respuesta r\u00e1pida y efectiva, creando valor para todos los involucrados.<\/p>\n\n<p>En un contexto global donde la sostenibilidad es una prioridad, Mota-Engil ATIV desempe\u00f1a un papel fundamental. La empresa desarrolla soluciones en todas las etapas cr\u00edticas de la gesti\u00f3n del agua, desde la planificaci\u00f3n hasta la construcci\u00f3n, la operaci\u00f3n, el mantenimiento y la gesti\u00f3n de p\u00e9rdidas del sistema. La promoci\u00f3n de la circularidad del agua est\u00e1 en el coraz\u00f3n de sus operaciones, aline\u00e1ndose con los compromisos globales de sostenibilidad.<\/p>\n\n<p>Este contrato, adem\u00e1s de ser un desaf\u00edo, es motivo de orgullo para Mota-Engil ATIV, que sigue contribuyendo significativamente a la gesti\u00f3n eficiente y sostenible de los recursos h\u00eddricos en Braga.<\/p>\n\n<p>Valoramos los activos, transformando la comunidad hacia un futuro m\u00e1s sostenible!<\/p>\n","protected":false},"excerpt":{"rendered":"<p>Desde 2017, Mota-Engil ATIV, en colaboraci\u00f3n con AGERE, tiene la responsabilidad de mantener las infraestructuras de abastecimiento de agua en el Municipio de Braga. <\/p>\n","protected":false},"author":2,"featured_media":10691,"comment_status":"open","ping_status":"open","sticky":false,"template":"","format":"standard","meta":{"_acf_changed":false,"footnotes":""},"categories":[16],"tags":[],"class_list":["post-10738","post","type-post","status-publish","format-standard","has-post-thumbnail","hentry","category-articulo"],"acf":[],"yoast_head":"<!-- This site is optimized with the Yoast SEO plugin v27.5 - https:\/\/yoast.com\/product\/yoast-seo-wordpress\/ -->\n<title>Suministro de agua en Braga: colaboraci\u00f3n entre Mota-Engil ATIV y AGERE - Mota-Engil ATIV<\/title>\n<meta name=\"robots\" content=\"index, follow, max-snippet:-1, max-image-preview:large, max-video-preview:-1\" \/>\n<link rel=\"canonical\" href=\"https:\/\/www.ativ.pt\/es\/2024\/06\/06\/suministro-de-agua-en-braga-colaboracion-entre-mota-engil-ativ-y-agere\/\" \/>\n<meta property=\"og:locale\" content=\"es_ES\" \/>\n<meta property=\"og:type\" content=\"article\" \/>\n<meta property=\"og:title\" content=\"Suministro de agua en Braga: colaboraci\u00f3n entre Mota-Engil ATIV y AGERE - Mota-Engil ATIV\" \/>\n<meta property=\"og:description\" content=\"Desde 2017, Mota-Engil ATIV, en colaboraci\u00f3n con AGERE, tiene la responsabilidad de mantener las infraestructuras de abastecimiento de agua en el Municipio de Braga.\" \/>\n<meta property=\"og:url\" content=\"https:\/\/www.ativ.pt\/es\/2024\/06\/06\/suministro-de-agua-en-braga-colaboracion-entre-mota-engil-ativ-y-agere\/\" \/>\n<meta property=\"og:site_name\" content=\"Mota-Engil ATIV\" \/>\n<meta property=\"article:publisher\" content=\"https:\/\/www.facebook.com\/MotaEngilATIV\/\" \/>\n<meta property=\"article:published_time\" content=\"2024-06-06T09:33:06+00:00\" \/>\n<meta property=\"article:modified_time\" content=\"2024-06-06T14:31:25+00:00\" \/>\n<meta property=\"og:image\" content=\"https:\/\/www.ativ.pt\/wp-content\/uploads\/2024\/06\/agere_man_destaque.jpg\" \/>\n\t<meta property=\"og:image:width\" content=\"1496\" \/>\n\t<meta property=\"og:image:height\" content=\"451\" \/>\n\t<meta property=\"og:image:type\" content=\"image\/jpeg\" \/>\n<meta name=\"author\" content=\"Susana Guerreiro\" \/>\n<meta name=\"twitter:card\" content=\"summary_large_image\" \/>\n<meta name=\"twitter:label1\" content=\"Escrito por\" \/>\n\t<meta name=\"twitter:data1\" content=\"Susana Guerreiro\" \/>\n\t<meta name=\"twitter:label2\" content=\"Tiempo de lectura\" \/>\n\t<meta name=\"twitter:data2\" content=\"1 minuto\" \/>\n<script type=\"application\/ld+json\" class=\"yoast-schema-graph\">{\"@context\":\"https:\\\/\\\/schema.org\",\"@graph\":[{\"@type\":\"Article\",\"@id\":\"https:\\\/\\\/www.ativ.pt\\\/es\\\/2024\\\/06\\\/06\\\/suministro-de-agua-en-braga-colaboracion-entre-mota-engil-ativ-y-agere\\\/#article\",\"isPartOf\":{\"@id\":\"https:\\\/\\\/www.ativ.pt\\\/es\\\/2024\\\/06\\\/06\\\/suministro-de-agua-en-braga-colaboracion-entre-mota-engil-ativ-y-agere\\\/\"},\"author\":{\"name\":\"Susana Guerreiro\",\"@id\":\"https:\\\/\\\/www.ativ.pt\\\/es\\\/#\\\/schema\\\/person\\\/76cd49f91ef96b6902453415264f0c55\"},\"headline\":\"Suministro de agua en Braga: colaboraci\u00f3n entre Mota-Engil ATIV y AGERE\",\"datePublished\":\"2024-06-06T09:33:06+00:00\",\"dateModified\":\"2024-06-06T14:31:25+00:00\",\"mainEntityOfPage\":{\"@id\":\"https:\\\/\\\/www.ativ.pt\\\/es\\\/2024\\\/06\\\/06\\\/suministro-de-agua-en-braga-colaboracion-entre-mota-engil-ativ-y-agere\\\/\"},\"wordCount\":281,\"commentCount\":0,\"publisher\":{\"@id\":\"https:\\\/\\\/www.ativ.pt\\\/es\\\/#organization\"},\"image\":{\"@id\":\"https:\\\/\\\/www.ativ.pt\\\/es\\\/2024\\\/06\\\/06\\\/suministro-de-agua-en-braga-colaboracion-entre-mota-engil-ativ-y-agere\\\/#primaryimage\"},\"thumbnailUrl\":\"https:\\\/\\\/www.ativ.pt\\\/wp-content\\\/uploads\\\/2024\\\/06\\\/agere_man_destaque.jpg\",\"articleSection\":[\"Art\u00edculo\"],\"inLanguage\":\"es\",\"potentialAction\":[{\"@type\":\"CommentAction\",\"name\":\"Comment\",\"target\":[\"https:\\\/\\\/www.ativ.pt\\\/es\\\/2024\\\/06\\\/06\\\/suministro-de-agua-en-braga-colaboracion-entre-mota-engil-ativ-y-agere\\\/#respond\"]}]},{\"@type\":\"WebPage\",\"@id\":\"https:\\\/\\\/www.ativ.pt\\\/es\\\/2024\\\/06\\\/06\\\/suministro-de-agua-en-braga-colaboracion-entre-mota-engil-ativ-y-agere\\\/\",\"url\":\"https:\\\/\\\/www.ativ.pt\\\/es\\\/2024\\\/06\\\/06\\\/suministro-de-agua-en-braga-colaboracion-entre-mota-engil-ativ-y-agere\\\/\",\"name\":\"Suministro de agua en Braga: colaboraci\u00f3n entre Mota-Engil ATIV y AGERE - Mota-Engil ATIV\",\"isPartOf\":{\"@id\":\"https:\\\/\\\/www.ativ.pt\\\/es\\\/#website\"},\"primaryImageOfPage\":{\"@id\":\"https:\\\/\\\/www.ativ.pt\\\/es\\\/2024\\\/06\\\/06\\\/suministro-de-agua-en-braga-colaboracion-entre-mota-engil-ativ-y-agere\\\/#primaryimage\"},\"image\":{\"@id\":\"https:\\\/\\\/www.ativ.pt\\\/es\\\/2024\\\/06\\\/06\\\/suministro-de-agua-en-braga-colaboracion-entre-mota-engil-ativ-y-agere\\\/#primaryimage\"},\"thumbnailUrl\":\"https:\\\/\\\/www.ativ.pt\\\/wp-content\\\/uploads\\\/2024\\\/06\\\/agere_man_destaque.jpg\",\"datePublished\":\"2024-06-06T09:33:06+00:00\",\"dateModified\":\"2024-06-06T14:31:25+00:00\",\"breadcrumb\":{\"@id\":\"https:\\\/\\\/www.ativ.pt\\\/es\\\/2024\\\/06\\\/06\\\/suministro-de-agua-en-braga-colaboracion-entre-mota-engil-ativ-y-agere\\\/#breadcrumb\"},\"inLanguage\":\"es\",\"potentialAction\":[{\"@type\":\"ReadAction\",\"target\":[\"https:\\\/\\\/www.ativ.pt\\\/es\\\/2024\\\/06\\\/06\\\/suministro-de-agua-en-braga-colaboracion-entre-mota-engil-ativ-y-agere\\\/\"]}]},{\"@type\":\"ImageObject\",\"inLanguage\":\"es\",\"@id\":\"https:\\\/\\\/www.ativ.pt\\\/es\\\/2024\\\/06\\\/06\\\/suministro-de-agua-en-braga-colaboracion-entre-mota-engil-ativ-y-agere\\\/#primaryimage\",\"url\":\"https:\\\/\\\/www.ativ.pt\\\/wp-content\\\/uploads\\\/2024\\\/06\\\/agere_man_destaque.jpg\",\"contentUrl\":\"https:\\\/\\\/www.ativ.pt\\\/wp-content\\\/uploads\\\/2024\\\/06\\\/agere_man_destaque.jpg\",\"width\":1496,\"height\":451},{\"@type\":\"BreadcrumbList\",\"@id\":\"https:\\\/\\\/www.ativ.pt\\\/es\\\/2024\\\/06\\\/06\\\/suministro-de-agua-en-braga-colaboracion-entre-mota-engil-ativ-y-agere\\\/#breadcrumb\",\"itemListElement\":[{\"@type\":\"ListItem\",\"position\":1,\"name\":\"In\u00edcio\",\"item\":\"https:\\\/\\\/www.ativ.pt\\\/es\\\/\"},{\"@type\":\"ListItem\",\"position\":2,\"name\":\"Suministro de agua en Braga: colaboraci\u00f3n entre Mota-Engil ATIV y AGERE\"}]},{\"@type\":\"WebSite\",\"@id\":\"https:\\\/\\\/www.ativ.pt\\\/es\\\/#website\",\"url\":\"https:\\\/\\\/www.ativ.pt\\\/es\\\/\",\"name\":\"Mota-Engil ATIV\",\"description\":\"Gest\u00e3o e Manuten\u00e7\u00e3o de Ativos\",\"publisher\":{\"@id\":\"https:\\\/\\\/www.ativ.pt\\\/es\\\/#organization\"},\"potentialAction\":[{\"@type\":\"SearchAction\",\"target\":{\"@type\":\"EntryPoint\",\"urlTemplate\":\"https:\\\/\\\/www.ativ.pt\\\/es\\\/?s={search_term_string}\"},\"query-input\":{\"@type\":\"PropertyValueSpecification\",\"valueRequired\":true,\"valueName\":\"search_term_string\"}}],\"inLanguage\":\"es\"},{\"@type\":\"Organization\",\"@id\":\"https:\\\/\\\/www.ativ.pt\\\/es\\\/#organization\",\"name\":\"Mota-Engil ATIV\",\"url\":\"https:\\\/\\\/www.ativ.pt\\\/es\\\/\",\"logo\":{\"@type\":\"ImageObject\",\"inLanguage\":\"es\",\"@id\":\"https:\\\/\\\/www.ativ.pt\\\/es\\\/#\\\/schema\\\/logo\\\/image\\\/\",\"url\":\"https:\\\/\\\/www.ativ.pt\\\/wp-content\\\/uploads\\\/2022\\\/04\\\/logo-ativ-cor-1.svg\",\"contentUrl\":\"https:\\\/\\\/www.ativ.pt\\\/wp-content\\\/uploads\\\/2022\\\/04\\\/logo-ativ-cor-1.svg\",\"width\":250,\"height\":100,\"caption\":\"Mota-Engil ATIV\"},\"image\":{\"@id\":\"https:\\\/\\\/www.ativ.pt\\\/es\\\/#\\\/schema\\\/logo\\\/image\\\/\"},\"sameAs\":[\"https:\\\/\\\/www.facebook.com\\\/MotaEngilATIV\\\/\",\"https:\\\/\\\/www.instagram.com\\\/mota_engil_ativ\\\/\",\"https:\\\/\\\/www.linkedin.com\\\/company\\\/motaengil-ativ\"]},{\"@type\":\"Person\",\"@id\":\"https:\\\/\\\/www.ativ.pt\\\/es\\\/#\\\/schema\\\/person\\\/76cd49f91ef96b6902453415264f0c55\",\"name\":\"Susana Guerreiro\"}]}<\/script>\n<!-- \/ Yoast SEO plugin. -->","yoast_head_json":{"title":"Suministro de agua en Braga: colaboraci\u00f3n entre Mota-Engil ATIV y AGERE - Mota-Engil ATIV","robots":{"index":"index","follow":"follow","max-snippet":"max-snippet:-1","max-image-preview":"max-image-preview:large","max-video-preview":"max-video-preview:-1"},"canonical":"https:\/\/www.ativ.pt\/es\/2024\/06\/06\/suministro-de-agua-en-braga-colaboracion-entre-mota-engil-ativ-y-agere\/","og_locale":"es_ES","og_type":"article","og_title":"Suministro de agua en Braga: colaboraci\u00f3n entre Mota-Engil ATIV y AGERE - Mota-Engil ATIV","og_description":"Desde 2017, Mota-Engil ATIV, en colaboraci\u00f3n con AGERE, tiene la responsabilidad de mantener las infraestructuras de abastecimiento de agua en el Municipio de Braga.","og_url":"https:\/\/www.ativ.pt\/es\/2024\/06\/06\/suministro-de-agua-en-braga-colaboracion-entre-mota-engil-ativ-y-agere\/","og_site_name":"Mota-Engil ATIV","article_publisher":"https:\/\/www.facebook.com\/MotaEngilATIV\/","article_published_time":"2024-06-06T09:33:06+00:00","article_modified_time":"2024-06-06T14:31:25+00:00","og_image":[{"width":1496,"height":451,"url":"https:\/\/www.ativ.pt\/wp-content\/uploads\/2024\/06\/agere_man_destaque.jpg","type":"image\/jpeg"}],"author":"Susana Guerreiro","twitter_card":"summary_large_image","twitter_misc":{"Escrito por":"Susana Guerreiro","Tiempo de lectura":"1 minuto"},"schema":{"@context":"https:\/\/schema.org","@graph":[{"@type":"Article","@id":"https:\/\/www.ativ.pt\/es\/2024\/06\/06\/suministro-de-agua-en-braga-colaboracion-entre-mota-engil-ativ-y-agere\/#article","isPartOf":{"@id":"https:\/\/www.ativ.pt\/es\/2024\/06\/06\/suministro-de-agua-en-braga-colaboracion-entre-mota-engil-ativ-y-agere\/"},"author":{"name":"Susana Guerreiro","@id":"https:\/\/www.ativ.pt\/es\/#\/schema\/person\/76cd49f91ef96b6902453415264f0c55"},"headline":"Suministro de agua en Braga: colaboraci\u00f3n entre Mota-Engil ATIV y AGERE","datePublished":"2024-06-06T09:33:06+00:00","dateModified":"2024-06-06T14:31:25+00:00","mainEntityOfPage":{"@id":"https:\/\/www.ativ.pt\/es\/2024\/06\/06\/suministro-de-agua-en-braga-colaboracion-entre-mota-engil-ativ-y-agere\/"},"wordCount":281,"commentCount":0,"publisher":{"@id":"https:\/\/www.ativ.pt\/es\/#organization"},"image":{"@id":"https:\/\/www.ativ.pt\/es\/2024\/06\/06\/suministro-de-agua-en-braga-colaboracion-entre-mota-engil-ativ-y-agere\/#primaryimage"},"thumbnailUrl":"https:\/\/www.ativ.pt\/wp-content\/uploads\/2024\/06\/agere_man_destaque.jpg","articleSection":["Art\u00edculo"],"inLanguage":"es","potentialAction":[{"@type":"CommentAction","name":"Comment","target":["https:\/\/www.ativ.pt\/es\/2024\/06\/06\/suministro-de-agua-en-braga-colaboracion-entre-mota-engil-ativ-y-agere\/#respond"]}]},{"@type":"WebPage","@id":"https:\/\/www.ativ.pt\/es\/2024\/06\/06\/suministro-de-agua-en-braga-colaboracion-entre-mota-engil-ativ-y-agere\/","url":"https:\/\/www.ativ.pt\/es\/2024\/06\/06\/suministro-de-agua-en-braga-colaboracion-entre-mota-engil-ativ-y-agere\/","name":"Suministro de agua en Braga: colaboraci\u00f3n entre Mota-Engil ATIV y AGERE - Mota-Engil ATIV","isPartOf":{"@id":"https:\/\/www.ativ.pt\/es\/#website"},"primaryImageOfPage":{"@id":"https:\/\/www.ativ.pt\/es\/2024\/06\/06\/suministro-de-agua-en-braga-colaboracion-entre-mota-engil-ativ-y-agere\/#primaryimage"},"image":{"@id":"https:\/\/www.ativ.pt\/es\/2024\/06\/06\/suministro-de-agua-en-braga-colaboracion-entre-mota-engil-ativ-y-agere\/#primaryimage"},"thumbnailUrl":"https:\/\/www.ativ.pt\/wp-content\/uploads\/2024\/06\/agere_man_destaque.jpg","datePublished":"2024-06-06T09:33:06+00:00","dateModified":"2024-06-06T14:31:25+00:00","breadcrumb":{"@id":"https:\/\/www.ativ.pt\/es\/2024\/06\/06\/suministro-de-agua-en-braga-colaboracion-entre-mota-engil-ativ-y-agere\/#breadcrumb"},"inLanguage":"es","potentialAction":[{"@type":"ReadAction","target":["https:\/\/www.ativ.pt\/es\/2024\/06\/06\/suministro-de-agua-en-braga-colaboracion-entre-mota-engil-ativ-y-agere\/"]}]},{"@type":"ImageObject","inLanguage":"es","@id":"https:\/\/www.ativ.pt\/es\/2024\/06\/06\/suministro-de-agua-en-braga-colaboracion-entre-mota-engil-ativ-y-agere\/#primaryimage","url":"https:\/\/www.ativ.pt\/wp-content\/uploads\/2024\/06\/agere_man_destaque.jpg","contentUrl":"https:\/\/www.ativ.pt\/wp-content\/uploads\/2024\/06\/agere_man_destaque.jpg","width":1496,"height":451},{"@type":"BreadcrumbList","@id":"https:\/\/www.ativ.pt\/es\/2024\/06\/06\/suministro-de-agua-en-braga-colaboracion-entre-mota-engil-ativ-y-agere\/#breadcrumb","itemListElement":[{"@type":"ListItem","position":1,"name":"In\u00edcio","item":"https:\/\/www.ativ.pt\/es\/"},{"@type":"ListItem","position":2,"name":"Suministro de agua en Braga: colaboraci\u00f3n entre Mota-Engil ATIV y AGERE"}]},{"@type":"WebSite","@id":"https:\/\/www.ativ.pt\/es\/#website","url":"https:\/\/www.ativ.pt\/es\/","name":"Mota-Engil ATIV","description":"Gest\u00e3o e Manuten\u00e7\u00e3o de Ativos","publisher":{"@id":"https:\/\/www.ativ.pt\/es\/#organization"},"potentialAction":[{"@type":"SearchAction","target":{"@type":"EntryPoint","urlTemplate":"https:\/\/www.ativ.pt\/es\/?s={search_term_string}"},"query-input":{"@type":"PropertyValueSpecification","valueRequired":true,"valueName":"search_term_string"}}],"inLanguage":"es"},{"@type":"Organization","@id":"https:\/\/www.ativ.pt\/es\/#organization","name":"Mota-Engil ATIV","url":"https:\/\/www.ativ.pt\/es\/","logo":{"@type":"ImageObject","inLanguage":"es","@id":"https:\/\/www.ativ.pt\/es\/#\/schema\/logo\/image\/","url":"https:\/\/www.ativ.pt\/wp-content\/uploads\/2022\/04\/logo-ativ-cor-1.svg","contentUrl":"https:\/\/www.ativ.pt\/wp-content\/uploads\/2022\/04\/logo-ativ-cor-1.svg","width":250,"height":100,"caption":"Mota-Engil ATIV"},"image":{"@id":"https:\/\/www.ativ.pt\/es\/#\/schema\/logo\/image\/"},"sameAs":["https:\/\/www.facebook.com\/MotaEngilATIV\/","https:\/\/www.instagram.com\/mota_engil_ativ\/","https:\/\/www.linkedin.com\/company\/motaengil-ativ"]},{"@type":"Person","@id":"https:\/\/www.ativ.pt\/es\/#\/schema\/person\/76cd49f91ef96b6902453415264f0c55","name":"Susana Guerreiro"}]}},"_links":{"self":[{"href":"https:\/\/www.ativ.pt\/es\/wp-json\/wp\/v2\/posts\/10738","targetHints":{"allow":["GET"]}}],"collection":[{"href":"https:\/\/www.ativ.pt\/es\/wp-json\/wp\/v2\/posts"}],"about":[{"href":"https:\/\/www.ativ.pt\/es\/wp-json\/wp\/v2\/types\/post"}],"author":[{"embeddable":true,"href":"https:\/\/www.ativ.pt\/es\/wp-json\/wp\/v2\/users\/2"}],"replies":[{"embeddable":true,"href":"https:\/\/www.ativ.pt\/es\/wp-json\/wp\/v2\/comments?post=10738"}],"version-history":[{"count":1,"href":"https:\/\/www.ativ.pt\/es\/wp-json\/wp\/v2\/posts\/10738\/revisions"}],"predecessor-version":[{"id":10739,"href":"https:\/\/www.ativ.pt\/es\/wp-json\/wp\/v2\/posts\/10738\/revisions\/10739"}],"wp:featuredmedia":[{"embeddable":true,"href":"https:\/\/www.ativ.pt\/es\/wp-json\/wp\/v2\/media\/10691"}],"wp:attachment":[{"href":"https:\/\/www.ativ.pt\/es\/wp-json\/wp\/v2\/media?parent=10738"}],"wp:term":[{"taxonomy":"category","embeddable":true,"href":"https:\/\/www.ativ.pt\/es\/wp-json\/wp\/v2\/categories?post=10738"},{"taxonomy":"post_tag","embeddable":true,"href":"https:\/\/www.ativ.pt\/es\/wp-json\/wp\/v2\/tags?post=10738"}],"curies":[{"name":"wp","href":"https:\/\/api.w.org\/{rel}","templated":true}]}}