{"id":8112,"date":"2023-03-02T15:17:21","date_gmt":"2023-03-02T15:17:21","guid":{"rendered":"https:\/\/www.ativ.pt\/2023\/03\/02\/requalification-of-the-riverfront-of-vila-franca-de-xira\/"},"modified":"2023-06-19T17:16:59","modified_gmt":"2023-06-19T17:16:59","slug":"requalification-of-the-riverfront-of-vila-franca-de-xira","status":"publish","type":"post","link":"https:\/\/www.ativ.pt\/en\/2023\/03\/02\/requalification-of-the-riverfront-of-vila-franca-de-xira\/","title":{"rendered":"Requalification of the Riverfront of Vila Franca de Xira"},"content":{"rendered":"\n<p>The contract was signed on the 23rd of February at the Dep\u00f3sito Geral de Material da For\u00e7a A\u00e9rea, in Alverca do Ribatejo, and begins the requalification and environmental and landscape conservation of another stretch of the riverfront between Alverca and Sobralinho, over an extension of approximately 4.9 km and an area of approximately 14.1 hectares.<\/p>\n\n<div class=\"wp-block-columns is-layout-flex wp-container-core-columns-is-layout-9d6595d7 wp-block-columns-is-layout-flex\">\n<div class=\"wp-block-column is-layout-flow wp-block-column-is-layout-flow\">\n<figure class=\"wp-block-image size-full\"><img fetchpriority=\"high\" decoding=\"async\" width=\"1024\" height=\"768\" src=\"https:\/\/www.ativ.pt\/wp-content\/uploads\/2023\/03\/IMG-20230224-WA0002.jpg\" alt=\"\" class=\"wp-image-7304\" srcset=\"https:\/\/www.ativ.pt\/wp-content\/uploads\/2023\/03\/IMG-20230224-WA0002.jpg 1024w, https:\/\/www.ativ.pt\/wp-content\/uploads\/2023\/03\/IMG-20230224-WA0002-300x225.jpg 300w, https:\/\/www.ativ.pt\/wp-content\/uploads\/2023\/03\/IMG-20230224-WA0002-768x576.jpg 768w\" sizes=\"(max-width: 1024px) 100vw, 1024px\" \/><\/figure>\n<\/div>\n\n\n\n<div class=\"wp-block-column is-layout-flow wp-block-column-is-layout-flow\">\n<figure class=\"wp-block-image size-full\"><img decoding=\"async\" width=\"1024\" height=\"768\" src=\"https:\/\/www.ativ.pt\/wp-content\/uploads\/2023\/03\/IMG-20230224-WA0018.jpg\" alt=\"\" class=\"wp-image-7308\" srcset=\"https:\/\/www.ativ.pt\/wp-content\/uploads\/2023\/03\/IMG-20230224-WA0018.jpg 1024w, https:\/\/www.ativ.pt\/wp-content\/uploads\/2023\/03\/IMG-20230224-WA0018-300x225.jpg 300w, https:\/\/www.ativ.pt\/wp-content\/uploads\/2023\/03\/IMG-20230224-WA0018-768x576.jpg 768w\" sizes=\"(max-width: 1024px) 100vw, 1024px\" \/><\/figure>\n<\/div>\n<\/div>\n\n<p>This project aims to enhance the natural heritage and landscape, promote Nature Tourism, build access infrastructures and boost activities on the river through a diversified range of spaces, create areas to stay and contemplate the birdlife and landscape, ensure the continuity of the soft mobility system along the riverfront, implement measures to minimize the impact of rising sea levels as a result of climate change.<\/p>\n\n<p>In this first phase, earthmoving works, infrastructure, paving, wooden walkways, plantations, and mixed bridges will be carried out.<\/p>\n\n<p>The project also foresees the application of LED lighting equipment with photovoltaic\/wind energy production capacity, which will be used to power the lighting fixtures integrated in these columns, as well as the video surveillance system. Supported by interdisciplinary solutions that combine the enhancement of the territory, sustainable development, and quality of life for users of the spaces it designs, builds, and maintains, Mota-Engil ATIV embraces a new challenging contract.<\/p>\n","protected":false},"excerpt":{"rendered":"<p>Mota-Engil ATIV is the company responsible for the execution of the 1st phase of the Tagus Estuary Riverfront Linear Park, Alverca do Ribatejo\/Sobralinho.<\/p>\n","protected":false},"author":2,"featured_media":7309,"comment_status":"open","ping_status":"open","sticky":false,"template":"","format":"standard","meta":{"_acf_changed":false,"footnotes":""},"categories":[17],"tags":[],"class_list":["post-8112","post","type-post","status-publish","format-standard","has-post-thumbnail","hentry","category-article"],"acf":[],"yoast_head":"<!-- This site is optimized with the Yoast SEO plugin v27.5 - https:\/\/yoast.com\/product\/yoast-seo-wordpress\/ -->\n<title>Requalification of the Riverfront of Vila Franca de Xira - Mota-Engil ATIV<\/title>\n<meta name=\"robots\" content=\"index, follow, max-snippet:-1, max-image-preview:large, max-video-preview:-1\" \/>\n<link rel=\"canonical\" href=\"https:\/\/www.ativ.pt\/en\/2023\/03\/02\/requalification-of-the-riverfront-of-vila-franca-de-xira\/\" \/>\n<meta property=\"og:locale\" content=\"en_US\" \/>\n<meta property=\"og:type\" content=\"article\" \/>\n<meta property=\"og:title\" content=\"Requalification of the Riverfront of Vila Franca de Xira - Mota-Engil ATIV\" \/>\n<meta property=\"og:description\" content=\"Mota-Engil ATIV is the company responsible for the execution of the 1st phase of the Tagus Estuary Riverfront Linear Park, Alverca do Ribatejo\/Sobralinho.\" \/>\n<meta property=\"og:url\" content=\"https:\/\/www.ativ.pt\/en\/2023\/03\/02\/requalification-of-the-riverfront-of-vila-franca-de-xira\/\" \/>\n<meta property=\"og:site_name\" content=\"Mota-Engil ATIV\" \/>\n<meta property=\"article:publisher\" content=\"https:\/\/www.facebook.com\/MotaEngilATIV\/\" \/>\n<meta property=\"article:published_time\" content=\"2023-03-02T15:17:21+00:00\" \/>\n<meta property=\"article:modified_time\" content=\"2023-06-19T17:16:59+00:00\" \/>\n<meta property=\"og:image\" content=\"https:\/\/www.ativ.pt\/wp-content\/uploads\/2023\/03\/IMG-20230224-WA0018.jpg\" \/>\n\t<meta property=\"og:image:width\" content=\"1024\" \/>\n\t<meta property=\"og:image:height\" content=\"768\" \/>\n\t<meta property=\"og:image:type\" content=\"image\/jpeg\" \/>\n<meta name=\"author\" content=\"Susana Guerreiro\" \/>\n<meta name=\"twitter:card\" content=\"summary_large_image\" \/>\n<meta name=\"twitter:label1\" content=\"Written by\" \/>\n\t<meta name=\"twitter:data1\" content=\"Susana Guerreiro\" \/>\n\t<meta name=\"twitter:label2\" content=\"Est. reading time\" \/>\n\t<meta name=\"twitter:data2\" content=\"1 minute\" \/>\n<script type=\"application\/ld+json\" class=\"yoast-schema-graph\">{\"@context\":\"https:\\\/\\\/schema.org\",\"@graph\":[{\"@type\":\"Article\",\"@id\":\"https:\\\/\\\/www.ativ.pt\\\/en\\\/2023\\\/03\\\/02\\\/requalification-of-the-riverfront-of-vila-franca-de-xira\\\/#article\",\"isPartOf\":{\"@id\":\"https:\\\/\\\/www.ativ.pt\\\/en\\\/2023\\\/03\\\/02\\\/requalification-of-the-riverfront-of-vila-franca-de-xira\\\/\"},\"author\":{\"name\":\"Susana Guerreiro\",\"@id\":\"https:\\\/\\\/www.ativ.pt\\\/en\\\/#\\\/schema\\\/person\\\/76cd49f91ef96b6902453415264f0c55\"},\"headline\":\"Requalification of the Riverfront of Vila Franca de Xira\",\"datePublished\":\"2023-03-02T15:17:21+00:00\",\"dateModified\":\"2023-06-19T17:16:59+00:00\",\"mainEntityOfPage\":{\"@id\":\"https:\\\/\\\/www.ativ.pt\\\/en\\\/2023\\\/03\\\/02\\\/requalification-of-the-riverfront-of-vila-franca-de-xira\\\/\"},\"wordCount\":218,\"commentCount\":0,\"publisher\":{\"@id\":\"https:\\\/\\\/www.ativ.pt\\\/en\\\/#organization\"},\"image\":{\"@id\":\"https:\\\/\\\/www.ativ.pt\\\/en\\\/2023\\\/03\\\/02\\\/requalification-of-the-riverfront-of-vila-franca-de-xira\\\/#primaryimage\"},\"thumbnailUrl\":\"https:\\\/\\\/www.ativ.pt\\\/wp-content\\\/uploads\\\/2023\\\/03\\\/IMG-20230224-WA0018.jpg\",\"articleSection\":[\"Article\"],\"inLanguage\":\"en-US\",\"potentialAction\":[{\"@type\":\"CommentAction\",\"name\":\"Comment\",\"target\":[\"https:\\\/\\\/www.ativ.pt\\\/en\\\/2023\\\/03\\\/02\\\/requalification-of-the-riverfront-of-vila-franca-de-xira\\\/#respond\"]}]},{\"@type\":\"WebPage\",\"@id\":\"https:\\\/\\\/www.ativ.pt\\\/en\\\/2023\\\/03\\\/02\\\/requalification-of-the-riverfront-of-vila-franca-de-xira\\\/\",\"url\":\"https:\\\/\\\/www.ativ.pt\\\/en\\\/2023\\\/03\\\/02\\\/requalification-of-the-riverfront-of-vila-franca-de-xira\\\/\",\"name\":\"Requalification of the Riverfront of Vila Franca de Xira - Mota-Engil ATIV\",\"isPartOf\":{\"@id\":\"https:\\\/\\\/www.ativ.pt\\\/en\\\/#website\"},\"primaryImageOfPage\":{\"@id\":\"https:\\\/\\\/www.ativ.pt\\\/en\\\/2023\\\/03\\\/02\\\/requalification-of-the-riverfront-of-vila-franca-de-xira\\\/#primaryimage\"},\"image\":{\"@id\":\"https:\\\/\\\/www.ativ.pt\\\/en\\\/2023\\\/03\\\/02\\\/requalification-of-the-riverfront-of-vila-franca-de-xira\\\/#primaryimage\"},\"thumbnailUrl\":\"https:\\\/\\\/www.ativ.pt\\\/wp-content\\\/uploads\\\/2023\\\/03\\\/IMG-20230224-WA0018.jpg\",\"datePublished\":\"2023-03-02T15:17:21+00:00\",\"dateModified\":\"2023-06-19T17:16:59+00:00\",\"breadcrumb\":{\"@id\":\"https:\\\/\\\/www.ativ.pt\\\/en\\\/2023\\\/03\\\/02\\\/requalification-of-the-riverfront-of-vila-franca-de-xira\\\/#breadcrumb\"},\"inLanguage\":\"en-US\",\"potentialAction\":[{\"@type\":\"ReadAction\",\"target\":[\"https:\\\/\\\/www.ativ.pt\\\/en\\\/2023\\\/03\\\/02\\\/requalification-of-the-riverfront-of-vila-franca-de-xira\\\/\"]}]},{\"@type\":\"ImageObject\",\"inLanguage\":\"en-US\",\"@id\":\"https:\\\/\\\/www.ativ.pt\\\/en\\\/2023\\\/03\\\/02\\\/requalification-of-the-riverfront-of-vila-franca-de-xira\\\/#primaryimage\",\"url\":\"https:\\\/\\\/www.ativ.pt\\\/wp-content\\\/uploads\\\/2023\\\/03\\\/IMG-20230224-WA0018.jpg\",\"contentUrl\":\"https:\\\/\\\/www.ativ.pt\\\/wp-content\\\/uploads\\\/2023\\\/03\\\/IMG-20230224-WA0018.jpg\",\"width\":1024,\"height\":768},{\"@type\":\"BreadcrumbList\",\"@id\":\"https:\\\/\\\/www.ativ.pt\\\/en\\\/2023\\\/03\\\/02\\\/requalification-of-the-riverfront-of-vila-franca-de-xira\\\/#breadcrumb\",\"itemListElement\":[{\"@type\":\"ListItem\",\"position\":1,\"name\":\"Home\",\"item\":\"https:\\\/\\\/www.ativ.pt\\\/en\\\/\"},{\"@type\":\"ListItem\",\"position\":2,\"name\":\"Requalification of the Riverfront of Vila Franca de Xira\"}]},{\"@type\":\"WebSite\",\"@id\":\"https:\\\/\\\/www.ativ.pt\\\/en\\\/#website\",\"url\":\"https:\\\/\\\/www.ativ.pt\\\/en\\\/\",\"name\":\"Mota-Engil ATIV\",\"description\":\"Asset Management and Maintenance\",\"publisher\":{\"@id\":\"https:\\\/\\\/www.ativ.pt\\\/en\\\/#organization\"},\"potentialAction\":[{\"@type\":\"SearchAction\",\"target\":{\"@type\":\"EntryPoint\",\"urlTemplate\":\"https:\\\/\\\/www.ativ.pt\\\/en\\\/?s={search_term_string}\"},\"query-input\":{\"@type\":\"PropertyValueSpecification\",\"valueRequired\":true,\"valueName\":\"search_term_string\"}}],\"inLanguage\":\"en-US\"},{\"@type\":\"Organization\",\"@id\":\"https:\\\/\\\/www.ativ.pt\\\/en\\\/#organization\",\"name\":\"Mota-Engil ATIV\",\"url\":\"https:\\\/\\\/www.ativ.pt\\\/en\\\/\",\"logo\":{\"@type\":\"ImageObject\",\"inLanguage\":\"en-US\",\"@id\":\"https:\\\/\\\/www.ativ.pt\\\/en\\\/#\\\/schema\\\/logo\\\/image\\\/\",\"url\":\"https:\\\/\\\/www.ativ.pt\\\/wp-content\\\/uploads\\\/2022\\\/04\\\/logo-ativ-cor-1.svg\",\"contentUrl\":\"https:\\\/\\\/www.ativ.pt\\\/wp-content\\\/uploads\\\/2022\\\/04\\\/logo-ativ-cor-1.svg\",\"width\":250,\"height\":100,\"caption\":\"Mota-Engil ATIV\"},\"image\":{\"@id\":\"https:\\\/\\\/www.ativ.pt\\\/en\\\/#\\\/schema\\\/logo\\\/image\\\/\"},\"sameAs\":[\"https:\\\/\\\/www.facebook.com\\\/MotaEngilATIV\\\/\",\"https:\\\/\\\/www.instagram.com\\\/mota_engil_ativ\\\/\",\"https:\\\/\\\/www.linkedin.com\\\/company\\\/motaengil-ativ\"]},{\"@type\":\"Person\",\"@id\":\"https:\\\/\\\/www.ativ.pt\\\/en\\\/#\\\/schema\\\/person\\\/76cd49f91ef96b6902453415264f0c55\",\"name\":\"Susana Guerreiro\"}]}<\/script>\n<!-- \/ Yoast SEO plugin. -->","yoast_head_json":{"title":"Requalification of the Riverfront of Vila Franca de Xira - Mota-Engil ATIV","robots":{"index":"index","follow":"follow","max-snippet":"max-snippet:-1","max-image-preview":"max-image-preview:large","max-video-preview":"max-video-preview:-1"},"canonical":"https:\/\/www.ativ.pt\/en\/2023\/03\/02\/requalification-of-the-riverfront-of-vila-franca-de-xira\/","og_locale":"en_US","og_type":"article","og_title":"Requalification of the Riverfront of Vila Franca de Xira - Mota-Engil ATIV","og_description":"Mota-Engil ATIV is the company responsible for the execution of the 1st phase of the Tagus Estuary Riverfront Linear Park, Alverca do Ribatejo\/Sobralinho.","og_url":"https:\/\/www.ativ.pt\/en\/2023\/03\/02\/requalification-of-the-riverfront-of-vila-franca-de-xira\/","og_site_name":"Mota-Engil ATIV","article_publisher":"https:\/\/www.facebook.com\/MotaEngilATIV\/","article_published_time":"2023-03-02T15:17:21+00:00","article_modified_time":"2023-06-19T17:16:59+00:00","og_image":[{"width":1024,"height":768,"url":"https:\/\/www.ativ.pt\/wp-content\/uploads\/2023\/03\/IMG-20230224-WA0018.jpg","type":"image\/jpeg"}],"author":"Susana Guerreiro","twitter_card":"summary_large_image","twitter_misc":{"Written by":"Susana Guerreiro","Est. reading time":"1 minute"},"schema":{"@context":"https:\/\/schema.org","@graph":[{"@type":"Article","@id":"https:\/\/www.ativ.pt\/en\/2023\/03\/02\/requalification-of-the-riverfront-of-vila-franca-de-xira\/#article","isPartOf":{"@id":"https:\/\/www.ativ.pt\/en\/2023\/03\/02\/requalification-of-the-riverfront-of-vila-franca-de-xira\/"},"author":{"name":"Susana Guerreiro","@id":"https:\/\/www.ativ.pt\/en\/#\/schema\/person\/76cd49f91ef96b6902453415264f0c55"},"headline":"Requalification of the Riverfront of Vila Franca de Xira","datePublished":"2023-03-02T15:17:21+00:00","dateModified":"2023-06-19T17:16:59+00:00","mainEntityOfPage":{"@id":"https:\/\/www.ativ.pt\/en\/2023\/03\/02\/requalification-of-the-riverfront-of-vila-franca-de-xira\/"},"wordCount":218,"commentCount":0,"publisher":{"@id":"https:\/\/www.ativ.pt\/en\/#organization"},"image":{"@id":"https:\/\/www.ativ.pt\/en\/2023\/03\/02\/requalification-of-the-riverfront-of-vila-franca-de-xira\/#primaryimage"},"thumbnailUrl":"https:\/\/www.ativ.pt\/wp-content\/uploads\/2023\/03\/IMG-20230224-WA0018.jpg","articleSection":["Article"],"inLanguage":"en-US","potentialAction":[{"@type":"CommentAction","name":"Comment","target":["https:\/\/www.ativ.pt\/en\/2023\/03\/02\/requalification-of-the-riverfront-of-vila-franca-de-xira\/#respond"]}]},{"@type":"WebPage","@id":"https:\/\/www.ativ.pt\/en\/2023\/03\/02\/requalification-of-the-riverfront-of-vila-franca-de-xira\/","url":"https:\/\/www.ativ.pt\/en\/2023\/03\/02\/requalification-of-the-riverfront-of-vila-franca-de-xira\/","name":"Requalification of the Riverfront of Vila Franca de Xira - Mota-Engil ATIV","isPartOf":{"@id":"https:\/\/www.ativ.pt\/en\/#website"},"primaryImageOfPage":{"@id":"https:\/\/www.ativ.pt\/en\/2023\/03\/02\/requalification-of-the-riverfront-of-vila-franca-de-xira\/#primaryimage"},"image":{"@id":"https:\/\/www.ativ.pt\/en\/2023\/03\/02\/requalification-of-the-riverfront-of-vila-franca-de-xira\/#primaryimage"},"thumbnailUrl":"https:\/\/www.ativ.pt\/wp-content\/uploads\/2023\/03\/IMG-20230224-WA0018.jpg","datePublished":"2023-03-02T15:17:21+00:00","dateModified":"2023-06-19T17:16:59+00:00","breadcrumb":{"@id":"https:\/\/www.ativ.pt\/en\/2023\/03\/02\/requalification-of-the-riverfront-of-vila-franca-de-xira\/#breadcrumb"},"inLanguage":"en-US","potentialAction":[{"@type":"ReadAction","target":["https:\/\/www.ativ.pt\/en\/2023\/03\/02\/requalification-of-the-riverfront-of-vila-franca-de-xira\/"]}]},{"@type":"ImageObject","inLanguage":"en-US","@id":"https:\/\/www.ativ.pt\/en\/2023\/03\/02\/requalification-of-the-riverfront-of-vila-franca-de-xira\/#primaryimage","url":"https:\/\/www.ativ.pt\/wp-content\/uploads\/2023\/03\/IMG-20230224-WA0018.jpg","contentUrl":"https:\/\/www.ativ.pt\/wp-content\/uploads\/2023\/03\/IMG-20230224-WA0018.jpg","width":1024,"height":768},{"@type":"BreadcrumbList","@id":"https:\/\/www.ativ.pt\/en\/2023\/03\/02\/requalification-of-the-riverfront-of-vila-franca-de-xira\/#breadcrumb","itemListElement":[{"@type":"ListItem","position":1,"name":"Home","item":"https:\/\/www.ativ.pt\/en\/"},{"@type":"ListItem","position":2,"name":"Requalification of the Riverfront of Vila Franca de Xira"}]},{"@type":"WebSite","@id":"https:\/\/www.ativ.pt\/en\/#website","url":"https:\/\/www.ativ.pt\/en\/","name":"Mota-Engil ATIV","description":"Asset Management and Maintenance","publisher":{"@id":"https:\/\/www.ativ.pt\/en\/#organization"},"potentialAction":[{"@type":"SearchAction","target":{"@type":"EntryPoint","urlTemplate":"https:\/\/www.ativ.pt\/en\/?s={search_term_string}"},"query-input":{"@type":"PropertyValueSpecification","valueRequired":true,"valueName":"search_term_string"}}],"inLanguage":"en-US"},{"@type":"Organization","@id":"https:\/\/www.ativ.pt\/en\/#organization","name":"Mota-Engil ATIV","url":"https:\/\/www.ativ.pt\/en\/","logo":{"@type":"ImageObject","inLanguage":"en-US","@id":"https:\/\/www.ativ.pt\/en\/#\/schema\/logo\/image\/","url":"https:\/\/www.ativ.pt\/wp-content\/uploads\/2022\/04\/logo-ativ-cor-1.svg","contentUrl":"https:\/\/www.ativ.pt\/wp-content\/uploads\/2022\/04\/logo-ativ-cor-1.svg","width":250,"height":100,"caption":"Mota-Engil ATIV"},"image":{"@id":"https:\/\/www.ativ.pt\/en\/#\/schema\/logo\/image\/"},"sameAs":["https:\/\/www.facebook.com\/MotaEngilATIV\/","https:\/\/www.instagram.com\/mota_engil_ativ\/","https:\/\/www.linkedin.com\/company\/motaengil-ativ"]},{"@type":"Person","@id":"https:\/\/www.ativ.pt\/en\/#\/schema\/person\/76cd49f91ef96b6902453415264f0c55","name":"Susana Guerreiro"}]}},"_links":{"self":[{"href":"https:\/\/www.ativ.pt\/en\/wp-json\/wp\/v2\/posts\/8112","targetHints":{"allow":["GET"]}}],"collection":[{"href":"https:\/\/www.ativ.pt\/en\/wp-json\/wp\/v2\/posts"}],"about":[{"href":"https:\/\/www.ativ.pt\/en\/wp-json\/wp\/v2\/types\/post"}],"author":[{"embeddable":true,"href":"https:\/\/www.ativ.pt\/en\/wp-json\/wp\/v2\/users\/2"}],"replies":[{"embeddable":true,"href":"https:\/\/www.ativ.pt\/en\/wp-json\/wp\/v2\/comments?post=8112"}],"version-history":[{"count":1,"href":"https:\/\/www.ativ.pt\/en\/wp-json\/wp\/v2\/posts\/8112\/revisions"}],"predecessor-version":[{"id":8113,"href":"https:\/\/www.ativ.pt\/en\/wp-json\/wp\/v2\/posts\/8112\/revisions\/8113"}],"wp:featuredmedia":[{"embeddable":true,"href":"https:\/\/www.ativ.pt\/en\/wp-json\/wp\/v2\/media\/7309"}],"wp:attachment":[{"href":"https:\/\/www.ativ.pt\/en\/wp-json\/wp\/v2\/media?parent=8112"}],"wp:term":[{"taxonomy":"category","embeddable":true,"href":"https:\/\/www.ativ.pt\/en\/wp-json\/wp\/v2\/categories?post=8112"},{"taxonomy":"post_tag","embeddable":true,"href":"https:\/\/www.ativ.pt\/en\/wp-json\/wp\/v2\/tags?post=8112"}],"curies":[{"name":"wp","href":"https:\/\/api.w.org\/{rel}","templated":true}]}}