{"id":6828,"date":"2022-10-31T16:11:07","date_gmt":"2022-10-31T16:11:07","guid":{"rendered":"https:\/\/www.ativ.pt\/2022\/10\/31\/agir-action-plan-for-the-management-of-industrial-wastewater-in-greater-lisbon-and-west\/"},"modified":"2022-12-06T15:39:39","modified_gmt":"2022-12-06T15:39:39","slug":"agir-action-plan-for-the-management-of-industrial-wastewater-in-greater-lisbon-and-west","status":"publish","type":"post","link":"https:\/\/www.ativ.pt\/en\/2022\/10\/31\/agir-action-plan-for-the-management-of-industrial-wastewater-in-greater-lisbon-and-west\/","title":{"rendered":"AgIR &#8211; Action Plan for the Management of Industrial Wastewater in Greater Lisbon and West"},"content":{"rendered":"\n<p>AgIR aims to develop a joint work with the municipalities served by \u00c1guas do Tejo Atl\u00e2ntico and the respective industries for an adequate management of Industrial Wastewater in that region.<\/p>\n\n<p>This is a pioneer outreach project, providing technical support to industries, encouraging them to look at their production process, namely the pre-treatment of wastewater, contributing to improve the efficiency of the processes.<\/p>\n\n<p>The Mota-Engil ATIV team, made up of 6 engineers with specialized training in Environment and Chemistry and 3 operational technicians, is providing technical support and working closely with \u00c1guas do Tejo Atl\u00e2ntico, with the 23 municipalities of Greater Lisbon and West and with the industries in its area of influence, in the analysis of the efficiency of industrial effluent management and production processes.<\/p>\n\n<p>The final objective is to minimize the undue industrial influences on the municipal drainage networks and treatment systems, which compromise the integrity of the infrastructures and threaten compliance with discharge licenses in the receiving media.<\/p>\n\n<p>An analysis of the production processes of each industry is also carried out and circular measures to reduce water and energy consumption and reuse of by-products are identified, contributing to the environmental performance of industries.<\/p>\n\n<p>This project focuses on one of ATIV&#8217;s main areas of activity: environmental sustainability. Together with the industries, we are promoting good environmental practices and assessing and proposing measures that contribute to water and energy efficiency and optimization of resources.<\/p>\n\n<p>The main expectations include a visible and effective improvement of the public sanitation service, as well as the protection of water lines through the eradication of undue industrial inflows of industrial water without proper pre-treatment.<\/p>\n","protected":false},"excerpt":{"rendered":"<p>The AgIR project &#8211; Action Plan for the Management of Industrial Wastewater in Greater Lisbon and West, arises through an international public tender launched by \u00c1guas do Tejo Atl\u00e2ntico, with the support of the Environmental Fund, awarded to the consortium led by Mota-Engil ATIV for the period of 4 years.<\/p>\n","protected":false},"author":1,"featured_media":6544,"comment_status":"open","ping_status":"open","sticky":false,"template":"","format":"standard","meta":{"_acf_changed":false,"footnotes":""},"categories":[17],"tags":[],"class_list":["post-6828","post","type-post","status-publish","format-standard","has-post-thumbnail","hentry","category-article"],"acf":[],"yoast_head":"<!-- This site is optimized with the Yoast SEO plugin v27.5 - https:\/\/yoast.com\/product\/yoast-seo-wordpress\/ -->\n<title>AgIR - Action Plan for the Management of Industrial Wastewater in Greater Lisbon and West - Mota-Engil ATIV<\/title>\n<meta name=\"robots\" content=\"index, follow, max-snippet:-1, max-image-preview:large, max-video-preview:-1\" \/>\n<link rel=\"canonical\" href=\"https:\/\/www.ativ.pt\/en\/2022\/10\/31\/agir-action-plan-for-the-management-of-industrial-wastewater-in-greater-lisbon-and-west\/\" \/>\n<meta property=\"og:locale\" content=\"en_US\" \/>\n<meta property=\"og:type\" content=\"article\" \/>\n<meta property=\"og:title\" content=\"AgIR - Action Plan for the Management of Industrial Wastewater in Greater Lisbon and West - Mota-Engil ATIV\" \/>\n<meta property=\"og:description\" content=\"The AgIR project - Action Plan for the Management of Industrial Wastewater in Greater Lisbon and West, arises through an international public tender launched by \u00c1guas do Tejo Atl\u00e2ntico, with the support of the Environmental Fund, awarded to the consortium led by Mota-Engil ATIV for the period of 4 years.\" \/>\n<meta property=\"og:url\" content=\"https:\/\/www.ativ.pt\/en\/2022\/10\/31\/agir-action-plan-for-the-management-of-industrial-wastewater-in-greater-lisbon-and-west\/\" \/>\n<meta property=\"og:site_name\" content=\"Mota-Engil ATIV\" \/>\n<meta property=\"article:publisher\" content=\"https:\/\/www.facebook.com\/MotaEngilATIV\/\" \/>\n<meta property=\"article:published_time\" content=\"2022-10-31T16:11:07+00:00\" \/>\n<meta property=\"article:modified_time\" content=\"2022-12-06T15:39:39+00:00\" \/>\n<meta property=\"og:image\" content=\"https:\/\/www.ativ.pt\/wp-content\/uploads\/2022\/10\/agir-ativ.jpg\" \/>\n\t<meta property=\"og:image:width\" content=\"1200\" \/>\n\t<meta property=\"og:image:height\" content=\"630\" \/>\n\t<meta property=\"og:image:type\" content=\"image\/jpeg\" \/>\n<meta name=\"author\" content=\"superedcadmin\" \/>\n<meta name=\"twitter:card\" content=\"summary_large_image\" \/>\n<meta name=\"twitter:label1\" content=\"Written by\" \/>\n\t<meta name=\"twitter:data1\" content=\"superedcadmin\" \/>\n\t<meta name=\"twitter:label2\" content=\"Est. reading time\" \/>\n\t<meta name=\"twitter:data2\" content=\"1 minute\" \/>\n<script type=\"application\/ld+json\" class=\"yoast-schema-graph\">{\"@context\":\"https:\\\/\\\/schema.org\",\"@graph\":[{\"@type\":\"Article\",\"@id\":\"https:\\\/\\\/www.ativ.pt\\\/en\\\/2022\\\/10\\\/31\\\/agir-action-plan-for-the-management-of-industrial-wastewater-in-greater-lisbon-and-west\\\/#article\",\"isPartOf\":{\"@id\":\"https:\\\/\\\/www.ativ.pt\\\/en\\\/2022\\\/10\\\/31\\\/agir-action-plan-for-the-management-of-industrial-wastewater-in-greater-lisbon-and-west\\\/\"},\"author\":{\"name\":\"superedcadmin\",\"@id\":\"https:\\\/\\\/www.ativ.pt\\\/en\\\/#\\\/schema\\\/person\\\/25537f36d67a41ef21df8c4841956ca3\"},\"headline\":\"AgIR &#8211; Action Plan for the Management of Industrial Wastewater in Greater Lisbon and West\",\"datePublished\":\"2022-10-31T16:11:07+00:00\",\"dateModified\":\"2022-12-06T15:39:39+00:00\",\"mainEntityOfPage\":{\"@id\":\"https:\\\/\\\/www.ativ.pt\\\/en\\\/2022\\\/10\\\/31\\\/agir-action-plan-for-the-management-of-industrial-wastewater-in-greater-lisbon-and-west\\\/\"},\"wordCount\":284,\"commentCount\":0,\"publisher\":{\"@id\":\"https:\\\/\\\/www.ativ.pt\\\/en\\\/#organization\"},\"image\":{\"@id\":\"https:\\\/\\\/www.ativ.pt\\\/en\\\/2022\\\/10\\\/31\\\/agir-action-plan-for-the-management-of-industrial-wastewater-in-greater-lisbon-and-west\\\/#primaryimage\"},\"thumbnailUrl\":\"https:\\\/\\\/www.ativ.pt\\\/wp-content\\\/uploads\\\/2022\\\/10\\\/agir-ativ.jpg\",\"articleSection\":[\"Article\"],\"inLanguage\":\"en-US\",\"potentialAction\":[{\"@type\":\"CommentAction\",\"name\":\"Comment\",\"target\":[\"https:\\\/\\\/www.ativ.pt\\\/en\\\/2022\\\/10\\\/31\\\/agir-action-plan-for-the-management-of-industrial-wastewater-in-greater-lisbon-and-west\\\/#respond\"]}]},{\"@type\":\"WebPage\",\"@id\":\"https:\\\/\\\/www.ativ.pt\\\/en\\\/2022\\\/10\\\/31\\\/agir-action-plan-for-the-management-of-industrial-wastewater-in-greater-lisbon-and-west\\\/\",\"url\":\"https:\\\/\\\/www.ativ.pt\\\/en\\\/2022\\\/10\\\/31\\\/agir-action-plan-for-the-management-of-industrial-wastewater-in-greater-lisbon-and-west\\\/\",\"name\":\"AgIR - Action Plan for the Management of Industrial Wastewater in Greater Lisbon and West - Mota-Engil ATIV\",\"isPartOf\":{\"@id\":\"https:\\\/\\\/www.ativ.pt\\\/en\\\/#website\"},\"primaryImageOfPage\":{\"@id\":\"https:\\\/\\\/www.ativ.pt\\\/en\\\/2022\\\/10\\\/31\\\/agir-action-plan-for-the-management-of-industrial-wastewater-in-greater-lisbon-and-west\\\/#primaryimage\"},\"image\":{\"@id\":\"https:\\\/\\\/www.ativ.pt\\\/en\\\/2022\\\/10\\\/31\\\/agir-action-plan-for-the-management-of-industrial-wastewater-in-greater-lisbon-and-west\\\/#primaryimage\"},\"thumbnailUrl\":\"https:\\\/\\\/www.ativ.pt\\\/wp-content\\\/uploads\\\/2022\\\/10\\\/agir-ativ.jpg\",\"datePublished\":\"2022-10-31T16:11:07+00:00\",\"dateModified\":\"2022-12-06T15:39:39+00:00\",\"breadcrumb\":{\"@id\":\"https:\\\/\\\/www.ativ.pt\\\/en\\\/2022\\\/10\\\/31\\\/agir-action-plan-for-the-management-of-industrial-wastewater-in-greater-lisbon-and-west\\\/#breadcrumb\"},\"inLanguage\":\"en-US\",\"potentialAction\":[{\"@type\":\"ReadAction\",\"target\":[\"https:\\\/\\\/www.ativ.pt\\\/en\\\/2022\\\/10\\\/31\\\/agir-action-plan-for-the-management-of-industrial-wastewater-in-greater-lisbon-and-west\\\/\"]}]},{\"@type\":\"ImageObject\",\"inLanguage\":\"en-US\",\"@id\":\"https:\\\/\\\/www.ativ.pt\\\/en\\\/2022\\\/10\\\/31\\\/agir-action-plan-for-the-management-of-industrial-wastewater-in-greater-lisbon-and-west\\\/#primaryimage\",\"url\":\"https:\\\/\\\/www.ativ.pt\\\/wp-content\\\/uploads\\\/2022\\\/10\\\/agir-ativ.jpg\",\"contentUrl\":\"https:\\\/\\\/www.ativ.pt\\\/wp-content\\\/uploads\\\/2022\\\/10\\\/agir-ativ.jpg\",\"width\":1200,\"height\":630,\"caption\":\"AgIR \u2013 Plano de A\u00e7\u00e3o para a Gest\u00e3o das \u00c1guas Industriais Residuais da Grande Lisboa e Oeste\"},{\"@type\":\"BreadcrumbList\",\"@id\":\"https:\\\/\\\/www.ativ.pt\\\/en\\\/2022\\\/10\\\/31\\\/agir-action-plan-for-the-management-of-industrial-wastewater-in-greater-lisbon-and-west\\\/#breadcrumb\",\"itemListElement\":[{\"@type\":\"ListItem\",\"position\":1,\"name\":\"Home\",\"item\":\"https:\\\/\\\/www.ativ.pt\\\/en\\\/\"},{\"@type\":\"ListItem\",\"position\":2,\"name\":\"AgIR &#8211; Action Plan for the Management of Industrial Wastewater in Greater Lisbon and West\"}]},{\"@type\":\"WebSite\",\"@id\":\"https:\\\/\\\/www.ativ.pt\\\/en\\\/#website\",\"url\":\"https:\\\/\\\/www.ativ.pt\\\/en\\\/\",\"name\":\"Mota-Engil ATIV\",\"description\":\"Asset Management and Maintenance\",\"publisher\":{\"@id\":\"https:\\\/\\\/www.ativ.pt\\\/en\\\/#organization\"},\"potentialAction\":[{\"@type\":\"SearchAction\",\"target\":{\"@type\":\"EntryPoint\",\"urlTemplate\":\"https:\\\/\\\/www.ativ.pt\\\/en\\\/?s={search_term_string}\"},\"query-input\":{\"@type\":\"PropertyValueSpecification\",\"valueRequired\":true,\"valueName\":\"search_term_string\"}}],\"inLanguage\":\"en-US\"},{\"@type\":\"Organization\",\"@id\":\"https:\\\/\\\/www.ativ.pt\\\/en\\\/#organization\",\"name\":\"Mota-Engil ATIV\",\"url\":\"https:\\\/\\\/www.ativ.pt\\\/en\\\/\",\"logo\":{\"@type\":\"ImageObject\",\"inLanguage\":\"en-US\",\"@id\":\"https:\\\/\\\/www.ativ.pt\\\/en\\\/#\\\/schema\\\/logo\\\/image\\\/\",\"url\":\"https:\\\/\\\/www.ativ.pt\\\/wp-content\\\/uploads\\\/2022\\\/04\\\/logo-ativ-cor-1.svg\",\"contentUrl\":\"https:\\\/\\\/www.ativ.pt\\\/wp-content\\\/uploads\\\/2022\\\/04\\\/logo-ativ-cor-1.svg\",\"width\":250,\"height\":100,\"caption\":\"Mota-Engil ATIV\"},\"image\":{\"@id\":\"https:\\\/\\\/www.ativ.pt\\\/en\\\/#\\\/schema\\\/logo\\\/image\\\/\"},\"sameAs\":[\"https:\\\/\\\/www.facebook.com\\\/MotaEngilATIV\\\/\",\"https:\\\/\\\/www.instagram.com\\\/mota_engil_ativ\\\/\",\"https:\\\/\\\/www.linkedin.com\\\/company\\\/motaengil-ativ\"]},{\"@type\":\"Person\",\"@id\":\"https:\\\/\\\/www.ativ.pt\\\/en\\\/#\\\/schema\\\/person\\\/25537f36d67a41ef21df8c4841956ca3\",\"name\":\"superedcadmin\",\"sameAs\":[\"https:\\\/\\\/www.ativ.pt\"]}]}<\/script>\n<!-- \/ Yoast SEO plugin. -->","yoast_head_json":{"title":"AgIR - Action Plan for the Management of Industrial Wastewater in Greater Lisbon and West - Mota-Engil ATIV","robots":{"index":"index","follow":"follow","max-snippet":"max-snippet:-1","max-image-preview":"max-image-preview:large","max-video-preview":"max-video-preview:-1"},"canonical":"https:\/\/www.ativ.pt\/en\/2022\/10\/31\/agir-action-plan-for-the-management-of-industrial-wastewater-in-greater-lisbon-and-west\/","og_locale":"en_US","og_type":"article","og_title":"AgIR - Action Plan for the Management of Industrial Wastewater in Greater Lisbon and West - Mota-Engil ATIV","og_description":"The AgIR project - Action Plan for the Management of Industrial Wastewater in Greater Lisbon and West, arises through an international public tender launched by \u00c1guas do Tejo Atl\u00e2ntico, with the support of the Environmental Fund, awarded to the consortium led by Mota-Engil ATIV for the period of 4 years.","og_url":"https:\/\/www.ativ.pt\/en\/2022\/10\/31\/agir-action-plan-for-the-management-of-industrial-wastewater-in-greater-lisbon-and-west\/","og_site_name":"Mota-Engil ATIV","article_publisher":"https:\/\/www.facebook.com\/MotaEngilATIV\/","article_published_time":"2022-10-31T16:11:07+00:00","article_modified_time":"2022-12-06T15:39:39+00:00","og_image":[{"width":1200,"height":630,"url":"https:\/\/www.ativ.pt\/wp-content\/uploads\/2022\/10\/agir-ativ.jpg","type":"image\/jpeg"}],"author":"superedcadmin","twitter_card":"summary_large_image","twitter_misc":{"Written by":"superedcadmin","Est. reading time":"1 minute"},"schema":{"@context":"https:\/\/schema.org","@graph":[{"@type":"Article","@id":"https:\/\/www.ativ.pt\/en\/2022\/10\/31\/agir-action-plan-for-the-management-of-industrial-wastewater-in-greater-lisbon-and-west\/#article","isPartOf":{"@id":"https:\/\/www.ativ.pt\/en\/2022\/10\/31\/agir-action-plan-for-the-management-of-industrial-wastewater-in-greater-lisbon-and-west\/"},"author":{"name":"superedcadmin","@id":"https:\/\/www.ativ.pt\/en\/#\/schema\/person\/25537f36d67a41ef21df8c4841956ca3"},"headline":"AgIR &#8211; Action Plan for the Management of Industrial Wastewater in Greater Lisbon and West","datePublished":"2022-10-31T16:11:07+00:00","dateModified":"2022-12-06T15:39:39+00:00","mainEntityOfPage":{"@id":"https:\/\/www.ativ.pt\/en\/2022\/10\/31\/agir-action-plan-for-the-management-of-industrial-wastewater-in-greater-lisbon-and-west\/"},"wordCount":284,"commentCount":0,"publisher":{"@id":"https:\/\/www.ativ.pt\/en\/#organization"},"image":{"@id":"https:\/\/www.ativ.pt\/en\/2022\/10\/31\/agir-action-plan-for-the-management-of-industrial-wastewater-in-greater-lisbon-and-west\/#primaryimage"},"thumbnailUrl":"https:\/\/www.ativ.pt\/wp-content\/uploads\/2022\/10\/agir-ativ.jpg","articleSection":["Article"],"inLanguage":"en-US","potentialAction":[{"@type":"CommentAction","name":"Comment","target":["https:\/\/www.ativ.pt\/en\/2022\/10\/31\/agir-action-plan-for-the-management-of-industrial-wastewater-in-greater-lisbon-and-west\/#respond"]}]},{"@type":"WebPage","@id":"https:\/\/www.ativ.pt\/en\/2022\/10\/31\/agir-action-plan-for-the-management-of-industrial-wastewater-in-greater-lisbon-and-west\/","url":"https:\/\/www.ativ.pt\/en\/2022\/10\/31\/agir-action-plan-for-the-management-of-industrial-wastewater-in-greater-lisbon-and-west\/","name":"AgIR - Action Plan for the Management of Industrial Wastewater in Greater Lisbon and West - Mota-Engil ATIV","isPartOf":{"@id":"https:\/\/www.ativ.pt\/en\/#website"},"primaryImageOfPage":{"@id":"https:\/\/www.ativ.pt\/en\/2022\/10\/31\/agir-action-plan-for-the-management-of-industrial-wastewater-in-greater-lisbon-and-west\/#primaryimage"},"image":{"@id":"https:\/\/www.ativ.pt\/en\/2022\/10\/31\/agir-action-plan-for-the-management-of-industrial-wastewater-in-greater-lisbon-and-west\/#primaryimage"},"thumbnailUrl":"https:\/\/www.ativ.pt\/wp-content\/uploads\/2022\/10\/agir-ativ.jpg","datePublished":"2022-10-31T16:11:07+00:00","dateModified":"2022-12-06T15:39:39+00:00","breadcrumb":{"@id":"https:\/\/www.ativ.pt\/en\/2022\/10\/31\/agir-action-plan-for-the-management-of-industrial-wastewater-in-greater-lisbon-and-west\/#breadcrumb"},"inLanguage":"en-US","potentialAction":[{"@type":"ReadAction","target":["https:\/\/www.ativ.pt\/en\/2022\/10\/31\/agir-action-plan-for-the-management-of-industrial-wastewater-in-greater-lisbon-and-west\/"]}]},{"@type":"ImageObject","inLanguage":"en-US","@id":"https:\/\/www.ativ.pt\/en\/2022\/10\/31\/agir-action-plan-for-the-management-of-industrial-wastewater-in-greater-lisbon-and-west\/#primaryimage","url":"https:\/\/www.ativ.pt\/wp-content\/uploads\/2022\/10\/agir-ativ.jpg","contentUrl":"https:\/\/www.ativ.pt\/wp-content\/uploads\/2022\/10\/agir-ativ.jpg","width":1200,"height":630,"caption":"AgIR \u2013 Plano de A\u00e7\u00e3o para a Gest\u00e3o das \u00c1guas Industriais Residuais da Grande Lisboa e Oeste"},{"@type":"BreadcrumbList","@id":"https:\/\/www.ativ.pt\/en\/2022\/10\/31\/agir-action-plan-for-the-management-of-industrial-wastewater-in-greater-lisbon-and-west\/#breadcrumb","itemListElement":[{"@type":"ListItem","position":1,"name":"Home","item":"https:\/\/www.ativ.pt\/en\/"},{"@type":"ListItem","position":2,"name":"AgIR &#8211; Action Plan for the Management of Industrial Wastewater in Greater Lisbon and West"}]},{"@type":"WebSite","@id":"https:\/\/www.ativ.pt\/en\/#website","url":"https:\/\/www.ativ.pt\/en\/","name":"Mota-Engil ATIV","description":"Asset Management and Maintenance","publisher":{"@id":"https:\/\/www.ativ.pt\/en\/#organization"},"potentialAction":[{"@type":"SearchAction","target":{"@type":"EntryPoint","urlTemplate":"https:\/\/www.ativ.pt\/en\/?s={search_term_string}"},"query-input":{"@type":"PropertyValueSpecification","valueRequired":true,"valueName":"search_term_string"}}],"inLanguage":"en-US"},{"@type":"Organization","@id":"https:\/\/www.ativ.pt\/en\/#organization","name":"Mota-Engil ATIV","url":"https:\/\/www.ativ.pt\/en\/","logo":{"@type":"ImageObject","inLanguage":"en-US","@id":"https:\/\/www.ativ.pt\/en\/#\/schema\/logo\/image\/","url":"https:\/\/www.ativ.pt\/wp-content\/uploads\/2022\/04\/logo-ativ-cor-1.svg","contentUrl":"https:\/\/www.ativ.pt\/wp-content\/uploads\/2022\/04\/logo-ativ-cor-1.svg","width":250,"height":100,"caption":"Mota-Engil ATIV"},"image":{"@id":"https:\/\/www.ativ.pt\/en\/#\/schema\/logo\/image\/"},"sameAs":["https:\/\/www.facebook.com\/MotaEngilATIV\/","https:\/\/www.instagram.com\/mota_engil_ativ\/","https:\/\/www.linkedin.com\/company\/motaengil-ativ"]},{"@type":"Person","@id":"https:\/\/www.ativ.pt\/en\/#\/schema\/person\/25537f36d67a41ef21df8c4841956ca3","name":"superedcadmin","sameAs":["https:\/\/www.ativ.pt"]}]}},"_links":{"self":[{"href":"https:\/\/www.ativ.pt\/en\/wp-json\/wp\/v2\/posts\/6828","targetHints":{"allow":["GET"]}}],"collection":[{"href":"https:\/\/www.ativ.pt\/en\/wp-json\/wp\/v2\/posts"}],"about":[{"href":"https:\/\/www.ativ.pt\/en\/wp-json\/wp\/v2\/types\/post"}],"author":[{"embeddable":true,"href":"https:\/\/www.ativ.pt\/en\/wp-json\/wp\/v2\/users\/1"}],"replies":[{"embeddable":true,"href":"https:\/\/www.ativ.pt\/en\/wp-json\/wp\/v2\/comments?post=6828"}],"version-history":[{"count":1,"href":"https:\/\/www.ativ.pt\/en\/wp-json\/wp\/v2\/posts\/6828\/revisions"}],"predecessor-version":[{"id":6829,"href":"https:\/\/www.ativ.pt\/en\/wp-json\/wp\/v2\/posts\/6828\/revisions\/6829"}],"wp:featuredmedia":[{"embeddable":true,"href":"https:\/\/www.ativ.pt\/en\/wp-json\/wp\/v2\/media\/6544"}],"wp:attachment":[{"href":"https:\/\/www.ativ.pt\/en\/wp-json\/wp\/v2\/media?parent=6828"}],"wp:term":[{"taxonomy":"category","embeddable":true,"href":"https:\/\/www.ativ.pt\/en\/wp-json\/wp\/v2\/categories?post=6828"},{"taxonomy":"post_tag","embeddable":true,"href":"https:\/\/www.ativ.pt\/en\/wp-json\/wp\/v2\/tags?post=6828"}],"curies":[{"name":"wp","href":"https:\/\/api.w.org\/{rel}","templated":true}]}}